{"id":255334,"date":"2019-11-13T19:32:25","date_gmt":"2019-11-13T18:32:25","guid":{"rendered":"http:\/\/kapitalis.com\/tunisie\/?p=255334"},"modified":"2019-11-13T20:24:09","modified_gmt":"2019-11-13T19:24:09","slug":"rached-ghannouchi-president-de-lassemblee-il-ny-a-que-les-imbeciles-qui-ne-changent-pas-davis","status":"publish","type":"post","link":"https:\/\/kapitalis.com\/tunisie\/2019\/11\/13\/rached-ghannouchi-president-de-lassemblee-il-ny-a-que-les-imbeciles-qui-ne-changent-pas-davis\/","title":{"rendered":"Rached Ghannouchi, pr\u00e9sident de l&rsquo;Assembl\u00e9e : \u00abIl n&rsquo;y a que les imb\u00e9ciles qui ne changent pas d&rsquo;avis\u00bb"},"content":{"rendered":"\n<figure class=\"wp-block-image\"><img decoding=\"async\" src=\"http:\/\/kapitalis.com\/tunisie\/wp-content\/uploads\/2019\/11\/Rached-Ghjannouchi.jpg\" alt=\"\" class=\"wp-image-255343\"\/><\/figure>\n\n\n\n<p><strong><em>Le pr\u00e9sident du parti islamiste Ennahdha, Rached Ghannouchi, \u00e9lu, cet apr\u00e8s-midi, mardi 13 novembre 2019, pr\u00e9sident de l&rsquo;Assembl\u00e9e des repr\u00e9sentants du peuple (ARP), avec 123 voix, a f\u00e9licit\u00e9 le peuple tunisien de \u00abla r\u00e9ussite de la f\u00eate \u00e9lectorale\u00bb en assurant que son parti se r\u00e9unira ce soir pour d\u00e9cider du candidat \u00e0 proposer pour la pr\u00e9sidence du gouvernement.<\/em><\/strong><\/p>\n\n\n\n<p>Par <strong>Y\u00fcsra Nemlaghi<\/strong><\/p>\n\n\n\n<!--more-->\n\n\n\n<p>\u00c9lu \u00e0 la t\u00eate du parlement, notamment gr\u00e2ce au soutien des d\u00e9put\u00e9s Qalb Tounes, ennemi d&rsquo;hier, ami d&rsquo;aujourd&rsquo;hui, Rached Ghannouchi a pr\u00e9cis\u00e9, dans une d\u00e9claration \u00e0 Mosa\u00efque FM, que les n\u00e9gociations ont eu lieu avec tous les partis sans exception.<\/p>\n\n\n\n<p>\u00ab<em>On ne peut pas exclure un parti, \u00e9lu par le peuple tunisien\u00bb<\/em>, a-t-il dit<em>, <\/em>avec son hypocrisie habituelle, en ajoutant que le candidat d&rsquo;Ennahdha \u00e0 la pr\u00e9sidence du gouvernement sera choisi, selon l\u2019int\u00e9r\u00eat du pays et pour garantir la stabilit\u00e9 politique, selon ses dires. <\/p>\n\n\n\n<p>On ne tardera sans doute pas \u00e0 <em>\u00abgo\u00fbter\u00bb<\/em> \u00e0 l&rsquo;int\u00e9r\u00eat du pays et \u00e0 sa stabilit\u00e9, comme l&rsquo;entendent les Nahdhaouis, \u00e0 savoir la partage entre eux d&rsquo;un g\u00e2teau dont il ne reste plus grand-chose et qui est d\u00e9j\u00e0 pourri. <\/p>\n\n\n\n<p>M. Ghannouchi, un fr\u00e8re musulman d\u00e9guis\u00e9 en costume et cravate pour ressembler \u00e0 son nouveau r\u00f4le, a \u00e9galement ajout\u00e9 que le candidat au Palais de la Kasbah pourrait ne pas \u00eatre issu d&rsquo;Ennahdha mais en serait proche :  \u00ab<em>Il pourrait \u00eatre issu des dirigeants de la premi\u00e8re ligne d&rsquo;Ennahdha, ou<\/em> <em>de la 10e ou en \u00eatre simplement un ami\u00bb<\/em>, a insist\u00e9 le nouveau pr\u00e9sident du parlement, maintenant un semblant de suspense qui n&rsquo;amuse plus grand-monde, sauf les habituels opportunistes dont les noms sont chuchot\u00e9s dans les couloirs et qui, app\u00e2t\u00e9s et salivant presque comme des chiens bien dress\u00e9s \u00e0 ob\u00e9ir, se bousculent au portillon. Path\u00e9tique ! <\/p>\n\n\n\n<p>Interrog\u00e9 sur la possibilit\u00e9 de choisir un candidat propos\u00e9 par Qalb Tounes, Rached Ghannouchi a r\u00e9pondu par l&rsquo;affirmatif en ajoutant : \u00ab<em>Il n&rsquo;y a que les imb\u00e9ciles qui ne changent pas d&rsquo;avis\u2026\u00bb.<\/em> <\/p>\n\n\n\n<p>On rappellera que le parti de Nabil Karoui avait, lors de la campagne \u00e9lectorale, affirm\u00e9 qu&rsquo;il ne s&rsquo;alliera jamais \u00e0 celui de Rached Ghannouchi&#8230; Ce dernier en avait dit autant en assurant qu&rsquo;il n&rsquo;acceptera jamais de collaborer avec un parti suspect\u00e9 de corruption&#8230; Et, au final, ce sera peut-\u00eatre un homme de bonne famille qui se mettra au service de cet attelage louche d&rsquo;islamistes voraces et d&rsquo;affairistes insatiables et solubles dans l&rsquo;argent de la corruption.<\/p>\n\n\n\n<figure class=\"wp-block-embed-wordpress wp-block-embed is-type-wp-embed is-provider-kapitalis\"><div class=\"wp-block-embed__wrapper\">\n<blockquote class=\"wp-embedded-content\" data-secret=\"FcLqA0E4hw\"><a href=\"https:\/\/kapitalis.com\/tunisie\/2019\/11\/13\/rached-ghannouchi-elu-president-de-lassemblee-avec-123-voix\/\">Rached Ghannouchi \u00e9lu pr\u00e9sident de l&rsquo;Assembl\u00e9e avec 123 voix<\/a><\/blockquote><iframe loading=\"lazy\" class=\"wp-embedded-content\" sandbox=\"allow-scripts\" security=\"restricted\" style=\"position: absolute; clip: rect(1px, 1px, 1px, 1px);\" title=\"\u00ab\u00a0Rached Ghannouchi \u00e9lu pr\u00e9sident de l&rsquo;Assembl\u00e9e avec 123 voix\u00a0\u00bb &#8212; Kapitalis\" src=\"https:\/\/kapitalis.com\/tunisie\/2019\/11\/13\/rached-ghannouchi-elu-president-de-lassemblee-avec-123-voix\/embed\/#?secret=56o9ogIbAY#?secret=FcLqA0E4hw\" data-secret=\"FcLqA0E4hw\" width=\"600\" height=\"338\" frameborder=\"0\" marginwidth=\"0\" marginheight=\"0\" scrolling=\"no\"><\/iframe>\n<\/div><\/figure>\n\n\n\n<figure class=\"wp-block-embed-wordpress wp-block-embed is-type-wp-embed is-provider-kapitalis\"><div class=\"wp-block-embed__wrapper\">\n<blockquote class=\"wp-embedded-content\" data-secret=\"0ucZdJ8H3l\"><a href=\"https:\/\/kapitalis.com\/tunisie\/2019\/10\/07\/legislatives-les-idiots-du-vote-utile-se-sont-une-nouvelle-fois-fourvoyes\/\">L\u00e9gislatives : Les idiots du vote utile se sont une nouvelle fois fourvoy\u00e9s<\/a><\/blockquote><iframe loading=\"lazy\" class=\"wp-embedded-content\" sandbox=\"allow-scripts\" security=\"restricted\" style=\"position: absolute; clip: rect(1px, 1px, 1px, 1px);\" title=\"\u00ab\u00a0L\u00e9gislatives : Les idiots du vote utile se sont une nouvelle fois fourvoy\u00e9s\u00a0\u00bb &#8212; Kapitalis\" src=\"https:\/\/kapitalis.com\/tunisie\/2019\/10\/07\/legislatives-les-idiots-du-vote-utile-se-sont-une-nouvelle-fois-fourvoyes\/embed\/#?secret=kiygeJ0o1o#?secret=0ucZdJ8H3l\" data-secret=\"0ucZdJ8H3l\" width=\"600\" height=\"338\" frameborder=\"0\" marginwidth=\"0\" marginheight=\"0\" scrolling=\"no\"><\/iframe>\n<\/div><\/figure>\n","protected":false},"excerpt":{"rendered":"<p>Le pr\u00e9sident du parti islamiste Ennahdha, Rached Ghannouchi, \u00e9lu, cet apr\u00e8s-midi, mardi 13 novembre 2019, pr\u00e9sident de l&rsquo;Assembl\u00e9e des repr\u00e9sentants du peuple (ARP), avec 123 voix, a f\u00e9licit\u00e9 le peuple tunisien de \u00abla r\u00e9ussite de la f\u00eate \u00e9lectorale\u00bb en assurant que son parti se r\u00e9unira ce soir pour d\u00e9cider du candidat \u00e0 proposer pour la&#8230;<\/p>\n","protected":false},"author":6,"featured_media":255343,"comment_status":"open","ping_status":"open","sticky":false,"template":"","format":"standard","meta":{"footnotes":""},"categories":[992,997,2433],"tags":[93,49543,501,651,5848,61989,758,7491],"class_list":["post-255334","post","type-post","status-publish","format-standard","has-post-thumbnail","hentry","category-a-la-une","category-politique","category-tunisie","tag-assemblee","tag-ennahdha","tag-islamiste","tag-nabil-karoui","tag-parlement","tag-qalb-tounes","tag-rached-ghannouchi","tag-ridha-charfeddine"],"yoast_head":"<!-- This site is optimized with the Yoast SEO plugin v26.6 - https:\/\/yoast.com\/wordpress\/plugins\/seo\/ -->\n<title>Rached Ghannouchi, pr\u00e9sident de l&#039;Assembl\u00e9e : \u00abIl n&#039;y a que les imb\u00e9ciles qui ne changent pas d&#039;avis\u00bb - Kapitalis<\/title>\n<meta name=\"robots\" content=\"index, follow, max-snippet:-1, max-image-preview:large, max-video-preview:-1\" \/>\n<link rel=\"canonical\" href=\"https:\/\/kapitalis.com\/tunisie\/2019\/11\/13\/rached-ghannouchi-president-de-lassemblee-il-ny-a-que-les-imbeciles-qui-ne-changent-pas-davis\/\" \/>\n<meta property=\"og:locale\" content=\"fr_FR\" \/>\n<meta property=\"og:type\" content=\"article\" \/>\n<meta property=\"og:title\" content=\"Rached Ghannouchi, pr\u00e9sident de l&#039;Assembl\u00e9e : \u00abIl n&#039;y a que les imb\u00e9ciles qui ne changent pas d&#039;avis\u00bb - Kapitalis\" \/>\n<meta property=\"og:description\" content=\"Le pr\u00e9sident du parti islamiste Ennahdha, Rached Ghannouchi, \u00e9lu, cet apr\u00e8s-midi, mardi 13 novembre 2019, pr\u00e9sident de l&rsquo;Assembl\u00e9e des repr\u00e9sentants du peuple (ARP), avec 123 voix, a f\u00e9licit\u00e9 le peuple tunisien de \u00abla r\u00e9ussite de la f\u00eate \u00e9lectorale\u00bb en assurant que son parti se r\u00e9unira ce soir pour d\u00e9cider du candidat \u00e0 proposer pour la...\" \/>\n<meta property=\"og:url\" content=\"https:\/\/kapitalis.com\/tunisie\/2019\/11\/13\/rached-ghannouchi-president-de-lassemblee-il-ny-a-que-les-imbeciles-qui-ne-changent-pas-davis\/\" \/>\n<meta property=\"og:site_name\" content=\"Kapitalis\" \/>\n<meta property=\"article:publisher\" content=\"https:\/\/www.facebook.com\/KapitalisInfo\/\" \/>\n<meta property=\"article:published_time\" content=\"2019-11-13T18:32:25+00:00\" \/>\n<meta property=\"article:modified_time\" content=\"2019-11-13T19:24:09+00:00\" \/>\n<meta property=\"og:image\" content=\"https:\/\/kapitalis.com\/tunisie\/wp-content\/uploads\/2022\/05\/kapitalis-logo-fb.png\" \/>\n\t<meta property=\"og:image:width\" content=\"1200\" \/>\n\t<meta property=\"og:image:height\" content=\"630\" \/>\n\t<meta property=\"og:image:type\" content=\"image\/png\" \/>\n<meta name=\"author\" content=\"Yusra NY\" \/>\n<meta name=\"twitter:card\" content=\"summary_large_image\" \/>\n<meta name=\"twitter:creator\" content=\"@KapitalisInfo\" \/>\n<meta name=\"twitter:site\" content=\"@KapitalisInfo\" \/>\n<meta name=\"twitter:label1\" content=\"\u00c9crit par\" \/>\n\t<meta name=\"twitter:data1\" content=\"Yusra NY\" \/>\n\t<meta name=\"twitter:label2\" content=\"Dur\u00e9e de lecture estim\u00e9e\" \/>\n\t<meta name=\"twitter:data2\" content=\"2 minutes\" \/>\n<script type=\"application\/ld+json\" class=\"yoast-schema-graph\">{\"@context\":\"https:\/\/schema.org\",\"@graph\":[{\"@type\":\"Article\",\"@id\":\"https:\/\/kapitalis.com\/tunisie\/2019\/11\/13\/rached-ghannouchi-president-de-lassemblee-il-ny-a-que-les-imbeciles-qui-ne-changent-pas-davis\/#article\",\"isPartOf\":{\"@id\":\"https:\/\/kapitalis.com\/tunisie\/2019\/11\/13\/rached-ghannouchi-president-de-lassemblee-il-ny-a-que-les-imbeciles-qui-ne-changent-pas-davis\/\"},\"author\":{\"name\":\"Yusra NY\",\"@id\":\"https:\/\/kapitalis.com\/tunisie\/#\/schema\/person\/74bbde0154d49d790a92aaeac5bc01d5\"},\"headline\":\"Rached Ghannouchi, pr\u00e9sident de l&rsquo;Assembl\u00e9e : \u00abIl n&rsquo;y a que les imb\u00e9ciles qui ne changent pas d&rsquo;avis\u00bb\",\"datePublished\":\"2019-11-13T18:32:25+00:00\",\"dateModified\":\"2019-11-13T19:24:09+00:00\",\"mainEntityOfPage\":{\"@id\":\"https:\/\/kapitalis.com\/tunisie\/2019\/11\/13\/rached-ghannouchi-president-de-lassemblee-il-ny-a-que-les-imbeciles-qui-ne-changent-pas-davis\/\"},\"wordCount\":453,\"commentCount\":3,\"publisher\":{\"@id\":\"https:\/\/kapitalis.com\/tunisie\/#organization\"},\"image\":{\"@id\":\"https:\/\/kapitalis.com\/tunisie\/2019\/11\/13\/rached-ghannouchi-president-de-lassemblee-il-ny-a-que-les-imbeciles-qui-ne-changent-pas-davis\/#primaryimage\"},\"thumbnailUrl\":\"\",\"keywords\":[\"Assembl\u00e9e\",\"Ennahdha\",\"islamiste\",\"Nabil Karoui\",\"parlement\",\"Qalb Tounes\",\"Rached Ghannouchi\",\"ridha Charfeddine\"],\"articleSection\":[\"A LA UNE\",\"POLITIQUE\",\"Tunisie\"],\"inLanguage\":\"fr-FR\",\"potentialAction\":[{\"@type\":\"CommentAction\",\"name\":\"Comment\",\"target\":[\"https:\/\/kapitalis.com\/tunisie\/2019\/11\/13\/rached-ghannouchi-president-de-lassemblee-il-ny-a-que-les-imbeciles-qui-ne-changent-pas-davis\/#respond\"]}]},{\"@type\":\"WebPage\",\"@id\":\"https:\/\/kapitalis.com\/tunisie\/2019\/11\/13\/rached-ghannouchi-president-de-lassemblee-il-ny-a-que-les-imbeciles-qui-ne-changent-pas-davis\/\",\"url\":\"https:\/\/kapitalis.com\/tunisie\/2019\/11\/13\/rached-ghannouchi-president-de-lassemblee-il-ny-a-que-les-imbeciles-qui-ne-changent-pas-davis\/\",\"name\":\"Rached Ghannouchi, pr\u00e9sident de l'Assembl\u00e9e : \u00abIl n'y a que les imb\u00e9ciles qui ne changent pas d'avis\u00bb - Kapitalis\",\"isPartOf\":{\"@id\":\"https:\/\/kapitalis.com\/tunisie\/#website\"},\"primaryImageOfPage\":{\"@id\":\"https:\/\/kapitalis.com\/tunisie\/2019\/11\/13\/rached-ghannouchi-president-de-lassemblee-il-ny-a-que-les-imbeciles-qui-ne-changent-pas-davis\/#primaryimage\"},\"image\":{\"@id\":\"https:\/\/kapitalis.com\/tunisie\/2019\/11\/13\/rached-ghannouchi-president-de-lassemblee-il-ny-a-que-les-imbeciles-qui-ne-changent-pas-davis\/#primaryimage\"},\"thumbnailUrl\":\"\",\"datePublished\":\"2019-11-13T18:32:25+00:00\",\"dateModified\":\"2019-11-13T19:24:09+00:00\",\"breadcrumb\":{\"@id\":\"https:\/\/kapitalis.com\/tunisie\/2019\/11\/13\/rached-ghannouchi-president-de-lassemblee-il-ny-a-que-les-imbeciles-qui-ne-changent-pas-davis\/#breadcrumb\"},\"inLanguage\":\"fr-FR\",\"potentialAction\":[{\"@type\":\"ReadAction\",\"target\":[\"https:\/\/kapitalis.com\/tunisie\/2019\/11\/13\/rached-ghannouchi-president-de-lassemblee-il-ny-a-que-les-imbeciles-qui-ne-changent-pas-davis\/\"]}]},{\"@type\":\"ImageObject\",\"inLanguage\":\"fr-FR\",\"@id\":\"https:\/\/kapitalis.com\/tunisie\/2019\/11\/13\/rached-ghannouchi-president-de-lassemblee-il-ny-a-que-les-imbeciles-qui-ne-changent-pas-davis\/#primaryimage\",\"url\":\"\",\"contentUrl\":\"\"},{\"@type\":\"BreadcrumbList\",\"@id\":\"https:\/\/kapitalis.com\/tunisie\/2019\/11\/13\/rached-ghannouchi-president-de-lassemblee-il-ny-a-que-les-imbeciles-qui-ne-changent-pas-davis\/#breadcrumb\",\"itemListElement\":[{\"@type\":\"ListItem\",\"position\":1,\"name\":\"Accueil\",\"item\":\"https:\/\/kapitalis.com\/tunisie\/\"},{\"@type\":\"ListItem\",\"position\":2,\"name\":\"Rached Ghannouchi, pr\u00e9sident de l&rsquo;Assembl\u00e9e : \u00abIl n&rsquo;y a que les imb\u00e9ciles qui ne changent pas d&rsquo;avis\u00bb\"}]},{\"@type\":\"WebSite\",\"@id\":\"https:\/\/kapitalis.com\/tunisie\/#website\",\"url\":\"https:\/\/kapitalis.com\/tunisie\/\",\"name\":\"Kapitalis\",\"description\":\"L&#039;actualit\u00e9 en Tunisie et dans le monde\",\"publisher\":{\"@id\":\"https:\/\/kapitalis.com\/tunisie\/#organization\"},\"potentialAction\":[{\"@type\":\"SearchAction\",\"target\":{\"@type\":\"EntryPoint\",\"urlTemplate\":\"https:\/\/kapitalis.com\/tunisie\/?s={search_term_string}\"},\"query-input\":{\"@type\":\"PropertyValueSpecification\",\"valueRequired\":true,\"valueName\":\"search_term_string\"}}],\"inLanguage\":\"fr-FR\"},{\"@type\":\"Organization\",\"@id\":\"https:\/\/kapitalis.com\/tunisie\/#organization\",\"name\":\"Kapitalis\",\"url\":\"https:\/\/kapitalis.com\/tunisie\/\",\"logo\":{\"@type\":\"ImageObject\",\"inLanguage\":\"fr-FR\",\"@id\":\"https:\/\/kapitalis.com\/tunisie\/#\/schema\/logo\/image\/\",\"url\":\"https:\/\/kapitalis.com\/tunisie\/wp-content\/uploads\/2022\/05\/Kapitalis-big-size.png\",\"contentUrl\":\"https:\/\/kapitalis.com\/tunisie\/wp-content\/uploads\/2022\/05\/Kapitalis-big-size.png\",\"width\":5000,\"height\":1500,\"caption\":\"Kapitalis\"},\"image\":{\"@id\":\"https:\/\/kapitalis.com\/tunisie\/#\/schema\/logo\/image\/\"},\"sameAs\":[\"https:\/\/www.facebook.com\/KapitalisInfo\/\",\"https:\/\/x.com\/KapitalisInfo\",\"https:\/\/www.youtube.com\/channel\/UC-yDYrHyfFBWWZaOw3FPg9Q\"]},{\"@type\":\"Person\",\"@id\":\"https:\/\/kapitalis.com\/tunisie\/#\/schema\/person\/74bbde0154d49d790a92aaeac5bc01d5\",\"name\":\"Yusra NY\",\"url\":\"https:\/\/kapitalis.com\/tunisie\/author\/yuza_adam\/\"}]}<\/script>\n<!-- \/ Yoast SEO plugin. -->","yoast_head_json":{"title":"Rached Ghannouchi, pr\u00e9sident de l'Assembl\u00e9e : \u00abIl n'y a que les imb\u00e9ciles qui ne changent pas d'avis\u00bb - Kapitalis","robots":{"index":"index","follow":"follow","max-snippet":"max-snippet:-1","max-image-preview":"max-image-preview:large","max-video-preview":"max-video-preview:-1"},"canonical":"https:\/\/kapitalis.com\/tunisie\/2019\/11\/13\/rached-ghannouchi-president-de-lassemblee-il-ny-a-que-les-imbeciles-qui-ne-changent-pas-davis\/","og_locale":"fr_FR","og_type":"article","og_title":"Rached Ghannouchi, pr\u00e9sident de l'Assembl\u00e9e : \u00abIl n'y a que les imb\u00e9ciles qui ne changent pas d'avis\u00bb - Kapitalis","og_description":"Le pr\u00e9sident du parti islamiste Ennahdha, Rached Ghannouchi, \u00e9lu, cet apr\u00e8s-midi, mardi 13 novembre 2019, pr\u00e9sident de l&rsquo;Assembl\u00e9e des repr\u00e9sentants du peuple (ARP), avec 123 voix, a f\u00e9licit\u00e9 le peuple tunisien de \u00abla r\u00e9ussite de la f\u00eate \u00e9lectorale\u00bb en assurant que son parti se r\u00e9unira ce soir pour d\u00e9cider du candidat \u00e0 proposer pour la...","og_url":"https:\/\/kapitalis.com\/tunisie\/2019\/11\/13\/rached-ghannouchi-president-de-lassemblee-il-ny-a-que-les-imbeciles-qui-ne-changent-pas-davis\/","og_site_name":"Kapitalis","article_publisher":"https:\/\/www.facebook.com\/KapitalisInfo\/","article_published_time":"2019-11-13T18:32:25+00:00","article_modified_time":"2019-11-13T19:24:09+00:00","og_image":[{"width":1200,"height":630,"url":"https:\/\/kapitalis.com\/tunisie\/wp-content\/uploads\/2022\/05\/kapitalis-logo-fb.png","type":"image\/png"}],"author":"Yusra NY","twitter_card":"summary_large_image","twitter_creator":"@KapitalisInfo","twitter_site":"@KapitalisInfo","twitter_misc":{"\u00c9crit par":"Yusra NY","Dur\u00e9e de lecture estim\u00e9e":"2 minutes"},"schema":{"@context":"https:\/\/schema.org","@graph":[{"@type":"Article","@id":"https:\/\/kapitalis.com\/tunisie\/2019\/11\/13\/rached-ghannouchi-president-de-lassemblee-il-ny-a-que-les-imbeciles-qui-ne-changent-pas-davis\/#article","isPartOf":{"@id":"https:\/\/kapitalis.com\/tunisie\/2019\/11\/13\/rached-ghannouchi-president-de-lassemblee-il-ny-a-que-les-imbeciles-qui-ne-changent-pas-davis\/"},"author":{"name":"Yusra NY","@id":"https:\/\/kapitalis.com\/tunisie\/#\/schema\/person\/74bbde0154d49d790a92aaeac5bc01d5"},"headline":"Rached Ghannouchi, pr\u00e9sident de l&rsquo;Assembl\u00e9e : \u00abIl n&rsquo;y a que les imb\u00e9ciles qui ne changent pas d&rsquo;avis\u00bb","datePublished":"2019-11-13T18:32:25+00:00","dateModified":"2019-11-13T19:24:09+00:00","mainEntityOfPage":{"@id":"https:\/\/kapitalis.com\/tunisie\/2019\/11\/13\/rached-ghannouchi-president-de-lassemblee-il-ny-a-que-les-imbeciles-qui-ne-changent-pas-davis\/"},"wordCount":453,"commentCount":3,"publisher":{"@id":"https:\/\/kapitalis.com\/tunisie\/#organization"},"image":{"@id":"https:\/\/kapitalis.com\/tunisie\/2019\/11\/13\/rached-ghannouchi-president-de-lassemblee-il-ny-a-que-les-imbeciles-qui-ne-changent-pas-davis\/#primaryimage"},"thumbnailUrl":"","keywords":["Assembl\u00e9e","Ennahdha","islamiste","Nabil Karoui","parlement","Qalb Tounes","Rached Ghannouchi","ridha Charfeddine"],"articleSection":["A LA UNE","POLITIQUE","Tunisie"],"inLanguage":"fr-FR","potentialAction":[{"@type":"CommentAction","name":"Comment","target":["https:\/\/kapitalis.com\/tunisie\/2019\/11\/13\/rached-ghannouchi-president-de-lassemblee-il-ny-a-que-les-imbeciles-qui-ne-changent-pas-davis\/#respond"]}]},{"@type":"WebPage","@id":"https:\/\/kapitalis.com\/tunisie\/2019\/11\/13\/rached-ghannouchi-president-de-lassemblee-il-ny-a-que-les-imbeciles-qui-ne-changent-pas-davis\/","url":"https:\/\/kapitalis.com\/tunisie\/2019\/11\/13\/rached-ghannouchi-president-de-lassemblee-il-ny-a-que-les-imbeciles-qui-ne-changent-pas-davis\/","name":"Rached Ghannouchi, pr\u00e9sident de l'Assembl\u00e9e : \u00abIl n'y a que les imb\u00e9ciles qui ne changent pas d'avis\u00bb - Kapitalis","isPartOf":{"@id":"https:\/\/kapitalis.com\/tunisie\/#website"},"primaryImageOfPage":{"@id":"https:\/\/kapitalis.com\/tunisie\/2019\/11\/13\/rached-ghannouchi-president-de-lassemblee-il-ny-a-que-les-imbeciles-qui-ne-changent-pas-davis\/#primaryimage"},"image":{"@id":"https:\/\/kapitalis.com\/tunisie\/2019\/11\/13\/rached-ghannouchi-president-de-lassemblee-il-ny-a-que-les-imbeciles-qui-ne-changent-pas-davis\/#primaryimage"},"thumbnailUrl":"","datePublished":"2019-11-13T18:32:25+00:00","dateModified":"2019-11-13T19:24:09+00:00","breadcrumb":{"@id":"https:\/\/kapitalis.com\/tunisie\/2019\/11\/13\/rached-ghannouchi-president-de-lassemblee-il-ny-a-que-les-imbeciles-qui-ne-changent-pas-davis\/#breadcrumb"},"inLanguage":"fr-FR","potentialAction":[{"@type":"ReadAction","target":["https:\/\/kapitalis.com\/tunisie\/2019\/11\/13\/rached-ghannouchi-president-de-lassemblee-il-ny-a-que-les-imbeciles-qui-ne-changent-pas-davis\/"]}]},{"@type":"ImageObject","inLanguage":"fr-FR","@id":"https:\/\/kapitalis.com\/tunisie\/2019\/11\/13\/rached-ghannouchi-president-de-lassemblee-il-ny-a-que-les-imbeciles-qui-ne-changent-pas-davis\/#primaryimage","url":"","contentUrl":""},{"@type":"BreadcrumbList","@id":"https:\/\/kapitalis.com\/tunisie\/2019\/11\/13\/rached-ghannouchi-president-de-lassemblee-il-ny-a-que-les-imbeciles-qui-ne-changent-pas-davis\/#breadcrumb","itemListElement":[{"@type":"ListItem","position":1,"name":"Accueil","item":"https:\/\/kapitalis.com\/tunisie\/"},{"@type":"ListItem","position":2,"name":"Rached Ghannouchi, pr\u00e9sident de l&rsquo;Assembl\u00e9e : \u00abIl n&rsquo;y a que les imb\u00e9ciles qui ne changent pas d&rsquo;avis\u00bb"}]},{"@type":"WebSite","@id":"https:\/\/kapitalis.com\/tunisie\/#website","url":"https:\/\/kapitalis.com\/tunisie\/","name":"Kapitalis","description":"L&#039;actualit\u00e9 en Tunisie et dans le monde","publisher":{"@id":"https:\/\/kapitalis.com\/tunisie\/#organization"},"potentialAction":[{"@type":"SearchAction","target":{"@type":"EntryPoint","urlTemplate":"https:\/\/kapitalis.com\/tunisie\/?s={search_term_string}"},"query-input":{"@type":"PropertyValueSpecification","valueRequired":true,"valueName":"search_term_string"}}],"inLanguage":"fr-FR"},{"@type":"Organization","@id":"https:\/\/kapitalis.com\/tunisie\/#organization","name":"Kapitalis","url":"https:\/\/kapitalis.com\/tunisie\/","logo":{"@type":"ImageObject","inLanguage":"fr-FR","@id":"https:\/\/kapitalis.com\/tunisie\/#\/schema\/logo\/image\/","url":"https:\/\/kapitalis.com\/tunisie\/wp-content\/uploads\/2022\/05\/Kapitalis-big-size.png","contentUrl":"https:\/\/kapitalis.com\/tunisie\/wp-content\/uploads\/2022\/05\/Kapitalis-big-size.png","width":5000,"height":1500,"caption":"Kapitalis"},"image":{"@id":"https:\/\/kapitalis.com\/tunisie\/#\/schema\/logo\/image\/"},"sameAs":["https:\/\/www.facebook.com\/KapitalisInfo\/","https:\/\/x.com\/KapitalisInfo","https:\/\/www.youtube.com\/channel\/UC-yDYrHyfFBWWZaOw3FPg9Q"]},{"@type":"Person","@id":"https:\/\/kapitalis.com\/tunisie\/#\/schema\/person\/74bbde0154d49d790a92aaeac5bc01d5","name":"Yusra NY","url":"https:\/\/kapitalis.com\/tunisie\/author\/yuza_adam\/"}]}},"_links":{"self":[{"href":"https:\/\/kapitalis.com\/tunisie\/wp-json\/wp\/v2\/posts\/255334","targetHints":{"allow":["GET"]}}],"collection":[{"href":"https:\/\/kapitalis.com\/tunisie\/wp-json\/wp\/v2\/posts"}],"about":[{"href":"https:\/\/kapitalis.com\/tunisie\/wp-json\/wp\/v2\/types\/post"}],"author":[{"embeddable":true,"href":"https:\/\/kapitalis.com\/tunisie\/wp-json\/wp\/v2\/users\/6"}],"replies":[{"embeddable":true,"href":"https:\/\/kapitalis.com\/tunisie\/wp-json\/wp\/v2\/comments?post=255334"}],"version-history":[{"count":0,"href":"https:\/\/kapitalis.com\/tunisie\/wp-json\/wp\/v2\/posts\/255334\/revisions"}],"wp:featuredmedia":[{"embeddable":true,"href":"https:\/\/kapitalis.com\/tunisie\/wp-json\/wp\/v2\/media\/255343"}],"wp:attachment":[{"href":"https:\/\/kapitalis.com\/tunisie\/wp-json\/wp\/v2\/media?parent=255334"}],"wp:term":[{"taxonomy":"category","embeddable":true,"href":"https:\/\/kapitalis.com\/tunisie\/wp-json\/wp\/v2\/categories?post=255334"},{"taxonomy":"post_tag","embeddable":true,"href":"https:\/\/kapitalis.com\/tunisie\/wp-json\/wp\/v2\/tags?post=255334"}],"curies":[{"name":"wp","href":"https:\/\/api.w.org\/{rel}","templated":true}]}}