{"id":255507,"date":"2019-11-14T14:39:12","date_gmt":"2019-11-14T13:39:12","guid":{"rendered":"http:\/\/kapitalis.com\/tunisie\/?p=255507"},"modified":"2019-11-14T14:50:21","modified_gmt":"2019-11-14T13:50:21","slug":"presidence-de-larp-quand-le-vote-de-certains-deputes-va-a-lencontre-des-choix-politiques-de-leurs-partis","status":"publish","type":"post","link":"https:\/\/kapitalis.com\/tunisie\/2019\/11\/14\/presidence-de-larp-quand-le-vote-de-certains-deputes-va-a-lencontre-des-choix-politiques-de-leurs-partis\/","title":{"rendered":"Pr\u00e9sidence de l&rsquo;ARP : Quand le vote de certains d\u00e9put\u00e9s va \u00e0 l&rsquo;encontre des choix politiques de leurs partis !"},"content":{"rendered":"\n<figure class=\"wp-block-image\"><img decoding=\"async\" src=\"http:\/\/kapitalis.com\/tunisie\/wp-content\/uploads\/2016\/01\/ARP-20.jpg\" alt=\"\" class=\"wp-image-36215\"\/><\/figure>\n\n\n\n<p><strong><em>Dans un communiqu\u00e9 publi\u00e9 aujourd&rsquo;hui, 14 novembre 2019, sur la page facebook du parti, le bureau m\u00e9diatique du mouvement Machrou3 Tounes a assur\u00e9 que ce dernier avait d\u00e9cid\u00e9 de voter pour un candidat autre que celui d&rsquo;Ennahdha, Rached Ghannouchi. Pourtant, ses 4 d\u00e9put\u00e9s qui font partie du bloc parlementaire de \u00abla R\u00e9forme nationale\u00bb, ont bien vot\u00e9 pour le leader islamiste.<\/em><\/strong><\/p>\n\n\n\n<p>Par <strong>Cherif Ben Youn\u00e8s<\/strong><\/p>\n\n\n\n<!--more-->\n\n\n\n<p>\u00ab<em>La R\u00e9forme nationale est un bloc technique et compos\u00e9 de d\u00e9put\u00e9s issus de plusieurs partis : Machrou3 Tounes, Nidaa Tounes, Al Badil Ettounsi, Afek Tounes et des ind\u00e9pendants, et ce sont des partis et personnalit\u00e9s individuellement responsables de leurs positions et de leurs choix politiques ou personnels<\/em>\u00bb, lit-on notamment dans ledit communiqu\u00e9.<\/p>\n\n\n\n<h3 class=\"wp-block-heading\">Ce sont les int\u00e9r\u00eats personnels qui orientent les choix des d\u00e9put\u00e9s dont les partis ne font pas le poids<\/h3>\n\n\n\n<p>Pour rappel, Tarek Ftiti, porte-parole de la R\u00e9forme nationale, avait laiss\u00e9 entendre, la semaine pass\u00e9e, que son bloc, compos\u00e9 de d\u00e9put\u00e9s suppos\u00e9ment modernistes, sera dans l&rsquo;opposition, assurant qu&rsquo;il n&rsquo;accordera m\u00eame pas son vote de confiance au nouveau gouvernement si son chef propos\u00e9 sera issu du parti islamiste, Ennahdha.<\/p>\n\n\n\n<p>Il para\u00eet que, depuis, les choses ont chang\u00e9. Et les membres de ce bloc ont d\u00e9cid\u00e9 de privil\u00e9gier leurs int\u00e9r\u00eats personnels au d\u00e9triment de leur pr\u00e9sum\u00e9 progressisme et de leurs principes et valeurs (en supposant qu&rsquo;ils en ont poss\u00e8dent).<\/p>\n\n\n\n<p>Et, si on en croit le communiqu\u00e9 cit\u00e9 ci-haut, ils ont \u00e9galement d\u00e9cid\u00e9 de contredire les choix politiques de leurs partis respectifs. C&rsquo;est, en tout cas, le cas des d\u00e9put\u00e9s de Machrou3 Tounes&#8230; qui ont probablement estim\u00e9 que le poids politique de ce dernier, du fait de ses r\u00e9sultats d\u00e9cevants aux l\u00e9gislatives (4 si\u00e8ges) et de ceux de son pr\u00e9sident, Mohsen Marzouk (0,22% des voix), \u00e0 la pr\u00e9sidentielle, ne vaut pas la peine d&rsquo;y tenir.<\/p>\n\n\n\n<h3 class=\"wp-block-heading\">De quoi remettre en question, une fois de plus, le tourisme parlementaire <\/h3>\n\n\n\n<p>De quoi rouvrir le d\u00e9bat sur le <em>\u00abtourisme parlementaire\u00bb.<\/em> Une pratique tout \u00e0 fait l\u00e9gale qui donne aux d\u00e9put\u00e9s le droit de passer all\u00e8grement d\u2019un groupe parlementaire \u00e0 un autre et, donc, d\u2019un parti politique \u00e0 un autre, ce qui fausse le choix des \u00e9lecteurs, dont une grande partie ne vote pas sp\u00e9cialement le candidat, lors des \u00e9lections l\u00e9gislatives, mais le parti qu&rsquo;il repr\u00e9sente. <\/p>\n\n\n\n<p>Cette pratique a, de ce fait, longtemps cr\u00e9\u00e9 la pol\u00e9mique durant la p\u00e9riode l\u00e9gislative pr\u00e9c\u00e9dente (2014 &#8211; 2019) et de nombreuses personnes ont revendiqu\u00e9 son abolition&#8230; <\/p>\n\n\n\n<p>Il y a eu m\u00eame un projet de loi allant dans ce sens, qui n&rsquo;a logiquement pas \u00e9t\u00e9 adopt\u00e9 par l&rsquo;ancienne Assembl\u00e9e des repr\u00e9sentants du peuple (ARP), et ce conform\u00e9ment aux&#8230; int\u00e9r\u00eats personnels de ses membres.<\/p>\n\n\n\n<p>En effet, aussi stupide cela soit-il, on a eu affaire \u00e0 un cas o\u00f9 des individus \u00e9taient \u00e0 la fois juges et parties, ce qui violait la formule juridique basique : \u00ab<em>Aliquis non debet esse judex in propria causa, quia non potest esse judex et pars<\/em>\u00bb (Personne ne devrait \u00eatre juge dans sa propre cause, parce qu&rsquo;il ne peut pas \u00eatre juge et partie).<\/p>\n\n\n\n<p>Aujourd&rsquo;hui, une autre loi non moins controvers\u00e9e est remise en question et ne sera probablement, pour la m\u00eame raison, jamais annul\u00e9e : celle qui donne aux d\u00e9put\u00e9s une immunit\u00e9 parlementaire. <\/p>\n","protected":false},"excerpt":{"rendered":"<p>Dans un communiqu\u00e9 publi\u00e9 aujourd&rsquo;hui, 14 novembre 2019, sur la page facebook du parti, le bureau m\u00e9diatique du mouvement Machrou3 Tounes a assur\u00e9 que ce dernier avait d\u00e9cid\u00e9 de voter pour un candidat autre que celui d&rsquo;Ennahdha, Rached Ghannouchi. Pourtant, ses 4 d\u00e9put\u00e9s qui font partie du bloc parlementaire de \u00abla R\u00e9forme nationale\u00bb, ont bien&#8230;<\/p>\n","protected":false},"author":24,"featured_media":255550,"comment_status":"open","ping_status":"open","sticky":false,"template":"","format":"standard","meta":{"footnotes":""},"categories":[992,997,2433],"tags":[49543,68199],"class_list":["post-255507","post","type-post","status-publish","format-standard","has-post-thumbnail","hentry","category-a-la-une","category-politique","category-tunisie","tag-ennahdha","tag-tarek-ftiti"],"yoast_head":"<!-- This site is optimized with the Yoast SEO plugin v26.6 - https:\/\/yoast.com\/wordpress\/plugins\/seo\/ -->\n<title>Pr\u00e9sidence de l&#039;ARP : Quand le vote de certains d\u00e9put\u00e9s va \u00e0 l&#039;encontre des choix politiques de leurs partis ! - Kapitalis<\/title>\n<meta name=\"robots\" content=\"index, follow, max-snippet:-1, max-image-preview:large, max-video-preview:-1\" \/>\n<link rel=\"canonical\" href=\"https:\/\/kapitalis.com\/tunisie\/2019\/11\/14\/presidence-de-larp-quand-le-vote-de-certains-deputes-va-a-lencontre-des-choix-politiques-de-leurs-partis\/\" \/>\n<meta property=\"og:locale\" content=\"fr_FR\" \/>\n<meta property=\"og:type\" content=\"article\" \/>\n<meta property=\"og:title\" content=\"Pr\u00e9sidence de l&#039;ARP : Quand le vote de certains d\u00e9put\u00e9s va \u00e0 l&#039;encontre des choix politiques de leurs partis ! - Kapitalis\" \/>\n<meta property=\"og:description\" content=\"Dans un communiqu\u00e9 publi\u00e9 aujourd&rsquo;hui, 14 novembre 2019, sur la page facebook du parti, le bureau m\u00e9diatique du mouvement Machrou3 Tounes a assur\u00e9 que ce dernier avait d\u00e9cid\u00e9 de voter pour un candidat autre que celui d&rsquo;Ennahdha, Rached Ghannouchi. Pourtant, ses 4 d\u00e9put\u00e9s qui font partie du bloc parlementaire de \u00abla R\u00e9forme nationale\u00bb, ont bien...\" \/>\n<meta property=\"og:url\" content=\"https:\/\/kapitalis.com\/tunisie\/2019\/11\/14\/presidence-de-larp-quand-le-vote-de-certains-deputes-va-a-lencontre-des-choix-politiques-de-leurs-partis\/\" \/>\n<meta property=\"og:site_name\" content=\"Kapitalis\" \/>\n<meta property=\"article:publisher\" content=\"https:\/\/www.facebook.com\/KapitalisInfo\/\" \/>\n<meta property=\"article:published_time\" content=\"2019-11-14T13:39:12+00:00\" \/>\n<meta property=\"article:modified_time\" content=\"2019-11-14T13:50:21+00:00\" \/>\n<meta property=\"og:image\" content=\"https:\/\/kapitalis.com\/tunisie\/wp-content\/uploads\/2022\/05\/kapitalis-logo-fb.png\" \/>\n\t<meta property=\"og:image:width\" content=\"1200\" \/>\n\t<meta property=\"og:image:height\" content=\"630\" \/>\n\t<meta property=\"og:image:type\" content=\"image\/png\" \/>\n<meta name=\"author\" content=\"Cherif Benyounes\" \/>\n<meta name=\"twitter:card\" content=\"summary_large_image\" \/>\n<meta name=\"twitter:creator\" content=\"@KapitalisInfo\" \/>\n<meta name=\"twitter:site\" content=\"@KapitalisInfo\" \/>\n<meta name=\"twitter:label1\" content=\"\u00c9crit par\" \/>\n\t<meta name=\"twitter:data1\" content=\"Cherif Benyounes\" \/>\n\t<meta name=\"twitter:label2\" content=\"Dur\u00e9e de lecture estim\u00e9e\" \/>\n\t<meta name=\"twitter:data2\" content=\"3 minutes\" \/>\n<script type=\"application\/ld+json\" class=\"yoast-schema-graph\">{\"@context\":\"https:\/\/schema.org\",\"@graph\":[{\"@type\":\"Article\",\"@id\":\"https:\/\/kapitalis.com\/tunisie\/2019\/11\/14\/presidence-de-larp-quand-le-vote-de-certains-deputes-va-a-lencontre-des-choix-politiques-de-leurs-partis\/#article\",\"isPartOf\":{\"@id\":\"https:\/\/kapitalis.com\/tunisie\/2019\/11\/14\/presidence-de-larp-quand-le-vote-de-certains-deputes-va-a-lencontre-des-choix-politiques-de-leurs-partis\/\"},\"author\":{\"name\":\"Cherif Benyounes\",\"@id\":\"https:\/\/kapitalis.com\/tunisie\/#\/schema\/person\/b35b8d631961131107263178aeb8019e\"},\"headline\":\"Pr\u00e9sidence de l&rsquo;ARP : Quand le vote de certains d\u00e9put\u00e9s va \u00e0 l&rsquo;encontre des choix politiques de leurs partis !\",\"datePublished\":\"2019-11-14T13:39:12+00:00\",\"dateModified\":\"2019-11-14T13:50:21+00:00\",\"mainEntityOfPage\":{\"@id\":\"https:\/\/kapitalis.com\/tunisie\/2019\/11\/14\/presidence-de-larp-quand-le-vote-de-certains-deputes-va-a-lencontre-des-choix-politiques-de-leurs-partis\/\"},\"wordCount\":597,\"commentCount\":3,\"publisher\":{\"@id\":\"https:\/\/kapitalis.com\/tunisie\/#organization\"},\"image\":{\"@id\":\"https:\/\/kapitalis.com\/tunisie\/2019\/11\/14\/presidence-de-larp-quand-le-vote-de-certains-deputes-va-a-lencontre-des-choix-politiques-de-leurs-partis\/#primaryimage\"},\"thumbnailUrl\":\"\",\"keywords\":[\"Ennahdha\",\"Tarek Ftiti\"],\"articleSection\":[\"A LA UNE\",\"POLITIQUE\",\"Tunisie\"],\"inLanguage\":\"fr-FR\",\"potentialAction\":[{\"@type\":\"CommentAction\",\"name\":\"Comment\",\"target\":[\"https:\/\/kapitalis.com\/tunisie\/2019\/11\/14\/presidence-de-larp-quand-le-vote-de-certains-deputes-va-a-lencontre-des-choix-politiques-de-leurs-partis\/#respond\"]}]},{\"@type\":\"WebPage\",\"@id\":\"https:\/\/kapitalis.com\/tunisie\/2019\/11\/14\/presidence-de-larp-quand-le-vote-de-certains-deputes-va-a-lencontre-des-choix-politiques-de-leurs-partis\/\",\"url\":\"https:\/\/kapitalis.com\/tunisie\/2019\/11\/14\/presidence-de-larp-quand-le-vote-de-certains-deputes-va-a-lencontre-des-choix-politiques-de-leurs-partis\/\",\"name\":\"Pr\u00e9sidence de l'ARP : Quand le vote de certains d\u00e9put\u00e9s va \u00e0 l'encontre des choix politiques de leurs partis ! - Kapitalis\",\"isPartOf\":{\"@id\":\"https:\/\/kapitalis.com\/tunisie\/#website\"},\"primaryImageOfPage\":{\"@id\":\"https:\/\/kapitalis.com\/tunisie\/2019\/11\/14\/presidence-de-larp-quand-le-vote-de-certains-deputes-va-a-lencontre-des-choix-politiques-de-leurs-partis\/#primaryimage\"},\"image\":{\"@id\":\"https:\/\/kapitalis.com\/tunisie\/2019\/11\/14\/presidence-de-larp-quand-le-vote-de-certains-deputes-va-a-lencontre-des-choix-politiques-de-leurs-partis\/#primaryimage\"},\"thumbnailUrl\":\"\",\"datePublished\":\"2019-11-14T13:39:12+00:00\",\"dateModified\":\"2019-11-14T13:50:21+00:00\",\"breadcrumb\":{\"@id\":\"https:\/\/kapitalis.com\/tunisie\/2019\/11\/14\/presidence-de-larp-quand-le-vote-de-certains-deputes-va-a-lencontre-des-choix-politiques-de-leurs-partis\/#breadcrumb\"},\"inLanguage\":\"fr-FR\",\"potentialAction\":[{\"@type\":\"ReadAction\",\"target\":[\"https:\/\/kapitalis.com\/tunisie\/2019\/11\/14\/presidence-de-larp-quand-le-vote-de-certains-deputes-va-a-lencontre-des-choix-politiques-de-leurs-partis\/\"]}]},{\"@type\":\"ImageObject\",\"inLanguage\":\"fr-FR\",\"@id\":\"https:\/\/kapitalis.com\/tunisie\/2019\/11\/14\/presidence-de-larp-quand-le-vote-de-certains-deputes-va-a-lencontre-des-choix-politiques-de-leurs-partis\/#primaryimage\",\"url\":\"\",\"contentUrl\":\"\"},{\"@type\":\"BreadcrumbList\",\"@id\":\"https:\/\/kapitalis.com\/tunisie\/2019\/11\/14\/presidence-de-larp-quand-le-vote-de-certains-deputes-va-a-lencontre-des-choix-politiques-de-leurs-partis\/#breadcrumb\",\"itemListElement\":[{\"@type\":\"ListItem\",\"position\":1,\"name\":\"Accueil\",\"item\":\"https:\/\/kapitalis.com\/tunisie\/\"},{\"@type\":\"ListItem\",\"position\":2,\"name\":\"Pr\u00e9sidence de l&rsquo;ARP : Quand le vote de certains d\u00e9put\u00e9s va \u00e0 l&rsquo;encontre des choix politiques de leurs partis !\"}]},{\"@type\":\"WebSite\",\"@id\":\"https:\/\/kapitalis.com\/tunisie\/#website\",\"url\":\"https:\/\/kapitalis.com\/tunisie\/\",\"name\":\"Kapitalis\",\"description\":\"L&#039;actualit\u00e9 en Tunisie et dans le monde\",\"publisher\":{\"@id\":\"https:\/\/kapitalis.com\/tunisie\/#organization\"},\"potentialAction\":[{\"@type\":\"SearchAction\",\"target\":{\"@type\":\"EntryPoint\",\"urlTemplate\":\"https:\/\/kapitalis.com\/tunisie\/?s={search_term_string}\"},\"query-input\":{\"@type\":\"PropertyValueSpecification\",\"valueRequired\":true,\"valueName\":\"search_term_string\"}}],\"inLanguage\":\"fr-FR\"},{\"@type\":\"Organization\",\"@id\":\"https:\/\/kapitalis.com\/tunisie\/#organization\",\"name\":\"Kapitalis\",\"url\":\"https:\/\/kapitalis.com\/tunisie\/\",\"logo\":{\"@type\":\"ImageObject\",\"inLanguage\":\"fr-FR\",\"@id\":\"https:\/\/kapitalis.com\/tunisie\/#\/schema\/logo\/image\/\",\"url\":\"https:\/\/kapitalis.com\/tunisie\/wp-content\/uploads\/2022\/05\/Kapitalis-big-size.png\",\"contentUrl\":\"https:\/\/kapitalis.com\/tunisie\/wp-content\/uploads\/2022\/05\/Kapitalis-big-size.png\",\"width\":5000,\"height\":1500,\"caption\":\"Kapitalis\"},\"image\":{\"@id\":\"https:\/\/kapitalis.com\/tunisie\/#\/schema\/logo\/image\/\"},\"sameAs\":[\"https:\/\/www.facebook.com\/KapitalisInfo\/\",\"https:\/\/x.com\/KapitalisInfo\",\"https:\/\/www.youtube.com\/channel\/UC-yDYrHyfFBWWZaOw3FPg9Q\"]},{\"@type\":\"Person\",\"@id\":\"https:\/\/kapitalis.com\/tunisie\/#\/schema\/person\/b35b8d631961131107263178aeb8019e\",\"name\":\"Cherif Benyounes\",\"url\":\"https:\/\/kapitalis.com\/tunisie\/author\/cherif\/\"}]}<\/script>\n<!-- \/ Yoast SEO plugin. -->","yoast_head_json":{"title":"Pr\u00e9sidence de l'ARP : Quand le vote de certains d\u00e9put\u00e9s va \u00e0 l'encontre des choix politiques de leurs partis ! - Kapitalis","robots":{"index":"index","follow":"follow","max-snippet":"max-snippet:-1","max-image-preview":"max-image-preview:large","max-video-preview":"max-video-preview:-1"},"canonical":"https:\/\/kapitalis.com\/tunisie\/2019\/11\/14\/presidence-de-larp-quand-le-vote-de-certains-deputes-va-a-lencontre-des-choix-politiques-de-leurs-partis\/","og_locale":"fr_FR","og_type":"article","og_title":"Pr\u00e9sidence de l'ARP : Quand le vote de certains d\u00e9put\u00e9s va \u00e0 l'encontre des choix politiques de leurs partis ! - Kapitalis","og_description":"Dans un communiqu\u00e9 publi\u00e9 aujourd&rsquo;hui, 14 novembre 2019, sur la page facebook du parti, le bureau m\u00e9diatique du mouvement Machrou3 Tounes a assur\u00e9 que ce dernier avait d\u00e9cid\u00e9 de voter pour un candidat autre que celui d&rsquo;Ennahdha, Rached Ghannouchi. Pourtant, ses 4 d\u00e9put\u00e9s qui font partie du bloc parlementaire de \u00abla R\u00e9forme nationale\u00bb, ont bien...","og_url":"https:\/\/kapitalis.com\/tunisie\/2019\/11\/14\/presidence-de-larp-quand-le-vote-de-certains-deputes-va-a-lencontre-des-choix-politiques-de-leurs-partis\/","og_site_name":"Kapitalis","article_publisher":"https:\/\/www.facebook.com\/KapitalisInfo\/","article_published_time":"2019-11-14T13:39:12+00:00","article_modified_time":"2019-11-14T13:50:21+00:00","og_image":[{"width":1200,"height":630,"url":"https:\/\/kapitalis.com\/tunisie\/wp-content\/uploads\/2022\/05\/kapitalis-logo-fb.png","type":"image\/png"}],"author":"Cherif Benyounes","twitter_card":"summary_large_image","twitter_creator":"@KapitalisInfo","twitter_site":"@KapitalisInfo","twitter_misc":{"\u00c9crit par":"Cherif Benyounes","Dur\u00e9e de lecture estim\u00e9e":"3 minutes"},"schema":{"@context":"https:\/\/schema.org","@graph":[{"@type":"Article","@id":"https:\/\/kapitalis.com\/tunisie\/2019\/11\/14\/presidence-de-larp-quand-le-vote-de-certains-deputes-va-a-lencontre-des-choix-politiques-de-leurs-partis\/#article","isPartOf":{"@id":"https:\/\/kapitalis.com\/tunisie\/2019\/11\/14\/presidence-de-larp-quand-le-vote-de-certains-deputes-va-a-lencontre-des-choix-politiques-de-leurs-partis\/"},"author":{"name":"Cherif Benyounes","@id":"https:\/\/kapitalis.com\/tunisie\/#\/schema\/person\/b35b8d631961131107263178aeb8019e"},"headline":"Pr\u00e9sidence de l&rsquo;ARP : Quand le vote de certains d\u00e9put\u00e9s va \u00e0 l&rsquo;encontre des choix politiques de leurs partis !","datePublished":"2019-11-14T13:39:12+00:00","dateModified":"2019-11-14T13:50:21+00:00","mainEntityOfPage":{"@id":"https:\/\/kapitalis.com\/tunisie\/2019\/11\/14\/presidence-de-larp-quand-le-vote-de-certains-deputes-va-a-lencontre-des-choix-politiques-de-leurs-partis\/"},"wordCount":597,"commentCount":3,"publisher":{"@id":"https:\/\/kapitalis.com\/tunisie\/#organization"},"image":{"@id":"https:\/\/kapitalis.com\/tunisie\/2019\/11\/14\/presidence-de-larp-quand-le-vote-de-certains-deputes-va-a-lencontre-des-choix-politiques-de-leurs-partis\/#primaryimage"},"thumbnailUrl":"","keywords":["Ennahdha","Tarek Ftiti"],"articleSection":["A LA UNE","POLITIQUE","Tunisie"],"inLanguage":"fr-FR","potentialAction":[{"@type":"CommentAction","name":"Comment","target":["https:\/\/kapitalis.com\/tunisie\/2019\/11\/14\/presidence-de-larp-quand-le-vote-de-certains-deputes-va-a-lencontre-des-choix-politiques-de-leurs-partis\/#respond"]}]},{"@type":"WebPage","@id":"https:\/\/kapitalis.com\/tunisie\/2019\/11\/14\/presidence-de-larp-quand-le-vote-de-certains-deputes-va-a-lencontre-des-choix-politiques-de-leurs-partis\/","url":"https:\/\/kapitalis.com\/tunisie\/2019\/11\/14\/presidence-de-larp-quand-le-vote-de-certains-deputes-va-a-lencontre-des-choix-politiques-de-leurs-partis\/","name":"Pr\u00e9sidence de l'ARP : Quand le vote de certains d\u00e9put\u00e9s va \u00e0 l'encontre des choix politiques de leurs partis ! - Kapitalis","isPartOf":{"@id":"https:\/\/kapitalis.com\/tunisie\/#website"},"primaryImageOfPage":{"@id":"https:\/\/kapitalis.com\/tunisie\/2019\/11\/14\/presidence-de-larp-quand-le-vote-de-certains-deputes-va-a-lencontre-des-choix-politiques-de-leurs-partis\/#primaryimage"},"image":{"@id":"https:\/\/kapitalis.com\/tunisie\/2019\/11\/14\/presidence-de-larp-quand-le-vote-de-certains-deputes-va-a-lencontre-des-choix-politiques-de-leurs-partis\/#primaryimage"},"thumbnailUrl":"","datePublished":"2019-11-14T13:39:12+00:00","dateModified":"2019-11-14T13:50:21+00:00","breadcrumb":{"@id":"https:\/\/kapitalis.com\/tunisie\/2019\/11\/14\/presidence-de-larp-quand-le-vote-de-certains-deputes-va-a-lencontre-des-choix-politiques-de-leurs-partis\/#breadcrumb"},"inLanguage":"fr-FR","potentialAction":[{"@type":"ReadAction","target":["https:\/\/kapitalis.com\/tunisie\/2019\/11\/14\/presidence-de-larp-quand-le-vote-de-certains-deputes-va-a-lencontre-des-choix-politiques-de-leurs-partis\/"]}]},{"@type":"ImageObject","inLanguage":"fr-FR","@id":"https:\/\/kapitalis.com\/tunisie\/2019\/11\/14\/presidence-de-larp-quand-le-vote-de-certains-deputes-va-a-lencontre-des-choix-politiques-de-leurs-partis\/#primaryimage","url":"","contentUrl":""},{"@type":"BreadcrumbList","@id":"https:\/\/kapitalis.com\/tunisie\/2019\/11\/14\/presidence-de-larp-quand-le-vote-de-certains-deputes-va-a-lencontre-des-choix-politiques-de-leurs-partis\/#breadcrumb","itemListElement":[{"@type":"ListItem","position":1,"name":"Accueil","item":"https:\/\/kapitalis.com\/tunisie\/"},{"@type":"ListItem","position":2,"name":"Pr\u00e9sidence de l&rsquo;ARP : Quand le vote de certains d\u00e9put\u00e9s va \u00e0 l&rsquo;encontre des choix politiques de leurs partis !"}]},{"@type":"WebSite","@id":"https:\/\/kapitalis.com\/tunisie\/#website","url":"https:\/\/kapitalis.com\/tunisie\/","name":"Kapitalis","description":"L&#039;actualit\u00e9 en Tunisie et dans le monde","publisher":{"@id":"https:\/\/kapitalis.com\/tunisie\/#organization"},"potentialAction":[{"@type":"SearchAction","target":{"@type":"EntryPoint","urlTemplate":"https:\/\/kapitalis.com\/tunisie\/?s={search_term_string}"},"query-input":{"@type":"PropertyValueSpecification","valueRequired":true,"valueName":"search_term_string"}}],"inLanguage":"fr-FR"},{"@type":"Organization","@id":"https:\/\/kapitalis.com\/tunisie\/#organization","name":"Kapitalis","url":"https:\/\/kapitalis.com\/tunisie\/","logo":{"@type":"ImageObject","inLanguage":"fr-FR","@id":"https:\/\/kapitalis.com\/tunisie\/#\/schema\/logo\/image\/","url":"https:\/\/kapitalis.com\/tunisie\/wp-content\/uploads\/2022\/05\/Kapitalis-big-size.png","contentUrl":"https:\/\/kapitalis.com\/tunisie\/wp-content\/uploads\/2022\/05\/Kapitalis-big-size.png","width":5000,"height":1500,"caption":"Kapitalis"},"image":{"@id":"https:\/\/kapitalis.com\/tunisie\/#\/schema\/logo\/image\/"},"sameAs":["https:\/\/www.facebook.com\/KapitalisInfo\/","https:\/\/x.com\/KapitalisInfo","https:\/\/www.youtube.com\/channel\/UC-yDYrHyfFBWWZaOw3FPg9Q"]},{"@type":"Person","@id":"https:\/\/kapitalis.com\/tunisie\/#\/schema\/person\/b35b8d631961131107263178aeb8019e","name":"Cherif Benyounes","url":"https:\/\/kapitalis.com\/tunisie\/author\/cherif\/"}]}},"_links":{"self":[{"href":"https:\/\/kapitalis.com\/tunisie\/wp-json\/wp\/v2\/posts\/255507","targetHints":{"allow":["GET"]}}],"collection":[{"href":"https:\/\/kapitalis.com\/tunisie\/wp-json\/wp\/v2\/posts"}],"about":[{"href":"https:\/\/kapitalis.com\/tunisie\/wp-json\/wp\/v2\/types\/post"}],"author":[{"embeddable":true,"href":"https:\/\/kapitalis.com\/tunisie\/wp-json\/wp\/v2\/users\/24"}],"replies":[{"embeddable":true,"href":"https:\/\/kapitalis.com\/tunisie\/wp-json\/wp\/v2\/comments?post=255507"}],"version-history":[{"count":0,"href":"https:\/\/kapitalis.com\/tunisie\/wp-json\/wp\/v2\/posts\/255507\/revisions"}],"wp:featuredmedia":[{"embeddable":true,"href":"https:\/\/kapitalis.com\/tunisie\/wp-json\/wp\/v2\/media\/255550"}],"wp:attachment":[{"href":"https:\/\/kapitalis.com\/tunisie\/wp-json\/wp\/v2\/media?parent=255507"}],"wp:term":[{"taxonomy":"category","embeddable":true,"href":"https:\/\/kapitalis.com\/tunisie\/wp-json\/wp\/v2\/categories?post=255507"},{"taxonomy":"post_tag","embeddable":true,"href":"https:\/\/kapitalis.com\/tunisie\/wp-json\/wp\/v2\/tags?post=255507"}],"curies":[{"name":"wp","href":"https:\/\/api.w.org\/{rel}","templated":true}]}}