{"id":256521,"date":"2019-11-18T17:41:33","date_gmt":"2019-11-18T16:41:33","guid":{"rendered":"http:\/\/kapitalis.com\/tunisie\/?p=256521"},"modified":"2019-11-18T17:41:39","modified_gmt":"2019-11-18T16:41:39","slug":"tunisie-le-festival-des-dunes-electroniques-en-images","status":"publish","type":"post","link":"https:\/\/kapitalis.com\/tunisie\/2019\/11\/18\/tunisie-le-festival-des-dunes-electroniques-en-images\/","title":{"rendered":"Tunisie : Le festival des Dunes Electroniques en images"},"content":{"rendered":"\n<figure class=\"wp-block-image size-large\"><img decoding=\"async\" src=\"http:\/\/kapitalis.com\/tunisie\/wp-content\/uploads\/2019\/11\/Dunes-\u00e9lectroniques-0.jpg\" alt=\"\" class=\"wp-image-256561\"\/><\/figure>\n\n\n\n<p><strong><em>La 3e \u00e9dition du festival les Dunes Electroniques vient de prendre fin hier, dimanche 17 novembre 2019, \u00e0 Nafta\/Tozeur, dans les dunes d\u00e9sertiques d&rsquo;Ong Jmel dans le sud-ouest tunisien. Vid\u00e9o et images de cet \u00e9v\u00e9nement grandiose pour ceux qui n&rsquo;ont pas pu faire le d\u00e9placement.<\/em><\/strong><\/p>\n\n\n\n<!--more-->\n\n\n\n<p>Les Dunes Electroniques, le festival de musique \u00e9lectronique tr\u00e8s pris\u00e9 par les amateurs du genre est revenu apr\u00e8s 3 ans d\u2019absence, et s&rsquo;est d\u00e9roul\u00e9, samedi 16 et dimanche 17 novembre 2019, dans les dunes d\u2019Ong Jmel, sur le site m\u00eame o\u00f9 a \u00e9t\u00e9 tourn\u00e9e la saga de l&rsquo;espace de George Lucas, <em>\u00ab\u00a0Stars War\u00a0\u00bb<\/em>.<\/p>\n\n\n\n<figure class=\"wp-block-embed-youtube wp-block-embed is-type-video is-provider-youtube wp-embed-aspect-16-9 wp-has-aspect-ratio\"><div class=\"wp-block-embed__wrapper\">\n<iframe loading=\"lazy\" title=\"Les Dunes Electroniques 2019 - Teaser\" width=\"1160\" height=\"653\" src=\"https:\/\/www.youtube.com\/embed\/xzkkXOWz-mg?feature=oembed\" frameborder=\"0\" allow=\"accelerometer; autoplay; clipboard-write; encrypted-media; gyroscope; picture-in-picture\" allowfullscreen><\/iframe>\n<\/div><figcaption><em>Production de Dar Hilife, Panda Events et le minist\u00e8re tunisien du Tourisme et de l&rsquo;Artisanat.<\/em><\/figcaption><\/figure>\n\n\n\n<p>Les \u00ab<em>Dunistes<\/em>\u00bb ont dans\u00e9 sous les \u00e9toiles 30 heures durant, au son de plus de 30 artistes internationaux et tunisiens. Une \u00e9vasion musicale aux portes&nbsp;du Sahara, sur les sets de Luciano, Konstantin Sibold, Viken Arman, Death on Balcony, et Stimming au petit matin.  <\/p>\n\n\n\n<figure class=\"wp-block-gallery columns-2 is-cropped wp-block-gallery-1 is-layout-flex wp-block-gallery-is-layout-flex\"><ul class=\"blocks-gallery-grid\"><li class=\"blocks-gallery-item\"><figure><img decoding=\"async\" src=\"http:\/\/kapitalis.com\/tunisie\/wp-content\/uploads\/2019\/11\/Dunes-\u00e9lectroniques-1.jpg\" alt=\"\" data-id=\"256543\" data-link=\"http:\/\/kapitalis.com\/tunisie\/?attachment_id=256543\" class=\"wp-image-256543\"\/><\/figure><\/li><li class=\"blocks-gallery-item\"><figure><img decoding=\"async\" src=\"http:\/\/kapitalis.com\/tunisie\/wp-content\/uploads\/2019\/11\/Dunes-\u00e9lectroniques-4.jpg\" alt=\"\" data-id=\"256544\" data-link=\"http:\/\/kapitalis.com\/tunisie\/?attachment_id=256544\" class=\"wp-image-256544\"\/><\/figure><\/li><li class=\"blocks-gallery-item\"><figure><img decoding=\"async\" src=\"http:\/\/kapitalis.com\/tunisie\/wp-content\/uploads\/2019\/11\/Dunes-\u00e9lectroniques-8.jpg\" alt=\"\" data-id=\"256545\" data-link=\"http:\/\/kapitalis.com\/tunisie\/?attachment_id=256545\" class=\"wp-image-256545\"\/><\/figure><\/li><li class=\"blocks-gallery-item\"><figure><img decoding=\"async\" src=\"http:\/\/kapitalis.com\/tunisie\/wp-content\/uploads\/2019\/11\/Dunes-\u00e9lectroniques-7.jpg\" alt=\"\" data-id=\"256546\" data-link=\"http:\/\/kapitalis.com\/tunisie\/?attachment_id=256546\" class=\"wp-image-256546\"\/><\/figure><\/li><li class=\"blocks-gallery-item\"><figure><img decoding=\"async\" src=\"http:\/\/kapitalis.com\/tunisie\/wp-content\/uploads\/2019\/11\/Dunes-\u00e9lectroniques-5.jpg\" alt=\"\" data-id=\"256547\" data-link=\"http:\/\/kapitalis.com\/tunisie\/?attachment_id=256547\" class=\"wp-image-256547\"\/><\/figure><\/li><li class=\"blocks-gallery-item\"><figure><img decoding=\"async\" src=\"http:\/\/kapitalis.com\/tunisie\/wp-content\/uploads\/2019\/11\/Dunes-\u00e9lectroniques-6.jpg\" alt=\"\" data-id=\"256548\" data-link=\"http:\/\/kapitalis.com\/tunisie\/?attachment_id=256548\" class=\"wp-image-256548\"\/><\/figure><\/li><li class=\"blocks-gallery-item\"><figure><img decoding=\"async\" src=\"http:\/\/kapitalis.com\/tunisie\/wp-content\/uploads\/2019\/11\/Dunes-\u00e9lectroniques-3.jpg\" alt=\"\" data-id=\"256549\" data-link=\"http:\/\/kapitalis.com\/tunisie\/?attachment_id=256549\" class=\"wp-image-256549\"\/><\/figure><\/li><li class=\"blocks-gallery-item\"><figure><img decoding=\"async\" src=\"http:\/\/kapitalis.com\/tunisie\/wp-content\/uploads\/2019\/11\/Dunes-\u00e9lectroniques-2.jpg\" alt=\"\" data-id=\"256550\" data-link=\"http:\/\/kapitalis.com\/tunisie\/?attachment_id=256550\" class=\"wp-image-256550\"\/><\/figure><\/li><li class=\"blocks-gallery-item\"><figure><img decoding=\"async\" src=\"http:\/\/kapitalis.com\/tunisie\/wp-content\/uploads\/2019\/11\/Dunes-\u00e9lectroniques-9.jpg\" alt=\"\" data-id=\"256551\" data-full-url=\"http:\/\/kapitalis.com\/tunisie\/wp-content\/uploads\/2019\/11\/Dunes-\u00e9lectroniques-9.jpg\" data-link=\"http:\/\/kapitalis.com\/tunisie\/?attachment_id=256551\" class=\"wp-image-256551\"\/><\/figure><\/li><\/ul><\/figure>\n\n\n\n<p class=\"has-text-align-right\"><strong>A. M.<\/strong><\/p>\n\n\n\n<figure class=\"wp-block-embed-wordpress wp-block-embed is-type-wp-embed is-provider-kapitalis\"><div class=\"wp-block-embed__wrapper\">\n<blockquote class=\"wp-embedded-content\" data-secret=\"zQeA48Ls52\"><a href=\"https:\/\/kapitalis.com\/tunisie\/2019\/11\/16\/tozeur-coup-denvoi-des-dunes-electroniques-apres-une-absence-de-3-ans-photos-et-video\/\">Tozeur : Coup d&rsquo;envoi des Dunes \u00c9lectroniques apr\u00e8s une absence de 3 ans (Photos et vid\u00e9o)<\/a><\/blockquote><iframe loading=\"lazy\" class=\"wp-embedded-content\" sandbox=\"allow-scripts\" security=\"restricted\" style=\"position: absolute; clip: rect(1px, 1px, 1px, 1px);\" title=\"\u00ab\u00a0Tozeur : Coup d&rsquo;envoi des Dunes \u00c9lectroniques apr\u00e8s une absence de 3 ans (Photos et vid\u00e9o)\u00a0\u00bb &#8212; Kapitalis\" src=\"https:\/\/kapitalis.com\/tunisie\/2019\/11\/16\/tozeur-coup-denvoi-des-dunes-electroniques-apres-une-absence-de-3-ans-photos-et-video\/embed\/#?secret=AXkHGN8UJ0#?secret=zQeA48Ls52\" data-secret=\"zQeA48Ls52\" width=\"600\" height=\"338\" frameborder=\"0\" marginwidth=\"0\" marginheight=\"0\" scrolling=\"no\"><\/iframe>\n<\/div><\/figure>\n","protected":false},"excerpt":{"rendered":"<p>La 3e \u00e9dition du festival les Dunes Electroniques vient de prendre fin hier, dimanche 17 novembre 2019, \u00e0 Nafta\/Tozeur, dans les dunes d\u00e9sertiques d&rsquo;Ong Jmel dans le sud-ouest tunisien. Vid\u00e9o et images de cet \u00e9v\u00e9nement grandiose pour ceux qui n&rsquo;ont pas pu faire le d\u00e9placement.<\/p>\n","protected":false},"author":22,"featured_media":256543,"comment_status":"open","ping_status":"open","sticky":false,"template":"","format":"standard","meta":{"footnotes":""},"categories":[994,2433],"tags":[68969,1208],"class_list":["post-256521","post","type-post","status-publish","format-standard","has-post-thumbnail","hentry","category-culture","category-tunisie","tag-festival-les-dunes-electroniques","tag-tozeur"],"yoast_head":"<!-- This site is optimized with the Yoast SEO plugin v26.6 - https:\/\/yoast.com\/wordpress\/plugins\/seo\/ -->\n<title>Tunisie : Le festival des Dunes Electroniques en images - Kapitalis<\/title>\n<meta name=\"robots\" content=\"index, follow, max-snippet:-1, max-image-preview:large, max-video-preview:-1\" \/>\n<link rel=\"canonical\" href=\"https:\/\/kapitalis.com\/tunisie\/2019\/11\/18\/tunisie-le-festival-des-dunes-electroniques-en-images\/\" \/>\n<meta property=\"og:locale\" content=\"fr_FR\" \/>\n<meta property=\"og:type\" content=\"article\" \/>\n<meta property=\"og:title\" content=\"Tunisie : Le festival des Dunes Electroniques en images - Kapitalis\" \/>\n<meta property=\"og:description\" content=\"La 3e \u00e9dition du festival les Dunes Electroniques vient de prendre fin hier, dimanche 17 novembre 2019, \u00e0 Nafta\/Tozeur, dans les dunes d\u00e9sertiques d&rsquo;Ong Jmel dans le sud-ouest tunisien. Vid\u00e9o et images de cet \u00e9v\u00e9nement grandiose pour ceux qui n&rsquo;ont pas pu faire le d\u00e9placement.\" \/>\n<meta property=\"og:url\" content=\"https:\/\/kapitalis.com\/tunisie\/2019\/11\/18\/tunisie-le-festival-des-dunes-electroniques-en-images\/\" \/>\n<meta property=\"og:site_name\" content=\"Kapitalis\" \/>\n<meta property=\"article:publisher\" content=\"https:\/\/www.facebook.com\/KapitalisInfo\/\" \/>\n<meta property=\"article:published_time\" content=\"2019-11-18T16:41:33+00:00\" \/>\n<meta property=\"article:modified_time\" content=\"2019-11-18T16:41:39+00:00\" \/>\n<meta property=\"og:image\" content=\"https:\/\/kapitalis.com\/tunisie\/wp-content\/uploads\/2022\/05\/kapitalis-logo-fb.png\" \/>\n\t<meta property=\"og:image:width\" content=\"1200\" \/>\n\t<meta property=\"og:image:height\" content=\"630\" \/>\n\t<meta property=\"og:image:type\" content=\"image\/png\" \/>\n<meta name=\"author\" content=\"Amina Mkada\" \/>\n<meta name=\"twitter:card\" content=\"summary_large_image\" \/>\n<meta name=\"twitter:creator\" content=\"@KapitalisInfo\" \/>\n<meta name=\"twitter:site\" content=\"@KapitalisInfo\" \/>\n<meta name=\"twitter:label1\" content=\"\u00c9crit par\" \/>\n\t<meta name=\"twitter:data1\" content=\"Amina Mkada\" \/>\n\t<meta name=\"twitter:label2\" content=\"Dur\u00e9e de lecture estim\u00e9e\" \/>\n\t<meta name=\"twitter:data2\" content=\"1 minute\" \/>\n<script type=\"application\/ld+json\" class=\"yoast-schema-graph\">{\"@context\":\"https:\/\/schema.org\",\"@graph\":[{\"@type\":\"Article\",\"@id\":\"https:\/\/kapitalis.com\/tunisie\/2019\/11\/18\/tunisie-le-festival-des-dunes-electroniques-en-images\/#article\",\"isPartOf\":{\"@id\":\"https:\/\/kapitalis.com\/tunisie\/2019\/11\/18\/tunisie-le-festival-des-dunes-electroniques-en-images\/\"},\"author\":{\"name\":\"Amina Mkada\",\"@id\":\"https:\/\/kapitalis.com\/tunisie\/#\/schema\/person\/093913313d3017554cb3ad077fff3fbd\"},\"headline\":\"Tunisie : Le festival des Dunes Electroniques en images\",\"datePublished\":\"2019-11-18T16:41:33+00:00\",\"dateModified\":\"2019-11-18T16:41:39+00:00\",\"mainEntityOfPage\":{\"@id\":\"https:\/\/kapitalis.com\/tunisie\/2019\/11\/18\/tunisie-le-festival-des-dunes-electroniques-en-images\/\"},\"wordCount\":185,\"commentCount\":0,\"publisher\":{\"@id\":\"https:\/\/kapitalis.com\/tunisie\/#organization\"},\"image\":{\"@id\":\"https:\/\/kapitalis.com\/tunisie\/2019\/11\/18\/tunisie-le-festival-des-dunes-electroniques-en-images\/#primaryimage\"},\"thumbnailUrl\":\"\",\"keywords\":[\"Festival Les Dunes Electroniques\",\"Tozeur\"],\"articleSection\":[\"CULTURE\",\"Tunisie\"],\"inLanguage\":\"fr-FR\",\"potentialAction\":[{\"@type\":\"CommentAction\",\"name\":\"Comment\",\"target\":[\"https:\/\/kapitalis.com\/tunisie\/2019\/11\/18\/tunisie-le-festival-des-dunes-electroniques-en-images\/#respond\"]}]},{\"@type\":\"WebPage\",\"@id\":\"https:\/\/kapitalis.com\/tunisie\/2019\/11\/18\/tunisie-le-festival-des-dunes-electroniques-en-images\/\",\"url\":\"https:\/\/kapitalis.com\/tunisie\/2019\/11\/18\/tunisie-le-festival-des-dunes-electroniques-en-images\/\",\"name\":\"Tunisie : Le festival des Dunes Electroniques en images - Kapitalis\",\"isPartOf\":{\"@id\":\"https:\/\/kapitalis.com\/tunisie\/#website\"},\"primaryImageOfPage\":{\"@id\":\"https:\/\/kapitalis.com\/tunisie\/2019\/11\/18\/tunisie-le-festival-des-dunes-electroniques-en-images\/#primaryimage\"},\"image\":{\"@id\":\"https:\/\/kapitalis.com\/tunisie\/2019\/11\/18\/tunisie-le-festival-des-dunes-electroniques-en-images\/#primaryimage\"},\"thumbnailUrl\":\"\",\"datePublished\":\"2019-11-18T16:41:33+00:00\",\"dateModified\":\"2019-11-18T16:41:39+00:00\",\"breadcrumb\":{\"@id\":\"https:\/\/kapitalis.com\/tunisie\/2019\/11\/18\/tunisie-le-festival-des-dunes-electroniques-en-images\/#breadcrumb\"},\"inLanguage\":\"fr-FR\",\"potentialAction\":[{\"@type\":\"ReadAction\",\"target\":[\"https:\/\/kapitalis.com\/tunisie\/2019\/11\/18\/tunisie-le-festival-des-dunes-electroniques-en-images\/\"]}]},{\"@type\":\"ImageObject\",\"inLanguage\":\"fr-FR\",\"@id\":\"https:\/\/kapitalis.com\/tunisie\/2019\/11\/18\/tunisie-le-festival-des-dunes-electroniques-en-images\/#primaryimage\",\"url\":\"\",\"contentUrl\":\"\"},{\"@type\":\"BreadcrumbList\",\"@id\":\"https:\/\/kapitalis.com\/tunisie\/2019\/11\/18\/tunisie-le-festival-des-dunes-electroniques-en-images\/#breadcrumb\",\"itemListElement\":[{\"@type\":\"ListItem\",\"position\":1,\"name\":\"Accueil\",\"item\":\"https:\/\/kapitalis.com\/tunisie\/\"},{\"@type\":\"ListItem\",\"position\":2,\"name\":\"Tunisie : Le festival des Dunes Electroniques en images\"}]},{\"@type\":\"WebSite\",\"@id\":\"https:\/\/kapitalis.com\/tunisie\/#website\",\"url\":\"https:\/\/kapitalis.com\/tunisie\/\",\"name\":\"Kapitalis\",\"description\":\"L&#039;actualit\u00e9 en Tunisie et dans le monde\",\"publisher\":{\"@id\":\"https:\/\/kapitalis.com\/tunisie\/#organization\"},\"potentialAction\":[{\"@type\":\"SearchAction\",\"target\":{\"@type\":\"EntryPoint\",\"urlTemplate\":\"https:\/\/kapitalis.com\/tunisie\/?s={search_term_string}\"},\"query-input\":{\"@type\":\"PropertyValueSpecification\",\"valueRequired\":true,\"valueName\":\"search_term_string\"}}],\"inLanguage\":\"fr-FR\"},{\"@type\":\"Organization\",\"@id\":\"https:\/\/kapitalis.com\/tunisie\/#organization\",\"name\":\"Kapitalis\",\"url\":\"https:\/\/kapitalis.com\/tunisie\/\",\"logo\":{\"@type\":\"ImageObject\",\"inLanguage\":\"fr-FR\",\"@id\":\"https:\/\/kapitalis.com\/tunisie\/#\/schema\/logo\/image\/\",\"url\":\"https:\/\/kapitalis.com\/tunisie\/wp-content\/uploads\/2022\/05\/Kapitalis-big-size.png\",\"contentUrl\":\"https:\/\/kapitalis.com\/tunisie\/wp-content\/uploads\/2022\/05\/Kapitalis-big-size.png\",\"width\":5000,\"height\":1500,\"caption\":\"Kapitalis\"},\"image\":{\"@id\":\"https:\/\/kapitalis.com\/tunisie\/#\/schema\/logo\/image\/\"},\"sameAs\":[\"https:\/\/www.facebook.com\/KapitalisInfo\/\",\"https:\/\/x.com\/KapitalisInfo\",\"https:\/\/www.youtube.com\/channel\/UC-yDYrHyfFBWWZaOw3FPg9Q\"]},{\"@type\":\"Person\",\"@id\":\"https:\/\/kapitalis.com\/tunisie\/#\/schema\/person\/093913313d3017554cb3ad077fff3fbd\",\"name\":\"Amina Mkada\",\"url\":\"https:\/\/kapitalis.com\/tunisie\/author\/amina\/\"}]}<\/script>\n<!-- \/ Yoast SEO plugin. -->","yoast_head_json":{"title":"Tunisie : Le festival des Dunes Electroniques en images - Kapitalis","robots":{"index":"index","follow":"follow","max-snippet":"max-snippet:-1","max-image-preview":"max-image-preview:large","max-video-preview":"max-video-preview:-1"},"canonical":"https:\/\/kapitalis.com\/tunisie\/2019\/11\/18\/tunisie-le-festival-des-dunes-electroniques-en-images\/","og_locale":"fr_FR","og_type":"article","og_title":"Tunisie : Le festival des Dunes Electroniques en images - Kapitalis","og_description":"La 3e \u00e9dition du festival les Dunes Electroniques vient de prendre fin hier, dimanche 17 novembre 2019, \u00e0 Nafta\/Tozeur, dans les dunes d\u00e9sertiques d&rsquo;Ong Jmel dans le sud-ouest tunisien. Vid\u00e9o et images de cet \u00e9v\u00e9nement grandiose pour ceux qui n&rsquo;ont pas pu faire le d\u00e9placement.","og_url":"https:\/\/kapitalis.com\/tunisie\/2019\/11\/18\/tunisie-le-festival-des-dunes-electroniques-en-images\/","og_site_name":"Kapitalis","article_publisher":"https:\/\/www.facebook.com\/KapitalisInfo\/","article_published_time":"2019-11-18T16:41:33+00:00","article_modified_time":"2019-11-18T16:41:39+00:00","og_image":[{"width":1200,"height":630,"url":"https:\/\/kapitalis.com\/tunisie\/wp-content\/uploads\/2022\/05\/kapitalis-logo-fb.png","type":"image\/png"}],"author":"Amina Mkada","twitter_card":"summary_large_image","twitter_creator":"@KapitalisInfo","twitter_site":"@KapitalisInfo","twitter_misc":{"\u00c9crit par":"Amina Mkada","Dur\u00e9e de lecture estim\u00e9e":"1 minute"},"schema":{"@context":"https:\/\/schema.org","@graph":[{"@type":"Article","@id":"https:\/\/kapitalis.com\/tunisie\/2019\/11\/18\/tunisie-le-festival-des-dunes-electroniques-en-images\/#article","isPartOf":{"@id":"https:\/\/kapitalis.com\/tunisie\/2019\/11\/18\/tunisie-le-festival-des-dunes-electroniques-en-images\/"},"author":{"name":"Amina Mkada","@id":"https:\/\/kapitalis.com\/tunisie\/#\/schema\/person\/093913313d3017554cb3ad077fff3fbd"},"headline":"Tunisie : Le festival des Dunes Electroniques en images","datePublished":"2019-11-18T16:41:33+00:00","dateModified":"2019-11-18T16:41:39+00:00","mainEntityOfPage":{"@id":"https:\/\/kapitalis.com\/tunisie\/2019\/11\/18\/tunisie-le-festival-des-dunes-electroniques-en-images\/"},"wordCount":185,"commentCount":0,"publisher":{"@id":"https:\/\/kapitalis.com\/tunisie\/#organization"},"image":{"@id":"https:\/\/kapitalis.com\/tunisie\/2019\/11\/18\/tunisie-le-festival-des-dunes-electroniques-en-images\/#primaryimage"},"thumbnailUrl":"","keywords":["Festival Les Dunes Electroniques","Tozeur"],"articleSection":["CULTURE","Tunisie"],"inLanguage":"fr-FR","potentialAction":[{"@type":"CommentAction","name":"Comment","target":["https:\/\/kapitalis.com\/tunisie\/2019\/11\/18\/tunisie-le-festival-des-dunes-electroniques-en-images\/#respond"]}]},{"@type":"WebPage","@id":"https:\/\/kapitalis.com\/tunisie\/2019\/11\/18\/tunisie-le-festival-des-dunes-electroniques-en-images\/","url":"https:\/\/kapitalis.com\/tunisie\/2019\/11\/18\/tunisie-le-festival-des-dunes-electroniques-en-images\/","name":"Tunisie : Le festival des Dunes Electroniques en images - Kapitalis","isPartOf":{"@id":"https:\/\/kapitalis.com\/tunisie\/#website"},"primaryImageOfPage":{"@id":"https:\/\/kapitalis.com\/tunisie\/2019\/11\/18\/tunisie-le-festival-des-dunes-electroniques-en-images\/#primaryimage"},"image":{"@id":"https:\/\/kapitalis.com\/tunisie\/2019\/11\/18\/tunisie-le-festival-des-dunes-electroniques-en-images\/#primaryimage"},"thumbnailUrl":"","datePublished":"2019-11-18T16:41:33+00:00","dateModified":"2019-11-18T16:41:39+00:00","breadcrumb":{"@id":"https:\/\/kapitalis.com\/tunisie\/2019\/11\/18\/tunisie-le-festival-des-dunes-electroniques-en-images\/#breadcrumb"},"inLanguage":"fr-FR","potentialAction":[{"@type":"ReadAction","target":["https:\/\/kapitalis.com\/tunisie\/2019\/11\/18\/tunisie-le-festival-des-dunes-electroniques-en-images\/"]}]},{"@type":"ImageObject","inLanguage":"fr-FR","@id":"https:\/\/kapitalis.com\/tunisie\/2019\/11\/18\/tunisie-le-festival-des-dunes-electroniques-en-images\/#primaryimage","url":"","contentUrl":""},{"@type":"BreadcrumbList","@id":"https:\/\/kapitalis.com\/tunisie\/2019\/11\/18\/tunisie-le-festival-des-dunes-electroniques-en-images\/#breadcrumb","itemListElement":[{"@type":"ListItem","position":1,"name":"Accueil","item":"https:\/\/kapitalis.com\/tunisie\/"},{"@type":"ListItem","position":2,"name":"Tunisie : Le festival des Dunes Electroniques en images"}]},{"@type":"WebSite","@id":"https:\/\/kapitalis.com\/tunisie\/#website","url":"https:\/\/kapitalis.com\/tunisie\/","name":"Kapitalis","description":"L&#039;actualit\u00e9 en Tunisie et dans le monde","publisher":{"@id":"https:\/\/kapitalis.com\/tunisie\/#organization"},"potentialAction":[{"@type":"SearchAction","target":{"@type":"EntryPoint","urlTemplate":"https:\/\/kapitalis.com\/tunisie\/?s={search_term_string}"},"query-input":{"@type":"PropertyValueSpecification","valueRequired":true,"valueName":"search_term_string"}}],"inLanguage":"fr-FR"},{"@type":"Organization","@id":"https:\/\/kapitalis.com\/tunisie\/#organization","name":"Kapitalis","url":"https:\/\/kapitalis.com\/tunisie\/","logo":{"@type":"ImageObject","inLanguage":"fr-FR","@id":"https:\/\/kapitalis.com\/tunisie\/#\/schema\/logo\/image\/","url":"https:\/\/kapitalis.com\/tunisie\/wp-content\/uploads\/2022\/05\/Kapitalis-big-size.png","contentUrl":"https:\/\/kapitalis.com\/tunisie\/wp-content\/uploads\/2022\/05\/Kapitalis-big-size.png","width":5000,"height":1500,"caption":"Kapitalis"},"image":{"@id":"https:\/\/kapitalis.com\/tunisie\/#\/schema\/logo\/image\/"},"sameAs":["https:\/\/www.facebook.com\/KapitalisInfo\/","https:\/\/x.com\/KapitalisInfo","https:\/\/www.youtube.com\/channel\/UC-yDYrHyfFBWWZaOw3FPg9Q"]},{"@type":"Person","@id":"https:\/\/kapitalis.com\/tunisie\/#\/schema\/person\/093913313d3017554cb3ad077fff3fbd","name":"Amina Mkada","url":"https:\/\/kapitalis.com\/tunisie\/author\/amina\/"}]}},"_links":{"self":[{"href":"https:\/\/kapitalis.com\/tunisie\/wp-json\/wp\/v2\/posts\/256521","targetHints":{"allow":["GET"]}}],"collection":[{"href":"https:\/\/kapitalis.com\/tunisie\/wp-json\/wp\/v2\/posts"}],"about":[{"href":"https:\/\/kapitalis.com\/tunisie\/wp-json\/wp\/v2\/types\/post"}],"author":[{"embeddable":true,"href":"https:\/\/kapitalis.com\/tunisie\/wp-json\/wp\/v2\/users\/22"}],"replies":[{"embeddable":true,"href":"https:\/\/kapitalis.com\/tunisie\/wp-json\/wp\/v2\/comments?post=256521"}],"version-history":[{"count":0,"href":"https:\/\/kapitalis.com\/tunisie\/wp-json\/wp\/v2\/posts\/256521\/revisions"}],"wp:featuredmedia":[{"embeddable":true,"href":"https:\/\/kapitalis.com\/tunisie\/wp-json\/wp\/v2\/media\/256543"}],"wp:attachment":[{"href":"https:\/\/kapitalis.com\/tunisie\/wp-json\/wp\/v2\/media?parent=256521"}],"wp:term":[{"taxonomy":"category","embeddable":true,"href":"https:\/\/kapitalis.com\/tunisie\/wp-json\/wp\/v2\/categories?post=256521"},{"taxonomy":"post_tag","embeddable":true,"href":"https:\/\/kapitalis.com\/tunisie\/wp-json\/wp\/v2\/tags?post=256521"}],"curies":[{"name":"wp","href":"https:\/\/api.w.org\/{rel}","templated":true}]}}