{"id":256659,"date":"2019-11-19T09:51:57","date_gmt":"2019-11-19T08:51:57","guid":{"rendered":"http:\/\/kapitalis.com\/tunisie\/?p=256659"},"modified":"2019-11-19T09:53:29","modified_gmt":"2019-11-19T08:53:29","slug":"medjez-el-bab-les-700-ouvriers-de-noel-tunisie-sont-licencies","status":"publish","type":"post","link":"https:\/\/kapitalis.com\/tunisie\/2019\/11\/19\/medjez-el-bab-les-700-ouvriers-de-noel-tunisie-sont-licencies\/","title":{"rendered":"Medjez El Bab : Les 700 ouvriers de No\u00ebl Chaussures Tunisie sont licenci\u00e9s"},"content":{"rendered":"\n<figure class=\"wp-block-image size-large\"><img decoding=\"async\" src=\"http:\/\/kapitalis.com\/tunisie\/wp-content\/uploads\/2019\/11\/Soci\u00e9t\u00e9-Noel-chaussures-....jpg\" alt=\"\" class=\"wp-image-256672\"\/><\/figure>\n\n\n\n<p><strong><em>Le tribunal de commerce de Rennes a prononc\u00e9 l&rsquo;arr\u00eat de la poursuite d&rsquo;activit\u00e9 du fabricant de chaussures pour enfants No\u00ebl, entra\u00eenant le licenciement de ses 84 salari\u00e9s fran\u00e7ais et de 700 ouvriers en Tunisie.<\/em><\/strong> <\/p>\n\n\n\n<!--more-->\n\n\n\n<p>Difficile de r\u00e9sister \u00e0 la puissance des grands \u00e9quipementiers comme Nike ou Adidas m\u00eame pour cette soci\u00e9t\u00e9 fran\u00e7aise fond\u00e9e en 1927, avec des marques comme Babybotte, No\u00ebl-Kids, Easy Peasy et Mary Isa-Minibel, ni sa filiale tunisienne, No\u00ebl Tunisie, bas\u00e9e \u00e0 Medjez El Bab, au gouvernorat de B\u00e9ja.<\/p>\n\n\n\n<figure class=\"wp-block-gallery columns-3 is-cropped wp-block-gallery-1 is-layout-flex wp-block-gallery-is-layout-flex\"><ul class=\"blocks-gallery-grid\"><li class=\"blocks-gallery-item\"><figure><img decoding=\"async\" src=\"http:\/\/kapitalis.com\/tunisie\/wp-content\/uploads\/2019\/11\/chaussures-Noel-4.jpg\" alt=\"\" data-id=\"256674\" data-link=\"http:\/\/kapitalis.com\/tunisie\/?attachment_id=256674\" class=\"wp-image-256674\"\/><\/figure><\/li><li class=\"blocks-gallery-item\"><figure><img decoding=\"async\" src=\"http:\/\/kapitalis.com\/tunisie\/wp-content\/uploads\/2019\/11\/chaussures-Noel-1.jpg\" alt=\"\" data-id=\"256675\" data-link=\"http:\/\/kapitalis.com\/tunisie\/?attachment_id=256675\" class=\"wp-image-256675\"\/><\/figure><\/li><li class=\"blocks-gallery-item\"><figure><img decoding=\"async\" src=\"http:\/\/kapitalis.com\/tunisie\/wp-content\/uploads\/2019\/11\/chaussures-Noel-5.jpg\" alt=\"\" data-id=\"256676\" data-link=\"http:\/\/kapitalis.com\/tunisie\/?attachment_id=256676\" class=\"wp-image-256676\"\/><\/figure><\/li><li class=\"blocks-gallery-item\"><figure><img decoding=\"async\" src=\"http:\/\/kapitalis.com\/tunisie\/wp-content\/uploads\/2019\/11\/chaussures-Noel-3.jpg\" alt=\"\" data-id=\"256677\" data-link=\"http:\/\/kapitalis.com\/tunisie\/?attachment_id=256677\" class=\"wp-image-256677\"\/><\/figure><\/li><li class=\"blocks-gallery-item\"><figure><img decoding=\"async\" src=\"http:\/\/kapitalis.com\/tunisie\/wp-content\/uploads\/2019\/11\/chaussures-Noel-....jpg\" alt=\"\" data-id=\"256678\" data-link=\"http:\/\/kapitalis.com\/tunisie\/?attachment_id=256678\" class=\"wp-image-256678\"\/><\/figure><\/li><li class=\"blocks-gallery-item\"><figure><img decoding=\"async\" src=\"http:\/\/kapitalis.com\/tunisie\/wp-content\/uploads\/2019\/11\/chaussures-Noel-2.jpg\" alt=\"\" data-id=\"256679\" data-full-url=\"http:\/\/kapitalis.com\/tunisie\/wp-content\/uploads\/2019\/11\/chaussures-Noel-2.jpg\" data-link=\"http:\/\/kapitalis.com\/tunisie\/?attachment_id=256679\" class=\"wp-image-256679\"\/><\/figure><\/li><\/ul><\/figure>\n\n\n\n<p>La marque a connu son heure de gloire dans les ann\u00e9es 70. \u00c0 l&rsquo;\u00e9poque, elle \u00e9tait juste derri\u00e8re Adidas. Puis, la perte de contrats avec la police et l&rsquo;arm\u00e9e avaient commenc\u00e9 \u00e0 d\u00e9grader son activit\u00e9. Le groupe s&rsquo;\u00e9tait recentr\u00e9 sur la chaussure pour enfants, mais la concurrence des chaussures de sport et des changements de mode de consommation n&rsquo;ont pas permis \u00e0 l&rsquo;entreprise de rebondir.<\/p>\n\n\n\n<p>Par ailleurs, 700 personnes travaillent en Tunisie dans diff\u00e9rentes usines qui pourront \u00eatre c\u00e9d\u00e9s \u00e0 des repreneurs, mais sans aucune garantie pour les salari\u00e9s &#8230;  <\/p>\n\n\n\n<p class=\"has-text-align-right\"><strong>A. M. <\/strong><em>(avec <a href=\"http:\/\/www.leparisien.fr\/economie\/les-chaussures-noel-ferment-84-salaries-licencies-en-france-700-en-tunisie-08-11-2019-8189028.php\" target=\"_blank\" rel=\"noreferrer noopener\" aria-label=\"&quot;Le Parisien&quot; (s\u2019ouvre dans un nouvel onglet)\"><strong>\u00ab\u00a0<\/strong>Le Parisien\u00a0\u00bb<\/a>).<\/em><\/p>\n","protected":false},"excerpt":{"rendered":"<p>Le tribunal de commerce de Rennes a prononc\u00e9 l&rsquo;arr\u00eat de la poursuite d&rsquo;activit\u00e9 du fabricant de chaussures pour enfants No\u00ebl, entra\u00eenant le licenciement de ses 84 salari\u00e9s fran\u00e7ais et de 700 ouvriers en Tunisie.<\/p>\n","protected":false},"author":22,"featured_media":256672,"comment_status":"open","ping_status":"open","sticky":false,"template":"","format":"standard","meta":{"footnotes":""},"categories":[995,2433],"tags":[],"class_list":["post-256659","post","type-post","status-publish","format-standard","has-post-thumbnail","hentry","category-economie","category-tunisie"],"yoast_head":"<!-- This site is optimized with the Yoast SEO plugin v26.6 - https:\/\/yoast.com\/wordpress\/plugins\/seo\/ -->\n<title>Medjez El Bab : Les 700 ouvriers de No\u00ebl Chaussures Tunisie sont licenci\u00e9s - Kapitalis<\/title>\n<meta name=\"robots\" content=\"index, follow, max-snippet:-1, max-image-preview:large, max-video-preview:-1\" \/>\n<link rel=\"canonical\" href=\"https:\/\/kapitalis.com\/tunisie\/2019\/11\/19\/medjez-el-bab-les-700-ouvriers-de-noel-tunisie-sont-licencies\/\" \/>\n<meta property=\"og:locale\" content=\"fr_FR\" \/>\n<meta property=\"og:type\" content=\"article\" \/>\n<meta property=\"og:title\" content=\"Medjez El Bab : Les 700 ouvriers de No\u00ebl Chaussures Tunisie sont licenci\u00e9s - Kapitalis\" \/>\n<meta property=\"og:description\" content=\"Le tribunal de commerce de Rennes a prononc\u00e9 l&rsquo;arr\u00eat de la poursuite d&rsquo;activit\u00e9 du fabricant de chaussures pour enfants No\u00ebl, entra\u00eenant le licenciement de ses 84 salari\u00e9s fran\u00e7ais et de 700 ouvriers en Tunisie.\" \/>\n<meta property=\"og:url\" content=\"https:\/\/kapitalis.com\/tunisie\/2019\/11\/19\/medjez-el-bab-les-700-ouvriers-de-noel-tunisie-sont-licencies\/\" \/>\n<meta property=\"og:site_name\" content=\"Kapitalis\" \/>\n<meta property=\"article:publisher\" content=\"https:\/\/www.facebook.com\/KapitalisInfo\/\" \/>\n<meta property=\"article:published_time\" content=\"2019-11-19T08:51:57+00:00\" \/>\n<meta property=\"article:modified_time\" content=\"2019-11-19T08:53:29+00:00\" \/>\n<meta property=\"og:image\" content=\"https:\/\/kapitalis.com\/tunisie\/wp-content\/uploads\/2022\/05\/kapitalis-logo-fb.png\" \/>\n\t<meta property=\"og:image:width\" content=\"1200\" \/>\n\t<meta property=\"og:image:height\" content=\"630\" \/>\n\t<meta property=\"og:image:type\" content=\"image\/png\" \/>\n<meta name=\"author\" content=\"Amina Mkada\" \/>\n<meta name=\"twitter:card\" content=\"summary_large_image\" \/>\n<meta name=\"twitter:creator\" content=\"@KapitalisInfo\" \/>\n<meta name=\"twitter:site\" content=\"@KapitalisInfo\" \/>\n<meta name=\"twitter:label1\" content=\"\u00c9crit par\" \/>\n\t<meta name=\"twitter:data1\" content=\"Amina Mkada\" \/>\n\t<meta name=\"twitter:label2\" content=\"Dur\u00e9e de lecture estim\u00e9e\" \/>\n\t<meta name=\"twitter:data2\" content=\"1 minute\" \/>\n<script type=\"application\/ld+json\" class=\"yoast-schema-graph\">{\"@context\":\"https:\/\/schema.org\",\"@graph\":[{\"@type\":\"Article\",\"@id\":\"https:\/\/kapitalis.com\/tunisie\/2019\/11\/19\/medjez-el-bab-les-700-ouvriers-de-noel-tunisie-sont-licencies\/#article\",\"isPartOf\":{\"@id\":\"https:\/\/kapitalis.com\/tunisie\/2019\/11\/19\/medjez-el-bab-les-700-ouvriers-de-noel-tunisie-sont-licencies\/\"},\"author\":{\"name\":\"Amina Mkada\",\"@id\":\"https:\/\/kapitalis.com\/tunisie\/#\/schema\/person\/093913313d3017554cb3ad077fff3fbd\"},\"headline\":\"Medjez El Bab : Les 700 ouvriers de No\u00ebl Chaussures Tunisie sont licenci\u00e9s\",\"datePublished\":\"2019-11-19T08:51:57+00:00\",\"dateModified\":\"2019-11-19T08:53:29+00:00\",\"mainEntityOfPage\":{\"@id\":\"https:\/\/kapitalis.com\/tunisie\/2019\/11\/19\/medjez-el-bab-les-700-ouvriers-de-noel-tunisie-sont-licencies\/\"},\"wordCount\":201,\"commentCount\":3,\"publisher\":{\"@id\":\"https:\/\/kapitalis.com\/tunisie\/#organization\"},\"image\":{\"@id\":\"https:\/\/kapitalis.com\/tunisie\/2019\/11\/19\/medjez-el-bab-les-700-ouvriers-de-noel-tunisie-sont-licencies\/#primaryimage\"},\"thumbnailUrl\":\"\",\"articleSection\":[\"ECONOMIE\",\"Tunisie\"],\"inLanguage\":\"fr-FR\",\"potentialAction\":[{\"@type\":\"CommentAction\",\"name\":\"Comment\",\"target\":[\"https:\/\/kapitalis.com\/tunisie\/2019\/11\/19\/medjez-el-bab-les-700-ouvriers-de-noel-tunisie-sont-licencies\/#respond\"]}]},{\"@type\":\"WebPage\",\"@id\":\"https:\/\/kapitalis.com\/tunisie\/2019\/11\/19\/medjez-el-bab-les-700-ouvriers-de-noel-tunisie-sont-licencies\/\",\"url\":\"https:\/\/kapitalis.com\/tunisie\/2019\/11\/19\/medjez-el-bab-les-700-ouvriers-de-noel-tunisie-sont-licencies\/\",\"name\":\"Medjez El Bab : Les 700 ouvriers de No\u00ebl Chaussures Tunisie sont licenci\u00e9s - Kapitalis\",\"isPartOf\":{\"@id\":\"https:\/\/kapitalis.com\/tunisie\/#website\"},\"primaryImageOfPage\":{\"@id\":\"https:\/\/kapitalis.com\/tunisie\/2019\/11\/19\/medjez-el-bab-les-700-ouvriers-de-noel-tunisie-sont-licencies\/#primaryimage\"},\"image\":{\"@id\":\"https:\/\/kapitalis.com\/tunisie\/2019\/11\/19\/medjez-el-bab-les-700-ouvriers-de-noel-tunisie-sont-licencies\/#primaryimage\"},\"thumbnailUrl\":\"\",\"datePublished\":\"2019-11-19T08:51:57+00:00\",\"dateModified\":\"2019-11-19T08:53:29+00:00\",\"breadcrumb\":{\"@id\":\"https:\/\/kapitalis.com\/tunisie\/2019\/11\/19\/medjez-el-bab-les-700-ouvriers-de-noel-tunisie-sont-licencies\/#breadcrumb\"},\"inLanguage\":\"fr-FR\",\"potentialAction\":[{\"@type\":\"ReadAction\",\"target\":[\"https:\/\/kapitalis.com\/tunisie\/2019\/11\/19\/medjez-el-bab-les-700-ouvriers-de-noel-tunisie-sont-licencies\/\"]}]},{\"@type\":\"ImageObject\",\"inLanguage\":\"fr-FR\",\"@id\":\"https:\/\/kapitalis.com\/tunisie\/2019\/11\/19\/medjez-el-bab-les-700-ouvriers-de-noel-tunisie-sont-licencies\/#primaryimage\",\"url\":\"\",\"contentUrl\":\"\"},{\"@type\":\"BreadcrumbList\",\"@id\":\"https:\/\/kapitalis.com\/tunisie\/2019\/11\/19\/medjez-el-bab-les-700-ouvriers-de-noel-tunisie-sont-licencies\/#breadcrumb\",\"itemListElement\":[{\"@type\":\"ListItem\",\"position\":1,\"name\":\"Accueil\",\"item\":\"https:\/\/kapitalis.com\/tunisie\/\"},{\"@type\":\"ListItem\",\"position\":2,\"name\":\"Medjez El Bab : Les 700 ouvriers de No\u00ebl Chaussures Tunisie sont licenci\u00e9s\"}]},{\"@type\":\"WebSite\",\"@id\":\"https:\/\/kapitalis.com\/tunisie\/#website\",\"url\":\"https:\/\/kapitalis.com\/tunisie\/\",\"name\":\"Kapitalis\",\"description\":\"L&#039;actualit\u00e9 en Tunisie et dans le monde\",\"publisher\":{\"@id\":\"https:\/\/kapitalis.com\/tunisie\/#organization\"},\"potentialAction\":[{\"@type\":\"SearchAction\",\"target\":{\"@type\":\"EntryPoint\",\"urlTemplate\":\"https:\/\/kapitalis.com\/tunisie\/?s={search_term_string}\"},\"query-input\":{\"@type\":\"PropertyValueSpecification\",\"valueRequired\":true,\"valueName\":\"search_term_string\"}}],\"inLanguage\":\"fr-FR\"},{\"@type\":\"Organization\",\"@id\":\"https:\/\/kapitalis.com\/tunisie\/#organization\",\"name\":\"Kapitalis\",\"url\":\"https:\/\/kapitalis.com\/tunisie\/\",\"logo\":{\"@type\":\"ImageObject\",\"inLanguage\":\"fr-FR\",\"@id\":\"https:\/\/kapitalis.com\/tunisie\/#\/schema\/logo\/image\/\",\"url\":\"https:\/\/kapitalis.com\/tunisie\/wp-content\/uploads\/2022\/05\/Kapitalis-big-size.png\",\"contentUrl\":\"https:\/\/kapitalis.com\/tunisie\/wp-content\/uploads\/2022\/05\/Kapitalis-big-size.png\",\"width\":5000,\"height\":1500,\"caption\":\"Kapitalis\"},\"image\":{\"@id\":\"https:\/\/kapitalis.com\/tunisie\/#\/schema\/logo\/image\/\"},\"sameAs\":[\"https:\/\/www.facebook.com\/KapitalisInfo\/\",\"https:\/\/x.com\/KapitalisInfo\",\"https:\/\/www.youtube.com\/channel\/UC-yDYrHyfFBWWZaOw3FPg9Q\"]},{\"@type\":\"Person\",\"@id\":\"https:\/\/kapitalis.com\/tunisie\/#\/schema\/person\/093913313d3017554cb3ad077fff3fbd\",\"name\":\"Amina Mkada\",\"url\":\"https:\/\/kapitalis.com\/tunisie\/author\/amina\/\"}]}<\/script>\n<!-- \/ Yoast SEO plugin. -->","yoast_head_json":{"title":"Medjez El Bab : Les 700 ouvriers de No\u00ebl Chaussures Tunisie sont licenci\u00e9s - Kapitalis","robots":{"index":"index","follow":"follow","max-snippet":"max-snippet:-1","max-image-preview":"max-image-preview:large","max-video-preview":"max-video-preview:-1"},"canonical":"https:\/\/kapitalis.com\/tunisie\/2019\/11\/19\/medjez-el-bab-les-700-ouvriers-de-noel-tunisie-sont-licencies\/","og_locale":"fr_FR","og_type":"article","og_title":"Medjez El Bab : Les 700 ouvriers de No\u00ebl Chaussures Tunisie sont licenci\u00e9s - Kapitalis","og_description":"Le tribunal de commerce de Rennes a prononc\u00e9 l&rsquo;arr\u00eat de la poursuite d&rsquo;activit\u00e9 du fabricant de chaussures pour enfants No\u00ebl, entra\u00eenant le licenciement de ses 84 salari\u00e9s fran\u00e7ais et de 700 ouvriers en Tunisie.","og_url":"https:\/\/kapitalis.com\/tunisie\/2019\/11\/19\/medjez-el-bab-les-700-ouvriers-de-noel-tunisie-sont-licencies\/","og_site_name":"Kapitalis","article_publisher":"https:\/\/www.facebook.com\/KapitalisInfo\/","article_published_time":"2019-11-19T08:51:57+00:00","article_modified_time":"2019-11-19T08:53:29+00:00","og_image":[{"width":1200,"height":630,"url":"https:\/\/kapitalis.com\/tunisie\/wp-content\/uploads\/2022\/05\/kapitalis-logo-fb.png","type":"image\/png"}],"author":"Amina Mkada","twitter_card":"summary_large_image","twitter_creator":"@KapitalisInfo","twitter_site":"@KapitalisInfo","twitter_misc":{"\u00c9crit par":"Amina Mkada","Dur\u00e9e de lecture estim\u00e9e":"1 minute"},"schema":{"@context":"https:\/\/schema.org","@graph":[{"@type":"Article","@id":"https:\/\/kapitalis.com\/tunisie\/2019\/11\/19\/medjez-el-bab-les-700-ouvriers-de-noel-tunisie-sont-licencies\/#article","isPartOf":{"@id":"https:\/\/kapitalis.com\/tunisie\/2019\/11\/19\/medjez-el-bab-les-700-ouvriers-de-noel-tunisie-sont-licencies\/"},"author":{"name":"Amina Mkada","@id":"https:\/\/kapitalis.com\/tunisie\/#\/schema\/person\/093913313d3017554cb3ad077fff3fbd"},"headline":"Medjez El Bab : Les 700 ouvriers de No\u00ebl Chaussures Tunisie sont licenci\u00e9s","datePublished":"2019-11-19T08:51:57+00:00","dateModified":"2019-11-19T08:53:29+00:00","mainEntityOfPage":{"@id":"https:\/\/kapitalis.com\/tunisie\/2019\/11\/19\/medjez-el-bab-les-700-ouvriers-de-noel-tunisie-sont-licencies\/"},"wordCount":201,"commentCount":3,"publisher":{"@id":"https:\/\/kapitalis.com\/tunisie\/#organization"},"image":{"@id":"https:\/\/kapitalis.com\/tunisie\/2019\/11\/19\/medjez-el-bab-les-700-ouvriers-de-noel-tunisie-sont-licencies\/#primaryimage"},"thumbnailUrl":"","articleSection":["ECONOMIE","Tunisie"],"inLanguage":"fr-FR","potentialAction":[{"@type":"CommentAction","name":"Comment","target":["https:\/\/kapitalis.com\/tunisie\/2019\/11\/19\/medjez-el-bab-les-700-ouvriers-de-noel-tunisie-sont-licencies\/#respond"]}]},{"@type":"WebPage","@id":"https:\/\/kapitalis.com\/tunisie\/2019\/11\/19\/medjez-el-bab-les-700-ouvriers-de-noel-tunisie-sont-licencies\/","url":"https:\/\/kapitalis.com\/tunisie\/2019\/11\/19\/medjez-el-bab-les-700-ouvriers-de-noel-tunisie-sont-licencies\/","name":"Medjez El Bab : Les 700 ouvriers de No\u00ebl Chaussures Tunisie sont licenci\u00e9s - Kapitalis","isPartOf":{"@id":"https:\/\/kapitalis.com\/tunisie\/#website"},"primaryImageOfPage":{"@id":"https:\/\/kapitalis.com\/tunisie\/2019\/11\/19\/medjez-el-bab-les-700-ouvriers-de-noel-tunisie-sont-licencies\/#primaryimage"},"image":{"@id":"https:\/\/kapitalis.com\/tunisie\/2019\/11\/19\/medjez-el-bab-les-700-ouvriers-de-noel-tunisie-sont-licencies\/#primaryimage"},"thumbnailUrl":"","datePublished":"2019-11-19T08:51:57+00:00","dateModified":"2019-11-19T08:53:29+00:00","breadcrumb":{"@id":"https:\/\/kapitalis.com\/tunisie\/2019\/11\/19\/medjez-el-bab-les-700-ouvriers-de-noel-tunisie-sont-licencies\/#breadcrumb"},"inLanguage":"fr-FR","potentialAction":[{"@type":"ReadAction","target":["https:\/\/kapitalis.com\/tunisie\/2019\/11\/19\/medjez-el-bab-les-700-ouvriers-de-noel-tunisie-sont-licencies\/"]}]},{"@type":"ImageObject","inLanguage":"fr-FR","@id":"https:\/\/kapitalis.com\/tunisie\/2019\/11\/19\/medjez-el-bab-les-700-ouvriers-de-noel-tunisie-sont-licencies\/#primaryimage","url":"","contentUrl":""},{"@type":"BreadcrumbList","@id":"https:\/\/kapitalis.com\/tunisie\/2019\/11\/19\/medjez-el-bab-les-700-ouvriers-de-noel-tunisie-sont-licencies\/#breadcrumb","itemListElement":[{"@type":"ListItem","position":1,"name":"Accueil","item":"https:\/\/kapitalis.com\/tunisie\/"},{"@type":"ListItem","position":2,"name":"Medjez El Bab : Les 700 ouvriers de No\u00ebl Chaussures Tunisie sont licenci\u00e9s"}]},{"@type":"WebSite","@id":"https:\/\/kapitalis.com\/tunisie\/#website","url":"https:\/\/kapitalis.com\/tunisie\/","name":"Kapitalis","description":"L&#039;actualit\u00e9 en Tunisie et dans le monde","publisher":{"@id":"https:\/\/kapitalis.com\/tunisie\/#organization"},"potentialAction":[{"@type":"SearchAction","target":{"@type":"EntryPoint","urlTemplate":"https:\/\/kapitalis.com\/tunisie\/?s={search_term_string}"},"query-input":{"@type":"PropertyValueSpecification","valueRequired":true,"valueName":"search_term_string"}}],"inLanguage":"fr-FR"},{"@type":"Organization","@id":"https:\/\/kapitalis.com\/tunisie\/#organization","name":"Kapitalis","url":"https:\/\/kapitalis.com\/tunisie\/","logo":{"@type":"ImageObject","inLanguage":"fr-FR","@id":"https:\/\/kapitalis.com\/tunisie\/#\/schema\/logo\/image\/","url":"https:\/\/kapitalis.com\/tunisie\/wp-content\/uploads\/2022\/05\/Kapitalis-big-size.png","contentUrl":"https:\/\/kapitalis.com\/tunisie\/wp-content\/uploads\/2022\/05\/Kapitalis-big-size.png","width":5000,"height":1500,"caption":"Kapitalis"},"image":{"@id":"https:\/\/kapitalis.com\/tunisie\/#\/schema\/logo\/image\/"},"sameAs":["https:\/\/www.facebook.com\/KapitalisInfo\/","https:\/\/x.com\/KapitalisInfo","https:\/\/www.youtube.com\/channel\/UC-yDYrHyfFBWWZaOw3FPg9Q"]},{"@type":"Person","@id":"https:\/\/kapitalis.com\/tunisie\/#\/schema\/person\/093913313d3017554cb3ad077fff3fbd","name":"Amina Mkada","url":"https:\/\/kapitalis.com\/tunisie\/author\/amina\/"}]}},"_links":{"self":[{"href":"https:\/\/kapitalis.com\/tunisie\/wp-json\/wp\/v2\/posts\/256659","targetHints":{"allow":["GET"]}}],"collection":[{"href":"https:\/\/kapitalis.com\/tunisie\/wp-json\/wp\/v2\/posts"}],"about":[{"href":"https:\/\/kapitalis.com\/tunisie\/wp-json\/wp\/v2\/types\/post"}],"author":[{"embeddable":true,"href":"https:\/\/kapitalis.com\/tunisie\/wp-json\/wp\/v2\/users\/22"}],"replies":[{"embeddable":true,"href":"https:\/\/kapitalis.com\/tunisie\/wp-json\/wp\/v2\/comments?post=256659"}],"version-history":[{"count":0,"href":"https:\/\/kapitalis.com\/tunisie\/wp-json\/wp\/v2\/posts\/256659\/revisions"}],"wp:featuredmedia":[{"embeddable":true,"href":"https:\/\/kapitalis.com\/tunisie\/wp-json\/wp\/v2\/media\/256672"}],"wp:attachment":[{"href":"https:\/\/kapitalis.com\/tunisie\/wp-json\/wp\/v2\/media?parent=256659"}],"wp:term":[{"taxonomy":"category","embeddable":true,"href":"https:\/\/kapitalis.com\/tunisie\/wp-json\/wp\/v2\/categories?post=256659"},{"taxonomy":"post_tag","embeddable":true,"href":"https:\/\/kapitalis.com\/tunisie\/wp-json\/wp\/v2\/tags?post=256659"}],"curies":[{"name":"wp","href":"https:\/\/api.w.org\/{rel}","templated":true}]}}