{"id":25676,"date":"2015-11-17T20:44:27","date_gmt":"2015-11-17T19:44:27","guid":{"rendered":"http:\/\/kapitalis.com\/tunisie\/?p=25676"},"modified":"2015-11-18T10:19:12","modified_gmt":"2015-11-18T09:19:12","slug":"makthar-un-eleve-victime-dabus-sexuels-renvoye","status":"publish","type":"post","link":"https:\/\/kapitalis.com\/tunisie\/2015\/11\/17\/makthar-un-eleve-victime-dabus-sexuels-renvoye\/","title":{"rendered":"Makthar : Un \u00e9l\u00e8ve, victime d\u2019abus sexuels, renvoy\u00e9 !"},"content":{"rendered":"<p><em><strong><img loading=\"lazy\" decoding=\"async\" class=\"size-full wp-image-15753 aligncenter\" src=\"http:\/\/kapitalis.com\/tunisie\/wp-content\/uploads\/2015\/09\/viol-enfant.jpg\" alt=\"viol enfant\" width=\"626\" height=\"380\" \/><\/strong><\/em><\/p>\n<p><em><strong>Un \u00e9l\u00e8ve \u00e2g\u00e9 de 13 ans a \u00e9t\u00e9 renvoy\u00e9 de l\u2019internat de son coll\u00e8ge \u00e0 Makthar (gouvernorat de Siliana) apr\u00e8s avoir subi des abus sexuels durant deux ans.<\/strong><\/em><\/p>\n<p><!--more--><\/p>\n<p>Khaled Khacha\u00e2, l\u2019oncle de la victime, a indiqu\u00e9 \u00e0 Mosa\u00efque FM que son neveu \u00e9tait un brillant \u00e9l\u00e8ve et que ses r\u00e9sultats se sont d\u00e9t\u00e9rior\u00e9s depuis qu\u2019il a rejoint le coll\u00e8ge o\u00f9 il r\u00e9sidait dans l\u2019internat.<\/p>\n<p>Le jeune gar\u00e7on s\u2019absentait souvent des cours et refusait de rejoindre l\u2019internat sans donner d\u2019explications.<\/p>\n<p>L\u2019oncle de la victime a ajout\u00e9 que son neveu a \u00e9t\u00e9 victime d\u2019abus sexuels, durant deux ans, de la part d\u2019un \u00e9l\u00e8ve de la 9e ann\u00e9e de base ainsi que d\u2019autres \u00e9l\u00e8ves plus \u00e2g\u00e9s que lui.<\/p>\n<p>Un autre \u00e9l\u00e8ve a fini par rapporter les agressions qui avaient lieu fr\u00e9quemment au surveillant de l\u2019internat. Ce dernier a alors pris la d\u00e9cision de renvoyer l\u2019\u00e9l\u00e8ve victime des abus apr\u00e8s l\u2019avoir interrog\u00e9, lui ainsi que ses violeurs, sans informer la d\u00e9l\u00e9gation r\u00e9gionale de l\u2019enfance ni la d\u00e9l\u00e9gation r\u00e9gionale de l\u2019\u00e9ducation.<\/p>\n<p>Cette d\u00e9cision est motiv\u00e9e par la volont\u00e9 d\u2019\u00e9touffer l\u2019affaire, estime Khaled Khacha\u00e2. L\u2019oncle du jeune \u00e9l\u00e8ve a ajout\u00e9 que son neveu, qui a subi les agressions r\u00e9p\u00e9t\u00e9es et les menaces, a \u00e9t\u00e9 trait\u00e9 en tant que coupable et non comme victime.<\/p>\n<p>Il a \u00e9galement indiqu\u00e9 qu\u2019il n\u2019a pas pu rapporter l\u2019affaire aux services concern\u00e9s et que son neveu ne b\u00e9n\u00e9ficie d\u2019aucun suivi psychologique.<\/p>\n<p style=\"text-align: right;\"><strong>H. K.<\/strong><\/p>\n","protected":false},"excerpt":{"rendered":"<p>Un \u00e9l\u00e8ve \u00e2g\u00e9 de 13 ans a \u00e9t\u00e9 renvoy\u00e9 de l\u2019internat de son coll\u00e8ge \u00e0 Makthar (gouvernorat de Siliana) apr\u00e8s avoir subi des abus sexuels durant deux ans.<\/p>\n","protected":false},"author":13,"featured_media":0,"comment_status":"open","ping_status":"open","sticky":false,"template":"","format":"standard","meta":{"footnotes":""},"categories":[998,2433],"tags":[1419,314,9947,2763,950],"class_list":["post-25676","post","type-post","status-publish","format-standard","hentry","category-societe","category-tunisie","tag-abus-sexuels","tag-eleve","tag-makthar","tag-siliana","tag-viol"],"yoast_head":"<!-- This site is optimized with the Yoast SEO plugin v26.6 - https:\/\/yoast.com\/wordpress\/plugins\/seo\/ -->\n<title>Makthar : Un \u00e9l\u00e8ve, victime d\u2019abus sexuels, renvoy\u00e9 ! - Kapitalis<\/title>\n<meta name=\"robots\" content=\"index, follow, max-snippet:-1, max-image-preview:large, max-video-preview:-1\" \/>\n<link rel=\"canonical\" href=\"https:\/\/kapitalis.com\/tunisie\/2015\/11\/17\/makthar-un-eleve-victime-dabus-sexuels-renvoye\/\" \/>\n<meta property=\"og:locale\" content=\"fr_FR\" \/>\n<meta property=\"og:type\" content=\"article\" \/>\n<meta property=\"og:title\" content=\"Makthar : Un \u00e9l\u00e8ve, victime d\u2019abus sexuels, renvoy\u00e9 ! - Kapitalis\" \/>\n<meta property=\"og:description\" content=\"Un \u00e9l\u00e8ve \u00e2g\u00e9 de 13 ans a \u00e9t\u00e9 renvoy\u00e9 de l\u2019internat de son coll\u00e8ge \u00e0 Makthar (gouvernorat de Siliana) apr\u00e8s avoir subi des abus sexuels durant deux ans.\" \/>\n<meta property=\"og:url\" content=\"https:\/\/kapitalis.com\/tunisie\/2015\/11\/17\/makthar-un-eleve-victime-dabus-sexuels-renvoye\/\" \/>\n<meta property=\"og:site_name\" content=\"Kapitalis\" \/>\n<meta property=\"article:publisher\" content=\"https:\/\/www.facebook.com\/KapitalisInfo\/\" \/>\n<meta property=\"article:published_time\" content=\"2015-11-17T19:44:27+00:00\" \/>\n<meta property=\"article:modified_time\" content=\"2015-11-18T09:19:12+00:00\" \/>\n<meta property=\"og:image\" content=\"http:\/\/kapitalis.com\/tunisie\/wp-content\/uploads\/2015\/09\/viol-enfant.jpg\" \/>\n<meta name=\"author\" content=\"webmaster aux\" \/>\n<meta name=\"twitter:card\" content=\"summary_large_image\" \/>\n<meta name=\"twitter:creator\" content=\"@KapitalisInfo\" \/>\n<meta name=\"twitter:site\" content=\"@KapitalisInfo\" \/>\n<meta name=\"twitter:label1\" content=\"\u00c9crit par\" \/>\n\t<meta name=\"twitter:data1\" content=\"webmaster aux\" \/>\n\t<meta name=\"twitter:label2\" content=\"Dur\u00e9e de lecture estim\u00e9e\" \/>\n\t<meta name=\"twitter:data2\" content=\"1 minute\" \/>\n<script type=\"application\/ld+json\" class=\"yoast-schema-graph\">{\"@context\":\"https:\/\/schema.org\",\"@graph\":[{\"@type\":\"Article\",\"@id\":\"https:\/\/kapitalis.com\/tunisie\/2015\/11\/17\/makthar-un-eleve-victime-dabus-sexuels-renvoye\/#article\",\"isPartOf\":{\"@id\":\"https:\/\/kapitalis.com\/tunisie\/2015\/11\/17\/makthar-un-eleve-victime-dabus-sexuels-renvoye\/\"},\"author\":{\"name\":\"webmaster aux\",\"@id\":\"https:\/\/kapitalis.com\/tunisie\/#\/schema\/person\/aa8b4a429805c4e3f0713a3c3f95212b\"},\"headline\":\"Makthar : Un \u00e9l\u00e8ve, victime d\u2019abus sexuels, renvoy\u00e9 !\",\"datePublished\":\"2015-11-17T19:44:27+00:00\",\"dateModified\":\"2015-11-18T09:19:12+00:00\",\"mainEntityOfPage\":{\"@id\":\"https:\/\/kapitalis.com\/tunisie\/2015\/11\/17\/makthar-un-eleve-victime-dabus-sexuels-renvoye\/\"},\"wordCount\":296,\"commentCount\":1,\"publisher\":{\"@id\":\"https:\/\/kapitalis.com\/tunisie\/#organization\"},\"image\":{\"@id\":\"https:\/\/kapitalis.com\/tunisie\/2015\/11\/17\/makthar-un-eleve-victime-dabus-sexuels-renvoye\/#primaryimage\"},\"thumbnailUrl\":\"http:\/\/kapitalis.com\/tunisie\/wp-content\/uploads\/2015\/09\/viol-enfant.jpg\",\"keywords\":[\"abus sexuels\",\"\u00e9l\u00e8ve\",\"Makthar\",\"Siliana\",\"viol\"],\"articleSection\":[\"SOCIETE\",\"Tunisie\"],\"inLanguage\":\"fr-FR\",\"potentialAction\":[{\"@type\":\"CommentAction\",\"name\":\"Comment\",\"target\":[\"https:\/\/kapitalis.com\/tunisie\/2015\/11\/17\/makthar-un-eleve-victime-dabus-sexuels-renvoye\/#respond\"]}]},{\"@type\":\"WebPage\",\"@id\":\"https:\/\/kapitalis.com\/tunisie\/2015\/11\/17\/makthar-un-eleve-victime-dabus-sexuels-renvoye\/\",\"url\":\"https:\/\/kapitalis.com\/tunisie\/2015\/11\/17\/makthar-un-eleve-victime-dabus-sexuels-renvoye\/\",\"name\":\"Makthar : Un \u00e9l\u00e8ve, victime d\u2019abus sexuels, renvoy\u00e9 ! - Kapitalis\",\"isPartOf\":{\"@id\":\"https:\/\/kapitalis.com\/tunisie\/#website\"},\"primaryImageOfPage\":{\"@id\":\"https:\/\/kapitalis.com\/tunisie\/2015\/11\/17\/makthar-un-eleve-victime-dabus-sexuels-renvoye\/#primaryimage\"},\"image\":{\"@id\":\"https:\/\/kapitalis.com\/tunisie\/2015\/11\/17\/makthar-un-eleve-victime-dabus-sexuels-renvoye\/#primaryimage\"},\"thumbnailUrl\":\"http:\/\/kapitalis.com\/tunisie\/wp-content\/uploads\/2015\/09\/viol-enfant.jpg\",\"datePublished\":\"2015-11-17T19:44:27+00:00\",\"dateModified\":\"2015-11-18T09:19:12+00:00\",\"breadcrumb\":{\"@id\":\"https:\/\/kapitalis.com\/tunisie\/2015\/11\/17\/makthar-un-eleve-victime-dabus-sexuels-renvoye\/#breadcrumb\"},\"inLanguage\":\"fr-FR\",\"potentialAction\":[{\"@type\":\"ReadAction\",\"target\":[\"https:\/\/kapitalis.com\/tunisie\/2015\/11\/17\/makthar-un-eleve-victime-dabus-sexuels-renvoye\/\"]}]},{\"@type\":\"ImageObject\",\"inLanguage\":\"fr-FR\",\"@id\":\"https:\/\/kapitalis.com\/tunisie\/2015\/11\/17\/makthar-un-eleve-victime-dabus-sexuels-renvoye\/#primaryimage\",\"url\":\"http:\/\/kapitalis.com\/tunisie\/wp-content\/uploads\/2015\/09\/viol-enfant.jpg\",\"contentUrl\":\"http:\/\/kapitalis.com\/tunisie\/wp-content\/uploads\/2015\/09\/viol-enfant.jpg\"},{\"@type\":\"BreadcrumbList\",\"@id\":\"https:\/\/kapitalis.com\/tunisie\/2015\/11\/17\/makthar-un-eleve-victime-dabus-sexuels-renvoye\/#breadcrumb\",\"itemListElement\":[{\"@type\":\"ListItem\",\"position\":1,\"name\":\"Accueil\",\"item\":\"https:\/\/kapitalis.com\/tunisie\/\"},{\"@type\":\"ListItem\",\"position\":2,\"name\":\"Makthar : Un \u00e9l\u00e8ve, victime d\u2019abus sexuels, renvoy\u00e9 !\"}]},{\"@type\":\"WebSite\",\"@id\":\"https:\/\/kapitalis.com\/tunisie\/#website\",\"url\":\"https:\/\/kapitalis.com\/tunisie\/\",\"name\":\"Kapitalis\",\"description\":\"L&#039;actualit\u00e9 en Tunisie et dans le monde\",\"publisher\":{\"@id\":\"https:\/\/kapitalis.com\/tunisie\/#organization\"},\"potentialAction\":[{\"@type\":\"SearchAction\",\"target\":{\"@type\":\"EntryPoint\",\"urlTemplate\":\"https:\/\/kapitalis.com\/tunisie\/?s={search_term_string}\"},\"query-input\":{\"@type\":\"PropertyValueSpecification\",\"valueRequired\":true,\"valueName\":\"search_term_string\"}}],\"inLanguage\":\"fr-FR\"},{\"@type\":\"Organization\",\"@id\":\"https:\/\/kapitalis.com\/tunisie\/#organization\",\"name\":\"Kapitalis\",\"url\":\"https:\/\/kapitalis.com\/tunisie\/\",\"logo\":{\"@type\":\"ImageObject\",\"inLanguage\":\"fr-FR\",\"@id\":\"https:\/\/kapitalis.com\/tunisie\/#\/schema\/logo\/image\/\",\"url\":\"https:\/\/kapitalis.com\/tunisie\/wp-content\/uploads\/2022\/05\/Kapitalis-big-size.png\",\"contentUrl\":\"https:\/\/kapitalis.com\/tunisie\/wp-content\/uploads\/2022\/05\/Kapitalis-big-size.png\",\"width\":5000,\"height\":1500,\"caption\":\"Kapitalis\"},\"image\":{\"@id\":\"https:\/\/kapitalis.com\/tunisie\/#\/schema\/logo\/image\/\"},\"sameAs\":[\"https:\/\/www.facebook.com\/KapitalisInfo\/\",\"https:\/\/x.com\/KapitalisInfo\",\"https:\/\/www.youtube.com\/channel\/UC-yDYrHyfFBWWZaOw3FPg9Q\"]},{\"@type\":\"Person\",\"@id\":\"https:\/\/kapitalis.com\/tunisie\/#\/schema\/person\/aa8b4a429805c4e3f0713a3c3f95212b\",\"name\":\"webmaster aux\",\"url\":\"https:\/\/kapitalis.com\/tunisie\/author\/webmasteraux\/\"}]}<\/script>\n<!-- \/ Yoast SEO plugin. -->","yoast_head_json":{"title":"Makthar : Un \u00e9l\u00e8ve, victime d\u2019abus sexuels, renvoy\u00e9 ! - Kapitalis","robots":{"index":"index","follow":"follow","max-snippet":"max-snippet:-1","max-image-preview":"max-image-preview:large","max-video-preview":"max-video-preview:-1"},"canonical":"https:\/\/kapitalis.com\/tunisie\/2015\/11\/17\/makthar-un-eleve-victime-dabus-sexuels-renvoye\/","og_locale":"fr_FR","og_type":"article","og_title":"Makthar : Un \u00e9l\u00e8ve, victime d\u2019abus sexuels, renvoy\u00e9 ! - Kapitalis","og_description":"Un \u00e9l\u00e8ve \u00e2g\u00e9 de 13 ans a \u00e9t\u00e9 renvoy\u00e9 de l\u2019internat de son coll\u00e8ge \u00e0 Makthar (gouvernorat de Siliana) apr\u00e8s avoir subi des abus sexuels durant deux ans.","og_url":"https:\/\/kapitalis.com\/tunisie\/2015\/11\/17\/makthar-un-eleve-victime-dabus-sexuels-renvoye\/","og_site_name":"Kapitalis","article_publisher":"https:\/\/www.facebook.com\/KapitalisInfo\/","article_published_time":"2015-11-17T19:44:27+00:00","article_modified_time":"2015-11-18T09:19:12+00:00","og_image":[{"url":"http:\/\/kapitalis.com\/tunisie\/wp-content\/uploads\/2015\/09\/viol-enfant.jpg","type":"","width":"","height":""}],"author":"webmaster aux","twitter_card":"summary_large_image","twitter_creator":"@KapitalisInfo","twitter_site":"@KapitalisInfo","twitter_misc":{"\u00c9crit par":"webmaster aux","Dur\u00e9e de lecture estim\u00e9e":"1 minute"},"schema":{"@context":"https:\/\/schema.org","@graph":[{"@type":"Article","@id":"https:\/\/kapitalis.com\/tunisie\/2015\/11\/17\/makthar-un-eleve-victime-dabus-sexuels-renvoye\/#article","isPartOf":{"@id":"https:\/\/kapitalis.com\/tunisie\/2015\/11\/17\/makthar-un-eleve-victime-dabus-sexuels-renvoye\/"},"author":{"name":"webmaster aux","@id":"https:\/\/kapitalis.com\/tunisie\/#\/schema\/person\/aa8b4a429805c4e3f0713a3c3f95212b"},"headline":"Makthar : Un \u00e9l\u00e8ve, victime d\u2019abus sexuels, renvoy\u00e9 !","datePublished":"2015-11-17T19:44:27+00:00","dateModified":"2015-11-18T09:19:12+00:00","mainEntityOfPage":{"@id":"https:\/\/kapitalis.com\/tunisie\/2015\/11\/17\/makthar-un-eleve-victime-dabus-sexuels-renvoye\/"},"wordCount":296,"commentCount":1,"publisher":{"@id":"https:\/\/kapitalis.com\/tunisie\/#organization"},"image":{"@id":"https:\/\/kapitalis.com\/tunisie\/2015\/11\/17\/makthar-un-eleve-victime-dabus-sexuels-renvoye\/#primaryimage"},"thumbnailUrl":"http:\/\/kapitalis.com\/tunisie\/wp-content\/uploads\/2015\/09\/viol-enfant.jpg","keywords":["abus sexuels","\u00e9l\u00e8ve","Makthar","Siliana","viol"],"articleSection":["SOCIETE","Tunisie"],"inLanguage":"fr-FR","potentialAction":[{"@type":"CommentAction","name":"Comment","target":["https:\/\/kapitalis.com\/tunisie\/2015\/11\/17\/makthar-un-eleve-victime-dabus-sexuels-renvoye\/#respond"]}]},{"@type":"WebPage","@id":"https:\/\/kapitalis.com\/tunisie\/2015\/11\/17\/makthar-un-eleve-victime-dabus-sexuels-renvoye\/","url":"https:\/\/kapitalis.com\/tunisie\/2015\/11\/17\/makthar-un-eleve-victime-dabus-sexuels-renvoye\/","name":"Makthar : Un \u00e9l\u00e8ve, victime d\u2019abus sexuels, renvoy\u00e9 ! - Kapitalis","isPartOf":{"@id":"https:\/\/kapitalis.com\/tunisie\/#website"},"primaryImageOfPage":{"@id":"https:\/\/kapitalis.com\/tunisie\/2015\/11\/17\/makthar-un-eleve-victime-dabus-sexuels-renvoye\/#primaryimage"},"image":{"@id":"https:\/\/kapitalis.com\/tunisie\/2015\/11\/17\/makthar-un-eleve-victime-dabus-sexuels-renvoye\/#primaryimage"},"thumbnailUrl":"http:\/\/kapitalis.com\/tunisie\/wp-content\/uploads\/2015\/09\/viol-enfant.jpg","datePublished":"2015-11-17T19:44:27+00:00","dateModified":"2015-11-18T09:19:12+00:00","breadcrumb":{"@id":"https:\/\/kapitalis.com\/tunisie\/2015\/11\/17\/makthar-un-eleve-victime-dabus-sexuels-renvoye\/#breadcrumb"},"inLanguage":"fr-FR","potentialAction":[{"@type":"ReadAction","target":["https:\/\/kapitalis.com\/tunisie\/2015\/11\/17\/makthar-un-eleve-victime-dabus-sexuels-renvoye\/"]}]},{"@type":"ImageObject","inLanguage":"fr-FR","@id":"https:\/\/kapitalis.com\/tunisie\/2015\/11\/17\/makthar-un-eleve-victime-dabus-sexuels-renvoye\/#primaryimage","url":"http:\/\/kapitalis.com\/tunisie\/wp-content\/uploads\/2015\/09\/viol-enfant.jpg","contentUrl":"http:\/\/kapitalis.com\/tunisie\/wp-content\/uploads\/2015\/09\/viol-enfant.jpg"},{"@type":"BreadcrumbList","@id":"https:\/\/kapitalis.com\/tunisie\/2015\/11\/17\/makthar-un-eleve-victime-dabus-sexuels-renvoye\/#breadcrumb","itemListElement":[{"@type":"ListItem","position":1,"name":"Accueil","item":"https:\/\/kapitalis.com\/tunisie\/"},{"@type":"ListItem","position":2,"name":"Makthar : Un \u00e9l\u00e8ve, victime d\u2019abus sexuels, renvoy\u00e9 !"}]},{"@type":"WebSite","@id":"https:\/\/kapitalis.com\/tunisie\/#website","url":"https:\/\/kapitalis.com\/tunisie\/","name":"Kapitalis","description":"L&#039;actualit\u00e9 en Tunisie et dans le monde","publisher":{"@id":"https:\/\/kapitalis.com\/tunisie\/#organization"},"potentialAction":[{"@type":"SearchAction","target":{"@type":"EntryPoint","urlTemplate":"https:\/\/kapitalis.com\/tunisie\/?s={search_term_string}"},"query-input":{"@type":"PropertyValueSpecification","valueRequired":true,"valueName":"search_term_string"}}],"inLanguage":"fr-FR"},{"@type":"Organization","@id":"https:\/\/kapitalis.com\/tunisie\/#organization","name":"Kapitalis","url":"https:\/\/kapitalis.com\/tunisie\/","logo":{"@type":"ImageObject","inLanguage":"fr-FR","@id":"https:\/\/kapitalis.com\/tunisie\/#\/schema\/logo\/image\/","url":"https:\/\/kapitalis.com\/tunisie\/wp-content\/uploads\/2022\/05\/Kapitalis-big-size.png","contentUrl":"https:\/\/kapitalis.com\/tunisie\/wp-content\/uploads\/2022\/05\/Kapitalis-big-size.png","width":5000,"height":1500,"caption":"Kapitalis"},"image":{"@id":"https:\/\/kapitalis.com\/tunisie\/#\/schema\/logo\/image\/"},"sameAs":["https:\/\/www.facebook.com\/KapitalisInfo\/","https:\/\/x.com\/KapitalisInfo","https:\/\/www.youtube.com\/channel\/UC-yDYrHyfFBWWZaOw3FPg9Q"]},{"@type":"Person","@id":"https:\/\/kapitalis.com\/tunisie\/#\/schema\/person\/aa8b4a429805c4e3f0713a3c3f95212b","name":"webmaster aux","url":"https:\/\/kapitalis.com\/tunisie\/author\/webmasteraux\/"}]}},"_links":{"self":[{"href":"https:\/\/kapitalis.com\/tunisie\/wp-json\/wp\/v2\/posts\/25676","targetHints":{"allow":["GET"]}}],"collection":[{"href":"https:\/\/kapitalis.com\/tunisie\/wp-json\/wp\/v2\/posts"}],"about":[{"href":"https:\/\/kapitalis.com\/tunisie\/wp-json\/wp\/v2\/types\/post"}],"author":[{"embeddable":true,"href":"https:\/\/kapitalis.com\/tunisie\/wp-json\/wp\/v2\/users\/13"}],"replies":[{"embeddable":true,"href":"https:\/\/kapitalis.com\/tunisie\/wp-json\/wp\/v2\/comments?post=25676"}],"version-history":[{"count":0,"href":"https:\/\/kapitalis.com\/tunisie\/wp-json\/wp\/v2\/posts\/25676\/revisions"}],"wp:attachment":[{"href":"https:\/\/kapitalis.com\/tunisie\/wp-json\/wp\/v2\/media?parent=25676"}],"wp:term":[{"taxonomy":"category","embeddable":true,"href":"https:\/\/kapitalis.com\/tunisie\/wp-json\/wp\/v2\/categories?post=25676"},{"taxonomy":"post_tag","embeddable":true,"href":"https:\/\/kapitalis.com\/tunisie\/wp-json\/wp\/v2\/tags?post=25676"}],"curies":[{"name":"wp","href":"https:\/\/api.w.org\/{rel}","templated":true}]}}