{"id":257490,"date":"2019-11-21T12:54:56","date_gmt":"2019-11-21T11:54:56","guid":{"rendered":"http:\/\/kapitalis.com\/tunisie\/?p=257490"},"modified":"2019-11-21T12:55:18","modified_gmt":"2019-11-21T11:55:18","slug":"le-soug-semmama-de-kasserine-invite-a-gouter-au-produits-du-terroir-le-1er-decembre-2019","status":"publish","type":"post","link":"https:\/\/kapitalis.com\/tunisie\/2019\/11\/21\/le-soug-semmama-de-kasserine-invite-a-gouter-au-produits-du-terroir-le-1er-decembre-2019\/","title":{"rendered":"Le Soug Semmama de Kasserine invite \u00e0 go\u00fbter au produits du terroir, le 1er d\u00e9cembre 2019"},"content":{"rendered":"\n<figure class=\"wp-block-image size-large\"><img decoding=\"async\" src=\"http:\/\/kapitalis.com\/tunisie\/wp-content\/uploads\/2019\/11\/Souk-Semmama.-1.jpg\" alt=\"\" class=\"wp-image-257519\"\/><\/figure>\n\n\n\n<p> <em style=\"font-weight: bold;\">Soug Semmama<\/em>, <strong><em>le march\u00e9 de Jbel Semmama, qui aura lieu le\u00a0dimanche 1<sup>er<\/sup>\u00a0d\u00e9cembre 2019, lance une invitation \u00e0 go\u00fbter aux produits du terroir de cette r\u00e9gion du centre-ouest tunisien.<\/em><\/strong> <strong><em>Un transport est m\u00eame pr\u00e9vu depuis Tunis.<\/em><\/strong><\/p>\n\n\n\n<!--more-->\n\n\n\n<p>Soug Semmama aura lieu au Centre culturel des art et m\u00e9tiers de Jbel Semmama, \u00e0 28 Km au nord-est de Kasserine. <\/p>\n\n\n\n<p>Organis\u00e9 pour la 1\u00e8re fois par par l\u2019Association culturelle de Jbel Semmama, le march\u00e9 offrira des produits de la r\u00e9gion, l\u2019occasion de d\u00e9couvrir le savoir-faire artisanal et culinaire de la r\u00e9gion de Kasserine et de faire le plein de cadeaux. <\/p>\n\n\n\n<p>Le programme de la journ\u00e9e de ce 1er d\u00e9cembre 2019 pr\u00e9voit des activit\u00e9s culturelles des ateliers du centre, ainsi qu\u2019une s\u00e9lection de produits et d\u2019objets artisanaux confectionn\u00e9s par les femmes rurales de cette r\u00e9gion, pour soi-m\u00eame ou pour offrir. <\/p>\n\n\n\n<p>Le march\u00e9 est n\u00e9 de l\u2019id\u00e9e de l\u2019\u00e9quipe du Centre culturel de Jbel Semmama de Kasserine men\u00e9e par Adnen Helali \u00ab<em>l\u2019infatigable po\u00e8te berger qui construit la r\u00e9alit\u00e9 de ce Centre pas \u00e0 pas<\/em>\u00bb avec le soutien de la Fondation Rambourg et la Japan Tobacco International<em> <\/em>(JTI). Cette derni\u00e8re est une entreprise japonaise de production de tabac et a une usine \u00e0 Mansoura, dans le gouvernorat de Kairouan. <\/p>\n\n\n\n<p>Pour faciliter le d\u00e9placement des int\u00e9ress\u00e9s depuis Tunis, la Fondation Rambourg a pr\u00e9vu un autobus aller-retour qui partira \u00e0 07:00 du matin pour Kasserine, \u00e0 l\u2019angle de l&rsquo;avenue Habib Bourguiba et Mohamed V face \u00e0 l\u2019Office national du tourisme tunisien (ONTT). Les places dans le bus \u00e9tant limit\u00e9es, il est n\u00e9cessaire de confirmer sa place par email aupr\u00e8s de la <a rel=\"noreferrer noopener\" aria-label=\"Fondation Rambourg (s\u2019ouvre dans un nouvel onglet)\" href=\"http:\/\/www.fondationrambourg.tn\/\" target=\"_blank\">Fondation Rambourg<\/a>. <\/p>\n\n\n\n<p>Le Centre culturel de Jbel Semmama de Kasserine a \u00e9t\u00e9 inaugur\u00e9 pour promouvoir les arts et m\u00e9tiers de la montagne, l\u2019artisanat local, et la culture montagnarde de la r\u00e9gion de Kasserine, et offrir ainsi un nouvel espoir d\u00e9veloppement \u00e0 cette r\u00e9gion.<\/p>\n\n\n\n<p>La Fondation Rambourg  est une organisation caritative fond\u00e9e en 2011 au Royaume-Uni. Elle porte le nom de ses fondateurs Guillaume Rambourg et Olfa Terras. \u00c9tablie en Tunisie depuis 2015, elle est enregistr\u00e9e en tant qu\u2019association et se nomme la Fondation Rambourg Tunisie. Elle \u0153uvre au d\u00e9veloppement de l\u2019\u00e9conomie cr\u00e9ative et culturelle en Tunisie par le d\u00e9veloppement territorial. Sa mission est de faciliter l\u2019acc\u00e8s du public aux arts et \u00e0 la culture par la promotion du patrimoine, du sport et de l\u2019\u00e9ducation en Tunisie.  <\/p>\n\n\n\n<p class=\"has-text-align-right\"><strong>A. M.<\/strong><\/p>\n\n\n\n<p> <\/p>\n","protected":false},"excerpt":{"rendered":"<p>Soug Semmama, le march\u00e9 de Jbel Semmama, qui aura lieu le\u00a0dimanche 1er\u00a0d\u00e9cembre 2019, lance une invitation \u00e0 go\u00fbter aux produits du terroir de cette r\u00e9gion du centre-ouest tunisien. Un transport est m\u00eame pr\u00e9vu depuis Tunis.<\/p>\n","protected":false},"author":22,"featured_media":257520,"comment_status":"open","ping_status":"open","sticky":false,"template":"","format":"standard","meta":{"footnotes":""},"categories":[993,995,2433],"tags":[69207,66432,17889,65697,525,29875],"class_list":["post-257490","post","type-post","status-publish","format-standard","has-post-thumbnail","hentry","category-conso","category-economie","category-tunisie","tag-adnen-helali","tag-avenue-habib-bourguiba-tunis","tag-fondation-rambourg","tag-guillaume-rambourg","tag-kasserine","tag-olfa-terras"],"yoast_head":"<!-- This site is optimized with the Yoast SEO plugin v26.6 - https:\/\/yoast.com\/wordpress\/plugins\/seo\/ -->\n<title>Le Soug Semmama de Kasserine invite \u00e0 go\u00fbter au produits du terroir, le 1er d\u00e9cembre 2019 - Kapitalis<\/title>\n<meta name=\"robots\" content=\"index, follow, max-snippet:-1, max-image-preview:large, max-video-preview:-1\" \/>\n<link rel=\"canonical\" href=\"https:\/\/kapitalis.com\/tunisie\/2019\/11\/21\/le-soug-semmama-de-kasserine-invite-a-gouter-au-produits-du-terroir-le-1er-decembre-2019\/\" \/>\n<meta property=\"og:locale\" content=\"fr_FR\" \/>\n<meta property=\"og:type\" content=\"article\" \/>\n<meta property=\"og:title\" content=\"Le Soug Semmama de Kasserine invite \u00e0 go\u00fbter au produits du terroir, le 1er d\u00e9cembre 2019 - Kapitalis\" \/>\n<meta property=\"og:description\" content=\"Soug Semmama, le march\u00e9 de Jbel Semmama, qui aura lieu le\u00a0dimanche 1er\u00a0d\u00e9cembre 2019, lance une invitation \u00e0 go\u00fbter aux produits du terroir de cette r\u00e9gion du centre-ouest tunisien. Un transport est m\u00eame pr\u00e9vu depuis Tunis.\" \/>\n<meta property=\"og:url\" content=\"https:\/\/kapitalis.com\/tunisie\/2019\/11\/21\/le-soug-semmama-de-kasserine-invite-a-gouter-au-produits-du-terroir-le-1er-decembre-2019\/\" \/>\n<meta property=\"og:site_name\" content=\"Kapitalis\" \/>\n<meta property=\"article:publisher\" content=\"https:\/\/www.facebook.com\/KapitalisInfo\/\" \/>\n<meta property=\"article:published_time\" content=\"2019-11-21T11:54:56+00:00\" \/>\n<meta property=\"article:modified_time\" content=\"2019-11-21T11:55:18+00:00\" \/>\n<meta property=\"og:image\" content=\"https:\/\/kapitalis.com\/tunisie\/wp-content\/uploads\/2022\/05\/kapitalis-logo-fb.png\" \/>\n\t<meta property=\"og:image:width\" content=\"1200\" \/>\n\t<meta property=\"og:image:height\" content=\"630\" \/>\n\t<meta property=\"og:image:type\" content=\"image\/png\" \/>\n<meta name=\"author\" content=\"Amina Mkada\" \/>\n<meta name=\"twitter:card\" content=\"summary_large_image\" \/>\n<meta name=\"twitter:creator\" content=\"@KapitalisInfo\" \/>\n<meta name=\"twitter:site\" content=\"@KapitalisInfo\" \/>\n<meta name=\"twitter:label1\" content=\"\u00c9crit par\" \/>\n\t<meta name=\"twitter:data1\" content=\"Amina Mkada\" \/>\n\t<meta name=\"twitter:label2\" content=\"Dur\u00e9e de lecture estim\u00e9e\" \/>\n\t<meta name=\"twitter:data2\" content=\"2 minutes\" \/>\n<script type=\"application\/ld+json\" class=\"yoast-schema-graph\">{\"@context\":\"https:\/\/schema.org\",\"@graph\":[{\"@type\":\"Article\",\"@id\":\"https:\/\/kapitalis.com\/tunisie\/2019\/11\/21\/le-soug-semmama-de-kasserine-invite-a-gouter-au-produits-du-terroir-le-1er-decembre-2019\/#article\",\"isPartOf\":{\"@id\":\"https:\/\/kapitalis.com\/tunisie\/2019\/11\/21\/le-soug-semmama-de-kasserine-invite-a-gouter-au-produits-du-terroir-le-1er-decembre-2019\/\"},\"author\":{\"name\":\"Amina Mkada\",\"@id\":\"https:\/\/kapitalis.com\/tunisie\/#\/schema\/person\/093913313d3017554cb3ad077fff3fbd\"},\"headline\":\"Le Soug Semmama de Kasserine invite \u00e0 go\u00fbter au produits du terroir, le 1er d\u00e9cembre 2019\",\"datePublished\":\"2019-11-21T11:54:56+00:00\",\"dateModified\":\"2019-11-21T11:55:18+00:00\",\"mainEntityOfPage\":{\"@id\":\"https:\/\/kapitalis.com\/tunisie\/2019\/11\/21\/le-soug-semmama-de-kasserine-invite-a-gouter-au-produits-du-terroir-le-1er-decembre-2019\/\"},\"wordCount\":446,\"commentCount\":0,\"publisher\":{\"@id\":\"https:\/\/kapitalis.com\/tunisie\/#organization\"},\"image\":{\"@id\":\"https:\/\/kapitalis.com\/tunisie\/2019\/11\/21\/le-soug-semmama-de-kasserine-invite-a-gouter-au-produits-du-terroir-le-1er-decembre-2019\/#primaryimage\"},\"thumbnailUrl\":\"\",\"keywords\":[\"Adnen Helali\",\"Avenue Habib Bourguiba Tunis\",\"Fondation Rambourg\",\"Guillaume Rambourg\",\"Kasserine\",\"Olfa Terras\"],\"articleSection\":[\"CONSO\",\"ECONOMIE\",\"Tunisie\"],\"inLanguage\":\"fr-FR\",\"potentialAction\":[{\"@type\":\"CommentAction\",\"name\":\"Comment\",\"target\":[\"https:\/\/kapitalis.com\/tunisie\/2019\/11\/21\/le-soug-semmama-de-kasserine-invite-a-gouter-au-produits-du-terroir-le-1er-decembre-2019\/#respond\"]}]},{\"@type\":\"WebPage\",\"@id\":\"https:\/\/kapitalis.com\/tunisie\/2019\/11\/21\/le-soug-semmama-de-kasserine-invite-a-gouter-au-produits-du-terroir-le-1er-decembre-2019\/\",\"url\":\"https:\/\/kapitalis.com\/tunisie\/2019\/11\/21\/le-soug-semmama-de-kasserine-invite-a-gouter-au-produits-du-terroir-le-1er-decembre-2019\/\",\"name\":\"Le Soug Semmama de Kasserine invite \u00e0 go\u00fbter au produits du terroir, le 1er d\u00e9cembre 2019 - Kapitalis\",\"isPartOf\":{\"@id\":\"https:\/\/kapitalis.com\/tunisie\/#website\"},\"primaryImageOfPage\":{\"@id\":\"https:\/\/kapitalis.com\/tunisie\/2019\/11\/21\/le-soug-semmama-de-kasserine-invite-a-gouter-au-produits-du-terroir-le-1er-decembre-2019\/#primaryimage\"},\"image\":{\"@id\":\"https:\/\/kapitalis.com\/tunisie\/2019\/11\/21\/le-soug-semmama-de-kasserine-invite-a-gouter-au-produits-du-terroir-le-1er-decembre-2019\/#primaryimage\"},\"thumbnailUrl\":\"\",\"datePublished\":\"2019-11-21T11:54:56+00:00\",\"dateModified\":\"2019-11-21T11:55:18+00:00\",\"breadcrumb\":{\"@id\":\"https:\/\/kapitalis.com\/tunisie\/2019\/11\/21\/le-soug-semmama-de-kasserine-invite-a-gouter-au-produits-du-terroir-le-1er-decembre-2019\/#breadcrumb\"},\"inLanguage\":\"fr-FR\",\"potentialAction\":[{\"@type\":\"ReadAction\",\"target\":[\"https:\/\/kapitalis.com\/tunisie\/2019\/11\/21\/le-soug-semmama-de-kasserine-invite-a-gouter-au-produits-du-terroir-le-1er-decembre-2019\/\"]}]},{\"@type\":\"ImageObject\",\"inLanguage\":\"fr-FR\",\"@id\":\"https:\/\/kapitalis.com\/tunisie\/2019\/11\/21\/le-soug-semmama-de-kasserine-invite-a-gouter-au-produits-du-terroir-le-1er-decembre-2019\/#primaryimage\",\"url\":\"\",\"contentUrl\":\"\"},{\"@type\":\"BreadcrumbList\",\"@id\":\"https:\/\/kapitalis.com\/tunisie\/2019\/11\/21\/le-soug-semmama-de-kasserine-invite-a-gouter-au-produits-du-terroir-le-1er-decembre-2019\/#breadcrumb\",\"itemListElement\":[{\"@type\":\"ListItem\",\"position\":1,\"name\":\"Accueil\",\"item\":\"https:\/\/kapitalis.com\/tunisie\/\"},{\"@type\":\"ListItem\",\"position\":2,\"name\":\"Le Soug Semmama de Kasserine invite \u00e0 go\u00fbter au produits du terroir, le 1er d\u00e9cembre 2019\"}]},{\"@type\":\"WebSite\",\"@id\":\"https:\/\/kapitalis.com\/tunisie\/#website\",\"url\":\"https:\/\/kapitalis.com\/tunisie\/\",\"name\":\"Kapitalis\",\"description\":\"L&#039;actualit\u00e9 en Tunisie et dans le monde\",\"publisher\":{\"@id\":\"https:\/\/kapitalis.com\/tunisie\/#organization\"},\"potentialAction\":[{\"@type\":\"SearchAction\",\"target\":{\"@type\":\"EntryPoint\",\"urlTemplate\":\"https:\/\/kapitalis.com\/tunisie\/?s={search_term_string}\"},\"query-input\":{\"@type\":\"PropertyValueSpecification\",\"valueRequired\":true,\"valueName\":\"search_term_string\"}}],\"inLanguage\":\"fr-FR\"},{\"@type\":\"Organization\",\"@id\":\"https:\/\/kapitalis.com\/tunisie\/#organization\",\"name\":\"Kapitalis\",\"url\":\"https:\/\/kapitalis.com\/tunisie\/\",\"logo\":{\"@type\":\"ImageObject\",\"inLanguage\":\"fr-FR\",\"@id\":\"https:\/\/kapitalis.com\/tunisie\/#\/schema\/logo\/image\/\",\"url\":\"https:\/\/kapitalis.com\/tunisie\/wp-content\/uploads\/2022\/05\/Kapitalis-big-size.png\",\"contentUrl\":\"https:\/\/kapitalis.com\/tunisie\/wp-content\/uploads\/2022\/05\/Kapitalis-big-size.png\",\"width\":5000,\"height\":1500,\"caption\":\"Kapitalis\"},\"image\":{\"@id\":\"https:\/\/kapitalis.com\/tunisie\/#\/schema\/logo\/image\/\"},\"sameAs\":[\"https:\/\/www.facebook.com\/KapitalisInfo\/\",\"https:\/\/x.com\/KapitalisInfo\",\"https:\/\/www.youtube.com\/channel\/UC-yDYrHyfFBWWZaOw3FPg9Q\"]},{\"@type\":\"Person\",\"@id\":\"https:\/\/kapitalis.com\/tunisie\/#\/schema\/person\/093913313d3017554cb3ad077fff3fbd\",\"name\":\"Amina Mkada\",\"url\":\"https:\/\/kapitalis.com\/tunisie\/author\/amina\/\"}]}<\/script>\n<!-- \/ Yoast SEO plugin. -->","yoast_head_json":{"title":"Le Soug Semmama de Kasserine invite \u00e0 go\u00fbter au produits du terroir, le 1er d\u00e9cembre 2019 - Kapitalis","robots":{"index":"index","follow":"follow","max-snippet":"max-snippet:-1","max-image-preview":"max-image-preview:large","max-video-preview":"max-video-preview:-1"},"canonical":"https:\/\/kapitalis.com\/tunisie\/2019\/11\/21\/le-soug-semmama-de-kasserine-invite-a-gouter-au-produits-du-terroir-le-1er-decembre-2019\/","og_locale":"fr_FR","og_type":"article","og_title":"Le Soug Semmama de Kasserine invite \u00e0 go\u00fbter au produits du terroir, le 1er d\u00e9cembre 2019 - Kapitalis","og_description":"Soug Semmama, le march\u00e9 de Jbel Semmama, qui aura lieu le\u00a0dimanche 1er\u00a0d\u00e9cembre 2019, lance une invitation \u00e0 go\u00fbter aux produits du terroir de cette r\u00e9gion du centre-ouest tunisien. Un transport est m\u00eame pr\u00e9vu depuis Tunis.","og_url":"https:\/\/kapitalis.com\/tunisie\/2019\/11\/21\/le-soug-semmama-de-kasserine-invite-a-gouter-au-produits-du-terroir-le-1er-decembre-2019\/","og_site_name":"Kapitalis","article_publisher":"https:\/\/www.facebook.com\/KapitalisInfo\/","article_published_time":"2019-11-21T11:54:56+00:00","article_modified_time":"2019-11-21T11:55:18+00:00","og_image":[{"width":1200,"height":630,"url":"https:\/\/kapitalis.com\/tunisie\/wp-content\/uploads\/2022\/05\/kapitalis-logo-fb.png","type":"image\/png"}],"author":"Amina Mkada","twitter_card":"summary_large_image","twitter_creator":"@KapitalisInfo","twitter_site":"@KapitalisInfo","twitter_misc":{"\u00c9crit par":"Amina Mkada","Dur\u00e9e de lecture estim\u00e9e":"2 minutes"},"schema":{"@context":"https:\/\/schema.org","@graph":[{"@type":"Article","@id":"https:\/\/kapitalis.com\/tunisie\/2019\/11\/21\/le-soug-semmama-de-kasserine-invite-a-gouter-au-produits-du-terroir-le-1er-decembre-2019\/#article","isPartOf":{"@id":"https:\/\/kapitalis.com\/tunisie\/2019\/11\/21\/le-soug-semmama-de-kasserine-invite-a-gouter-au-produits-du-terroir-le-1er-decembre-2019\/"},"author":{"name":"Amina Mkada","@id":"https:\/\/kapitalis.com\/tunisie\/#\/schema\/person\/093913313d3017554cb3ad077fff3fbd"},"headline":"Le Soug Semmama de Kasserine invite \u00e0 go\u00fbter au produits du terroir, le 1er d\u00e9cembre 2019","datePublished":"2019-11-21T11:54:56+00:00","dateModified":"2019-11-21T11:55:18+00:00","mainEntityOfPage":{"@id":"https:\/\/kapitalis.com\/tunisie\/2019\/11\/21\/le-soug-semmama-de-kasserine-invite-a-gouter-au-produits-du-terroir-le-1er-decembre-2019\/"},"wordCount":446,"commentCount":0,"publisher":{"@id":"https:\/\/kapitalis.com\/tunisie\/#organization"},"image":{"@id":"https:\/\/kapitalis.com\/tunisie\/2019\/11\/21\/le-soug-semmama-de-kasserine-invite-a-gouter-au-produits-du-terroir-le-1er-decembre-2019\/#primaryimage"},"thumbnailUrl":"","keywords":["Adnen Helali","Avenue Habib Bourguiba Tunis","Fondation Rambourg","Guillaume Rambourg","Kasserine","Olfa Terras"],"articleSection":["CONSO","ECONOMIE","Tunisie"],"inLanguage":"fr-FR","potentialAction":[{"@type":"CommentAction","name":"Comment","target":["https:\/\/kapitalis.com\/tunisie\/2019\/11\/21\/le-soug-semmama-de-kasserine-invite-a-gouter-au-produits-du-terroir-le-1er-decembre-2019\/#respond"]}]},{"@type":"WebPage","@id":"https:\/\/kapitalis.com\/tunisie\/2019\/11\/21\/le-soug-semmama-de-kasserine-invite-a-gouter-au-produits-du-terroir-le-1er-decembre-2019\/","url":"https:\/\/kapitalis.com\/tunisie\/2019\/11\/21\/le-soug-semmama-de-kasserine-invite-a-gouter-au-produits-du-terroir-le-1er-decembre-2019\/","name":"Le Soug Semmama de Kasserine invite \u00e0 go\u00fbter au produits du terroir, le 1er d\u00e9cembre 2019 - Kapitalis","isPartOf":{"@id":"https:\/\/kapitalis.com\/tunisie\/#website"},"primaryImageOfPage":{"@id":"https:\/\/kapitalis.com\/tunisie\/2019\/11\/21\/le-soug-semmama-de-kasserine-invite-a-gouter-au-produits-du-terroir-le-1er-decembre-2019\/#primaryimage"},"image":{"@id":"https:\/\/kapitalis.com\/tunisie\/2019\/11\/21\/le-soug-semmama-de-kasserine-invite-a-gouter-au-produits-du-terroir-le-1er-decembre-2019\/#primaryimage"},"thumbnailUrl":"","datePublished":"2019-11-21T11:54:56+00:00","dateModified":"2019-11-21T11:55:18+00:00","breadcrumb":{"@id":"https:\/\/kapitalis.com\/tunisie\/2019\/11\/21\/le-soug-semmama-de-kasserine-invite-a-gouter-au-produits-du-terroir-le-1er-decembre-2019\/#breadcrumb"},"inLanguage":"fr-FR","potentialAction":[{"@type":"ReadAction","target":["https:\/\/kapitalis.com\/tunisie\/2019\/11\/21\/le-soug-semmama-de-kasserine-invite-a-gouter-au-produits-du-terroir-le-1er-decembre-2019\/"]}]},{"@type":"ImageObject","inLanguage":"fr-FR","@id":"https:\/\/kapitalis.com\/tunisie\/2019\/11\/21\/le-soug-semmama-de-kasserine-invite-a-gouter-au-produits-du-terroir-le-1er-decembre-2019\/#primaryimage","url":"","contentUrl":""},{"@type":"BreadcrumbList","@id":"https:\/\/kapitalis.com\/tunisie\/2019\/11\/21\/le-soug-semmama-de-kasserine-invite-a-gouter-au-produits-du-terroir-le-1er-decembre-2019\/#breadcrumb","itemListElement":[{"@type":"ListItem","position":1,"name":"Accueil","item":"https:\/\/kapitalis.com\/tunisie\/"},{"@type":"ListItem","position":2,"name":"Le Soug Semmama de Kasserine invite \u00e0 go\u00fbter au produits du terroir, le 1er d\u00e9cembre 2019"}]},{"@type":"WebSite","@id":"https:\/\/kapitalis.com\/tunisie\/#website","url":"https:\/\/kapitalis.com\/tunisie\/","name":"Kapitalis","description":"L&#039;actualit\u00e9 en Tunisie et dans le monde","publisher":{"@id":"https:\/\/kapitalis.com\/tunisie\/#organization"},"potentialAction":[{"@type":"SearchAction","target":{"@type":"EntryPoint","urlTemplate":"https:\/\/kapitalis.com\/tunisie\/?s={search_term_string}"},"query-input":{"@type":"PropertyValueSpecification","valueRequired":true,"valueName":"search_term_string"}}],"inLanguage":"fr-FR"},{"@type":"Organization","@id":"https:\/\/kapitalis.com\/tunisie\/#organization","name":"Kapitalis","url":"https:\/\/kapitalis.com\/tunisie\/","logo":{"@type":"ImageObject","inLanguage":"fr-FR","@id":"https:\/\/kapitalis.com\/tunisie\/#\/schema\/logo\/image\/","url":"https:\/\/kapitalis.com\/tunisie\/wp-content\/uploads\/2022\/05\/Kapitalis-big-size.png","contentUrl":"https:\/\/kapitalis.com\/tunisie\/wp-content\/uploads\/2022\/05\/Kapitalis-big-size.png","width":5000,"height":1500,"caption":"Kapitalis"},"image":{"@id":"https:\/\/kapitalis.com\/tunisie\/#\/schema\/logo\/image\/"},"sameAs":["https:\/\/www.facebook.com\/KapitalisInfo\/","https:\/\/x.com\/KapitalisInfo","https:\/\/www.youtube.com\/channel\/UC-yDYrHyfFBWWZaOw3FPg9Q"]},{"@type":"Person","@id":"https:\/\/kapitalis.com\/tunisie\/#\/schema\/person\/093913313d3017554cb3ad077fff3fbd","name":"Amina Mkada","url":"https:\/\/kapitalis.com\/tunisie\/author\/amina\/"}]}},"_links":{"self":[{"href":"https:\/\/kapitalis.com\/tunisie\/wp-json\/wp\/v2\/posts\/257490","targetHints":{"allow":["GET"]}}],"collection":[{"href":"https:\/\/kapitalis.com\/tunisie\/wp-json\/wp\/v2\/posts"}],"about":[{"href":"https:\/\/kapitalis.com\/tunisie\/wp-json\/wp\/v2\/types\/post"}],"author":[{"embeddable":true,"href":"https:\/\/kapitalis.com\/tunisie\/wp-json\/wp\/v2\/users\/22"}],"replies":[{"embeddable":true,"href":"https:\/\/kapitalis.com\/tunisie\/wp-json\/wp\/v2\/comments?post=257490"}],"version-history":[{"count":0,"href":"https:\/\/kapitalis.com\/tunisie\/wp-json\/wp\/v2\/posts\/257490\/revisions"}],"wp:featuredmedia":[{"embeddable":true,"href":"https:\/\/kapitalis.com\/tunisie\/wp-json\/wp\/v2\/media\/257520"}],"wp:attachment":[{"href":"https:\/\/kapitalis.com\/tunisie\/wp-json\/wp\/v2\/media?parent=257490"}],"wp:term":[{"taxonomy":"category","embeddable":true,"href":"https:\/\/kapitalis.com\/tunisie\/wp-json\/wp\/v2\/categories?post=257490"},{"taxonomy":"post_tag","embeddable":true,"href":"https:\/\/kapitalis.com\/tunisie\/wp-json\/wp\/v2\/tags?post=257490"}],"curies":[{"name":"wp","href":"https:\/\/api.w.org\/{rel}","templated":true}]}}