{"id":25756,"date":"2015-11-18T10:50:41","date_gmt":"2015-11-18T09:50:41","guid":{"rendered":"http:\/\/kapitalis.com\/tunisie\/?p=25756"},"modified":"2015-11-18T11:16:06","modified_gmt":"2015-11-18T10:16:06","slug":"jelma-des-terroristes-tentent-denlever-un-villageois","status":"publish","type":"post","link":"https:\/\/kapitalis.com\/tunisie\/2015\/11\/18\/jelma-des-terroristes-tentent-denlever-un-villageois\/","title":{"rendered":"Jelma : Des terroristes tentent d\u2019enlever un villageois"},"content":{"rendered":"<p><img loading=\"lazy\" decoding=\"async\" class=\"size-full wp-image-25759 aligncenter\" src=\"http:\/\/kapitalis.com\/tunisie\/wp-content\/uploads\/2015\/11\/jelma-Sidi-bouzid.jpg\" alt=\"jelma Sidi bouzid\" width=\"626\" height=\"380\" \/><\/p>\n<p style=\"text-align: left;\"><em><strong>Un habitant de la localit\u00e9 d&rsquo;A\u00efn Madour, d\u00e9l\u00e9gation de Jelma, gouvernorat de Sidi Bouzid, \u00e9chappe \u00e0 3 terroristes, qui l\u2019ont braqu\u00e9 et tent\u00e9 de l\u2019enlever.<\/strong> <\/em><br \/>\n<!--more--><\/p>\n<p>Hier soir, trois pr\u00e9sum\u00e9s terroristes ont investi une maison pour voler des bidons d\u2019eau et de la nourriture. Lorsque le t\u00e9l\u00e9phone portable du p\u00e8re de famille a sonn\u00e9, les hommes arm\u00e9s l&rsquo;ont accus\u00e9 d\u2019\u00eatre un informateur des service de s\u00e9curit\u00e9 et tent\u00e9 de l\u2019enlever, mais il a pu leur \u00e9chapper lorsque les voisins, inqui\u00e9t\u00e9s par le bruit, sont venus \u00e0 la rescousse. Les assaillants se sont alors empress\u00e9s de quitter les lieux.<\/p>\n<p>Le p\u00e8re de famille, qui a appel\u00e9 la garde nationale pour lui rapporter les faits, a affirm\u00e9 que l\u2019un des terroristes parlait avec un accent alg\u00e9rien.<\/p>\n<p>Rappelons que la r\u00e9gion de Jelma connait des ratissages depuis vendredi 13 novembre apr\u00e8s que des terroristes aient d\u00e9capit\u00e9 Mabrouk Soltani, un berger de 16 ans, habitant au flanc de Jebel Mghila.<\/p>\n<p>Dimanche dernier, les forces arm\u00e9es ont abattu Mohamed Fathi Hajji (28 ans), un terroriste recherch\u00e9 depuis novembre 2014, alors que le caporal de l\u2019arm\u00e9e nationale Ali Khatrchi (38 ans) a trouv\u00e9 la mort dans les affrontements entre l&rsquo;arm\u00e9e et un groupe terroriste r\u00e9fugi\u00e9 dans cette zone.<\/p>\n<p style=\"text-align: right;\"><strong>Y. N.<\/strong><\/p>\n","protected":false},"excerpt":{"rendered":"<p>Un habitant de la localit\u00e9 d&rsquo;A\u00efn Madour, d\u00e9l\u00e9gation de Jelma, gouvernorat de Sidi Bouzid, \u00e9chappe \u00e0 3 terroristes, qui l\u2019ont braqu\u00e9 et tent\u00e9 de l\u2019enlever.<\/p>\n","protected":false},"author":11,"featured_media":25759,"comment_status":"open","ping_status":"open","sticky":false,"template":"","format":"standard","meta":{"footnotes":""},"categories":[998,2433],"tags":[80,1011,2924,581,9778,828,899],"class_list":["post-25756","post","type-post","status-publish","format-standard","has-post-thumbnail","hentry","category-societe","category-tunisie","tag-armee","tag-enlevement","tag-jelma","tag-martyr","tag-ratissages","tag-sidi-bouzid","tag-terroristes"],"yoast_head":"<!-- This site is optimized with the Yoast SEO plugin v26.6 - https:\/\/yoast.com\/wordpress\/plugins\/seo\/ -->\n<title>Jelma : Des terroristes tentent d\u2019enlever un villageois - Kapitalis<\/title>\n<meta name=\"robots\" content=\"index, follow, max-snippet:-1, max-image-preview:large, max-video-preview:-1\" \/>\n<link rel=\"canonical\" href=\"https:\/\/kapitalis.com\/tunisie\/2015\/11\/18\/jelma-des-terroristes-tentent-denlever-un-villageois\/\" \/>\n<meta property=\"og:locale\" content=\"fr_FR\" \/>\n<meta property=\"og:type\" content=\"article\" \/>\n<meta property=\"og:title\" content=\"Jelma : Des terroristes tentent d\u2019enlever un villageois - Kapitalis\" \/>\n<meta property=\"og:description\" content=\"Un habitant de la localit\u00e9 d&rsquo;A\u00efn Madour, d\u00e9l\u00e9gation de Jelma, gouvernorat de Sidi Bouzid, \u00e9chappe \u00e0 3 terroristes, qui l\u2019ont braqu\u00e9 et tent\u00e9 de l\u2019enlever.\" \/>\n<meta property=\"og:url\" content=\"https:\/\/kapitalis.com\/tunisie\/2015\/11\/18\/jelma-des-terroristes-tentent-denlever-un-villageois\/\" \/>\n<meta property=\"og:site_name\" content=\"Kapitalis\" \/>\n<meta property=\"article:publisher\" content=\"https:\/\/www.facebook.com\/KapitalisInfo\/\" \/>\n<meta property=\"article:published_time\" content=\"2015-11-18T09:50:41+00:00\" \/>\n<meta property=\"article:modified_time\" content=\"2015-11-18T10:16:06+00:00\" \/>\n<meta property=\"og:image\" content=\"https:\/\/kapitalis.com\/tunisie\/wp-content\/uploads\/2022\/05\/kapitalis-logo-fb.png\" \/>\n\t<meta property=\"og:image:width\" content=\"1200\" \/>\n\t<meta property=\"og:image:height\" content=\"630\" \/>\n\t<meta property=\"og:image:type\" content=\"image\/png\" \/>\n<meta name=\"author\" content=\"benmansour3 benmansour\" \/>\n<meta name=\"twitter:card\" content=\"summary_large_image\" \/>\n<meta name=\"twitter:creator\" content=\"@KapitalisInfo\" \/>\n<meta name=\"twitter:site\" content=\"@KapitalisInfo\" \/>\n<meta name=\"twitter:label1\" content=\"\u00c9crit par\" \/>\n\t<meta name=\"twitter:data1\" content=\"benmansour3 benmansour\" \/>\n\t<meta name=\"twitter:label2\" content=\"Dur\u00e9e de lecture estim\u00e9e\" \/>\n\t<meta name=\"twitter:data2\" content=\"1 minute\" \/>\n<script type=\"application\/ld+json\" class=\"yoast-schema-graph\">{\"@context\":\"https:\/\/schema.org\",\"@graph\":[{\"@type\":\"Article\",\"@id\":\"https:\/\/kapitalis.com\/tunisie\/2015\/11\/18\/jelma-des-terroristes-tentent-denlever-un-villageois\/#article\",\"isPartOf\":{\"@id\":\"https:\/\/kapitalis.com\/tunisie\/2015\/11\/18\/jelma-des-terroristes-tentent-denlever-un-villageois\/\"},\"author\":{\"name\":\"benmansour3 benmansour\",\"@id\":\"https:\/\/kapitalis.com\/tunisie\/#\/schema\/person\/035372e645ad321edc01006468cd4c8b\"},\"headline\":\"Jelma : Des terroristes tentent d\u2019enlever un villageois\",\"datePublished\":\"2015-11-18T09:50:41+00:00\",\"dateModified\":\"2015-11-18T10:16:06+00:00\",\"mainEntityOfPage\":{\"@id\":\"https:\/\/kapitalis.com\/tunisie\/2015\/11\/18\/jelma-des-terroristes-tentent-denlever-un-villageois\/\"},\"wordCount\":232,\"commentCount\":1,\"publisher\":{\"@id\":\"https:\/\/kapitalis.com\/tunisie\/#organization\"},\"image\":{\"@id\":\"https:\/\/kapitalis.com\/tunisie\/2015\/11\/18\/jelma-des-terroristes-tentent-denlever-un-villageois\/#primaryimage\"},\"thumbnailUrl\":\"\",\"keywords\":[\"arm\u00e9e\",\"enl\u00e8vement\",\"Jelma\",\"martyr\",\"ratissages\",\"Sidi Bouzid\",\"terroristes\"],\"articleSection\":[\"SOCIETE\",\"Tunisie\"],\"inLanguage\":\"fr-FR\",\"potentialAction\":[{\"@type\":\"CommentAction\",\"name\":\"Comment\",\"target\":[\"https:\/\/kapitalis.com\/tunisie\/2015\/11\/18\/jelma-des-terroristes-tentent-denlever-un-villageois\/#respond\"]}]},{\"@type\":\"WebPage\",\"@id\":\"https:\/\/kapitalis.com\/tunisie\/2015\/11\/18\/jelma-des-terroristes-tentent-denlever-un-villageois\/\",\"url\":\"https:\/\/kapitalis.com\/tunisie\/2015\/11\/18\/jelma-des-terroristes-tentent-denlever-un-villageois\/\",\"name\":\"Jelma : Des terroristes tentent d\u2019enlever un villageois - Kapitalis\",\"isPartOf\":{\"@id\":\"https:\/\/kapitalis.com\/tunisie\/#website\"},\"primaryImageOfPage\":{\"@id\":\"https:\/\/kapitalis.com\/tunisie\/2015\/11\/18\/jelma-des-terroristes-tentent-denlever-un-villageois\/#primaryimage\"},\"image\":{\"@id\":\"https:\/\/kapitalis.com\/tunisie\/2015\/11\/18\/jelma-des-terroristes-tentent-denlever-un-villageois\/#primaryimage\"},\"thumbnailUrl\":\"\",\"datePublished\":\"2015-11-18T09:50:41+00:00\",\"dateModified\":\"2015-11-18T10:16:06+00:00\",\"breadcrumb\":{\"@id\":\"https:\/\/kapitalis.com\/tunisie\/2015\/11\/18\/jelma-des-terroristes-tentent-denlever-un-villageois\/#breadcrumb\"},\"inLanguage\":\"fr-FR\",\"potentialAction\":[{\"@type\":\"ReadAction\",\"target\":[\"https:\/\/kapitalis.com\/tunisie\/2015\/11\/18\/jelma-des-terroristes-tentent-denlever-un-villageois\/\"]}]},{\"@type\":\"ImageObject\",\"inLanguage\":\"fr-FR\",\"@id\":\"https:\/\/kapitalis.com\/tunisie\/2015\/11\/18\/jelma-des-terroristes-tentent-denlever-un-villageois\/#primaryimage\",\"url\":\"\",\"contentUrl\":\"\"},{\"@type\":\"BreadcrumbList\",\"@id\":\"https:\/\/kapitalis.com\/tunisie\/2015\/11\/18\/jelma-des-terroristes-tentent-denlever-un-villageois\/#breadcrumb\",\"itemListElement\":[{\"@type\":\"ListItem\",\"position\":1,\"name\":\"Accueil\",\"item\":\"https:\/\/kapitalis.com\/tunisie\/\"},{\"@type\":\"ListItem\",\"position\":2,\"name\":\"Jelma : Des terroristes tentent d\u2019enlever un villageois\"}]},{\"@type\":\"WebSite\",\"@id\":\"https:\/\/kapitalis.com\/tunisie\/#website\",\"url\":\"https:\/\/kapitalis.com\/tunisie\/\",\"name\":\"Kapitalis\",\"description\":\"L&#039;actualit\u00e9 en Tunisie et dans le monde\",\"publisher\":{\"@id\":\"https:\/\/kapitalis.com\/tunisie\/#organization\"},\"potentialAction\":[{\"@type\":\"SearchAction\",\"target\":{\"@type\":\"EntryPoint\",\"urlTemplate\":\"https:\/\/kapitalis.com\/tunisie\/?s={search_term_string}\"},\"query-input\":{\"@type\":\"PropertyValueSpecification\",\"valueRequired\":true,\"valueName\":\"search_term_string\"}}],\"inLanguage\":\"fr-FR\"},{\"@type\":\"Organization\",\"@id\":\"https:\/\/kapitalis.com\/tunisie\/#organization\",\"name\":\"Kapitalis\",\"url\":\"https:\/\/kapitalis.com\/tunisie\/\",\"logo\":{\"@type\":\"ImageObject\",\"inLanguage\":\"fr-FR\",\"@id\":\"https:\/\/kapitalis.com\/tunisie\/#\/schema\/logo\/image\/\",\"url\":\"https:\/\/kapitalis.com\/tunisie\/wp-content\/uploads\/2022\/05\/Kapitalis-big-size.png\",\"contentUrl\":\"https:\/\/kapitalis.com\/tunisie\/wp-content\/uploads\/2022\/05\/Kapitalis-big-size.png\",\"width\":5000,\"height\":1500,\"caption\":\"Kapitalis\"},\"image\":{\"@id\":\"https:\/\/kapitalis.com\/tunisie\/#\/schema\/logo\/image\/\"},\"sameAs\":[\"https:\/\/www.facebook.com\/KapitalisInfo\/\",\"https:\/\/x.com\/KapitalisInfo\",\"https:\/\/www.youtube.com\/channel\/UC-yDYrHyfFBWWZaOw3FPg9Q\"]},{\"@type\":\"Person\",\"@id\":\"https:\/\/kapitalis.com\/tunisie\/#\/schema\/person\/035372e645ad321edc01006468cd4c8b\",\"name\":\"benmansour3 benmansour\",\"url\":\"https:\/\/kapitalis.com\/tunisie\/author\/benmansour3\/\"}]}<\/script>\n<!-- \/ Yoast SEO plugin. -->","yoast_head_json":{"title":"Jelma : Des terroristes tentent d\u2019enlever un villageois - Kapitalis","robots":{"index":"index","follow":"follow","max-snippet":"max-snippet:-1","max-image-preview":"max-image-preview:large","max-video-preview":"max-video-preview:-1"},"canonical":"https:\/\/kapitalis.com\/tunisie\/2015\/11\/18\/jelma-des-terroristes-tentent-denlever-un-villageois\/","og_locale":"fr_FR","og_type":"article","og_title":"Jelma : Des terroristes tentent d\u2019enlever un villageois - Kapitalis","og_description":"Un habitant de la localit\u00e9 d&rsquo;A\u00efn Madour, d\u00e9l\u00e9gation de Jelma, gouvernorat de Sidi Bouzid, \u00e9chappe \u00e0 3 terroristes, qui l\u2019ont braqu\u00e9 et tent\u00e9 de l\u2019enlever.","og_url":"https:\/\/kapitalis.com\/tunisie\/2015\/11\/18\/jelma-des-terroristes-tentent-denlever-un-villageois\/","og_site_name":"Kapitalis","article_publisher":"https:\/\/www.facebook.com\/KapitalisInfo\/","article_published_time":"2015-11-18T09:50:41+00:00","article_modified_time":"2015-11-18T10:16:06+00:00","og_image":[{"width":1200,"height":630,"url":"https:\/\/kapitalis.com\/tunisie\/wp-content\/uploads\/2022\/05\/kapitalis-logo-fb.png","type":"image\/png"}],"author":"benmansour3 benmansour","twitter_card":"summary_large_image","twitter_creator":"@KapitalisInfo","twitter_site":"@KapitalisInfo","twitter_misc":{"\u00c9crit par":"benmansour3 benmansour","Dur\u00e9e de lecture estim\u00e9e":"1 minute"},"schema":{"@context":"https:\/\/schema.org","@graph":[{"@type":"Article","@id":"https:\/\/kapitalis.com\/tunisie\/2015\/11\/18\/jelma-des-terroristes-tentent-denlever-un-villageois\/#article","isPartOf":{"@id":"https:\/\/kapitalis.com\/tunisie\/2015\/11\/18\/jelma-des-terroristes-tentent-denlever-un-villageois\/"},"author":{"name":"benmansour3 benmansour","@id":"https:\/\/kapitalis.com\/tunisie\/#\/schema\/person\/035372e645ad321edc01006468cd4c8b"},"headline":"Jelma : Des terroristes tentent d\u2019enlever un villageois","datePublished":"2015-11-18T09:50:41+00:00","dateModified":"2015-11-18T10:16:06+00:00","mainEntityOfPage":{"@id":"https:\/\/kapitalis.com\/tunisie\/2015\/11\/18\/jelma-des-terroristes-tentent-denlever-un-villageois\/"},"wordCount":232,"commentCount":1,"publisher":{"@id":"https:\/\/kapitalis.com\/tunisie\/#organization"},"image":{"@id":"https:\/\/kapitalis.com\/tunisie\/2015\/11\/18\/jelma-des-terroristes-tentent-denlever-un-villageois\/#primaryimage"},"thumbnailUrl":"","keywords":["arm\u00e9e","enl\u00e8vement","Jelma","martyr","ratissages","Sidi Bouzid","terroristes"],"articleSection":["SOCIETE","Tunisie"],"inLanguage":"fr-FR","potentialAction":[{"@type":"CommentAction","name":"Comment","target":["https:\/\/kapitalis.com\/tunisie\/2015\/11\/18\/jelma-des-terroristes-tentent-denlever-un-villageois\/#respond"]}]},{"@type":"WebPage","@id":"https:\/\/kapitalis.com\/tunisie\/2015\/11\/18\/jelma-des-terroristes-tentent-denlever-un-villageois\/","url":"https:\/\/kapitalis.com\/tunisie\/2015\/11\/18\/jelma-des-terroristes-tentent-denlever-un-villageois\/","name":"Jelma : Des terroristes tentent d\u2019enlever un villageois - Kapitalis","isPartOf":{"@id":"https:\/\/kapitalis.com\/tunisie\/#website"},"primaryImageOfPage":{"@id":"https:\/\/kapitalis.com\/tunisie\/2015\/11\/18\/jelma-des-terroristes-tentent-denlever-un-villageois\/#primaryimage"},"image":{"@id":"https:\/\/kapitalis.com\/tunisie\/2015\/11\/18\/jelma-des-terroristes-tentent-denlever-un-villageois\/#primaryimage"},"thumbnailUrl":"","datePublished":"2015-11-18T09:50:41+00:00","dateModified":"2015-11-18T10:16:06+00:00","breadcrumb":{"@id":"https:\/\/kapitalis.com\/tunisie\/2015\/11\/18\/jelma-des-terroristes-tentent-denlever-un-villageois\/#breadcrumb"},"inLanguage":"fr-FR","potentialAction":[{"@type":"ReadAction","target":["https:\/\/kapitalis.com\/tunisie\/2015\/11\/18\/jelma-des-terroristes-tentent-denlever-un-villageois\/"]}]},{"@type":"ImageObject","inLanguage":"fr-FR","@id":"https:\/\/kapitalis.com\/tunisie\/2015\/11\/18\/jelma-des-terroristes-tentent-denlever-un-villageois\/#primaryimage","url":"","contentUrl":""},{"@type":"BreadcrumbList","@id":"https:\/\/kapitalis.com\/tunisie\/2015\/11\/18\/jelma-des-terroristes-tentent-denlever-un-villageois\/#breadcrumb","itemListElement":[{"@type":"ListItem","position":1,"name":"Accueil","item":"https:\/\/kapitalis.com\/tunisie\/"},{"@type":"ListItem","position":2,"name":"Jelma : Des terroristes tentent d\u2019enlever un villageois"}]},{"@type":"WebSite","@id":"https:\/\/kapitalis.com\/tunisie\/#website","url":"https:\/\/kapitalis.com\/tunisie\/","name":"Kapitalis","description":"L&#039;actualit\u00e9 en Tunisie et dans le monde","publisher":{"@id":"https:\/\/kapitalis.com\/tunisie\/#organization"},"potentialAction":[{"@type":"SearchAction","target":{"@type":"EntryPoint","urlTemplate":"https:\/\/kapitalis.com\/tunisie\/?s={search_term_string}"},"query-input":{"@type":"PropertyValueSpecification","valueRequired":true,"valueName":"search_term_string"}}],"inLanguage":"fr-FR"},{"@type":"Organization","@id":"https:\/\/kapitalis.com\/tunisie\/#organization","name":"Kapitalis","url":"https:\/\/kapitalis.com\/tunisie\/","logo":{"@type":"ImageObject","inLanguage":"fr-FR","@id":"https:\/\/kapitalis.com\/tunisie\/#\/schema\/logo\/image\/","url":"https:\/\/kapitalis.com\/tunisie\/wp-content\/uploads\/2022\/05\/Kapitalis-big-size.png","contentUrl":"https:\/\/kapitalis.com\/tunisie\/wp-content\/uploads\/2022\/05\/Kapitalis-big-size.png","width":5000,"height":1500,"caption":"Kapitalis"},"image":{"@id":"https:\/\/kapitalis.com\/tunisie\/#\/schema\/logo\/image\/"},"sameAs":["https:\/\/www.facebook.com\/KapitalisInfo\/","https:\/\/x.com\/KapitalisInfo","https:\/\/www.youtube.com\/channel\/UC-yDYrHyfFBWWZaOw3FPg9Q"]},{"@type":"Person","@id":"https:\/\/kapitalis.com\/tunisie\/#\/schema\/person\/035372e645ad321edc01006468cd4c8b","name":"benmansour3 benmansour","url":"https:\/\/kapitalis.com\/tunisie\/author\/benmansour3\/"}]}},"_links":{"self":[{"href":"https:\/\/kapitalis.com\/tunisie\/wp-json\/wp\/v2\/posts\/25756","targetHints":{"allow":["GET"]}}],"collection":[{"href":"https:\/\/kapitalis.com\/tunisie\/wp-json\/wp\/v2\/posts"}],"about":[{"href":"https:\/\/kapitalis.com\/tunisie\/wp-json\/wp\/v2\/types\/post"}],"author":[{"embeddable":true,"href":"https:\/\/kapitalis.com\/tunisie\/wp-json\/wp\/v2\/users\/11"}],"replies":[{"embeddable":true,"href":"https:\/\/kapitalis.com\/tunisie\/wp-json\/wp\/v2\/comments?post=25756"}],"version-history":[{"count":0,"href":"https:\/\/kapitalis.com\/tunisie\/wp-json\/wp\/v2\/posts\/25756\/revisions"}],"wp:featuredmedia":[{"embeddable":true,"href":"https:\/\/kapitalis.com\/tunisie\/wp-json\/wp\/v2\/media\/25759"}],"wp:attachment":[{"href":"https:\/\/kapitalis.com\/tunisie\/wp-json\/wp\/v2\/media?parent=25756"}],"wp:term":[{"taxonomy":"category","embeddable":true,"href":"https:\/\/kapitalis.com\/tunisie\/wp-json\/wp\/v2\/categories?post=25756"},{"taxonomy":"post_tag","embeddable":true,"href":"https:\/\/kapitalis.com\/tunisie\/wp-json\/wp\/v2\/tags?post=25756"}],"curies":[{"name":"wp","href":"https:\/\/api.w.org\/{rel}","templated":true}]}}