{"id":257624,"date":"2019-11-21T16:50:33","date_gmt":"2019-11-21T15:50:33","guid":{"rendered":"http:\/\/kapitalis.com\/tunisie\/?p=257624"},"modified":"2019-11-21T17:29:39","modified_gmt":"2019-11-21T16:29:39","slug":"tozeur-abrite-le-forum-international-pour-promouvoir-les-dattes-tunisiennes","status":"publish","type":"post","link":"https:\/\/kapitalis.com\/tunisie\/2019\/11\/21\/tozeur-abrite-le-forum-international-pour-promouvoir-les-dattes-tunisiennes\/","title":{"rendered":"Tozeur abrite le Forum international pour promouvoir les dattes tunisiennes"},"content":{"rendered":"\n<figure class=\"wp-block-image size-large\"><img decoding=\"async\" src=\"http:\/\/kapitalis.com\/tunisie\/wp-content\/uploads\/2019\/11\/1T4A0630-1024x683.jpg\" alt=\"\" class=\"wp-image-257641\"\/><\/figure>\n\n\n\n<p><strong><em>Se basant sur une premi\u00e8re exp\u00e9rience fort enrichissante, la deuxi\u00e8me \u00e9dition du Forum international des dattes et des palmiers rouvre ses portes le 21 au 22 novembre 2019, \u00e0 Tozeur, pour promouvoir les dattes tunisiennes. L&rsquo;ouverture de l&rsquo;\u00e9v\u00e9nement a notamment connu la pr\u00e9sence de Slim Feriani, ministre de l&rsquo;Industrie et des PME, et Aymen Bejaoui, gouverneur de Tozeur.<\/em><\/strong><\/p>\n\n\n\n<!--more-->\n\n\n\n<p>Ce Forum a pour but la promotion et le d\u00e9veloppement durable de la fili\u00e8re des dattes et des palmiers en Tunisie ainsi que la promotion d\u2019une veille scientifique de cette fili\u00e8re qui repr\u00e9sente une branche importante de l&rsquo;agriculture du pays et une part cons\u00e9quente dans les exportations tunisiennes. <\/p>\n\n\n\n<p>La valorisation des produits de l\u2019oasis ne se limite pas uniquement \u00e0 la production et au conditionnement des dattes mais comprend aussi leur transformation qui constitue une source de revenus appr\u00e9ciable pour les agriculteurs et les industriels du sud tunisien, jouent un r\u00f4le social strat\u00e9gique dans l\u2019\u00e9quilibre des syst\u00e8mes de production des oasis et repr\u00e9sentent \u00e9galement une source potentiellement g\u00e9n\u00e9ratrice d\u2019emplois.<\/p>\n\n\n\n<p>En effet, le secteur de la transformation des dattes et les d\u00e9riv\u00e9s des palmiers, qui propose une multitude de produits, compte aujourd\u2019hui environ 114 entreprises agr\u00e9\u00e9s qui produisent plus d\u2019une trentaine de vari\u00e9t\u00e9s et qui contribuent activement au d\u00e9veloppement des exportations tunisiennes. <\/p>\n\n\n\n<p>En ce sens, Slim Feriani a soulign\u00e9 que les dattes transform\u00e9es repr\u00e9sentent 20% des exportations des produits agroalimentaires. <\/p>\n\n\n\n<div class=\"wp-block-image\"><figure class=\"aligncenter size-large is-resized\"><img loading=\"lazy\" decoding=\"async\" src=\"http:\/\/kapitalis.com\/tunisie\/wp-content\/uploads\/2019\/11\/slin-feriani-forum-des-dattes.jpg\" alt=\"\" class=\"wp-image-257644\" width=\"500\" height=\"386\"\/><\/figure><\/div>\n\n\n\n<p>Pour explorer davantage le potentiel des dattes, la Conect, le P\u00f4le de Jerid et le P\u00f4le de Comp\u00e9titivit\u00e9 de Gafsa, en partenariat avec la GIZ, ont donc uni leurs forces pour offrir un espace privil\u00e9gi\u00e9 pour mettre en exergue l\u2019agriculture pho\u00e9nicicole.<\/p>\n\n\n\n<p>Trois objectifs ont \u00e9t\u00e9 d\u00e9finis, \u00e0 cet effet : instaurer un espace de rencontres et d\u2019\u00e9changes entre les diff\u00e9rents op\u00e9rateurs pho\u00e9nicicoles afin de s\u2019informer, partager et appr\u00e9cier les progr\u00e8s techniques et technologiques en mati\u00e8re de production et de valorisation des dattes; promouvoir l\u2019agriculture oasienne \u00e0 travers l\u2019exposition de produits agricoles et le partenariat entre les diff\u00e9rents acteurs concern\u00e9s et cr\u00e9er autour de la manifestation une dynamique \u00e9conomique au profit de la r\u00e9gion.<\/p>\n\n\n\n<p>Avec plus de 5 millions palmiers et plus de 200 vari\u00e9t\u00e9s, la Tunisie occupe une place importante parmi les pays producteurs et exportateurs de dattes dans le monde. La fili\u00e8re des dattes en Tunisie participe \u00e0 16% de la valeur totale des exportations agricoles avec un chiffre atteint en 2018 de 598 millions de dinars (environ 200 millions d\u2019euros). Au cours des derni\u00e8res ann\u00e9es, le secteur a connu une augmentation significative de sa production. <\/p>\n\n\n\n<p class=\"has-text-align-left\"><strong><em>Source <\/em>:<\/strong> communiqu\u00e9<\/p>\n","protected":false},"excerpt":{"rendered":"<p>Se basant sur une premi\u00e8re exp\u00e9rience fort enrichissante, la deuxi\u00e8me \u00e9dition du Forum international des dattes et des palmiers rouvre ses portes le 21 au 22 novembre 2019, \u00e0 Tozeur, pour promouvoir les dattes tunisiennes. L&rsquo;ouverture de l&rsquo;\u00e9v\u00e9nement a notamment connu la pr\u00e9sence de Slim Feriani, ministre de l&rsquo;Industrie et des PME, et Aymen Bejaoui,&#8230;<\/p>\n","protected":false},"author":24,"featured_media":257641,"comment_status":"open","ping_status":"open","sticky":false,"template":"","format":"standard","meta":{"footnotes":""},"categories":[995,2433],"tags":[68858,1717,1208],"class_list":["post-257624","post","type-post","status-publish","format-standard","has-post-thumbnail","hentry","category-economie","category-tunisie","tag-aymen-bejaoui","tag-slim-feriani","tag-tozeur"],"yoast_head":"<!-- This site is optimized with the Yoast SEO plugin v26.6 - https:\/\/yoast.com\/wordpress\/plugins\/seo\/ -->\n<title>Tozeur abrite le Forum international pour promouvoir les dattes tunisiennes - Kapitalis<\/title>\n<meta name=\"robots\" content=\"index, follow, max-snippet:-1, max-image-preview:large, max-video-preview:-1\" \/>\n<link rel=\"canonical\" href=\"https:\/\/kapitalis.com\/tunisie\/2019\/11\/21\/tozeur-abrite-le-forum-international-pour-promouvoir-les-dattes-tunisiennes\/\" \/>\n<meta property=\"og:locale\" content=\"fr_FR\" \/>\n<meta property=\"og:type\" content=\"article\" \/>\n<meta property=\"og:title\" content=\"Tozeur abrite le Forum international pour promouvoir les dattes tunisiennes - Kapitalis\" \/>\n<meta property=\"og:description\" content=\"Se basant sur une premi\u00e8re exp\u00e9rience fort enrichissante, la deuxi\u00e8me \u00e9dition du Forum international des dattes et des palmiers rouvre ses portes le 21 au 22 novembre 2019, \u00e0 Tozeur, pour promouvoir les dattes tunisiennes. L&rsquo;ouverture de l&rsquo;\u00e9v\u00e9nement a notamment connu la pr\u00e9sence de Slim Feriani, ministre de l&rsquo;Industrie et des PME, et Aymen Bejaoui,...\" \/>\n<meta property=\"og:url\" content=\"https:\/\/kapitalis.com\/tunisie\/2019\/11\/21\/tozeur-abrite-le-forum-international-pour-promouvoir-les-dattes-tunisiennes\/\" \/>\n<meta property=\"og:site_name\" content=\"Kapitalis\" \/>\n<meta property=\"article:publisher\" content=\"https:\/\/www.facebook.com\/KapitalisInfo\/\" \/>\n<meta property=\"article:published_time\" content=\"2019-11-21T15:50:33+00:00\" \/>\n<meta property=\"article:modified_time\" content=\"2019-11-21T16:29:39+00:00\" \/>\n<meta property=\"og:image\" content=\"https:\/\/kapitalis.com\/tunisie\/wp-content\/uploads\/2022\/05\/kapitalis-logo-fb.png\" \/>\n\t<meta property=\"og:image:width\" content=\"1200\" \/>\n\t<meta property=\"og:image:height\" content=\"630\" \/>\n\t<meta property=\"og:image:type\" content=\"image\/png\" \/>\n<meta name=\"author\" content=\"Cherif Benyounes\" \/>\n<meta name=\"twitter:card\" content=\"summary_large_image\" \/>\n<meta name=\"twitter:creator\" content=\"@KapitalisInfo\" \/>\n<meta name=\"twitter:site\" content=\"@KapitalisInfo\" \/>\n<meta name=\"twitter:label1\" content=\"\u00c9crit par\" \/>\n\t<meta name=\"twitter:data1\" content=\"Cherif Benyounes\" \/>\n\t<meta name=\"twitter:label2\" content=\"Dur\u00e9e de lecture estim\u00e9e\" \/>\n\t<meta name=\"twitter:data2\" content=\"2 minutes\" \/>\n<script type=\"application\/ld+json\" class=\"yoast-schema-graph\">{\"@context\":\"https:\/\/schema.org\",\"@graph\":[{\"@type\":\"Article\",\"@id\":\"https:\/\/kapitalis.com\/tunisie\/2019\/11\/21\/tozeur-abrite-le-forum-international-pour-promouvoir-les-dattes-tunisiennes\/#article\",\"isPartOf\":{\"@id\":\"https:\/\/kapitalis.com\/tunisie\/2019\/11\/21\/tozeur-abrite-le-forum-international-pour-promouvoir-les-dattes-tunisiennes\/\"},\"author\":{\"name\":\"Cherif Benyounes\",\"@id\":\"https:\/\/kapitalis.com\/tunisie\/#\/schema\/person\/b35b8d631961131107263178aeb8019e\"},\"headline\":\"Tozeur abrite le Forum international pour promouvoir les dattes tunisiennes\",\"datePublished\":\"2019-11-21T15:50:33+00:00\",\"dateModified\":\"2019-11-21T16:29:39+00:00\",\"mainEntityOfPage\":{\"@id\":\"https:\/\/kapitalis.com\/tunisie\/2019\/11\/21\/tozeur-abrite-le-forum-international-pour-promouvoir-les-dattes-tunisiennes\/\"},\"wordCount\":468,\"commentCount\":0,\"publisher\":{\"@id\":\"https:\/\/kapitalis.com\/tunisie\/#organization\"},\"image\":{\"@id\":\"https:\/\/kapitalis.com\/tunisie\/2019\/11\/21\/tozeur-abrite-le-forum-international-pour-promouvoir-les-dattes-tunisiennes\/#primaryimage\"},\"thumbnailUrl\":\"\",\"keywords\":[\"Aymen Bejaoui\",\"Slim Feriani\",\"Tozeur\"],\"articleSection\":[\"ECONOMIE\",\"Tunisie\"],\"inLanguage\":\"fr-FR\",\"potentialAction\":[{\"@type\":\"CommentAction\",\"name\":\"Comment\",\"target\":[\"https:\/\/kapitalis.com\/tunisie\/2019\/11\/21\/tozeur-abrite-le-forum-international-pour-promouvoir-les-dattes-tunisiennes\/#respond\"]}]},{\"@type\":\"WebPage\",\"@id\":\"https:\/\/kapitalis.com\/tunisie\/2019\/11\/21\/tozeur-abrite-le-forum-international-pour-promouvoir-les-dattes-tunisiennes\/\",\"url\":\"https:\/\/kapitalis.com\/tunisie\/2019\/11\/21\/tozeur-abrite-le-forum-international-pour-promouvoir-les-dattes-tunisiennes\/\",\"name\":\"Tozeur abrite le Forum international pour promouvoir les dattes tunisiennes - Kapitalis\",\"isPartOf\":{\"@id\":\"https:\/\/kapitalis.com\/tunisie\/#website\"},\"primaryImageOfPage\":{\"@id\":\"https:\/\/kapitalis.com\/tunisie\/2019\/11\/21\/tozeur-abrite-le-forum-international-pour-promouvoir-les-dattes-tunisiennes\/#primaryimage\"},\"image\":{\"@id\":\"https:\/\/kapitalis.com\/tunisie\/2019\/11\/21\/tozeur-abrite-le-forum-international-pour-promouvoir-les-dattes-tunisiennes\/#primaryimage\"},\"thumbnailUrl\":\"\",\"datePublished\":\"2019-11-21T15:50:33+00:00\",\"dateModified\":\"2019-11-21T16:29:39+00:00\",\"breadcrumb\":{\"@id\":\"https:\/\/kapitalis.com\/tunisie\/2019\/11\/21\/tozeur-abrite-le-forum-international-pour-promouvoir-les-dattes-tunisiennes\/#breadcrumb\"},\"inLanguage\":\"fr-FR\",\"potentialAction\":[{\"@type\":\"ReadAction\",\"target\":[\"https:\/\/kapitalis.com\/tunisie\/2019\/11\/21\/tozeur-abrite-le-forum-international-pour-promouvoir-les-dattes-tunisiennes\/\"]}]},{\"@type\":\"ImageObject\",\"inLanguage\":\"fr-FR\",\"@id\":\"https:\/\/kapitalis.com\/tunisie\/2019\/11\/21\/tozeur-abrite-le-forum-international-pour-promouvoir-les-dattes-tunisiennes\/#primaryimage\",\"url\":\"\",\"contentUrl\":\"\"},{\"@type\":\"BreadcrumbList\",\"@id\":\"https:\/\/kapitalis.com\/tunisie\/2019\/11\/21\/tozeur-abrite-le-forum-international-pour-promouvoir-les-dattes-tunisiennes\/#breadcrumb\",\"itemListElement\":[{\"@type\":\"ListItem\",\"position\":1,\"name\":\"Accueil\",\"item\":\"https:\/\/kapitalis.com\/tunisie\/\"},{\"@type\":\"ListItem\",\"position\":2,\"name\":\"Tozeur abrite le Forum international pour promouvoir les dattes tunisiennes\"}]},{\"@type\":\"WebSite\",\"@id\":\"https:\/\/kapitalis.com\/tunisie\/#website\",\"url\":\"https:\/\/kapitalis.com\/tunisie\/\",\"name\":\"Kapitalis\",\"description\":\"L&#039;actualit\u00e9 en Tunisie et dans le monde\",\"publisher\":{\"@id\":\"https:\/\/kapitalis.com\/tunisie\/#organization\"},\"potentialAction\":[{\"@type\":\"SearchAction\",\"target\":{\"@type\":\"EntryPoint\",\"urlTemplate\":\"https:\/\/kapitalis.com\/tunisie\/?s={search_term_string}\"},\"query-input\":{\"@type\":\"PropertyValueSpecification\",\"valueRequired\":true,\"valueName\":\"search_term_string\"}}],\"inLanguage\":\"fr-FR\"},{\"@type\":\"Organization\",\"@id\":\"https:\/\/kapitalis.com\/tunisie\/#organization\",\"name\":\"Kapitalis\",\"url\":\"https:\/\/kapitalis.com\/tunisie\/\",\"logo\":{\"@type\":\"ImageObject\",\"inLanguage\":\"fr-FR\",\"@id\":\"https:\/\/kapitalis.com\/tunisie\/#\/schema\/logo\/image\/\",\"url\":\"https:\/\/kapitalis.com\/tunisie\/wp-content\/uploads\/2022\/05\/Kapitalis-big-size.png\",\"contentUrl\":\"https:\/\/kapitalis.com\/tunisie\/wp-content\/uploads\/2022\/05\/Kapitalis-big-size.png\",\"width\":5000,\"height\":1500,\"caption\":\"Kapitalis\"},\"image\":{\"@id\":\"https:\/\/kapitalis.com\/tunisie\/#\/schema\/logo\/image\/\"},\"sameAs\":[\"https:\/\/www.facebook.com\/KapitalisInfo\/\",\"https:\/\/x.com\/KapitalisInfo\",\"https:\/\/www.youtube.com\/channel\/UC-yDYrHyfFBWWZaOw3FPg9Q\"]},{\"@type\":\"Person\",\"@id\":\"https:\/\/kapitalis.com\/tunisie\/#\/schema\/person\/b35b8d631961131107263178aeb8019e\",\"name\":\"Cherif Benyounes\",\"url\":\"https:\/\/kapitalis.com\/tunisie\/author\/cherif\/\"}]}<\/script>\n<!-- \/ Yoast SEO plugin. -->","yoast_head_json":{"title":"Tozeur abrite le Forum international pour promouvoir les dattes tunisiennes - Kapitalis","robots":{"index":"index","follow":"follow","max-snippet":"max-snippet:-1","max-image-preview":"max-image-preview:large","max-video-preview":"max-video-preview:-1"},"canonical":"https:\/\/kapitalis.com\/tunisie\/2019\/11\/21\/tozeur-abrite-le-forum-international-pour-promouvoir-les-dattes-tunisiennes\/","og_locale":"fr_FR","og_type":"article","og_title":"Tozeur abrite le Forum international pour promouvoir les dattes tunisiennes - Kapitalis","og_description":"Se basant sur une premi\u00e8re exp\u00e9rience fort enrichissante, la deuxi\u00e8me \u00e9dition du Forum international des dattes et des palmiers rouvre ses portes le 21 au 22 novembre 2019, \u00e0 Tozeur, pour promouvoir les dattes tunisiennes. L&rsquo;ouverture de l&rsquo;\u00e9v\u00e9nement a notamment connu la pr\u00e9sence de Slim Feriani, ministre de l&rsquo;Industrie et des PME, et Aymen Bejaoui,...","og_url":"https:\/\/kapitalis.com\/tunisie\/2019\/11\/21\/tozeur-abrite-le-forum-international-pour-promouvoir-les-dattes-tunisiennes\/","og_site_name":"Kapitalis","article_publisher":"https:\/\/www.facebook.com\/KapitalisInfo\/","article_published_time":"2019-11-21T15:50:33+00:00","article_modified_time":"2019-11-21T16:29:39+00:00","og_image":[{"width":1200,"height":630,"url":"https:\/\/kapitalis.com\/tunisie\/wp-content\/uploads\/2022\/05\/kapitalis-logo-fb.png","type":"image\/png"}],"author":"Cherif Benyounes","twitter_card":"summary_large_image","twitter_creator":"@KapitalisInfo","twitter_site":"@KapitalisInfo","twitter_misc":{"\u00c9crit par":"Cherif Benyounes","Dur\u00e9e de lecture estim\u00e9e":"2 minutes"},"schema":{"@context":"https:\/\/schema.org","@graph":[{"@type":"Article","@id":"https:\/\/kapitalis.com\/tunisie\/2019\/11\/21\/tozeur-abrite-le-forum-international-pour-promouvoir-les-dattes-tunisiennes\/#article","isPartOf":{"@id":"https:\/\/kapitalis.com\/tunisie\/2019\/11\/21\/tozeur-abrite-le-forum-international-pour-promouvoir-les-dattes-tunisiennes\/"},"author":{"name":"Cherif Benyounes","@id":"https:\/\/kapitalis.com\/tunisie\/#\/schema\/person\/b35b8d631961131107263178aeb8019e"},"headline":"Tozeur abrite le Forum international pour promouvoir les dattes tunisiennes","datePublished":"2019-11-21T15:50:33+00:00","dateModified":"2019-11-21T16:29:39+00:00","mainEntityOfPage":{"@id":"https:\/\/kapitalis.com\/tunisie\/2019\/11\/21\/tozeur-abrite-le-forum-international-pour-promouvoir-les-dattes-tunisiennes\/"},"wordCount":468,"commentCount":0,"publisher":{"@id":"https:\/\/kapitalis.com\/tunisie\/#organization"},"image":{"@id":"https:\/\/kapitalis.com\/tunisie\/2019\/11\/21\/tozeur-abrite-le-forum-international-pour-promouvoir-les-dattes-tunisiennes\/#primaryimage"},"thumbnailUrl":"","keywords":["Aymen Bejaoui","Slim Feriani","Tozeur"],"articleSection":["ECONOMIE","Tunisie"],"inLanguage":"fr-FR","potentialAction":[{"@type":"CommentAction","name":"Comment","target":["https:\/\/kapitalis.com\/tunisie\/2019\/11\/21\/tozeur-abrite-le-forum-international-pour-promouvoir-les-dattes-tunisiennes\/#respond"]}]},{"@type":"WebPage","@id":"https:\/\/kapitalis.com\/tunisie\/2019\/11\/21\/tozeur-abrite-le-forum-international-pour-promouvoir-les-dattes-tunisiennes\/","url":"https:\/\/kapitalis.com\/tunisie\/2019\/11\/21\/tozeur-abrite-le-forum-international-pour-promouvoir-les-dattes-tunisiennes\/","name":"Tozeur abrite le Forum international pour promouvoir les dattes tunisiennes - Kapitalis","isPartOf":{"@id":"https:\/\/kapitalis.com\/tunisie\/#website"},"primaryImageOfPage":{"@id":"https:\/\/kapitalis.com\/tunisie\/2019\/11\/21\/tozeur-abrite-le-forum-international-pour-promouvoir-les-dattes-tunisiennes\/#primaryimage"},"image":{"@id":"https:\/\/kapitalis.com\/tunisie\/2019\/11\/21\/tozeur-abrite-le-forum-international-pour-promouvoir-les-dattes-tunisiennes\/#primaryimage"},"thumbnailUrl":"","datePublished":"2019-11-21T15:50:33+00:00","dateModified":"2019-11-21T16:29:39+00:00","breadcrumb":{"@id":"https:\/\/kapitalis.com\/tunisie\/2019\/11\/21\/tozeur-abrite-le-forum-international-pour-promouvoir-les-dattes-tunisiennes\/#breadcrumb"},"inLanguage":"fr-FR","potentialAction":[{"@type":"ReadAction","target":["https:\/\/kapitalis.com\/tunisie\/2019\/11\/21\/tozeur-abrite-le-forum-international-pour-promouvoir-les-dattes-tunisiennes\/"]}]},{"@type":"ImageObject","inLanguage":"fr-FR","@id":"https:\/\/kapitalis.com\/tunisie\/2019\/11\/21\/tozeur-abrite-le-forum-international-pour-promouvoir-les-dattes-tunisiennes\/#primaryimage","url":"","contentUrl":""},{"@type":"BreadcrumbList","@id":"https:\/\/kapitalis.com\/tunisie\/2019\/11\/21\/tozeur-abrite-le-forum-international-pour-promouvoir-les-dattes-tunisiennes\/#breadcrumb","itemListElement":[{"@type":"ListItem","position":1,"name":"Accueil","item":"https:\/\/kapitalis.com\/tunisie\/"},{"@type":"ListItem","position":2,"name":"Tozeur abrite le Forum international pour promouvoir les dattes tunisiennes"}]},{"@type":"WebSite","@id":"https:\/\/kapitalis.com\/tunisie\/#website","url":"https:\/\/kapitalis.com\/tunisie\/","name":"Kapitalis","description":"L&#039;actualit\u00e9 en Tunisie et dans le monde","publisher":{"@id":"https:\/\/kapitalis.com\/tunisie\/#organization"},"potentialAction":[{"@type":"SearchAction","target":{"@type":"EntryPoint","urlTemplate":"https:\/\/kapitalis.com\/tunisie\/?s={search_term_string}"},"query-input":{"@type":"PropertyValueSpecification","valueRequired":true,"valueName":"search_term_string"}}],"inLanguage":"fr-FR"},{"@type":"Organization","@id":"https:\/\/kapitalis.com\/tunisie\/#organization","name":"Kapitalis","url":"https:\/\/kapitalis.com\/tunisie\/","logo":{"@type":"ImageObject","inLanguage":"fr-FR","@id":"https:\/\/kapitalis.com\/tunisie\/#\/schema\/logo\/image\/","url":"https:\/\/kapitalis.com\/tunisie\/wp-content\/uploads\/2022\/05\/Kapitalis-big-size.png","contentUrl":"https:\/\/kapitalis.com\/tunisie\/wp-content\/uploads\/2022\/05\/Kapitalis-big-size.png","width":5000,"height":1500,"caption":"Kapitalis"},"image":{"@id":"https:\/\/kapitalis.com\/tunisie\/#\/schema\/logo\/image\/"},"sameAs":["https:\/\/www.facebook.com\/KapitalisInfo\/","https:\/\/x.com\/KapitalisInfo","https:\/\/www.youtube.com\/channel\/UC-yDYrHyfFBWWZaOw3FPg9Q"]},{"@type":"Person","@id":"https:\/\/kapitalis.com\/tunisie\/#\/schema\/person\/b35b8d631961131107263178aeb8019e","name":"Cherif Benyounes","url":"https:\/\/kapitalis.com\/tunisie\/author\/cherif\/"}]}},"_links":{"self":[{"href":"https:\/\/kapitalis.com\/tunisie\/wp-json\/wp\/v2\/posts\/257624","targetHints":{"allow":["GET"]}}],"collection":[{"href":"https:\/\/kapitalis.com\/tunisie\/wp-json\/wp\/v2\/posts"}],"about":[{"href":"https:\/\/kapitalis.com\/tunisie\/wp-json\/wp\/v2\/types\/post"}],"author":[{"embeddable":true,"href":"https:\/\/kapitalis.com\/tunisie\/wp-json\/wp\/v2\/users\/24"}],"replies":[{"embeddable":true,"href":"https:\/\/kapitalis.com\/tunisie\/wp-json\/wp\/v2\/comments?post=257624"}],"version-history":[{"count":0,"href":"https:\/\/kapitalis.com\/tunisie\/wp-json\/wp\/v2\/posts\/257624\/revisions"}],"wp:featuredmedia":[{"embeddable":true,"href":"https:\/\/kapitalis.com\/tunisie\/wp-json\/wp\/v2\/media\/257641"}],"wp:attachment":[{"href":"https:\/\/kapitalis.com\/tunisie\/wp-json\/wp\/v2\/media?parent=257624"}],"wp:term":[{"taxonomy":"category","embeddable":true,"href":"https:\/\/kapitalis.com\/tunisie\/wp-json\/wp\/v2\/categories?post=257624"},{"taxonomy":"post_tag","embeddable":true,"href":"https:\/\/kapitalis.com\/tunisie\/wp-json\/wp\/v2\/tags?post=257624"}],"curies":[{"name":"wp","href":"https:\/\/api.w.org\/{rel}","templated":true}]}}