{"id":2576915,"date":"2022-07-29T08:59:18","date_gmt":"2022-07-29T07:59:18","guid":{"rendered":"https:\/\/kapitalis.com\/tunisie\/?p=2576915"},"modified":"2022-07-29T08:59:20","modified_gmt":"2022-07-29T07:59:20","slug":"tunisie-que-mijote-kais-saied-pour-les-legislatives","status":"publish","type":"post","link":"https:\/\/kapitalis.com\/tunisie\/2022\/07\/29\/tunisie-que-mijote-kais-saied-pour-les-legislatives\/","title":{"rendered":"Tunisie\u00a0: Que mijote Ka\u00efs Sa\u00efed pour les l\u00e9gislatives\u00a0? \u00a0"},"content":{"rendered":"\n<p><strong><em>Dans sa d\u00e9claration d&rsquo;hier, vendredi 29 juillet 2022, le secr\u00e9taire d\u2019Etat am\u00e9ricain Antony Blinken a appel\u00e9 les autorit\u00e9s tunisiennes \u00e0 \u00abl\u2019adoption rapide d\u2019une loi \u00e9lectorale inclusive qui facilite la participation la plus large possible aux \u00e9lections l\u00e9gislatives pr\u00e9vues en d\u00e9cembre\u00bb, toute en soulignant la n\u00e9cessit\u00e9 d\u2019\u00abinclure ceux qui se sont oppos\u00e9s ou ont boycott\u00e9 le r\u00e9f\u00e9rendum constitutionnel\u00bb. Cette insistance devrait nous interpeller et, surtout, faire r\u00e9fl\u00e9chir le pr\u00e9sident de la r\u00e9publique Ka\u00efs Sa\u00efed. \u00a0<\/em><\/strong><\/p>\n\n\n\n<p>Par <strong>Ridha Kefi<\/strong><\/p>\n\n\n\n<!--more-->\n\n\n<div class=\"wp-block-image\">\n<figure class=\"alignleft size-full\"><img decoding=\"async\" src=\"http:\/\/kapitalis.com\/tunisie\/wp-content\/uploads\/2019\/03\/Ridha-Kefi.jpg\" alt=\"\" class=\"wp-image-203122\"\/><\/figure>\n<\/div>\n\n\n<p>Si, \u00e0 chaque fois qu\u2019ils \u00e9voquent la situation politique en Tunisie, les dirigeants \u00e9tats-uniens utilisent souvent les m\u00eames expressions&nbsp;comme <em>\u00abprocessus de r\u00e9forme inclusif et transparent\u00bb<\/em> ou <em>\u00abrestauration de la confiance\u00bb<\/em>, c\u2019est parce qu\u2019ils estiment que le processus initi\u00e9 depuis le 25 juillet 2021 par le pr\u00e9sident Sa\u00efed est fond\u00e9 sur l\u2019exclusion de pans entiers de la soci\u00e9t\u00e9, remonte certaines cat\u00e9gories de la population contre d\u2019autres et alimente les discours de haine, qui, si on n\u2019y prend pas garde \u00e0 temps, pourraient d\u00e9g\u00e9n\u00e9rer en violences, ce que ni les Etats-Unis ni \u00e0 fortiori l\u2019Union europ\u00e9enne ne souhaitent voir se d\u00e9velopper en Tunisie, un pays alli\u00e9 de longue date du monde occidental et qui est situ\u00e9 au c\u0153ur d\u2019une r\u00e9gion o\u00f9 les tensions g\u00e9opolitiques ne manquent pas.<\/p>\n\n\n\n<h2 class=\"wp-block-heading\">La loi \u00e9lectorale au c\u0153ur de la man\u0153uvre &nbsp;&nbsp;<\/h2>\n\n\n\n<p>Sa d\u00e9claration d\u2019hier, Blinken l\u2019a ax\u00e9e, \u00e0 juste titre, sur la loi \u00e9lectorale que pr\u00e9pare le pr\u00e9sident Sa\u00efed et qui, comme toutes ses pr\u00e9c\u00e9dentes initiatives, risque d\u2019\u00eatre conforme \u00e0 ses desideratas et impos\u00e9e au reste de la classe politique, en dehors de tout d\u00e9bat digne de ce nom. C\u2019est l\u00e0 d\u2019ailleurs la crainte exprim\u00e9e par Washington qui, par la voix m\u00eame de son secr\u00e9taire d\u2019Etat, appelle \u00e0 ce que le texte de loi en pr\u00e9paration inclut aussi <em>\u00ables millions de Tunisiens qui n\u2019ont pas particip\u00e9 au r\u00e9f\u00e9rendum ou se sont oppos\u00e9s \u00e0 la nouvelle constitution\u00bb<\/em>.<\/p>\n\n\n\n<figure class=\"wp-block-embed is-type-wp-embed is-provider-kapitalis wp-block-embed-kapitalis\"><div class=\"wp-block-embed__wrapper\">\n<blockquote class=\"wp-embedded-content\" data-secret=\"FJbfeqklH9\"><a href=\"https:\/\/kapitalis.com\/tunisie\/2022\/07\/29\/antony-blinken-exprime-linquietude-des-etats-unis-sur-la-situation-en-tunisie\/\">Antony Blinken exprime l\u2019inqui\u00e9tude des Etats-Unis sur la situation en Tunisie<\/a><\/blockquote><iframe loading=\"lazy\" class=\"wp-embedded-content\" sandbox=\"allow-scripts\" security=\"restricted\" style=\"position: absolute; clip: rect(1px, 1px, 1px, 1px);\" title=\"\u00ab\u00a0Antony Blinken exprime l\u2019inqui\u00e9tude des Etats-Unis sur la situation en Tunisie\u00a0\u00bb &#8212; Kapitalis\" src=\"https:\/\/kapitalis.com\/tunisie\/2022\/07\/29\/antony-blinken-exprime-linquietude-des-etats-unis-sur-la-situation-en-tunisie\/embed\/#?secret=H51WG3xKqG#?secret=FJbfeqklH9\" data-secret=\"FJbfeqklH9\" width=\"600\" height=\"338\" frameborder=\"0\" marginwidth=\"0\" marginheight=\"0\" scrolling=\"no\"><\/iframe>\n<\/div><\/figure>\n\n\n\n<p>Mais le probl\u00e8me avec Sa\u00efed c\u2019est qu\u2019il ne surprend que ceux qui lui attribuent des qualit\u00e9s et des vertus qu\u2019il n\u2019a pas et projettent sur lui leurs r\u00eaves \u00e9veill\u00e9s, alors que l\u2019homme a toujours \u00e9t\u00e9 \u00e9gal \u00e0 lui-m\u00eame et n\u2019a jamais fait myst\u00e8re de son orientation id\u00e9ologique ouvertement conservatrice, nationaliste arabe, islamo-salafiste et, plus grave encore, autoritaire. Et dans ce contexte, une lecture attentive de la nouvelle constitution suffit \u00e0 d\u00e9busquer, chez lui, toutes ces tendances r\u00e9trogrades contre lesquelles on avait cru, un peu rapidement, nous autres Tunisien(ne)s, \u00eatre d\u00e9finitivement vaccin\u00e9s.<\/p>\n\n\n\n<h2 class=\"wp-block-heading\">Ennahdha et le PDL dans le viseur<\/h2>\n\n\n\n<p>Sur un autre plan, Sa\u00efed a, dans plusieurs d\u00e9clarations, fait part de sa volont\u00e9 d\u2019emp\u00eacher certains partis et mouvements politiques, bannis par lui, de continuer \u00e0 participer \u00e0 la vie politique dans le pays. Et ces partis, on les devine facilement&nbsp;: outre Ennahdha, dont il cherche \u00e0 r\u00e9cup\u00e9rer la base conservatrice pour en faire sa force de frappe \u00e9lectorale (elle l\u2019est d\u2019ailleurs d\u00e9j\u00e0 depuis 2019, m\u00eame si certains analystes frapp\u00e9s de c\u00e9cit\u00e9 persistent \u00e0 ne pas le voir), c\u2019est le Parti destourien libre (PDL) et son incontournable pr\u00e9sidente Abir Moussi, qui sont aujourd\u2019hui dans le viseur de Sa\u00efed, les deux premiers partis en Tunisie qu\u2019une ou deux lignes dans la nouvelle loi \u00e9lectorale suffiraient \u00e0 faire dispara\u00eetre du tableau de bord des \u00e9lecteurs.<\/p>\n\n\n\n<p>Pour Ennahdha, l\u2019argument qui sera utilis\u00e9 pour mettre ses dirigeants hors circuit est tout trouv\u00e9&nbsp;: ce parti a particip\u00e9 \u00e0 tous les gouvernements qui se sont succ\u00e9d\u00e9 au cours de la <em>\u00abd\u00e9cennie noire\u00bb<\/em> (2011-2021).<\/p>\n\n\n\n<p>Pour mettre hors circuit les Destouriens, il suffit de stipuler, dans la nouvelle loi \u00e9lectorale, que les rescap\u00e9s de l\u2019ancien r\u00e9gime contre lequel la r\u00e9volution de 2011 a eu lieu n\u2019ont pas le droit de se pr\u00e9senter aux \u00e9lections. Abir Moussi a d\u2019ailleurs pressenti cette menace et a alert\u00e9 l\u2019opinion publique sur les <em>\u00abbons projets\u00bb<\/em> que mijote Sa\u00efed contre elle et son parti, lequel, faut-il le rappeler, est en t\u00eate des intentions de vote pour les l\u00e9gislatives dans tous les sondages d\u2019opinion depuis 2020. Et tr\u00e8s loin devant les autres partis.<\/p>\n\n\n\n<figure class=\"wp-block-embed is-type-wp-embed is-provider-kapitalis wp-block-embed-kapitalis\"><div class=\"wp-block-embed__wrapper\">\n<blockquote class=\"wp-embedded-content\" data-secret=\"Rnk1Rb3n16\"><a href=\"https:\/\/kapitalis.com\/tunisie\/2022\/05\/19\/abir-moussi-kais-saied-veut-changer-la-loi-electorale-pour-mempecher-de-gouverner\/\">Abir Moussi : \u00abKa\u00efs Sa\u00efed veut changer la loi \u00e9lectorale pour m&#8217;emp\u00eacher de gouverner\u00bb<\/a><\/blockquote><iframe loading=\"lazy\" class=\"wp-embedded-content\" sandbox=\"allow-scripts\" security=\"restricted\" style=\"position: absolute; clip: rect(1px, 1px, 1px, 1px);\" title=\"\u00ab\u00a0Abir Moussi : \u00abKa\u00efs Sa\u00efed veut changer la loi \u00e9lectorale pour m&#8217;emp\u00eacher de gouverner\u00bb\u00a0\u00bb &#8212; Kapitalis\" src=\"https:\/\/kapitalis.com\/tunisie\/2022\/05\/19\/abir-moussi-kais-saied-veut-changer-la-loi-electorale-pour-mempecher-de-gouverner\/embed\/#?secret=SO1pmslxEU#?secret=Rnk1Rb3n16\" data-secret=\"Rnk1Rb3n16\" width=\"600\" height=\"338\" frameborder=\"0\" marginwidth=\"0\" marginheight=\"0\" scrolling=\"no\"><\/iframe>\n<\/div><\/figure>\n\n\n\n<h2 class=\"wp-block-heading\">Une opposition \u00e0 la carte<\/h2>\n\n\n\n<p>M\u00eame s\u2019il a pris soin de limiter au maximum les pouvoirs de l\u2019Assembl\u00e9e dans <em>\u00absa\u00bb<\/em> nouvelle constitution, Sa\u00efed, qui compte perdurer longtemps \u00e0 son poste, pr\u00e9f\u00e8re ne pas avoir une majorit\u00e9 PDL au Bardo avec une tonitruante Abir Moussi pour contrer toutes ses d\u00e9cisions, tourner en d\u00e9rision ses d\u00e9clarations et lui faire subir le triste sort de Rached Ghannouchi, pr\u00e9sident d\u2019Ennahdha, transform\u00e9 en punching ball durant dans la pr\u00e9c\u00e9dente l\u00e9gislature. Ne pouvant l\u2019exclure \u00e0 la r\u00e9guli\u00e8re, c\u2019est-\u00e0-dire par les urnes, Sa\u00efed pourrait \u00eatre tent\u00e9 de lui barrer la route par une de ces entourloupes juridique dont il a le secret. Dans cet exercice, dont la malhonn\u00eatet\u00e9 le dispute \u00e0 la l\u00e2chet\u00e9, il y a un prestigieux pionnier : Zine El-Abidine Ben Ali qui avait excell\u00e9 dans l&rsquo;art de s\u00e9lectionner lui-m\u00eame ses opposants&#8230; par la <em>\u00abloi\u00bb<\/em>.<\/p>\n\n\n\n<p>C\u2019est contre une telle d\u00e9rive que Blinken a cru devoir avertir l\u2019opinion publique tunisienne en appelant, dans sa d\u00e9claration d\u2019hier, les autorit\u00e9s tunisiennes, \u00e0 <em>\u00abl\u2019adoption rapide d\u2019une loi \u00e9lectorale inclusive qui facilite la participation la plus large possible aux \u00e9lections l\u00e9gislatives pr\u00e9vues en d\u00e9cembre\u00bb<\/em> et en insistant sur la n\u00e9cessit\u00e9 d\u2019<em>\u00abinclure ceux qui se sont oppos\u00e9s ou ont boycott\u00e9 le r\u00e9f\u00e9rendum constitutionnel\u00bb.<\/em> <\/p>\n\n\n\n<p>Reste \u00e0 savoir si son appel sera entendu par celui qui, jusque-l\u00e0, n\u2019a jamais \u00e9cout\u00e9 que lui-m\u00eame. Et mon petit doigt me dit que, dans ce contexte, le pire est encore \u00e0 venir\u2026<\/p>\n","protected":false},"excerpt":{"rendered":"<p>Sa d\u00e9claration d\u2019hier, Blinken l\u2019a ax\u00e9e, \u00e0 juste titre, sur la loi \u00e9lectorale que pr\u00e9pare le pr\u00e9sident Sa\u00efed et qui risque d\u2019\u00eatre conforme \u00e0 ses desideratas et impos\u00e9e au reste de la classe politique, en dehors de tout d\u00e9bat digne de ce nom. <\/p>\n","protected":false},"author":8,"featured_media":2076830,"comment_status":"open","ping_status":"open","sticky":false,"template":"","format":"standard","meta":{"footnotes":""},"categories":[992,997,2433],"tags":[15144,86938,49543,75918,76012,23927,758,84419,62643],"class_list":["post-2576915","post","type-post","status-publish","format-standard","has-post-thumbnail","hentry","category-a-la-une","category-politique","category-tunisie","tag-abir-moussi","tag-antony-blinken","tag-ennahdha","tag-etats-unis-2","tag-kais-saied-2","tag-parti-destourien-libre","tag-rached-ghannouchi","tag-ridha-kefi-2","tag-tunisie"],"yoast_head":"<!-- This site is optimized with the Yoast SEO plugin v26.6 - https:\/\/yoast.com\/wordpress\/plugins\/seo\/ -->\n<title>Tunisie\u00a0: Que mijote Ka\u00efs Sa\u00efed pour les l\u00e9gislatives\u00a0? \u00a0 - Kapitalis<\/title>\n<meta name=\"robots\" content=\"index, follow, max-snippet:-1, max-image-preview:large, max-video-preview:-1\" \/>\n<link rel=\"canonical\" href=\"https:\/\/kapitalis.com\/tunisie\/2022\/07\/29\/tunisie-que-mijote-kais-saied-pour-les-legislatives\/\" \/>\n<meta property=\"og:locale\" content=\"fr_FR\" \/>\n<meta property=\"og:type\" content=\"article\" \/>\n<meta property=\"og:title\" content=\"Tunisie\u00a0: Que mijote Ka\u00efs Sa\u00efed pour les l\u00e9gislatives\u00a0? \u00a0 - Kapitalis\" \/>\n<meta property=\"og:description\" content=\"Sa d\u00e9claration d\u2019hier, Blinken l\u2019a ax\u00e9e, \u00e0 juste titre, sur la loi \u00e9lectorale que pr\u00e9pare le pr\u00e9sident Sa\u00efed et qui risque d\u2019\u00eatre conforme \u00e0 ses desideratas et impos\u00e9e au reste de la classe politique, en dehors de tout d\u00e9bat digne de ce nom.\" \/>\n<meta property=\"og:url\" content=\"https:\/\/kapitalis.com\/tunisie\/2022\/07\/29\/tunisie-que-mijote-kais-saied-pour-les-legislatives\/\" \/>\n<meta property=\"og:site_name\" content=\"Kapitalis\" \/>\n<meta property=\"article:publisher\" content=\"https:\/\/www.facebook.com\/KapitalisInfo\/\" \/>\n<meta property=\"article:published_time\" content=\"2022-07-29T07:59:18+00:00\" \/>\n<meta property=\"article:modified_time\" content=\"2022-07-29T07:59:20+00:00\" \/>\n<meta property=\"og:image\" content=\"https:\/\/kapitalis.com\/tunisie\/wp-content\/uploads\/2022\/07\/Kais-Saied-Parchemin.jpg\" \/>\n\t<meta property=\"og:image:width\" content=\"1200\" \/>\n\t<meta property=\"og:image:height\" content=\"630\" \/>\n\t<meta property=\"og:image:type\" content=\"image\/jpeg\" \/>\n<meta name=\"author\" content=\"webmaster kapitalis\" \/>\n<meta name=\"twitter:card\" content=\"summary_large_image\" \/>\n<meta name=\"twitter:creator\" content=\"@KapitalisInfo\" \/>\n<meta name=\"twitter:site\" content=\"@KapitalisInfo\" \/>\n<meta name=\"twitter:label1\" content=\"\u00c9crit par\" \/>\n\t<meta name=\"twitter:data1\" content=\"webmaster kapitalis\" \/>\n\t<meta name=\"twitter:label2\" content=\"Dur\u00e9e de lecture estim\u00e9e\" \/>\n\t<meta name=\"twitter:data2\" content=\"5 minutes\" \/>\n<script type=\"application\/ld+json\" class=\"yoast-schema-graph\">{\"@context\":\"https:\/\/schema.org\",\"@graph\":[{\"@type\":\"Article\",\"@id\":\"https:\/\/kapitalis.com\/tunisie\/2022\/07\/29\/tunisie-que-mijote-kais-saied-pour-les-legislatives\/#article\",\"isPartOf\":{\"@id\":\"https:\/\/kapitalis.com\/tunisie\/2022\/07\/29\/tunisie-que-mijote-kais-saied-pour-les-legislatives\/\"},\"author\":{\"name\":\"webmaster kapitalis\",\"@id\":\"https:\/\/kapitalis.com\/tunisie\/#\/schema\/person\/d71f33a9ca44f7bad4698210b480c8e9\"},\"headline\":\"Tunisie\u00a0: Que mijote Ka\u00efs Sa\u00efed pour les l\u00e9gislatives\u00a0? \u00a0\",\"datePublished\":\"2022-07-29T07:59:18+00:00\",\"dateModified\":\"2022-07-29T07:59:20+00:00\",\"mainEntityOfPage\":{\"@id\":\"https:\/\/kapitalis.com\/tunisie\/2022\/07\/29\/tunisie-que-mijote-kais-saied-pour-les-legislatives\/\"},\"wordCount\":1046,\"commentCount\":9,\"publisher\":{\"@id\":\"https:\/\/kapitalis.com\/tunisie\/#organization\"},\"image\":{\"@id\":\"https:\/\/kapitalis.com\/tunisie\/2022\/07\/29\/tunisie-que-mijote-kais-saied-pour-les-legislatives\/#primaryimage\"},\"thumbnailUrl\":\"https:\/\/kapitalis.com\/tunisie\/wp-content\/uploads\/2022\/07\/Kais-Saied-Parchemin.jpg\",\"keywords\":[\"Abir Moussi\",\"Antony Blinken\",\"Ennahdha\",\"Etats-Unis\",\"Ka\u00efs Sa\u00efed\",\"Parti destourien libre\",\"Rached Ghannouchi\",\"Ridha K\u00e9fi\",\"Tunisie\"],\"articleSection\":[\"A LA UNE\",\"POLITIQUE\",\"Tunisie\"],\"inLanguage\":\"fr-FR\",\"potentialAction\":[{\"@type\":\"CommentAction\",\"name\":\"Comment\",\"target\":[\"https:\/\/kapitalis.com\/tunisie\/2022\/07\/29\/tunisie-que-mijote-kais-saied-pour-les-legislatives\/#respond\"]}]},{\"@type\":\"WebPage\",\"@id\":\"https:\/\/kapitalis.com\/tunisie\/2022\/07\/29\/tunisie-que-mijote-kais-saied-pour-les-legislatives\/\",\"url\":\"https:\/\/kapitalis.com\/tunisie\/2022\/07\/29\/tunisie-que-mijote-kais-saied-pour-les-legislatives\/\",\"name\":\"Tunisie\u00a0: Que mijote Ka\u00efs Sa\u00efed pour les l\u00e9gislatives\u00a0? \u00a0 - Kapitalis\",\"isPartOf\":{\"@id\":\"https:\/\/kapitalis.com\/tunisie\/#website\"},\"primaryImageOfPage\":{\"@id\":\"https:\/\/kapitalis.com\/tunisie\/2022\/07\/29\/tunisie-que-mijote-kais-saied-pour-les-legislatives\/#primaryimage\"},\"image\":{\"@id\":\"https:\/\/kapitalis.com\/tunisie\/2022\/07\/29\/tunisie-que-mijote-kais-saied-pour-les-legislatives\/#primaryimage\"},\"thumbnailUrl\":\"https:\/\/kapitalis.com\/tunisie\/wp-content\/uploads\/2022\/07\/Kais-Saied-Parchemin.jpg\",\"datePublished\":\"2022-07-29T07:59:18+00:00\",\"dateModified\":\"2022-07-29T07:59:20+00:00\",\"breadcrumb\":{\"@id\":\"https:\/\/kapitalis.com\/tunisie\/2022\/07\/29\/tunisie-que-mijote-kais-saied-pour-les-legislatives\/#breadcrumb\"},\"inLanguage\":\"fr-FR\",\"potentialAction\":[{\"@type\":\"ReadAction\",\"target\":[\"https:\/\/kapitalis.com\/tunisie\/2022\/07\/29\/tunisie-que-mijote-kais-saied-pour-les-legislatives\/\"]}]},{\"@type\":\"ImageObject\",\"inLanguage\":\"fr-FR\",\"@id\":\"https:\/\/kapitalis.com\/tunisie\/2022\/07\/29\/tunisie-que-mijote-kais-saied-pour-les-legislatives\/#primaryimage\",\"url\":\"https:\/\/kapitalis.com\/tunisie\/wp-content\/uploads\/2022\/07\/Kais-Saied-Parchemin.jpg\",\"contentUrl\":\"https:\/\/kapitalis.com\/tunisie\/wp-content\/uploads\/2022\/07\/Kais-Saied-Parchemin.jpg\",\"width\":1200,\"height\":630},{\"@type\":\"BreadcrumbList\",\"@id\":\"https:\/\/kapitalis.com\/tunisie\/2022\/07\/29\/tunisie-que-mijote-kais-saied-pour-les-legislatives\/#breadcrumb\",\"itemListElement\":[{\"@type\":\"ListItem\",\"position\":1,\"name\":\"Accueil\",\"item\":\"https:\/\/kapitalis.com\/tunisie\/\"},{\"@type\":\"ListItem\",\"position\":2,\"name\":\"Tunisie\u00a0: Que mijote Ka\u00efs Sa\u00efed pour les l\u00e9gislatives\u00a0? \u00a0\"}]},{\"@type\":\"WebSite\",\"@id\":\"https:\/\/kapitalis.com\/tunisie\/#website\",\"url\":\"https:\/\/kapitalis.com\/tunisie\/\",\"name\":\"Kapitalis\",\"description\":\"L&#039;actualit\u00e9 en Tunisie et dans le monde\",\"publisher\":{\"@id\":\"https:\/\/kapitalis.com\/tunisie\/#organization\"},\"potentialAction\":[{\"@type\":\"SearchAction\",\"target\":{\"@type\":\"EntryPoint\",\"urlTemplate\":\"https:\/\/kapitalis.com\/tunisie\/?s={search_term_string}\"},\"query-input\":{\"@type\":\"PropertyValueSpecification\",\"valueRequired\":true,\"valueName\":\"search_term_string\"}}],\"inLanguage\":\"fr-FR\"},{\"@type\":\"Organization\",\"@id\":\"https:\/\/kapitalis.com\/tunisie\/#organization\",\"name\":\"Kapitalis\",\"url\":\"https:\/\/kapitalis.com\/tunisie\/\",\"logo\":{\"@type\":\"ImageObject\",\"inLanguage\":\"fr-FR\",\"@id\":\"https:\/\/kapitalis.com\/tunisie\/#\/schema\/logo\/image\/\",\"url\":\"https:\/\/kapitalis.com\/tunisie\/wp-content\/uploads\/2022\/05\/Kapitalis-big-size.png\",\"contentUrl\":\"https:\/\/kapitalis.com\/tunisie\/wp-content\/uploads\/2022\/05\/Kapitalis-big-size.png\",\"width\":5000,\"height\":1500,\"caption\":\"Kapitalis\"},\"image\":{\"@id\":\"https:\/\/kapitalis.com\/tunisie\/#\/schema\/logo\/image\/\"},\"sameAs\":[\"https:\/\/www.facebook.com\/KapitalisInfo\/\",\"https:\/\/x.com\/KapitalisInfo\",\"https:\/\/www.youtube.com\/channel\/UC-yDYrHyfFBWWZaOw3FPg9Q\"]},{\"@type\":\"Person\",\"@id\":\"https:\/\/kapitalis.com\/tunisie\/#\/schema\/person\/d71f33a9ca44f7bad4698210b480c8e9\",\"name\":\"webmaster kapitalis\",\"url\":\"https:\/\/kapitalis.com\/tunisie\/author\/webmaster-kapitalis\/\"}]}<\/script>\n<!-- \/ Yoast SEO plugin. -->","yoast_head_json":{"title":"Tunisie\u00a0: Que mijote Ka\u00efs Sa\u00efed pour les l\u00e9gislatives\u00a0? \u00a0 - Kapitalis","robots":{"index":"index","follow":"follow","max-snippet":"max-snippet:-1","max-image-preview":"max-image-preview:large","max-video-preview":"max-video-preview:-1"},"canonical":"https:\/\/kapitalis.com\/tunisie\/2022\/07\/29\/tunisie-que-mijote-kais-saied-pour-les-legislatives\/","og_locale":"fr_FR","og_type":"article","og_title":"Tunisie\u00a0: Que mijote Ka\u00efs Sa\u00efed pour les l\u00e9gislatives\u00a0? \u00a0 - Kapitalis","og_description":"Sa d\u00e9claration d\u2019hier, Blinken l\u2019a ax\u00e9e, \u00e0 juste titre, sur la loi \u00e9lectorale que pr\u00e9pare le pr\u00e9sident Sa\u00efed et qui risque d\u2019\u00eatre conforme \u00e0 ses desideratas et impos\u00e9e au reste de la classe politique, en dehors de tout d\u00e9bat digne de ce nom.","og_url":"https:\/\/kapitalis.com\/tunisie\/2022\/07\/29\/tunisie-que-mijote-kais-saied-pour-les-legislatives\/","og_site_name":"Kapitalis","article_publisher":"https:\/\/www.facebook.com\/KapitalisInfo\/","article_published_time":"2022-07-29T07:59:18+00:00","article_modified_time":"2022-07-29T07:59:20+00:00","og_image":[{"width":1200,"height":630,"url":"https:\/\/kapitalis.com\/tunisie\/wp-content\/uploads\/2022\/07\/Kais-Saied-Parchemin.jpg","type":"image\/jpeg"}],"author":"webmaster kapitalis","twitter_card":"summary_large_image","twitter_creator":"@KapitalisInfo","twitter_site":"@KapitalisInfo","twitter_misc":{"\u00c9crit par":"webmaster kapitalis","Dur\u00e9e de lecture estim\u00e9e":"5 minutes"},"schema":{"@context":"https:\/\/schema.org","@graph":[{"@type":"Article","@id":"https:\/\/kapitalis.com\/tunisie\/2022\/07\/29\/tunisie-que-mijote-kais-saied-pour-les-legislatives\/#article","isPartOf":{"@id":"https:\/\/kapitalis.com\/tunisie\/2022\/07\/29\/tunisie-que-mijote-kais-saied-pour-les-legislatives\/"},"author":{"name":"webmaster kapitalis","@id":"https:\/\/kapitalis.com\/tunisie\/#\/schema\/person\/d71f33a9ca44f7bad4698210b480c8e9"},"headline":"Tunisie\u00a0: Que mijote Ka\u00efs Sa\u00efed pour les l\u00e9gislatives\u00a0? \u00a0","datePublished":"2022-07-29T07:59:18+00:00","dateModified":"2022-07-29T07:59:20+00:00","mainEntityOfPage":{"@id":"https:\/\/kapitalis.com\/tunisie\/2022\/07\/29\/tunisie-que-mijote-kais-saied-pour-les-legislatives\/"},"wordCount":1046,"commentCount":9,"publisher":{"@id":"https:\/\/kapitalis.com\/tunisie\/#organization"},"image":{"@id":"https:\/\/kapitalis.com\/tunisie\/2022\/07\/29\/tunisie-que-mijote-kais-saied-pour-les-legislatives\/#primaryimage"},"thumbnailUrl":"https:\/\/kapitalis.com\/tunisie\/wp-content\/uploads\/2022\/07\/Kais-Saied-Parchemin.jpg","keywords":["Abir Moussi","Antony Blinken","Ennahdha","Etats-Unis","Ka\u00efs Sa\u00efed","Parti destourien libre","Rached Ghannouchi","Ridha K\u00e9fi","Tunisie"],"articleSection":["A LA UNE","POLITIQUE","Tunisie"],"inLanguage":"fr-FR","potentialAction":[{"@type":"CommentAction","name":"Comment","target":["https:\/\/kapitalis.com\/tunisie\/2022\/07\/29\/tunisie-que-mijote-kais-saied-pour-les-legislatives\/#respond"]}]},{"@type":"WebPage","@id":"https:\/\/kapitalis.com\/tunisie\/2022\/07\/29\/tunisie-que-mijote-kais-saied-pour-les-legislatives\/","url":"https:\/\/kapitalis.com\/tunisie\/2022\/07\/29\/tunisie-que-mijote-kais-saied-pour-les-legislatives\/","name":"Tunisie\u00a0: Que mijote Ka\u00efs Sa\u00efed pour les l\u00e9gislatives\u00a0? \u00a0 - Kapitalis","isPartOf":{"@id":"https:\/\/kapitalis.com\/tunisie\/#website"},"primaryImageOfPage":{"@id":"https:\/\/kapitalis.com\/tunisie\/2022\/07\/29\/tunisie-que-mijote-kais-saied-pour-les-legislatives\/#primaryimage"},"image":{"@id":"https:\/\/kapitalis.com\/tunisie\/2022\/07\/29\/tunisie-que-mijote-kais-saied-pour-les-legislatives\/#primaryimage"},"thumbnailUrl":"https:\/\/kapitalis.com\/tunisie\/wp-content\/uploads\/2022\/07\/Kais-Saied-Parchemin.jpg","datePublished":"2022-07-29T07:59:18+00:00","dateModified":"2022-07-29T07:59:20+00:00","breadcrumb":{"@id":"https:\/\/kapitalis.com\/tunisie\/2022\/07\/29\/tunisie-que-mijote-kais-saied-pour-les-legislatives\/#breadcrumb"},"inLanguage":"fr-FR","potentialAction":[{"@type":"ReadAction","target":["https:\/\/kapitalis.com\/tunisie\/2022\/07\/29\/tunisie-que-mijote-kais-saied-pour-les-legislatives\/"]}]},{"@type":"ImageObject","inLanguage":"fr-FR","@id":"https:\/\/kapitalis.com\/tunisie\/2022\/07\/29\/tunisie-que-mijote-kais-saied-pour-les-legislatives\/#primaryimage","url":"https:\/\/kapitalis.com\/tunisie\/wp-content\/uploads\/2022\/07\/Kais-Saied-Parchemin.jpg","contentUrl":"https:\/\/kapitalis.com\/tunisie\/wp-content\/uploads\/2022\/07\/Kais-Saied-Parchemin.jpg","width":1200,"height":630},{"@type":"BreadcrumbList","@id":"https:\/\/kapitalis.com\/tunisie\/2022\/07\/29\/tunisie-que-mijote-kais-saied-pour-les-legislatives\/#breadcrumb","itemListElement":[{"@type":"ListItem","position":1,"name":"Accueil","item":"https:\/\/kapitalis.com\/tunisie\/"},{"@type":"ListItem","position":2,"name":"Tunisie\u00a0: Que mijote Ka\u00efs Sa\u00efed pour les l\u00e9gislatives\u00a0? \u00a0"}]},{"@type":"WebSite","@id":"https:\/\/kapitalis.com\/tunisie\/#website","url":"https:\/\/kapitalis.com\/tunisie\/","name":"Kapitalis","description":"L&#039;actualit\u00e9 en Tunisie et dans le monde","publisher":{"@id":"https:\/\/kapitalis.com\/tunisie\/#organization"},"potentialAction":[{"@type":"SearchAction","target":{"@type":"EntryPoint","urlTemplate":"https:\/\/kapitalis.com\/tunisie\/?s={search_term_string}"},"query-input":{"@type":"PropertyValueSpecification","valueRequired":true,"valueName":"search_term_string"}}],"inLanguage":"fr-FR"},{"@type":"Organization","@id":"https:\/\/kapitalis.com\/tunisie\/#organization","name":"Kapitalis","url":"https:\/\/kapitalis.com\/tunisie\/","logo":{"@type":"ImageObject","inLanguage":"fr-FR","@id":"https:\/\/kapitalis.com\/tunisie\/#\/schema\/logo\/image\/","url":"https:\/\/kapitalis.com\/tunisie\/wp-content\/uploads\/2022\/05\/Kapitalis-big-size.png","contentUrl":"https:\/\/kapitalis.com\/tunisie\/wp-content\/uploads\/2022\/05\/Kapitalis-big-size.png","width":5000,"height":1500,"caption":"Kapitalis"},"image":{"@id":"https:\/\/kapitalis.com\/tunisie\/#\/schema\/logo\/image\/"},"sameAs":["https:\/\/www.facebook.com\/KapitalisInfo\/","https:\/\/x.com\/KapitalisInfo","https:\/\/www.youtube.com\/channel\/UC-yDYrHyfFBWWZaOw3FPg9Q"]},{"@type":"Person","@id":"https:\/\/kapitalis.com\/tunisie\/#\/schema\/person\/d71f33a9ca44f7bad4698210b480c8e9","name":"webmaster kapitalis","url":"https:\/\/kapitalis.com\/tunisie\/author\/webmaster-kapitalis\/"}]}},"_links":{"self":[{"href":"https:\/\/kapitalis.com\/tunisie\/wp-json\/wp\/v2\/posts\/2576915","targetHints":{"allow":["GET"]}}],"collection":[{"href":"https:\/\/kapitalis.com\/tunisie\/wp-json\/wp\/v2\/posts"}],"about":[{"href":"https:\/\/kapitalis.com\/tunisie\/wp-json\/wp\/v2\/types\/post"}],"author":[{"embeddable":true,"href":"https:\/\/kapitalis.com\/tunisie\/wp-json\/wp\/v2\/users\/8"}],"replies":[{"embeddable":true,"href":"https:\/\/kapitalis.com\/tunisie\/wp-json\/wp\/v2\/comments?post=2576915"}],"version-history":[{"count":0,"href":"https:\/\/kapitalis.com\/tunisie\/wp-json\/wp\/v2\/posts\/2576915\/revisions"}],"wp:featuredmedia":[{"embeddable":true,"href":"https:\/\/kapitalis.com\/tunisie\/wp-json\/wp\/v2\/media\/2076830"}],"wp:attachment":[{"href":"https:\/\/kapitalis.com\/tunisie\/wp-json\/wp\/v2\/media?parent=2576915"}],"wp:term":[{"taxonomy":"category","embeddable":true,"href":"https:\/\/kapitalis.com\/tunisie\/wp-json\/wp\/v2\/categories?post=2576915"},{"taxonomy":"post_tag","embeddable":true,"href":"https:\/\/kapitalis.com\/tunisie\/wp-json\/wp\/v2\/tags?post=2576915"}],"curies":[{"name":"wp","href":"https:\/\/api.w.org\/{rel}","templated":true}]}}