{"id":2577205,"date":"2022-07-29T09:53:43","date_gmt":"2022-07-29T08:53:43","guid":{"rendered":"https:\/\/kapitalis.com\/tunisie\/?p=2577205"},"modified":"2022-07-29T09:53:46","modified_gmt":"2022-07-29T08:53:46","slug":"la-goulette-la-karraka-sapprete-a-accueillir-les-premiers-spectacles-de-lete","status":"publish","type":"post","link":"https:\/\/kapitalis.com\/tunisie\/2022\/07\/29\/la-goulette-la-karraka-sapprete-a-accueillir-les-premiers-spectacles-de-lete\/","title":{"rendered":"La Goulette : La Karraka s&rsquo;appr\u00eate \u00e0 accueillir les premiers spectacles de l&rsquo;\u00e9t\u00e9"},"content":{"rendered":"\n<p><em><strong>Le fort de la Goulette La karraka s\u2019appr\u00eate \u00e0 accueillir d\u00e8s ce soir les premiers spectacles de la saison estivale avec l\u2019ouverture de la premi\u00e8re \u00e9dition du Festival Les Brises de la M\u00e9diterran\u00e9e.<\/strong><\/em><\/p>\n\n\n\n<!--more-->\n\n\n\n<p>La municipalit\u00e9 de la Goulette m\u00e8ne depuis plusieurs semaines diff\u00e9rentes actions pour nettoyer les rues, la plage et le fort de la ville afin d\u2019accueillir les festivaliers dans les meilleures conditions.<\/p>\n\n\n\n<p>La Karraka, monument historique de la ville de la Goulette, ouvrira ce soir ses portes au grand public pour la toute premi\u00e8re soir\u00e9e de la saison estivale qui aura lieu dans le cadre du nouveau festival \u00ab&nbsp;<em>Les Brises de la M\u00e9diterran\u00e9e&nbsp;<\/em>\u00bb lanc\u00e9 par l\u2019acteur Slah Msadek.<\/p>\n\n\n\n<p>La soir\u00e9e d\u2019ouverture du Festival Brises de la M\u00e9diterran\u00e9e comprendra le spectacle de cirque \u00ab&nbsp;<em>Agacirque<\/em>&nbsp;\u00bb qui sera suivi par des hommages \u00e0 diff\u00e9rents artistes comme Jamel Sassi, Mariem Belhaj ou encore Hessine Mahnouch.<\/p>\n\n\n\n<p>La Karraka accueillera par la suite le Festival international m\u00e9diterran\u00e9en de La Goulette, pr\u00e9vu d\u2019avoir lieu au mois d\u2019ao\u00fbt.<\/p>\n\n\n\n<p class=\"has-text-align-right\"><strong>F.B<\/strong><\/p>\n","protected":false},"excerpt":{"rendered":"<p>Le fort de la Goulette La karraka s\u2019appr\u00eate \u00e0 accueillir d\u00e8s ce soir les premiers spectacles de la saison estivale avec l\u2019ouverture de la premi\u00e8re \u00e9dition du Festival Les Brises de la M\u00e9diterran\u00e9e.<\/p>\n","protected":false},"author":26,"featured_media":2577993,"comment_status":"open","ping_status":"open","sticky":false,"template":"","format":"standard","meta":{"footnotes":""},"categories":[994,2433],"tags":[101677,101608,2917,101676,62643],"class_list":["post-2577205","post","type-post","status-publish","format-standard","has-post-thumbnail","hentry","category-culture","category-tunisie","tag-ete-2022-a-la-goulette","tag-festival-brises-de-la-mediterranee","tag-la-goulette","tag-la-karraka","tag-tunisie"],"yoast_head":"<!-- This site is optimized with the Yoast SEO plugin v26.6 - https:\/\/yoast.com\/wordpress\/plugins\/seo\/ -->\n<title>La Goulette : La Karraka s&#039;appr\u00eate \u00e0 accueillir les premiers spectacles de l&#039;\u00e9t\u00e9 - Kapitalis<\/title>\n<meta name=\"robots\" content=\"index, follow, max-snippet:-1, max-image-preview:large, max-video-preview:-1\" \/>\n<link rel=\"canonical\" href=\"https:\/\/kapitalis.com\/tunisie\/2022\/07\/29\/la-goulette-la-karraka-sapprete-a-accueillir-les-premiers-spectacles-de-lete\/\" \/>\n<meta property=\"og:locale\" content=\"fr_FR\" \/>\n<meta property=\"og:type\" content=\"article\" \/>\n<meta property=\"og:title\" content=\"La Goulette : La Karraka s&#039;appr\u00eate \u00e0 accueillir les premiers spectacles de l&#039;\u00e9t\u00e9 - Kapitalis\" \/>\n<meta property=\"og:description\" content=\"Le fort de la Goulette La karraka s\u2019appr\u00eate \u00e0 accueillir d\u00e8s ce soir les premiers spectacles de la saison estivale avec l\u2019ouverture de la premi\u00e8re \u00e9dition du Festival Les Brises de la M\u00e9diterran\u00e9e.\" \/>\n<meta property=\"og:url\" content=\"https:\/\/kapitalis.com\/tunisie\/2022\/07\/29\/la-goulette-la-karraka-sapprete-a-accueillir-les-premiers-spectacles-de-lete\/\" \/>\n<meta property=\"og:site_name\" content=\"Kapitalis\" \/>\n<meta property=\"article:publisher\" content=\"https:\/\/www.facebook.com\/KapitalisInfo\/\" \/>\n<meta property=\"article:published_time\" content=\"2022-07-29T08:53:43+00:00\" \/>\n<meta property=\"article:modified_time\" content=\"2022-07-29T08:53:46+00:00\" \/>\n<meta property=\"og:image\" content=\"https:\/\/kapitalis.com\/tunisie\/wp-content\/uploads\/2022\/07\/Karraka-la-Goulette.jpg\" \/>\n\t<meta property=\"og:image:width\" content=\"1200\" \/>\n\t<meta property=\"og:image:height\" content=\"630\" \/>\n\t<meta property=\"og:image:type\" content=\"image\/jpeg\" \/>\n<meta name=\"author\" content=\"Fawz BenAli\" \/>\n<meta name=\"twitter:card\" content=\"summary_large_image\" \/>\n<meta name=\"twitter:creator\" content=\"@KapitalisInfo\" \/>\n<meta name=\"twitter:site\" content=\"@KapitalisInfo\" \/>\n<meta name=\"twitter:label1\" content=\"\u00c9crit par\" \/>\n\t<meta name=\"twitter:data1\" content=\"Fawz BenAli\" \/>\n\t<meta name=\"twitter:label2\" content=\"Dur\u00e9e de lecture estim\u00e9e\" \/>\n\t<meta name=\"twitter:data2\" content=\"1 minute\" \/>\n<script type=\"application\/ld+json\" class=\"yoast-schema-graph\">{\"@context\":\"https:\/\/schema.org\",\"@graph\":[{\"@type\":\"Article\",\"@id\":\"https:\/\/kapitalis.com\/tunisie\/2022\/07\/29\/la-goulette-la-karraka-sapprete-a-accueillir-les-premiers-spectacles-de-lete\/#article\",\"isPartOf\":{\"@id\":\"https:\/\/kapitalis.com\/tunisie\/2022\/07\/29\/la-goulette-la-karraka-sapprete-a-accueillir-les-premiers-spectacles-de-lete\/\"},\"author\":{\"name\":\"Fawz BenAli\",\"@id\":\"https:\/\/kapitalis.com\/tunisie\/#\/schema\/person\/73a5ecc1f6ae540c6ed91342eadca948\"},\"headline\":\"La Goulette : La Karraka s&rsquo;appr\u00eate \u00e0 accueillir les premiers spectacles de l&rsquo;\u00e9t\u00e9\",\"datePublished\":\"2022-07-29T08:53:43+00:00\",\"dateModified\":\"2022-07-29T08:53:46+00:00\",\"mainEntityOfPage\":{\"@id\":\"https:\/\/kapitalis.com\/tunisie\/2022\/07\/29\/la-goulette-la-karraka-sapprete-a-accueillir-les-premiers-spectacles-de-lete\/\"},\"wordCount\":205,\"commentCount\":0,\"publisher\":{\"@id\":\"https:\/\/kapitalis.com\/tunisie\/#organization\"},\"image\":{\"@id\":\"https:\/\/kapitalis.com\/tunisie\/2022\/07\/29\/la-goulette-la-karraka-sapprete-a-accueillir-les-premiers-spectacles-de-lete\/#primaryimage\"},\"thumbnailUrl\":\"https:\/\/kapitalis.com\/tunisie\/wp-content\/uploads\/2022\/07\/Karraka-la-Goulette.jpg\",\"keywords\":[\"\u00e9t\u00e9 2022 \u00e0 la Goulette\",\"Festival Brises de la M\u00e9diterran\u00e9e\",\"La Goulette\",\"La Karraka\",\"Tunisie\"],\"articleSection\":[\"CULTURE\",\"Tunisie\"],\"inLanguage\":\"fr-FR\",\"potentialAction\":[{\"@type\":\"CommentAction\",\"name\":\"Comment\",\"target\":[\"https:\/\/kapitalis.com\/tunisie\/2022\/07\/29\/la-goulette-la-karraka-sapprete-a-accueillir-les-premiers-spectacles-de-lete\/#respond\"]}]},{\"@type\":\"WebPage\",\"@id\":\"https:\/\/kapitalis.com\/tunisie\/2022\/07\/29\/la-goulette-la-karraka-sapprete-a-accueillir-les-premiers-spectacles-de-lete\/\",\"url\":\"https:\/\/kapitalis.com\/tunisie\/2022\/07\/29\/la-goulette-la-karraka-sapprete-a-accueillir-les-premiers-spectacles-de-lete\/\",\"name\":\"La Goulette : La Karraka s'appr\u00eate \u00e0 accueillir les premiers spectacles de l'\u00e9t\u00e9 - Kapitalis\",\"isPartOf\":{\"@id\":\"https:\/\/kapitalis.com\/tunisie\/#website\"},\"primaryImageOfPage\":{\"@id\":\"https:\/\/kapitalis.com\/tunisie\/2022\/07\/29\/la-goulette-la-karraka-sapprete-a-accueillir-les-premiers-spectacles-de-lete\/#primaryimage\"},\"image\":{\"@id\":\"https:\/\/kapitalis.com\/tunisie\/2022\/07\/29\/la-goulette-la-karraka-sapprete-a-accueillir-les-premiers-spectacles-de-lete\/#primaryimage\"},\"thumbnailUrl\":\"https:\/\/kapitalis.com\/tunisie\/wp-content\/uploads\/2022\/07\/Karraka-la-Goulette.jpg\",\"datePublished\":\"2022-07-29T08:53:43+00:00\",\"dateModified\":\"2022-07-29T08:53:46+00:00\",\"breadcrumb\":{\"@id\":\"https:\/\/kapitalis.com\/tunisie\/2022\/07\/29\/la-goulette-la-karraka-sapprete-a-accueillir-les-premiers-spectacles-de-lete\/#breadcrumb\"},\"inLanguage\":\"fr-FR\",\"potentialAction\":[{\"@type\":\"ReadAction\",\"target\":[\"https:\/\/kapitalis.com\/tunisie\/2022\/07\/29\/la-goulette-la-karraka-sapprete-a-accueillir-les-premiers-spectacles-de-lete\/\"]}]},{\"@type\":\"ImageObject\",\"inLanguage\":\"fr-FR\",\"@id\":\"https:\/\/kapitalis.com\/tunisie\/2022\/07\/29\/la-goulette-la-karraka-sapprete-a-accueillir-les-premiers-spectacles-de-lete\/#primaryimage\",\"url\":\"https:\/\/kapitalis.com\/tunisie\/wp-content\/uploads\/2022\/07\/Karraka-la-Goulette.jpg\",\"contentUrl\":\"https:\/\/kapitalis.com\/tunisie\/wp-content\/uploads\/2022\/07\/Karraka-la-Goulette.jpg\",\"width\":1200,\"height\":630},{\"@type\":\"BreadcrumbList\",\"@id\":\"https:\/\/kapitalis.com\/tunisie\/2022\/07\/29\/la-goulette-la-karraka-sapprete-a-accueillir-les-premiers-spectacles-de-lete\/#breadcrumb\",\"itemListElement\":[{\"@type\":\"ListItem\",\"position\":1,\"name\":\"Accueil\",\"item\":\"https:\/\/kapitalis.com\/tunisie\/\"},{\"@type\":\"ListItem\",\"position\":2,\"name\":\"La Goulette : La Karraka s&rsquo;appr\u00eate \u00e0 accueillir les premiers spectacles de l&rsquo;\u00e9t\u00e9\"}]},{\"@type\":\"WebSite\",\"@id\":\"https:\/\/kapitalis.com\/tunisie\/#website\",\"url\":\"https:\/\/kapitalis.com\/tunisie\/\",\"name\":\"Kapitalis\",\"description\":\"L&#039;actualit\u00e9 en Tunisie et dans le monde\",\"publisher\":{\"@id\":\"https:\/\/kapitalis.com\/tunisie\/#organization\"},\"potentialAction\":[{\"@type\":\"SearchAction\",\"target\":{\"@type\":\"EntryPoint\",\"urlTemplate\":\"https:\/\/kapitalis.com\/tunisie\/?s={search_term_string}\"},\"query-input\":{\"@type\":\"PropertyValueSpecification\",\"valueRequired\":true,\"valueName\":\"search_term_string\"}}],\"inLanguage\":\"fr-FR\"},{\"@type\":\"Organization\",\"@id\":\"https:\/\/kapitalis.com\/tunisie\/#organization\",\"name\":\"Kapitalis\",\"url\":\"https:\/\/kapitalis.com\/tunisie\/\",\"logo\":{\"@type\":\"ImageObject\",\"inLanguage\":\"fr-FR\",\"@id\":\"https:\/\/kapitalis.com\/tunisie\/#\/schema\/logo\/image\/\",\"url\":\"https:\/\/kapitalis.com\/tunisie\/wp-content\/uploads\/2022\/05\/Kapitalis-big-size.png\",\"contentUrl\":\"https:\/\/kapitalis.com\/tunisie\/wp-content\/uploads\/2022\/05\/Kapitalis-big-size.png\",\"width\":5000,\"height\":1500,\"caption\":\"Kapitalis\"},\"image\":{\"@id\":\"https:\/\/kapitalis.com\/tunisie\/#\/schema\/logo\/image\/\"},\"sameAs\":[\"https:\/\/www.facebook.com\/KapitalisInfo\/\",\"https:\/\/x.com\/KapitalisInfo\",\"https:\/\/www.youtube.com\/channel\/UC-yDYrHyfFBWWZaOw3FPg9Q\"]},{\"@type\":\"Person\",\"@id\":\"https:\/\/kapitalis.com\/tunisie\/#\/schema\/person\/73a5ecc1f6ae540c6ed91342eadca948\",\"name\":\"Fawz BenAli\",\"url\":\"https:\/\/kapitalis.com\/tunisie\/author\/fawz\/\"}]}<\/script>\n<!-- \/ Yoast SEO plugin. -->","yoast_head_json":{"title":"La Goulette : La Karraka s'appr\u00eate \u00e0 accueillir les premiers spectacles de l'\u00e9t\u00e9 - Kapitalis","robots":{"index":"index","follow":"follow","max-snippet":"max-snippet:-1","max-image-preview":"max-image-preview:large","max-video-preview":"max-video-preview:-1"},"canonical":"https:\/\/kapitalis.com\/tunisie\/2022\/07\/29\/la-goulette-la-karraka-sapprete-a-accueillir-les-premiers-spectacles-de-lete\/","og_locale":"fr_FR","og_type":"article","og_title":"La Goulette : La Karraka s'appr\u00eate \u00e0 accueillir les premiers spectacles de l'\u00e9t\u00e9 - Kapitalis","og_description":"Le fort de la Goulette La karraka s\u2019appr\u00eate \u00e0 accueillir d\u00e8s ce soir les premiers spectacles de la saison estivale avec l\u2019ouverture de la premi\u00e8re \u00e9dition du Festival Les Brises de la M\u00e9diterran\u00e9e.","og_url":"https:\/\/kapitalis.com\/tunisie\/2022\/07\/29\/la-goulette-la-karraka-sapprete-a-accueillir-les-premiers-spectacles-de-lete\/","og_site_name":"Kapitalis","article_publisher":"https:\/\/www.facebook.com\/KapitalisInfo\/","article_published_time":"2022-07-29T08:53:43+00:00","article_modified_time":"2022-07-29T08:53:46+00:00","og_image":[{"width":1200,"height":630,"url":"https:\/\/kapitalis.com\/tunisie\/wp-content\/uploads\/2022\/07\/Karraka-la-Goulette.jpg","type":"image\/jpeg"}],"author":"Fawz BenAli","twitter_card":"summary_large_image","twitter_creator":"@KapitalisInfo","twitter_site":"@KapitalisInfo","twitter_misc":{"\u00c9crit par":"Fawz BenAli","Dur\u00e9e de lecture estim\u00e9e":"1 minute"},"schema":{"@context":"https:\/\/schema.org","@graph":[{"@type":"Article","@id":"https:\/\/kapitalis.com\/tunisie\/2022\/07\/29\/la-goulette-la-karraka-sapprete-a-accueillir-les-premiers-spectacles-de-lete\/#article","isPartOf":{"@id":"https:\/\/kapitalis.com\/tunisie\/2022\/07\/29\/la-goulette-la-karraka-sapprete-a-accueillir-les-premiers-spectacles-de-lete\/"},"author":{"name":"Fawz BenAli","@id":"https:\/\/kapitalis.com\/tunisie\/#\/schema\/person\/73a5ecc1f6ae540c6ed91342eadca948"},"headline":"La Goulette : La Karraka s&rsquo;appr\u00eate \u00e0 accueillir les premiers spectacles de l&rsquo;\u00e9t\u00e9","datePublished":"2022-07-29T08:53:43+00:00","dateModified":"2022-07-29T08:53:46+00:00","mainEntityOfPage":{"@id":"https:\/\/kapitalis.com\/tunisie\/2022\/07\/29\/la-goulette-la-karraka-sapprete-a-accueillir-les-premiers-spectacles-de-lete\/"},"wordCount":205,"commentCount":0,"publisher":{"@id":"https:\/\/kapitalis.com\/tunisie\/#organization"},"image":{"@id":"https:\/\/kapitalis.com\/tunisie\/2022\/07\/29\/la-goulette-la-karraka-sapprete-a-accueillir-les-premiers-spectacles-de-lete\/#primaryimage"},"thumbnailUrl":"https:\/\/kapitalis.com\/tunisie\/wp-content\/uploads\/2022\/07\/Karraka-la-Goulette.jpg","keywords":["\u00e9t\u00e9 2022 \u00e0 la Goulette","Festival Brises de la M\u00e9diterran\u00e9e","La Goulette","La Karraka","Tunisie"],"articleSection":["CULTURE","Tunisie"],"inLanguage":"fr-FR","potentialAction":[{"@type":"CommentAction","name":"Comment","target":["https:\/\/kapitalis.com\/tunisie\/2022\/07\/29\/la-goulette-la-karraka-sapprete-a-accueillir-les-premiers-spectacles-de-lete\/#respond"]}]},{"@type":"WebPage","@id":"https:\/\/kapitalis.com\/tunisie\/2022\/07\/29\/la-goulette-la-karraka-sapprete-a-accueillir-les-premiers-spectacles-de-lete\/","url":"https:\/\/kapitalis.com\/tunisie\/2022\/07\/29\/la-goulette-la-karraka-sapprete-a-accueillir-les-premiers-spectacles-de-lete\/","name":"La Goulette : La Karraka s'appr\u00eate \u00e0 accueillir les premiers spectacles de l'\u00e9t\u00e9 - Kapitalis","isPartOf":{"@id":"https:\/\/kapitalis.com\/tunisie\/#website"},"primaryImageOfPage":{"@id":"https:\/\/kapitalis.com\/tunisie\/2022\/07\/29\/la-goulette-la-karraka-sapprete-a-accueillir-les-premiers-spectacles-de-lete\/#primaryimage"},"image":{"@id":"https:\/\/kapitalis.com\/tunisie\/2022\/07\/29\/la-goulette-la-karraka-sapprete-a-accueillir-les-premiers-spectacles-de-lete\/#primaryimage"},"thumbnailUrl":"https:\/\/kapitalis.com\/tunisie\/wp-content\/uploads\/2022\/07\/Karraka-la-Goulette.jpg","datePublished":"2022-07-29T08:53:43+00:00","dateModified":"2022-07-29T08:53:46+00:00","breadcrumb":{"@id":"https:\/\/kapitalis.com\/tunisie\/2022\/07\/29\/la-goulette-la-karraka-sapprete-a-accueillir-les-premiers-spectacles-de-lete\/#breadcrumb"},"inLanguage":"fr-FR","potentialAction":[{"@type":"ReadAction","target":["https:\/\/kapitalis.com\/tunisie\/2022\/07\/29\/la-goulette-la-karraka-sapprete-a-accueillir-les-premiers-spectacles-de-lete\/"]}]},{"@type":"ImageObject","inLanguage":"fr-FR","@id":"https:\/\/kapitalis.com\/tunisie\/2022\/07\/29\/la-goulette-la-karraka-sapprete-a-accueillir-les-premiers-spectacles-de-lete\/#primaryimage","url":"https:\/\/kapitalis.com\/tunisie\/wp-content\/uploads\/2022\/07\/Karraka-la-Goulette.jpg","contentUrl":"https:\/\/kapitalis.com\/tunisie\/wp-content\/uploads\/2022\/07\/Karraka-la-Goulette.jpg","width":1200,"height":630},{"@type":"BreadcrumbList","@id":"https:\/\/kapitalis.com\/tunisie\/2022\/07\/29\/la-goulette-la-karraka-sapprete-a-accueillir-les-premiers-spectacles-de-lete\/#breadcrumb","itemListElement":[{"@type":"ListItem","position":1,"name":"Accueil","item":"https:\/\/kapitalis.com\/tunisie\/"},{"@type":"ListItem","position":2,"name":"La Goulette : La Karraka s&rsquo;appr\u00eate \u00e0 accueillir les premiers spectacles de l&rsquo;\u00e9t\u00e9"}]},{"@type":"WebSite","@id":"https:\/\/kapitalis.com\/tunisie\/#website","url":"https:\/\/kapitalis.com\/tunisie\/","name":"Kapitalis","description":"L&#039;actualit\u00e9 en Tunisie et dans le monde","publisher":{"@id":"https:\/\/kapitalis.com\/tunisie\/#organization"},"potentialAction":[{"@type":"SearchAction","target":{"@type":"EntryPoint","urlTemplate":"https:\/\/kapitalis.com\/tunisie\/?s={search_term_string}"},"query-input":{"@type":"PropertyValueSpecification","valueRequired":true,"valueName":"search_term_string"}}],"inLanguage":"fr-FR"},{"@type":"Organization","@id":"https:\/\/kapitalis.com\/tunisie\/#organization","name":"Kapitalis","url":"https:\/\/kapitalis.com\/tunisie\/","logo":{"@type":"ImageObject","inLanguage":"fr-FR","@id":"https:\/\/kapitalis.com\/tunisie\/#\/schema\/logo\/image\/","url":"https:\/\/kapitalis.com\/tunisie\/wp-content\/uploads\/2022\/05\/Kapitalis-big-size.png","contentUrl":"https:\/\/kapitalis.com\/tunisie\/wp-content\/uploads\/2022\/05\/Kapitalis-big-size.png","width":5000,"height":1500,"caption":"Kapitalis"},"image":{"@id":"https:\/\/kapitalis.com\/tunisie\/#\/schema\/logo\/image\/"},"sameAs":["https:\/\/www.facebook.com\/KapitalisInfo\/","https:\/\/x.com\/KapitalisInfo","https:\/\/www.youtube.com\/channel\/UC-yDYrHyfFBWWZaOw3FPg9Q"]},{"@type":"Person","@id":"https:\/\/kapitalis.com\/tunisie\/#\/schema\/person\/73a5ecc1f6ae540c6ed91342eadca948","name":"Fawz BenAli","url":"https:\/\/kapitalis.com\/tunisie\/author\/fawz\/"}]}},"_links":{"self":[{"href":"https:\/\/kapitalis.com\/tunisie\/wp-json\/wp\/v2\/posts\/2577205","targetHints":{"allow":["GET"]}}],"collection":[{"href":"https:\/\/kapitalis.com\/tunisie\/wp-json\/wp\/v2\/posts"}],"about":[{"href":"https:\/\/kapitalis.com\/tunisie\/wp-json\/wp\/v2\/types\/post"}],"author":[{"embeddable":true,"href":"https:\/\/kapitalis.com\/tunisie\/wp-json\/wp\/v2\/users\/26"}],"replies":[{"embeddable":true,"href":"https:\/\/kapitalis.com\/tunisie\/wp-json\/wp\/v2\/comments?post=2577205"}],"version-history":[{"count":0,"href":"https:\/\/kapitalis.com\/tunisie\/wp-json\/wp\/v2\/posts\/2577205\/revisions"}],"wp:featuredmedia":[{"embeddable":true,"href":"https:\/\/kapitalis.com\/tunisie\/wp-json\/wp\/v2\/media\/2577993"}],"wp:attachment":[{"href":"https:\/\/kapitalis.com\/tunisie\/wp-json\/wp\/v2\/media?parent=2577205"}],"wp:term":[{"taxonomy":"category","embeddable":true,"href":"https:\/\/kapitalis.com\/tunisie\/wp-json\/wp\/v2\/categories?post=2577205"},{"taxonomy":"post_tag","embeddable":true,"href":"https:\/\/kapitalis.com\/tunisie\/wp-json\/wp\/v2\/tags?post=2577205"}],"curies":[{"name":"wp","href":"https:\/\/api.w.org\/{rel}","templated":true}]}}