{"id":25786,"date":"2015-11-18T12:30:48","date_gmt":"2015-11-18T11:30:48","guid":{"rendered":"http:\/\/kapitalis.com\/tunisie\/?p=25786"},"modified":"2015-11-18T11:55:37","modified_gmt":"2015-11-18T10:55:37","slug":"laura-baeza-se-plaint-du-ministere-de-lagriculture","status":"publish","type":"post","link":"https:\/\/kapitalis.com\/tunisie\/2015\/11\/18\/laura-baeza-se-plaint-du-ministere-de-lagriculture\/","title":{"rendered":"Laura Baeza se plaint du minist\u00e8re de l\u2019Agriculture"},"content":{"rendered":"<p><img loading=\"lazy\" decoding=\"async\" class=\"alignnone size-full wp-image-25329 aligncenter\" src=\"http:\/\/kapitalis.com\/tunisie\/wp-content\/uploads\/2015\/11\/Laura-Baeza.jpg\" alt=\"Laura-Baeza\" width=\"626\" height=\"380\" \/><\/p>\n<p><em><strong>Laura Baeza affirme avoir pu discuter, dialoguer et coop\u00e9rer avec tous les organismes tunisiens sauf un : le minist\u00e8re de l\u2019Agriculture.<\/strong> <\/em><\/p>\n<p><!--more--><\/p>\n<p><em>\u00abJ\u2019ai discut\u00e9 avec 4 ou 5 ministres pour mettre en place une strat\u00e9gie de d\u00e9veloppement du secteur agricole et \u00e0 ce jour je n\u2019y suis pas parvenue\u00bb<\/em>, regrette Mme Baeza, ambassadeur chef de la D\u00e9l\u00e9gation de l\u2019Union europ\u00e9enne \u00e0 Tunis, en poste depuis 3 ans en Tunisie. Et quand on lui dit que cela est peut \u00eatre imputable aux changements fr\u00e9quents de ministres au cours des derni\u00e8res ann\u00e9es, elle n\u2019en d\u00e9mord pas : \u00ab<em>Malgr\u00e9 les changements de ministres, notre coop\u00e9ration a plut\u00f4t bien march\u00e9 avec les autres secteurs\u00bb.<\/em><\/p>\n<p>Mme Baeza n&rsquo;est pas au bout de ses peines et elle aura encore fort \u00e0 faire puisque la lib\u00e9ralisation du secteur agricole sera le principal point d&rsquo;achoppement des n\u00e9gociations \u00e0 venir de l&rsquo;Accord de libre \u00e9change complet et approfondi (Aleca) entre la Tunisie et l&rsquo;Union europ\u00e9enne.<\/p>\n<p style=\"text-align: right;\"><strong>Nabil Ben Ameur<\/strong><\/p>\n","protected":false},"excerpt":{"rendered":"<p>Laura Baeza affirme avoir pu discuter, dialoguer et coop\u00e9rer avec tous les organismes tunisiens sauf un : le minist\u00e8re de l\u2019Agriculture.<\/p>\n","protected":false},"author":8,"featured_media":0,"comment_status":"open","ping_status":"open","sticky":false,"template":"","format":"standard","meta":{"footnotes":""},"categories":[995,2433],"tags":[7810,62,2543,937],"class_list":["post-25786","post","type-post","status-publish","format-standard","hentry","category-economie","category-tunisie","tag-accord-dassociation","tag-aleca","tag-laura-baeza","tag-union-europeenne"],"yoast_head":"<!-- This site is optimized with the Yoast SEO plugin v26.6 - https:\/\/yoast.com\/wordpress\/plugins\/seo\/ -->\n<title>Laura Baeza se plaint du minist\u00e8re de l\u2019Agriculture - Kapitalis<\/title>\n<meta name=\"robots\" content=\"index, follow, max-snippet:-1, max-image-preview:large, max-video-preview:-1\" \/>\n<link rel=\"canonical\" href=\"https:\/\/kapitalis.com\/tunisie\/2015\/11\/18\/laura-baeza-se-plaint-du-ministere-de-lagriculture\/\" \/>\n<meta property=\"og:locale\" content=\"fr_FR\" \/>\n<meta property=\"og:type\" content=\"article\" \/>\n<meta property=\"og:title\" content=\"Laura Baeza se plaint du minist\u00e8re de l\u2019Agriculture - Kapitalis\" \/>\n<meta property=\"og:description\" content=\"Laura Baeza affirme avoir pu discuter, dialoguer et coop\u00e9rer avec tous les organismes tunisiens sauf un : le minist\u00e8re de l\u2019Agriculture.\" \/>\n<meta property=\"og:url\" content=\"https:\/\/kapitalis.com\/tunisie\/2015\/11\/18\/laura-baeza-se-plaint-du-ministere-de-lagriculture\/\" \/>\n<meta property=\"og:site_name\" content=\"Kapitalis\" \/>\n<meta property=\"article:publisher\" content=\"https:\/\/www.facebook.com\/KapitalisInfo\/\" \/>\n<meta property=\"article:published_time\" content=\"2015-11-18T11:30:48+00:00\" \/>\n<meta property=\"og:image\" content=\"http:\/\/kapitalis.com\/tunisie\/wp-content\/uploads\/2015\/11\/Laura-Baeza.jpg\" \/>\n<meta name=\"author\" content=\"webmaster kapitalis\" \/>\n<meta name=\"twitter:card\" content=\"summary_large_image\" \/>\n<meta name=\"twitter:creator\" content=\"@KapitalisInfo\" \/>\n<meta name=\"twitter:site\" content=\"@KapitalisInfo\" \/>\n<meta name=\"twitter:label1\" content=\"\u00c9crit par\" \/>\n\t<meta name=\"twitter:data1\" content=\"webmaster kapitalis\" \/>\n\t<meta name=\"twitter:label2\" content=\"Dur\u00e9e de lecture estim\u00e9e\" \/>\n\t<meta name=\"twitter:data2\" content=\"1 minute\" \/>\n<script type=\"application\/ld+json\" class=\"yoast-schema-graph\">{\"@context\":\"https:\/\/schema.org\",\"@graph\":[{\"@type\":\"Article\",\"@id\":\"https:\/\/kapitalis.com\/tunisie\/2015\/11\/18\/laura-baeza-se-plaint-du-ministere-de-lagriculture\/#article\",\"isPartOf\":{\"@id\":\"https:\/\/kapitalis.com\/tunisie\/2015\/11\/18\/laura-baeza-se-plaint-du-ministere-de-lagriculture\/\"},\"author\":{\"name\":\"webmaster kapitalis\",\"@id\":\"https:\/\/kapitalis.com\/tunisie\/#\/schema\/person\/d71f33a9ca44f7bad4698210b480c8e9\"},\"headline\":\"Laura Baeza se plaint du minist\u00e8re de l\u2019Agriculture\",\"datePublished\":\"2015-11-18T11:30:48+00:00\",\"mainEntityOfPage\":{\"@id\":\"https:\/\/kapitalis.com\/tunisie\/2015\/11\/18\/laura-baeza-se-plaint-du-ministere-de-lagriculture\/\"},\"wordCount\":180,\"commentCount\":2,\"publisher\":{\"@id\":\"https:\/\/kapitalis.com\/tunisie\/#organization\"},\"image\":{\"@id\":\"https:\/\/kapitalis.com\/tunisie\/2015\/11\/18\/laura-baeza-se-plaint-du-ministere-de-lagriculture\/#primaryimage\"},\"thumbnailUrl\":\"http:\/\/kapitalis.com\/tunisie\/wp-content\/uploads\/2015\/11\/Laura-Baeza.jpg\",\"keywords\":[\"accord d'association\",\"Aleca\",\"Laura Baeza\",\"Union europ\u00e9enne\"],\"articleSection\":[\"ECONOMIE\",\"Tunisie\"],\"inLanguage\":\"fr-FR\",\"potentialAction\":[{\"@type\":\"CommentAction\",\"name\":\"Comment\",\"target\":[\"https:\/\/kapitalis.com\/tunisie\/2015\/11\/18\/laura-baeza-se-plaint-du-ministere-de-lagriculture\/#respond\"]}]},{\"@type\":\"WebPage\",\"@id\":\"https:\/\/kapitalis.com\/tunisie\/2015\/11\/18\/laura-baeza-se-plaint-du-ministere-de-lagriculture\/\",\"url\":\"https:\/\/kapitalis.com\/tunisie\/2015\/11\/18\/laura-baeza-se-plaint-du-ministere-de-lagriculture\/\",\"name\":\"Laura Baeza se plaint du minist\u00e8re de l\u2019Agriculture - Kapitalis\",\"isPartOf\":{\"@id\":\"https:\/\/kapitalis.com\/tunisie\/#website\"},\"primaryImageOfPage\":{\"@id\":\"https:\/\/kapitalis.com\/tunisie\/2015\/11\/18\/laura-baeza-se-plaint-du-ministere-de-lagriculture\/#primaryimage\"},\"image\":{\"@id\":\"https:\/\/kapitalis.com\/tunisie\/2015\/11\/18\/laura-baeza-se-plaint-du-ministere-de-lagriculture\/#primaryimage\"},\"thumbnailUrl\":\"http:\/\/kapitalis.com\/tunisie\/wp-content\/uploads\/2015\/11\/Laura-Baeza.jpg\",\"datePublished\":\"2015-11-18T11:30:48+00:00\",\"breadcrumb\":{\"@id\":\"https:\/\/kapitalis.com\/tunisie\/2015\/11\/18\/laura-baeza-se-plaint-du-ministere-de-lagriculture\/#breadcrumb\"},\"inLanguage\":\"fr-FR\",\"potentialAction\":[{\"@type\":\"ReadAction\",\"target\":[\"https:\/\/kapitalis.com\/tunisie\/2015\/11\/18\/laura-baeza-se-plaint-du-ministere-de-lagriculture\/\"]}]},{\"@type\":\"ImageObject\",\"inLanguage\":\"fr-FR\",\"@id\":\"https:\/\/kapitalis.com\/tunisie\/2015\/11\/18\/laura-baeza-se-plaint-du-ministere-de-lagriculture\/#primaryimage\",\"url\":\"http:\/\/kapitalis.com\/tunisie\/wp-content\/uploads\/2015\/11\/Laura-Baeza.jpg\",\"contentUrl\":\"http:\/\/kapitalis.com\/tunisie\/wp-content\/uploads\/2015\/11\/Laura-Baeza.jpg\"},{\"@type\":\"BreadcrumbList\",\"@id\":\"https:\/\/kapitalis.com\/tunisie\/2015\/11\/18\/laura-baeza-se-plaint-du-ministere-de-lagriculture\/#breadcrumb\",\"itemListElement\":[{\"@type\":\"ListItem\",\"position\":1,\"name\":\"Accueil\",\"item\":\"https:\/\/kapitalis.com\/tunisie\/\"},{\"@type\":\"ListItem\",\"position\":2,\"name\":\"Laura Baeza se plaint du minist\u00e8re de l\u2019Agriculture\"}]},{\"@type\":\"WebSite\",\"@id\":\"https:\/\/kapitalis.com\/tunisie\/#website\",\"url\":\"https:\/\/kapitalis.com\/tunisie\/\",\"name\":\"Kapitalis\",\"description\":\"L&#039;actualit\u00e9 en Tunisie et dans le monde\",\"publisher\":{\"@id\":\"https:\/\/kapitalis.com\/tunisie\/#organization\"},\"potentialAction\":[{\"@type\":\"SearchAction\",\"target\":{\"@type\":\"EntryPoint\",\"urlTemplate\":\"https:\/\/kapitalis.com\/tunisie\/?s={search_term_string}\"},\"query-input\":{\"@type\":\"PropertyValueSpecification\",\"valueRequired\":true,\"valueName\":\"search_term_string\"}}],\"inLanguage\":\"fr-FR\"},{\"@type\":\"Organization\",\"@id\":\"https:\/\/kapitalis.com\/tunisie\/#organization\",\"name\":\"Kapitalis\",\"url\":\"https:\/\/kapitalis.com\/tunisie\/\",\"logo\":{\"@type\":\"ImageObject\",\"inLanguage\":\"fr-FR\",\"@id\":\"https:\/\/kapitalis.com\/tunisie\/#\/schema\/logo\/image\/\",\"url\":\"https:\/\/kapitalis.com\/tunisie\/wp-content\/uploads\/2022\/05\/Kapitalis-big-size.png\",\"contentUrl\":\"https:\/\/kapitalis.com\/tunisie\/wp-content\/uploads\/2022\/05\/Kapitalis-big-size.png\",\"width\":5000,\"height\":1500,\"caption\":\"Kapitalis\"},\"image\":{\"@id\":\"https:\/\/kapitalis.com\/tunisie\/#\/schema\/logo\/image\/\"},\"sameAs\":[\"https:\/\/www.facebook.com\/KapitalisInfo\/\",\"https:\/\/x.com\/KapitalisInfo\",\"https:\/\/www.youtube.com\/channel\/UC-yDYrHyfFBWWZaOw3FPg9Q\"]},{\"@type\":\"Person\",\"@id\":\"https:\/\/kapitalis.com\/tunisie\/#\/schema\/person\/d71f33a9ca44f7bad4698210b480c8e9\",\"name\":\"webmaster kapitalis\",\"url\":\"https:\/\/kapitalis.com\/tunisie\/author\/webmaster-kapitalis\/\"}]}<\/script>\n<!-- \/ Yoast SEO plugin. -->","yoast_head_json":{"title":"Laura Baeza se plaint du minist\u00e8re de l\u2019Agriculture - Kapitalis","robots":{"index":"index","follow":"follow","max-snippet":"max-snippet:-1","max-image-preview":"max-image-preview:large","max-video-preview":"max-video-preview:-1"},"canonical":"https:\/\/kapitalis.com\/tunisie\/2015\/11\/18\/laura-baeza-se-plaint-du-ministere-de-lagriculture\/","og_locale":"fr_FR","og_type":"article","og_title":"Laura Baeza se plaint du minist\u00e8re de l\u2019Agriculture - Kapitalis","og_description":"Laura Baeza affirme avoir pu discuter, dialoguer et coop\u00e9rer avec tous les organismes tunisiens sauf un : le minist\u00e8re de l\u2019Agriculture.","og_url":"https:\/\/kapitalis.com\/tunisie\/2015\/11\/18\/laura-baeza-se-plaint-du-ministere-de-lagriculture\/","og_site_name":"Kapitalis","article_publisher":"https:\/\/www.facebook.com\/KapitalisInfo\/","article_published_time":"2015-11-18T11:30:48+00:00","og_image":[{"url":"http:\/\/kapitalis.com\/tunisie\/wp-content\/uploads\/2015\/11\/Laura-Baeza.jpg","type":"","width":"","height":""}],"author":"webmaster kapitalis","twitter_card":"summary_large_image","twitter_creator":"@KapitalisInfo","twitter_site":"@KapitalisInfo","twitter_misc":{"\u00c9crit par":"webmaster kapitalis","Dur\u00e9e de lecture estim\u00e9e":"1 minute"},"schema":{"@context":"https:\/\/schema.org","@graph":[{"@type":"Article","@id":"https:\/\/kapitalis.com\/tunisie\/2015\/11\/18\/laura-baeza-se-plaint-du-ministere-de-lagriculture\/#article","isPartOf":{"@id":"https:\/\/kapitalis.com\/tunisie\/2015\/11\/18\/laura-baeza-se-plaint-du-ministere-de-lagriculture\/"},"author":{"name":"webmaster kapitalis","@id":"https:\/\/kapitalis.com\/tunisie\/#\/schema\/person\/d71f33a9ca44f7bad4698210b480c8e9"},"headline":"Laura Baeza se plaint du minist\u00e8re de l\u2019Agriculture","datePublished":"2015-11-18T11:30:48+00:00","mainEntityOfPage":{"@id":"https:\/\/kapitalis.com\/tunisie\/2015\/11\/18\/laura-baeza-se-plaint-du-ministere-de-lagriculture\/"},"wordCount":180,"commentCount":2,"publisher":{"@id":"https:\/\/kapitalis.com\/tunisie\/#organization"},"image":{"@id":"https:\/\/kapitalis.com\/tunisie\/2015\/11\/18\/laura-baeza-se-plaint-du-ministere-de-lagriculture\/#primaryimage"},"thumbnailUrl":"http:\/\/kapitalis.com\/tunisie\/wp-content\/uploads\/2015\/11\/Laura-Baeza.jpg","keywords":["accord d'association","Aleca","Laura Baeza","Union europ\u00e9enne"],"articleSection":["ECONOMIE","Tunisie"],"inLanguage":"fr-FR","potentialAction":[{"@type":"CommentAction","name":"Comment","target":["https:\/\/kapitalis.com\/tunisie\/2015\/11\/18\/laura-baeza-se-plaint-du-ministere-de-lagriculture\/#respond"]}]},{"@type":"WebPage","@id":"https:\/\/kapitalis.com\/tunisie\/2015\/11\/18\/laura-baeza-se-plaint-du-ministere-de-lagriculture\/","url":"https:\/\/kapitalis.com\/tunisie\/2015\/11\/18\/laura-baeza-se-plaint-du-ministere-de-lagriculture\/","name":"Laura Baeza se plaint du minist\u00e8re de l\u2019Agriculture - Kapitalis","isPartOf":{"@id":"https:\/\/kapitalis.com\/tunisie\/#website"},"primaryImageOfPage":{"@id":"https:\/\/kapitalis.com\/tunisie\/2015\/11\/18\/laura-baeza-se-plaint-du-ministere-de-lagriculture\/#primaryimage"},"image":{"@id":"https:\/\/kapitalis.com\/tunisie\/2015\/11\/18\/laura-baeza-se-plaint-du-ministere-de-lagriculture\/#primaryimage"},"thumbnailUrl":"http:\/\/kapitalis.com\/tunisie\/wp-content\/uploads\/2015\/11\/Laura-Baeza.jpg","datePublished":"2015-11-18T11:30:48+00:00","breadcrumb":{"@id":"https:\/\/kapitalis.com\/tunisie\/2015\/11\/18\/laura-baeza-se-plaint-du-ministere-de-lagriculture\/#breadcrumb"},"inLanguage":"fr-FR","potentialAction":[{"@type":"ReadAction","target":["https:\/\/kapitalis.com\/tunisie\/2015\/11\/18\/laura-baeza-se-plaint-du-ministere-de-lagriculture\/"]}]},{"@type":"ImageObject","inLanguage":"fr-FR","@id":"https:\/\/kapitalis.com\/tunisie\/2015\/11\/18\/laura-baeza-se-plaint-du-ministere-de-lagriculture\/#primaryimage","url":"http:\/\/kapitalis.com\/tunisie\/wp-content\/uploads\/2015\/11\/Laura-Baeza.jpg","contentUrl":"http:\/\/kapitalis.com\/tunisie\/wp-content\/uploads\/2015\/11\/Laura-Baeza.jpg"},{"@type":"BreadcrumbList","@id":"https:\/\/kapitalis.com\/tunisie\/2015\/11\/18\/laura-baeza-se-plaint-du-ministere-de-lagriculture\/#breadcrumb","itemListElement":[{"@type":"ListItem","position":1,"name":"Accueil","item":"https:\/\/kapitalis.com\/tunisie\/"},{"@type":"ListItem","position":2,"name":"Laura Baeza se plaint du minist\u00e8re de l\u2019Agriculture"}]},{"@type":"WebSite","@id":"https:\/\/kapitalis.com\/tunisie\/#website","url":"https:\/\/kapitalis.com\/tunisie\/","name":"Kapitalis","description":"L&#039;actualit\u00e9 en Tunisie et dans le monde","publisher":{"@id":"https:\/\/kapitalis.com\/tunisie\/#organization"},"potentialAction":[{"@type":"SearchAction","target":{"@type":"EntryPoint","urlTemplate":"https:\/\/kapitalis.com\/tunisie\/?s={search_term_string}"},"query-input":{"@type":"PropertyValueSpecification","valueRequired":true,"valueName":"search_term_string"}}],"inLanguage":"fr-FR"},{"@type":"Organization","@id":"https:\/\/kapitalis.com\/tunisie\/#organization","name":"Kapitalis","url":"https:\/\/kapitalis.com\/tunisie\/","logo":{"@type":"ImageObject","inLanguage":"fr-FR","@id":"https:\/\/kapitalis.com\/tunisie\/#\/schema\/logo\/image\/","url":"https:\/\/kapitalis.com\/tunisie\/wp-content\/uploads\/2022\/05\/Kapitalis-big-size.png","contentUrl":"https:\/\/kapitalis.com\/tunisie\/wp-content\/uploads\/2022\/05\/Kapitalis-big-size.png","width":5000,"height":1500,"caption":"Kapitalis"},"image":{"@id":"https:\/\/kapitalis.com\/tunisie\/#\/schema\/logo\/image\/"},"sameAs":["https:\/\/www.facebook.com\/KapitalisInfo\/","https:\/\/x.com\/KapitalisInfo","https:\/\/www.youtube.com\/channel\/UC-yDYrHyfFBWWZaOw3FPg9Q"]},{"@type":"Person","@id":"https:\/\/kapitalis.com\/tunisie\/#\/schema\/person\/d71f33a9ca44f7bad4698210b480c8e9","name":"webmaster kapitalis","url":"https:\/\/kapitalis.com\/tunisie\/author\/webmaster-kapitalis\/"}]}},"_links":{"self":[{"href":"https:\/\/kapitalis.com\/tunisie\/wp-json\/wp\/v2\/posts\/25786","targetHints":{"allow":["GET"]}}],"collection":[{"href":"https:\/\/kapitalis.com\/tunisie\/wp-json\/wp\/v2\/posts"}],"about":[{"href":"https:\/\/kapitalis.com\/tunisie\/wp-json\/wp\/v2\/types\/post"}],"author":[{"embeddable":true,"href":"https:\/\/kapitalis.com\/tunisie\/wp-json\/wp\/v2\/users\/8"}],"replies":[{"embeddable":true,"href":"https:\/\/kapitalis.com\/tunisie\/wp-json\/wp\/v2\/comments?post=25786"}],"version-history":[{"count":0,"href":"https:\/\/kapitalis.com\/tunisie\/wp-json\/wp\/v2\/posts\/25786\/revisions"}],"wp:attachment":[{"href":"https:\/\/kapitalis.com\/tunisie\/wp-json\/wp\/v2\/media?parent=25786"}],"wp:term":[{"taxonomy":"category","embeddable":true,"href":"https:\/\/kapitalis.com\/tunisie\/wp-json\/wp\/v2\/categories?post=25786"},{"taxonomy":"post_tag","embeddable":true,"href":"https:\/\/kapitalis.com\/tunisie\/wp-json\/wp\/v2\/tags?post=25786"}],"curies":[{"name":"wp","href":"https:\/\/api.w.org\/{rel}","templated":true}]}}