{"id":258152,"date":"2019-11-23T14:23:46","date_gmt":"2019-11-23T13:23:46","guid":{"rendered":"http:\/\/kapitalis.com\/tunisie\/?p=258152"},"modified":"2019-11-23T14:25:45","modified_gmt":"2019-11-23T13:25:45","slug":"la-poste-tunisienne-emet-un-timbre-sur-al-quds-capital-of-palestine","status":"publish","type":"post","link":"https:\/\/kapitalis.com\/tunisie\/2019\/11\/23\/la-poste-tunisienne-emet-un-timbre-sur-al-quds-capital-of-palestine\/","title":{"rendered":"La Poste Tunisienne \u00e9met un timbre sur \u00abAl Quds, capital of Palestine\u00bb"},"content":{"rendered":"\n<figure class=\"wp-block-image size-large\"><img decoding=\"async\" src=\"http:\/\/kapitalis.com\/tunisie\/wp-content\/uploads\/2019\/11\/Timbre-Al-Quds-capitale.jpg\" alt=\"\" class=\"wp-image-258166\"\/><\/figure>\n\n\n\n<p><strong><em>La Poste Tunisienne a \u00e9mis le timbre \u00abAl Quds, capital of Palestine\u00bb en  concr\u00e9tisation de la d\u00e9cision du Comit\u00e9 permanent de la Ligue des Etats arabes (Oman, mars 2018), et de confirmation de la position constante de la Tunisie \u00e0 soutenir la cause palestinienne. Le timbre est mis \u00e0 la vente au prix de 1,5 DT. <\/em><\/strong><\/p>\n\n\n\n<!--more-->\n\n\n\n<p>Selon La Poste Tunisienne, l&rsquo;\u00e9mission, \u00e0 l\u2019instar des autres pays arabes, de ce timbre-poste nomm\u00e9<em> \u00abAl Quds, capital of Palestine\u00bb<\/em> vise \u00e0 soutenir les efforts internationaux d&rsquo;instauration d&rsquo;une paix juste et globale et \u00e0 mettre fin \u00e0 l\u2019occupation isra\u00e9lienne. Il vise \u00e9galement, selon la m\u00eame source, \u00e0 soutenir l\u2019\u00e9tablissement d\u2019un \u00c9tat Palestinien ind\u00e9pendant avec Al Quds pour capitale.<\/p>\n\n\n\n<p>A l\u2019image du pr\u00e9sident Kais Saied qui au soir de son \u00e9clatante victoire donnait le ton de ce qui sera l\u2019une des particularit\u00e9s marquantes de son mandat, le timbre symbolise ainsi son ferme engagement en faveur de la souverainet\u00e9 de la Palestine et son opposition \u00e0 la normalisation des relations avec Isra\u00ebl. <\/p>\n\n\n\n<p>Ce timbre-poste ainsi que les autres produits philat\u00e9liques r\u00e9alis\u00e9s \u00e0 cette occasion sont mis \u00e0 la vente dans tous les bureaux de poste de Tunisie, et par paiement \u00e9lectronique sur le site web de <a rel=\"noreferrer noopener\" aria-label=\"La Poste Tunisienne (s\u2019ouvre dans un nouvel onglet)\" href=\"http:\/\/www.e-stamps.poste.tn\" target=\"_blank\">La Poste Tunisienne<\/a> r\u00e9serv\u00e9 \u00e0 cet effet, au prix de 1,5 DT. <\/p>\n\n\n\n<p class=\"has-text-align-right\"><strong>A. M.<\/strong><\/p>\n","protected":false},"excerpt":{"rendered":"<p>La Poste Tunisienne a \u00e9mis le timbre \u00abAl Quds, capital of Palestine\u00bb en concr\u00e9tisation de la d\u00e9cision du Comit\u00e9 permanent de la Ligue des Etats arabes (Oman, mars 2018), et de confirmation de la position constante de la Tunisie \u00e0 soutenir la cause palestinienne. Le timbre est mis \u00e0 la vente au prix de 1,5&#8230;<\/p>\n","protected":false},"author":22,"featured_media":258166,"comment_status":"open","ping_status":"open","sticky":false,"template":"","format":"standard","meta":{"footnotes":""},"categories":[994,2433],"tags":[2478,12235,5744,4094,4026],"class_list":["post-258152","post","type-post","status-publish","format-standard","has-post-thumbnail","hentry","category-culture","category-tunisie","tag-israel","tag-kais-saied","tag-la-poste-tunisienne","tag-oman","tag-palestine"],"yoast_head":"<!-- This site is optimized with the Yoast SEO plugin v26.6 - https:\/\/yoast.com\/wordpress\/plugins\/seo\/ -->\n<title>La Poste Tunisienne \u00e9met un timbre sur \u00abAl Quds, capital of Palestine\u00bb - Kapitalis<\/title>\n<meta name=\"robots\" content=\"index, follow, max-snippet:-1, max-image-preview:large, max-video-preview:-1\" \/>\n<link rel=\"canonical\" href=\"https:\/\/kapitalis.com\/tunisie\/2019\/11\/23\/la-poste-tunisienne-emet-un-timbre-sur-al-quds-capital-of-palestine\/\" \/>\n<meta property=\"og:locale\" content=\"fr_FR\" \/>\n<meta property=\"og:type\" content=\"article\" \/>\n<meta property=\"og:title\" content=\"La Poste Tunisienne \u00e9met un timbre sur \u00abAl Quds, capital of Palestine\u00bb - Kapitalis\" \/>\n<meta property=\"og:description\" content=\"La Poste Tunisienne a \u00e9mis le timbre \u00abAl Quds, capital of Palestine\u00bb en concr\u00e9tisation de la d\u00e9cision du Comit\u00e9 permanent de la Ligue des Etats arabes (Oman, mars 2018), et de confirmation de la position constante de la Tunisie \u00e0 soutenir la cause palestinienne. Le timbre est mis \u00e0 la vente au prix de 1,5...\" \/>\n<meta property=\"og:url\" content=\"https:\/\/kapitalis.com\/tunisie\/2019\/11\/23\/la-poste-tunisienne-emet-un-timbre-sur-al-quds-capital-of-palestine\/\" \/>\n<meta property=\"og:site_name\" content=\"Kapitalis\" \/>\n<meta property=\"article:publisher\" content=\"https:\/\/www.facebook.com\/KapitalisInfo\/\" \/>\n<meta property=\"article:published_time\" content=\"2019-11-23T13:23:46+00:00\" \/>\n<meta property=\"article:modified_time\" content=\"2019-11-23T13:25:45+00:00\" \/>\n<meta property=\"og:image\" content=\"https:\/\/kapitalis.com\/tunisie\/wp-content\/uploads\/2022\/05\/kapitalis-logo-fb.png\" \/>\n\t<meta property=\"og:image:width\" content=\"1200\" \/>\n\t<meta property=\"og:image:height\" content=\"630\" \/>\n\t<meta property=\"og:image:type\" content=\"image\/png\" \/>\n<meta name=\"author\" content=\"Amina Mkada\" \/>\n<meta name=\"twitter:card\" content=\"summary_large_image\" \/>\n<meta name=\"twitter:creator\" content=\"@KapitalisInfo\" \/>\n<meta name=\"twitter:site\" content=\"@KapitalisInfo\" \/>\n<meta name=\"twitter:label1\" content=\"\u00c9crit par\" \/>\n\t<meta name=\"twitter:data1\" content=\"Amina Mkada\" \/>\n\t<meta name=\"twitter:label2\" content=\"Dur\u00e9e de lecture estim\u00e9e\" \/>\n\t<meta name=\"twitter:data2\" content=\"1 minute\" \/>\n<script type=\"application\/ld+json\" class=\"yoast-schema-graph\">{\"@context\":\"https:\/\/schema.org\",\"@graph\":[{\"@type\":\"Article\",\"@id\":\"https:\/\/kapitalis.com\/tunisie\/2019\/11\/23\/la-poste-tunisienne-emet-un-timbre-sur-al-quds-capital-of-palestine\/#article\",\"isPartOf\":{\"@id\":\"https:\/\/kapitalis.com\/tunisie\/2019\/11\/23\/la-poste-tunisienne-emet-un-timbre-sur-al-quds-capital-of-palestine\/\"},\"author\":{\"name\":\"Amina Mkada\",\"@id\":\"https:\/\/kapitalis.com\/tunisie\/#\/schema\/person\/093913313d3017554cb3ad077fff3fbd\"},\"headline\":\"La Poste Tunisienne \u00e9met un timbre sur \u00abAl Quds, capital of Palestine\u00bb\",\"datePublished\":\"2019-11-23T13:23:46+00:00\",\"dateModified\":\"2019-11-23T13:25:45+00:00\",\"mainEntityOfPage\":{\"@id\":\"https:\/\/kapitalis.com\/tunisie\/2019\/11\/23\/la-poste-tunisienne-emet-un-timbre-sur-al-quds-capital-of-palestine\/\"},\"wordCount\":231,\"commentCount\":3,\"publisher\":{\"@id\":\"https:\/\/kapitalis.com\/tunisie\/#organization\"},\"image\":{\"@id\":\"https:\/\/kapitalis.com\/tunisie\/2019\/11\/23\/la-poste-tunisienne-emet-un-timbre-sur-al-quds-capital-of-palestine\/#primaryimage\"},\"thumbnailUrl\":\"\",\"keywords\":[\"Isra\u00ebl\",\"Ka\u00efs Saied\",\"la Poste Tunisienne\",\"Oman\",\"Palestine\"],\"articleSection\":[\"CULTURE\",\"Tunisie\"],\"inLanguage\":\"fr-FR\",\"potentialAction\":[{\"@type\":\"CommentAction\",\"name\":\"Comment\",\"target\":[\"https:\/\/kapitalis.com\/tunisie\/2019\/11\/23\/la-poste-tunisienne-emet-un-timbre-sur-al-quds-capital-of-palestine\/#respond\"]}]},{\"@type\":\"WebPage\",\"@id\":\"https:\/\/kapitalis.com\/tunisie\/2019\/11\/23\/la-poste-tunisienne-emet-un-timbre-sur-al-quds-capital-of-palestine\/\",\"url\":\"https:\/\/kapitalis.com\/tunisie\/2019\/11\/23\/la-poste-tunisienne-emet-un-timbre-sur-al-quds-capital-of-palestine\/\",\"name\":\"La Poste Tunisienne \u00e9met un timbre sur \u00abAl Quds, capital of Palestine\u00bb - Kapitalis\",\"isPartOf\":{\"@id\":\"https:\/\/kapitalis.com\/tunisie\/#website\"},\"primaryImageOfPage\":{\"@id\":\"https:\/\/kapitalis.com\/tunisie\/2019\/11\/23\/la-poste-tunisienne-emet-un-timbre-sur-al-quds-capital-of-palestine\/#primaryimage\"},\"image\":{\"@id\":\"https:\/\/kapitalis.com\/tunisie\/2019\/11\/23\/la-poste-tunisienne-emet-un-timbre-sur-al-quds-capital-of-palestine\/#primaryimage\"},\"thumbnailUrl\":\"\",\"datePublished\":\"2019-11-23T13:23:46+00:00\",\"dateModified\":\"2019-11-23T13:25:45+00:00\",\"breadcrumb\":{\"@id\":\"https:\/\/kapitalis.com\/tunisie\/2019\/11\/23\/la-poste-tunisienne-emet-un-timbre-sur-al-quds-capital-of-palestine\/#breadcrumb\"},\"inLanguage\":\"fr-FR\",\"potentialAction\":[{\"@type\":\"ReadAction\",\"target\":[\"https:\/\/kapitalis.com\/tunisie\/2019\/11\/23\/la-poste-tunisienne-emet-un-timbre-sur-al-quds-capital-of-palestine\/\"]}]},{\"@type\":\"ImageObject\",\"inLanguage\":\"fr-FR\",\"@id\":\"https:\/\/kapitalis.com\/tunisie\/2019\/11\/23\/la-poste-tunisienne-emet-un-timbre-sur-al-quds-capital-of-palestine\/#primaryimage\",\"url\":\"\",\"contentUrl\":\"\"},{\"@type\":\"BreadcrumbList\",\"@id\":\"https:\/\/kapitalis.com\/tunisie\/2019\/11\/23\/la-poste-tunisienne-emet-un-timbre-sur-al-quds-capital-of-palestine\/#breadcrumb\",\"itemListElement\":[{\"@type\":\"ListItem\",\"position\":1,\"name\":\"Accueil\",\"item\":\"https:\/\/kapitalis.com\/tunisie\/\"},{\"@type\":\"ListItem\",\"position\":2,\"name\":\"La Poste Tunisienne \u00e9met un timbre sur \u00abAl Quds, capital of Palestine\u00bb\"}]},{\"@type\":\"WebSite\",\"@id\":\"https:\/\/kapitalis.com\/tunisie\/#website\",\"url\":\"https:\/\/kapitalis.com\/tunisie\/\",\"name\":\"Kapitalis\",\"description\":\"L&#039;actualit\u00e9 en Tunisie et dans le monde\",\"publisher\":{\"@id\":\"https:\/\/kapitalis.com\/tunisie\/#organization\"},\"potentialAction\":[{\"@type\":\"SearchAction\",\"target\":{\"@type\":\"EntryPoint\",\"urlTemplate\":\"https:\/\/kapitalis.com\/tunisie\/?s={search_term_string}\"},\"query-input\":{\"@type\":\"PropertyValueSpecification\",\"valueRequired\":true,\"valueName\":\"search_term_string\"}}],\"inLanguage\":\"fr-FR\"},{\"@type\":\"Organization\",\"@id\":\"https:\/\/kapitalis.com\/tunisie\/#organization\",\"name\":\"Kapitalis\",\"url\":\"https:\/\/kapitalis.com\/tunisie\/\",\"logo\":{\"@type\":\"ImageObject\",\"inLanguage\":\"fr-FR\",\"@id\":\"https:\/\/kapitalis.com\/tunisie\/#\/schema\/logo\/image\/\",\"url\":\"https:\/\/kapitalis.com\/tunisie\/wp-content\/uploads\/2022\/05\/Kapitalis-big-size.png\",\"contentUrl\":\"https:\/\/kapitalis.com\/tunisie\/wp-content\/uploads\/2022\/05\/Kapitalis-big-size.png\",\"width\":5000,\"height\":1500,\"caption\":\"Kapitalis\"},\"image\":{\"@id\":\"https:\/\/kapitalis.com\/tunisie\/#\/schema\/logo\/image\/\"},\"sameAs\":[\"https:\/\/www.facebook.com\/KapitalisInfo\/\",\"https:\/\/x.com\/KapitalisInfo\",\"https:\/\/www.youtube.com\/channel\/UC-yDYrHyfFBWWZaOw3FPg9Q\"]},{\"@type\":\"Person\",\"@id\":\"https:\/\/kapitalis.com\/tunisie\/#\/schema\/person\/093913313d3017554cb3ad077fff3fbd\",\"name\":\"Amina Mkada\",\"url\":\"https:\/\/kapitalis.com\/tunisie\/author\/amina\/\"}]}<\/script>\n<!-- \/ Yoast SEO plugin. -->","yoast_head_json":{"title":"La Poste Tunisienne \u00e9met un timbre sur \u00abAl Quds, capital of Palestine\u00bb - Kapitalis","robots":{"index":"index","follow":"follow","max-snippet":"max-snippet:-1","max-image-preview":"max-image-preview:large","max-video-preview":"max-video-preview:-1"},"canonical":"https:\/\/kapitalis.com\/tunisie\/2019\/11\/23\/la-poste-tunisienne-emet-un-timbre-sur-al-quds-capital-of-palestine\/","og_locale":"fr_FR","og_type":"article","og_title":"La Poste Tunisienne \u00e9met un timbre sur \u00abAl Quds, capital of Palestine\u00bb - Kapitalis","og_description":"La Poste Tunisienne a \u00e9mis le timbre \u00abAl Quds, capital of Palestine\u00bb en concr\u00e9tisation de la d\u00e9cision du Comit\u00e9 permanent de la Ligue des Etats arabes (Oman, mars 2018), et de confirmation de la position constante de la Tunisie \u00e0 soutenir la cause palestinienne. Le timbre est mis \u00e0 la vente au prix de 1,5...","og_url":"https:\/\/kapitalis.com\/tunisie\/2019\/11\/23\/la-poste-tunisienne-emet-un-timbre-sur-al-quds-capital-of-palestine\/","og_site_name":"Kapitalis","article_publisher":"https:\/\/www.facebook.com\/KapitalisInfo\/","article_published_time":"2019-11-23T13:23:46+00:00","article_modified_time":"2019-11-23T13:25:45+00:00","og_image":[{"width":1200,"height":630,"url":"https:\/\/kapitalis.com\/tunisie\/wp-content\/uploads\/2022\/05\/kapitalis-logo-fb.png","type":"image\/png"}],"author":"Amina Mkada","twitter_card":"summary_large_image","twitter_creator":"@KapitalisInfo","twitter_site":"@KapitalisInfo","twitter_misc":{"\u00c9crit par":"Amina Mkada","Dur\u00e9e de lecture estim\u00e9e":"1 minute"},"schema":{"@context":"https:\/\/schema.org","@graph":[{"@type":"Article","@id":"https:\/\/kapitalis.com\/tunisie\/2019\/11\/23\/la-poste-tunisienne-emet-un-timbre-sur-al-quds-capital-of-palestine\/#article","isPartOf":{"@id":"https:\/\/kapitalis.com\/tunisie\/2019\/11\/23\/la-poste-tunisienne-emet-un-timbre-sur-al-quds-capital-of-palestine\/"},"author":{"name":"Amina Mkada","@id":"https:\/\/kapitalis.com\/tunisie\/#\/schema\/person\/093913313d3017554cb3ad077fff3fbd"},"headline":"La Poste Tunisienne \u00e9met un timbre sur \u00abAl Quds, capital of Palestine\u00bb","datePublished":"2019-11-23T13:23:46+00:00","dateModified":"2019-11-23T13:25:45+00:00","mainEntityOfPage":{"@id":"https:\/\/kapitalis.com\/tunisie\/2019\/11\/23\/la-poste-tunisienne-emet-un-timbre-sur-al-quds-capital-of-palestine\/"},"wordCount":231,"commentCount":3,"publisher":{"@id":"https:\/\/kapitalis.com\/tunisie\/#organization"},"image":{"@id":"https:\/\/kapitalis.com\/tunisie\/2019\/11\/23\/la-poste-tunisienne-emet-un-timbre-sur-al-quds-capital-of-palestine\/#primaryimage"},"thumbnailUrl":"","keywords":["Isra\u00ebl","Ka\u00efs Saied","la Poste Tunisienne","Oman","Palestine"],"articleSection":["CULTURE","Tunisie"],"inLanguage":"fr-FR","potentialAction":[{"@type":"CommentAction","name":"Comment","target":["https:\/\/kapitalis.com\/tunisie\/2019\/11\/23\/la-poste-tunisienne-emet-un-timbre-sur-al-quds-capital-of-palestine\/#respond"]}]},{"@type":"WebPage","@id":"https:\/\/kapitalis.com\/tunisie\/2019\/11\/23\/la-poste-tunisienne-emet-un-timbre-sur-al-quds-capital-of-palestine\/","url":"https:\/\/kapitalis.com\/tunisie\/2019\/11\/23\/la-poste-tunisienne-emet-un-timbre-sur-al-quds-capital-of-palestine\/","name":"La Poste Tunisienne \u00e9met un timbre sur \u00abAl Quds, capital of Palestine\u00bb - Kapitalis","isPartOf":{"@id":"https:\/\/kapitalis.com\/tunisie\/#website"},"primaryImageOfPage":{"@id":"https:\/\/kapitalis.com\/tunisie\/2019\/11\/23\/la-poste-tunisienne-emet-un-timbre-sur-al-quds-capital-of-palestine\/#primaryimage"},"image":{"@id":"https:\/\/kapitalis.com\/tunisie\/2019\/11\/23\/la-poste-tunisienne-emet-un-timbre-sur-al-quds-capital-of-palestine\/#primaryimage"},"thumbnailUrl":"","datePublished":"2019-11-23T13:23:46+00:00","dateModified":"2019-11-23T13:25:45+00:00","breadcrumb":{"@id":"https:\/\/kapitalis.com\/tunisie\/2019\/11\/23\/la-poste-tunisienne-emet-un-timbre-sur-al-quds-capital-of-palestine\/#breadcrumb"},"inLanguage":"fr-FR","potentialAction":[{"@type":"ReadAction","target":["https:\/\/kapitalis.com\/tunisie\/2019\/11\/23\/la-poste-tunisienne-emet-un-timbre-sur-al-quds-capital-of-palestine\/"]}]},{"@type":"ImageObject","inLanguage":"fr-FR","@id":"https:\/\/kapitalis.com\/tunisie\/2019\/11\/23\/la-poste-tunisienne-emet-un-timbre-sur-al-quds-capital-of-palestine\/#primaryimage","url":"","contentUrl":""},{"@type":"BreadcrumbList","@id":"https:\/\/kapitalis.com\/tunisie\/2019\/11\/23\/la-poste-tunisienne-emet-un-timbre-sur-al-quds-capital-of-palestine\/#breadcrumb","itemListElement":[{"@type":"ListItem","position":1,"name":"Accueil","item":"https:\/\/kapitalis.com\/tunisie\/"},{"@type":"ListItem","position":2,"name":"La Poste Tunisienne \u00e9met un timbre sur \u00abAl Quds, capital of Palestine\u00bb"}]},{"@type":"WebSite","@id":"https:\/\/kapitalis.com\/tunisie\/#website","url":"https:\/\/kapitalis.com\/tunisie\/","name":"Kapitalis","description":"L&#039;actualit\u00e9 en Tunisie et dans le monde","publisher":{"@id":"https:\/\/kapitalis.com\/tunisie\/#organization"},"potentialAction":[{"@type":"SearchAction","target":{"@type":"EntryPoint","urlTemplate":"https:\/\/kapitalis.com\/tunisie\/?s={search_term_string}"},"query-input":{"@type":"PropertyValueSpecification","valueRequired":true,"valueName":"search_term_string"}}],"inLanguage":"fr-FR"},{"@type":"Organization","@id":"https:\/\/kapitalis.com\/tunisie\/#organization","name":"Kapitalis","url":"https:\/\/kapitalis.com\/tunisie\/","logo":{"@type":"ImageObject","inLanguage":"fr-FR","@id":"https:\/\/kapitalis.com\/tunisie\/#\/schema\/logo\/image\/","url":"https:\/\/kapitalis.com\/tunisie\/wp-content\/uploads\/2022\/05\/Kapitalis-big-size.png","contentUrl":"https:\/\/kapitalis.com\/tunisie\/wp-content\/uploads\/2022\/05\/Kapitalis-big-size.png","width":5000,"height":1500,"caption":"Kapitalis"},"image":{"@id":"https:\/\/kapitalis.com\/tunisie\/#\/schema\/logo\/image\/"},"sameAs":["https:\/\/www.facebook.com\/KapitalisInfo\/","https:\/\/x.com\/KapitalisInfo","https:\/\/www.youtube.com\/channel\/UC-yDYrHyfFBWWZaOw3FPg9Q"]},{"@type":"Person","@id":"https:\/\/kapitalis.com\/tunisie\/#\/schema\/person\/093913313d3017554cb3ad077fff3fbd","name":"Amina Mkada","url":"https:\/\/kapitalis.com\/tunisie\/author\/amina\/"}]}},"_links":{"self":[{"href":"https:\/\/kapitalis.com\/tunisie\/wp-json\/wp\/v2\/posts\/258152","targetHints":{"allow":["GET"]}}],"collection":[{"href":"https:\/\/kapitalis.com\/tunisie\/wp-json\/wp\/v2\/posts"}],"about":[{"href":"https:\/\/kapitalis.com\/tunisie\/wp-json\/wp\/v2\/types\/post"}],"author":[{"embeddable":true,"href":"https:\/\/kapitalis.com\/tunisie\/wp-json\/wp\/v2\/users\/22"}],"replies":[{"embeddable":true,"href":"https:\/\/kapitalis.com\/tunisie\/wp-json\/wp\/v2\/comments?post=258152"}],"version-history":[{"count":0,"href":"https:\/\/kapitalis.com\/tunisie\/wp-json\/wp\/v2\/posts\/258152\/revisions"}],"wp:featuredmedia":[{"embeddable":true,"href":"https:\/\/kapitalis.com\/tunisie\/wp-json\/wp\/v2\/media\/258166"}],"wp:attachment":[{"href":"https:\/\/kapitalis.com\/tunisie\/wp-json\/wp\/v2\/media?parent=258152"}],"wp:term":[{"taxonomy":"category","embeddable":true,"href":"https:\/\/kapitalis.com\/tunisie\/wp-json\/wp\/v2\/categories?post=258152"},{"taxonomy":"post_tag","embeddable":true,"href":"https:\/\/kapitalis.com\/tunisie\/wp-json\/wp\/v2\/tags?post=258152"}],"curies":[{"name":"wp","href":"https:\/\/api.w.org\/{rel}","templated":true}]}}