{"id":258255,"date":"2019-11-24T10:43:02","date_gmt":"2019-11-24T09:43:02","guid":{"rendered":"http:\/\/kapitalis.com\/tunisie\/?p=258255"},"modified":"2019-11-24T10:43:04","modified_gmt":"2019-11-24T09:43:04","slug":"conference-a-tunis-sur-les-vertus-de-leconomie-circulaire-dans-le-textile-habillement","status":"publish","type":"post","link":"https:\/\/kapitalis.com\/tunisie\/2019\/11\/24\/conference-a-tunis-sur-les-vertus-de-leconomie-circulaire-dans-le-textile-habillement\/","title":{"rendered":"Conf\u00e9rence \u00e0 Tunis sur les vertus de l\u2019\u00e9conomie circulaire dans le textile-habillement"},"content":{"rendered":"\n<figure class=\"wp-block-image size-large\"><img decoding=\"async\" src=\"http:\/\/kapitalis.com\/tunisie\/wp-content\/uploads\/2019\/11\/Rencontre-Textile.jpg\" alt=\"\" class=\"wp-image-258257\"\/><\/figure>\n\n\n\n<p> <strong><em>La F\u00e9d\u00e9ration tunisienne du textile et de l\u2019habillement (FTTH) organise une conf\u00e9rence, le 26 novembre 2019 \u00e0 l\u2019h\u00f4tel Sheraton de Tunis \u00e0 partir de 9 heures, sur les vertus de l\u2019\u00e9conomie circulaire applicable au secteur du textile et de l\u2019habillement, en remettant au go\u00fbt du jour le fameux principe de Lavoisier selon lequel \u00abrien ne se perd, rien ne se cr\u00e9e, tout se transforme\u00bb.<\/em><\/strong><\/p>\n\n\n\n<!--more-->\n\n\n\n<p> Dans le cadre de sa strat\u00e9gie prospective visant \u00e0 permettre du secteur du textile et de l\u2019habillement tunisien d\u2019\u00eatre au diapason des nouvelles exigences qu\u2019impose le consommateur de produits textile et d\u2019habillement, la F\u00e9d\u00e9ration tunisienne du textile et de l\u2019habillement (FTTH) a engag\u00e9 un processus de sensibilisation des op\u00e9rateurs du secteur sur la n\u00e9cessit\u00e9 d\u2019en tenir compte. Aujourd\u2019hui, le consommateur du produit textile et habillement est de plus en plus sourcilleux sur la nature et les conditions de fabrication des produits textiles et d\u2019habillement qu\u2019il ach\u00e8te. L\u2019exigence environnementale est devenue un crit\u00e8re de choix. <\/p>\n\n\n\n<p> Apr\u00e8s une premi\u00e8re rencontre organis\u00e9e en juin dernier pour familiariser les industriels du secteur aux outils de mesure des performances environnementales de leurs activit\u00e9s, la FTTH organise, en partenariat avec l\u2019Onudi, Switchmed et l\u2019Union europ\u00e9enne (UE), cette seconde rencontre sur le th\u00e8me :<em> \u00abPromouvoir des cha\u00eenes de valeur circulaires pour une industrie textile comp\u00e9titive et durable en Tunisie\u00bb. <\/em><\/p>\n\n\n\n<p> Ce sera l\u2019occasion du lancement de l\u2019initiative Med Test III financ\u00e9e par l\u2019UE dont l\u2019objectif est de soutenir la mise en place d\u2019un \u00e9cosyst\u00e8me qui valorise les d\u00e9chets textiles postindustriels et pr\u00e9-consommation, tout en incitant les entreprises \u00e0 adopter des protocoles chimiques plus s\u00fbr.<\/p>\n\n\n\n<p class=\"has-text-align-right\"><strong> I. B.<\/strong> (avec communiqu\u00e9).<\/p>\n","protected":false},"excerpt":{"rendered":"<p>La F\u00e9d\u00e9ration tunisienne du textile et de l\u2019habillement (FTTH) organise une conf\u00e9rence, le 26 novembre 2019 \u00e0 l\u2019h\u00f4tel Sheraton de Tunis \u00e0 partir de 9 heures, sur les vertus de l\u2019\u00e9conomie circulaire applicable au secteur du textile et de l\u2019habillement, en remettant au go\u00fbt du jour le fameux principe de Lavoisier selon lequel \u00abrien ne&#8230;<\/p>\n","protected":false},"author":8,"featured_media":258257,"comment_status":"open","ping_status":"open","sticky":false,"template":"","format":"standard","meta":{"footnotes":""},"categories":[995,2433],"tags":[30910,30911,1449,937],"class_list":["post-258255","post","type-post","status-publish","format-standard","has-post-thumbnail","hentry","category-economie","category-tunisie","tag-federation-tunisienne-du-textile-et-de-lhabillement","tag-ftth","tag-onudi","tag-union-europeenne"],"yoast_head":"<!-- This site is optimized with the Yoast SEO plugin v26.6 - https:\/\/yoast.com\/wordpress\/plugins\/seo\/ -->\n<title>Conf\u00e9rence \u00e0 Tunis sur les vertus de l\u2019\u00e9conomie circulaire dans le textile-habillement - Kapitalis<\/title>\n<meta name=\"robots\" content=\"index, follow, max-snippet:-1, max-image-preview:large, max-video-preview:-1\" \/>\n<link rel=\"canonical\" href=\"https:\/\/kapitalis.com\/tunisie\/2019\/11\/24\/conference-a-tunis-sur-les-vertus-de-leconomie-circulaire-dans-le-textile-habillement\/\" \/>\n<meta property=\"og:locale\" content=\"fr_FR\" \/>\n<meta property=\"og:type\" content=\"article\" \/>\n<meta property=\"og:title\" content=\"Conf\u00e9rence \u00e0 Tunis sur les vertus de l\u2019\u00e9conomie circulaire dans le textile-habillement - Kapitalis\" \/>\n<meta property=\"og:description\" content=\"La F\u00e9d\u00e9ration tunisienne du textile et de l\u2019habillement (FTTH) organise une conf\u00e9rence, le 26 novembre 2019 \u00e0 l\u2019h\u00f4tel Sheraton de Tunis \u00e0 partir de 9 heures, sur les vertus de l\u2019\u00e9conomie circulaire applicable au secteur du textile et de l\u2019habillement, en remettant au go\u00fbt du jour le fameux principe de Lavoisier selon lequel \u00abrien ne...\" \/>\n<meta property=\"og:url\" content=\"https:\/\/kapitalis.com\/tunisie\/2019\/11\/24\/conference-a-tunis-sur-les-vertus-de-leconomie-circulaire-dans-le-textile-habillement\/\" \/>\n<meta property=\"og:site_name\" content=\"Kapitalis\" \/>\n<meta property=\"article:publisher\" content=\"https:\/\/www.facebook.com\/KapitalisInfo\/\" \/>\n<meta property=\"article:published_time\" content=\"2019-11-24T09:43:02+00:00\" \/>\n<meta property=\"article:modified_time\" content=\"2019-11-24T09:43:04+00:00\" \/>\n<meta property=\"og:image\" content=\"https:\/\/kapitalis.com\/tunisie\/wp-content\/uploads\/2022\/05\/kapitalis-logo-fb.png\" \/>\n\t<meta property=\"og:image:width\" content=\"1200\" \/>\n\t<meta property=\"og:image:height\" content=\"630\" \/>\n\t<meta property=\"og:image:type\" content=\"image\/png\" \/>\n<meta name=\"author\" content=\"webmaster kapitalis\" \/>\n<meta name=\"twitter:card\" content=\"summary_large_image\" \/>\n<meta name=\"twitter:creator\" content=\"@KapitalisInfo\" \/>\n<meta name=\"twitter:site\" content=\"@KapitalisInfo\" \/>\n<meta name=\"twitter:label1\" content=\"\u00c9crit par\" \/>\n\t<meta name=\"twitter:data1\" content=\"webmaster kapitalis\" \/>\n\t<meta name=\"twitter:label2\" content=\"Dur\u00e9e de lecture estim\u00e9e\" \/>\n\t<meta name=\"twitter:data2\" content=\"2 minutes\" \/>\n<script type=\"application\/ld+json\" class=\"yoast-schema-graph\">{\"@context\":\"https:\/\/schema.org\",\"@graph\":[{\"@type\":\"Article\",\"@id\":\"https:\/\/kapitalis.com\/tunisie\/2019\/11\/24\/conference-a-tunis-sur-les-vertus-de-leconomie-circulaire-dans-le-textile-habillement\/#article\",\"isPartOf\":{\"@id\":\"https:\/\/kapitalis.com\/tunisie\/2019\/11\/24\/conference-a-tunis-sur-les-vertus-de-leconomie-circulaire-dans-le-textile-habillement\/\"},\"author\":{\"name\":\"webmaster kapitalis\",\"@id\":\"https:\/\/kapitalis.com\/tunisie\/#\/schema\/person\/d71f33a9ca44f7bad4698210b480c8e9\"},\"headline\":\"Conf\u00e9rence \u00e0 Tunis sur les vertus de l\u2019\u00e9conomie circulaire dans le textile-habillement\",\"datePublished\":\"2019-11-24T09:43:02+00:00\",\"dateModified\":\"2019-11-24T09:43:04+00:00\",\"mainEntityOfPage\":{\"@id\":\"https:\/\/kapitalis.com\/tunisie\/2019\/11\/24\/conference-a-tunis-sur-les-vertus-de-leconomie-circulaire-dans-le-textile-habillement\/\"},\"wordCount\":316,\"commentCount\":0,\"publisher\":{\"@id\":\"https:\/\/kapitalis.com\/tunisie\/#organization\"},\"image\":{\"@id\":\"https:\/\/kapitalis.com\/tunisie\/2019\/11\/24\/conference-a-tunis-sur-les-vertus-de-leconomie-circulaire-dans-le-textile-habillement\/#primaryimage\"},\"thumbnailUrl\":\"\",\"keywords\":[\"F\u00e9d\u00e9ration tunisienne du textile et de l\u2019habillement\",\"FTTH\",\"Onudi\",\"Union europ\u00e9enne\"],\"articleSection\":[\"ECONOMIE\",\"Tunisie\"],\"inLanguage\":\"fr-FR\",\"potentialAction\":[{\"@type\":\"CommentAction\",\"name\":\"Comment\",\"target\":[\"https:\/\/kapitalis.com\/tunisie\/2019\/11\/24\/conference-a-tunis-sur-les-vertus-de-leconomie-circulaire-dans-le-textile-habillement\/#respond\"]}]},{\"@type\":\"WebPage\",\"@id\":\"https:\/\/kapitalis.com\/tunisie\/2019\/11\/24\/conference-a-tunis-sur-les-vertus-de-leconomie-circulaire-dans-le-textile-habillement\/\",\"url\":\"https:\/\/kapitalis.com\/tunisie\/2019\/11\/24\/conference-a-tunis-sur-les-vertus-de-leconomie-circulaire-dans-le-textile-habillement\/\",\"name\":\"Conf\u00e9rence \u00e0 Tunis sur les vertus de l\u2019\u00e9conomie circulaire dans le textile-habillement - Kapitalis\",\"isPartOf\":{\"@id\":\"https:\/\/kapitalis.com\/tunisie\/#website\"},\"primaryImageOfPage\":{\"@id\":\"https:\/\/kapitalis.com\/tunisie\/2019\/11\/24\/conference-a-tunis-sur-les-vertus-de-leconomie-circulaire-dans-le-textile-habillement\/#primaryimage\"},\"image\":{\"@id\":\"https:\/\/kapitalis.com\/tunisie\/2019\/11\/24\/conference-a-tunis-sur-les-vertus-de-leconomie-circulaire-dans-le-textile-habillement\/#primaryimage\"},\"thumbnailUrl\":\"\",\"datePublished\":\"2019-11-24T09:43:02+00:00\",\"dateModified\":\"2019-11-24T09:43:04+00:00\",\"breadcrumb\":{\"@id\":\"https:\/\/kapitalis.com\/tunisie\/2019\/11\/24\/conference-a-tunis-sur-les-vertus-de-leconomie-circulaire-dans-le-textile-habillement\/#breadcrumb\"},\"inLanguage\":\"fr-FR\",\"potentialAction\":[{\"@type\":\"ReadAction\",\"target\":[\"https:\/\/kapitalis.com\/tunisie\/2019\/11\/24\/conference-a-tunis-sur-les-vertus-de-leconomie-circulaire-dans-le-textile-habillement\/\"]}]},{\"@type\":\"ImageObject\",\"inLanguage\":\"fr-FR\",\"@id\":\"https:\/\/kapitalis.com\/tunisie\/2019\/11\/24\/conference-a-tunis-sur-les-vertus-de-leconomie-circulaire-dans-le-textile-habillement\/#primaryimage\",\"url\":\"\",\"contentUrl\":\"\"},{\"@type\":\"BreadcrumbList\",\"@id\":\"https:\/\/kapitalis.com\/tunisie\/2019\/11\/24\/conference-a-tunis-sur-les-vertus-de-leconomie-circulaire-dans-le-textile-habillement\/#breadcrumb\",\"itemListElement\":[{\"@type\":\"ListItem\",\"position\":1,\"name\":\"Accueil\",\"item\":\"https:\/\/kapitalis.com\/tunisie\/\"},{\"@type\":\"ListItem\",\"position\":2,\"name\":\"Conf\u00e9rence \u00e0 Tunis sur les vertus de l\u2019\u00e9conomie circulaire dans le textile-habillement\"}]},{\"@type\":\"WebSite\",\"@id\":\"https:\/\/kapitalis.com\/tunisie\/#website\",\"url\":\"https:\/\/kapitalis.com\/tunisie\/\",\"name\":\"Kapitalis\",\"description\":\"L&#039;actualit\u00e9 en Tunisie et dans le monde\",\"publisher\":{\"@id\":\"https:\/\/kapitalis.com\/tunisie\/#organization\"},\"potentialAction\":[{\"@type\":\"SearchAction\",\"target\":{\"@type\":\"EntryPoint\",\"urlTemplate\":\"https:\/\/kapitalis.com\/tunisie\/?s={search_term_string}\"},\"query-input\":{\"@type\":\"PropertyValueSpecification\",\"valueRequired\":true,\"valueName\":\"search_term_string\"}}],\"inLanguage\":\"fr-FR\"},{\"@type\":\"Organization\",\"@id\":\"https:\/\/kapitalis.com\/tunisie\/#organization\",\"name\":\"Kapitalis\",\"url\":\"https:\/\/kapitalis.com\/tunisie\/\",\"logo\":{\"@type\":\"ImageObject\",\"inLanguage\":\"fr-FR\",\"@id\":\"https:\/\/kapitalis.com\/tunisie\/#\/schema\/logo\/image\/\",\"url\":\"https:\/\/kapitalis.com\/tunisie\/wp-content\/uploads\/2022\/05\/Kapitalis-big-size.png\",\"contentUrl\":\"https:\/\/kapitalis.com\/tunisie\/wp-content\/uploads\/2022\/05\/Kapitalis-big-size.png\",\"width\":5000,\"height\":1500,\"caption\":\"Kapitalis\"},\"image\":{\"@id\":\"https:\/\/kapitalis.com\/tunisie\/#\/schema\/logo\/image\/\"},\"sameAs\":[\"https:\/\/www.facebook.com\/KapitalisInfo\/\",\"https:\/\/x.com\/KapitalisInfo\",\"https:\/\/www.youtube.com\/channel\/UC-yDYrHyfFBWWZaOw3FPg9Q\"]},{\"@type\":\"Person\",\"@id\":\"https:\/\/kapitalis.com\/tunisie\/#\/schema\/person\/d71f33a9ca44f7bad4698210b480c8e9\",\"name\":\"webmaster kapitalis\",\"url\":\"https:\/\/kapitalis.com\/tunisie\/author\/webmaster-kapitalis\/\"}]}<\/script>\n<!-- \/ Yoast SEO plugin. -->","yoast_head_json":{"title":"Conf\u00e9rence \u00e0 Tunis sur les vertus de l\u2019\u00e9conomie circulaire dans le textile-habillement - Kapitalis","robots":{"index":"index","follow":"follow","max-snippet":"max-snippet:-1","max-image-preview":"max-image-preview:large","max-video-preview":"max-video-preview:-1"},"canonical":"https:\/\/kapitalis.com\/tunisie\/2019\/11\/24\/conference-a-tunis-sur-les-vertus-de-leconomie-circulaire-dans-le-textile-habillement\/","og_locale":"fr_FR","og_type":"article","og_title":"Conf\u00e9rence \u00e0 Tunis sur les vertus de l\u2019\u00e9conomie circulaire dans le textile-habillement - Kapitalis","og_description":"La F\u00e9d\u00e9ration tunisienne du textile et de l\u2019habillement (FTTH) organise une conf\u00e9rence, le 26 novembre 2019 \u00e0 l\u2019h\u00f4tel Sheraton de Tunis \u00e0 partir de 9 heures, sur les vertus de l\u2019\u00e9conomie circulaire applicable au secteur du textile et de l\u2019habillement, en remettant au go\u00fbt du jour le fameux principe de Lavoisier selon lequel \u00abrien ne...","og_url":"https:\/\/kapitalis.com\/tunisie\/2019\/11\/24\/conference-a-tunis-sur-les-vertus-de-leconomie-circulaire-dans-le-textile-habillement\/","og_site_name":"Kapitalis","article_publisher":"https:\/\/www.facebook.com\/KapitalisInfo\/","article_published_time":"2019-11-24T09:43:02+00:00","article_modified_time":"2019-11-24T09:43:04+00:00","og_image":[{"width":1200,"height":630,"url":"https:\/\/kapitalis.com\/tunisie\/wp-content\/uploads\/2022\/05\/kapitalis-logo-fb.png","type":"image\/png"}],"author":"webmaster kapitalis","twitter_card":"summary_large_image","twitter_creator":"@KapitalisInfo","twitter_site":"@KapitalisInfo","twitter_misc":{"\u00c9crit par":"webmaster kapitalis","Dur\u00e9e de lecture estim\u00e9e":"2 minutes"},"schema":{"@context":"https:\/\/schema.org","@graph":[{"@type":"Article","@id":"https:\/\/kapitalis.com\/tunisie\/2019\/11\/24\/conference-a-tunis-sur-les-vertus-de-leconomie-circulaire-dans-le-textile-habillement\/#article","isPartOf":{"@id":"https:\/\/kapitalis.com\/tunisie\/2019\/11\/24\/conference-a-tunis-sur-les-vertus-de-leconomie-circulaire-dans-le-textile-habillement\/"},"author":{"name":"webmaster kapitalis","@id":"https:\/\/kapitalis.com\/tunisie\/#\/schema\/person\/d71f33a9ca44f7bad4698210b480c8e9"},"headline":"Conf\u00e9rence \u00e0 Tunis sur les vertus de l\u2019\u00e9conomie circulaire dans le textile-habillement","datePublished":"2019-11-24T09:43:02+00:00","dateModified":"2019-11-24T09:43:04+00:00","mainEntityOfPage":{"@id":"https:\/\/kapitalis.com\/tunisie\/2019\/11\/24\/conference-a-tunis-sur-les-vertus-de-leconomie-circulaire-dans-le-textile-habillement\/"},"wordCount":316,"commentCount":0,"publisher":{"@id":"https:\/\/kapitalis.com\/tunisie\/#organization"},"image":{"@id":"https:\/\/kapitalis.com\/tunisie\/2019\/11\/24\/conference-a-tunis-sur-les-vertus-de-leconomie-circulaire-dans-le-textile-habillement\/#primaryimage"},"thumbnailUrl":"","keywords":["F\u00e9d\u00e9ration tunisienne du textile et de l\u2019habillement","FTTH","Onudi","Union europ\u00e9enne"],"articleSection":["ECONOMIE","Tunisie"],"inLanguage":"fr-FR","potentialAction":[{"@type":"CommentAction","name":"Comment","target":["https:\/\/kapitalis.com\/tunisie\/2019\/11\/24\/conference-a-tunis-sur-les-vertus-de-leconomie-circulaire-dans-le-textile-habillement\/#respond"]}]},{"@type":"WebPage","@id":"https:\/\/kapitalis.com\/tunisie\/2019\/11\/24\/conference-a-tunis-sur-les-vertus-de-leconomie-circulaire-dans-le-textile-habillement\/","url":"https:\/\/kapitalis.com\/tunisie\/2019\/11\/24\/conference-a-tunis-sur-les-vertus-de-leconomie-circulaire-dans-le-textile-habillement\/","name":"Conf\u00e9rence \u00e0 Tunis sur les vertus de l\u2019\u00e9conomie circulaire dans le textile-habillement - Kapitalis","isPartOf":{"@id":"https:\/\/kapitalis.com\/tunisie\/#website"},"primaryImageOfPage":{"@id":"https:\/\/kapitalis.com\/tunisie\/2019\/11\/24\/conference-a-tunis-sur-les-vertus-de-leconomie-circulaire-dans-le-textile-habillement\/#primaryimage"},"image":{"@id":"https:\/\/kapitalis.com\/tunisie\/2019\/11\/24\/conference-a-tunis-sur-les-vertus-de-leconomie-circulaire-dans-le-textile-habillement\/#primaryimage"},"thumbnailUrl":"","datePublished":"2019-11-24T09:43:02+00:00","dateModified":"2019-11-24T09:43:04+00:00","breadcrumb":{"@id":"https:\/\/kapitalis.com\/tunisie\/2019\/11\/24\/conference-a-tunis-sur-les-vertus-de-leconomie-circulaire-dans-le-textile-habillement\/#breadcrumb"},"inLanguage":"fr-FR","potentialAction":[{"@type":"ReadAction","target":["https:\/\/kapitalis.com\/tunisie\/2019\/11\/24\/conference-a-tunis-sur-les-vertus-de-leconomie-circulaire-dans-le-textile-habillement\/"]}]},{"@type":"ImageObject","inLanguage":"fr-FR","@id":"https:\/\/kapitalis.com\/tunisie\/2019\/11\/24\/conference-a-tunis-sur-les-vertus-de-leconomie-circulaire-dans-le-textile-habillement\/#primaryimage","url":"","contentUrl":""},{"@type":"BreadcrumbList","@id":"https:\/\/kapitalis.com\/tunisie\/2019\/11\/24\/conference-a-tunis-sur-les-vertus-de-leconomie-circulaire-dans-le-textile-habillement\/#breadcrumb","itemListElement":[{"@type":"ListItem","position":1,"name":"Accueil","item":"https:\/\/kapitalis.com\/tunisie\/"},{"@type":"ListItem","position":2,"name":"Conf\u00e9rence \u00e0 Tunis sur les vertus de l\u2019\u00e9conomie circulaire dans le textile-habillement"}]},{"@type":"WebSite","@id":"https:\/\/kapitalis.com\/tunisie\/#website","url":"https:\/\/kapitalis.com\/tunisie\/","name":"Kapitalis","description":"L&#039;actualit\u00e9 en Tunisie et dans le monde","publisher":{"@id":"https:\/\/kapitalis.com\/tunisie\/#organization"},"potentialAction":[{"@type":"SearchAction","target":{"@type":"EntryPoint","urlTemplate":"https:\/\/kapitalis.com\/tunisie\/?s={search_term_string}"},"query-input":{"@type":"PropertyValueSpecification","valueRequired":true,"valueName":"search_term_string"}}],"inLanguage":"fr-FR"},{"@type":"Organization","@id":"https:\/\/kapitalis.com\/tunisie\/#organization","name":"Kapitalis","url":"https:\/\/kapitalis.com\/tunisie\/","logo":{"@type":"ImageObject","inLanguage":"fr-FR","@id":"https:\/\/kapitalis.com\/tunisie\/#\/schema\/logo\/image\/","url":"https:\/\/kapitalis.com\/tunisie\/wp-content\/uploads\/2022\/05\/Kapitalis-big-size.png","contentUrl":"https:\/\/kapitalis.com\/tunisie\/wp-content\/uploads\/2022\/05\/Kapitalis-big-size.png","width":5000,"height":1500,"caption":"Kapitalis"},"image":{"@id":"https:\/\/kapitalis.com\/tunisie\/#\/schema\/logo\/image\/"},"sameAs":["https:\/\/www.facebook.com\/KapitalisInfo\/","https:\/\/x.com\/KapitalisInfo","https:\/\/www.youtube.com\/channel\/UC-yDYrHyfFBWWZaOw3FPg9Q"]},{"@type":"Person","@id":"https:\/\/kapitalis.com\/tunisie\/#\/schema\/person\/d71f33a9ca44f7bad4698210b480c8e9","name":"webmaster kapitalis","url":"https:\/\/kapitalis.com\/tunisie\/author\/webmaster-kapitalis\/"}]}},"_links":{"self":[{"href":"https:\/\/kapitalis.com\/tunisie\/wp-json\/wp\/v2\/posts\/258255","targetHints":{"allow":["GET"]}}],"collection":[{"href":"https:\/\/kapitalis.com\/tunisie\/wp-json\/wp\/v2\/posts"}],"about":[{"href":"https:\/\/kapitalis.com\/tunisie\/wp-json\/wp\/v2\/types\/post"}],"author":[{"embeddable":true,"href":"https:\/\/kapitalis.com\/tunisie\/wp-json\/wp\/v2\/users\/8"}],"replies":[{"embeddable":true,"href":"https:\/\/kapitalis.com\/tunisie\/wp-json\/wp\/v2\/comments?post=258255"}],"version-history":[{"count":0,"href":"https:\/\/kapitalis.com\/tunisie\/wp-json\/wp\/v2\/posts\/258255\/revisions"}],"wp:featuredmedia":[{"embeddable":true,"href":"https:\/\/kapitalis.com\/tunisie\/wp-json\/wp\/v2\/media\/258257"}],"wp:attachment":[{"href":"https:\/\/kapitalis.com\/tunisie\/wp-json\/wp\/v2\/media?parent=258255"}],"wp:term":[{"taxonomy":"category","embeddable":true,"href":"https:\/\/kapitalis.com\/tunisie\/wp-json\/wp\/v2\/categories?post=258255"},{"taxonomy":"post_tag","embeddable":true,"href":"https:\/\/kapitalis.com\/tunisie\/wp-json\/wp\/v2\/tags?post=258255"}],"curies":[{"name":"wp","href":"https:\/\/api.w.org\/{rel}","templated":true}]}}