{"id":258298,"date":"2019-11-25T08:18:51","date_gmt":"2019-11-25T07:18:51","guid":{"rendered":"http:\/\/kapitalis.com\/tunisie\/?p=258298"},"modified":"2019-11-25T08:18:55","modified_gmt":"2019-11-25T07:18:55","slug":"seminaire-a-tunis-eau-et-changement-climatique-au-maghreb","status":"publish","type":"post","link":"https:\/\/kapitalis.com\/tunisie\/2019\/11\/25\/seminaire-a-tunis-eau-et-changement-climatique-au-maghreb\/","title":{"rendered":"S\u00e9minaire \u00e0 Tunis : Eau et changement climatique au Maghreb"},"content":{"rendered":"\n<figure class=\"wp-block-image size-large\"><img decoding=\"async\" src=\"http:\/\/kapitalis.com\/tunisie\/wp-content\/uploads\/2019\/11\/OSS-GIZ.jpg\" alt=\"\" class=\"wp-image-258299\"\/><\/figure>\n\n\n\n<p><strong><em> Un s\u00e9minaire international sur le th\u00e8me : \u00abEau et changement climatique au Maghreb : d\u00e9fis et perspectives\u00bb, organis\u00e9 par l\u2019Observatoire du Sahara et du Sahel (OSS) et la GIZ Tunisie, se tient ce lundi 25 novembre 2019 \u00e0 l\u2019H\u00f4tel Laico Tunis.<\/em><\/strong><\/p>\n\n\n\n<!--more-->\n\n\n\n<p> Autour de Khatim Kherraz, secr\u00e9taire ex\u00e9cutif de l\u2019OSS, et Manfred Matz, chef de mission du projet CREM \u2013 GIZ, Tunis, on annonce la participation de Samir Taieb, ministre de l\u2019Agriculture, des Ressources hydrauliques et de la P\u00eache, Mokhtar Hammami, ministre des Affaires locales et de l\u2019Environnement, Loic Fauchon, pr\u00e9sident du Conseil mondial de l\u2019eau (France), Kalla Moutari, ministre de l\u2019Hydraulique et de l\u2019Environnement (Niger), Taieb Baccouche, secr\u00e9taire g\u00e9n\u00e9ral de l\u2019Union du Maghreb arabe (UMA), Prof. Ahmed Kettab, \u00c9cole nationale polytechnique (Alg\u00e9rie), Prof. Hamadi Habaieb, directeur g\u00e9n\u00e9ral du Bureau de la planification et des \u00e9quilibres hydrauliques (BPEH), minist\u00e8re de l&rsquo;Agriculture, des Ressources hydrauliques et de la P\u00eache (Tunisie), Laila Oualkacha, minist\u00e8re de l\u2019\u00c9quipement, du Transport, de la Logistique et de l\u2019Eau (Maroc ), Dr. Zouhaier Hlaoui, Universit\u00e9 de Tunis, Facult\u00e9 des sciences humaines et sociales de Tunis, Prof. Mohammed Said Karrouk, Universit\u00e9 Hassan II de Casablanca, FLSH Ben M\u2019Sick  (Maroc), Dr. Abdou Ali, Agrhymet &#8211; Niamey (Niger), Abdelmalik Saloui, Abdelali Sebbar et Rahma Kanjaa, Universit\u00e9 Hassan II &#8211; Casablanca (Maroc) et Mokhtar Bzioui, expert en eau (Maroc). <\/p>\n","protected":false},"excerpt":{"rendered":"<p>Un s\u00e9minaire international sur le th\u00e8me : \u00abEau et changement climatique au Maghreb : d\u00e9fis et perspectives\u00bb, organis\u00e9 par l\u2019Observatoire du Sahara et du Sahel (OSS) et la GIZ Tunisie, se tient ce lundi 25 novembre 2019 \u00e0 l\u2019H\u00f4tel Laico Tunis.<\/p>\n","protected":false},"author":8,"featured_media":258299,"comment_status":"open","ping_status":"open","sticky":false,"template":"","format":"standard","meta":{"footnotes":""},"categories":[995,2433],"tags":[24073,68017,1659,19883,9487],"class_list":["post-258298","post","type-post","status-publish","format-standard","has-post-thumbnail","hentry","category-economie","category-tunisie","tag-changement-climatique","tag-giz-tunisie","tag-maghreb","tag-mokhtar-hammami","tag-samir-taieb"],"yoast_head":"<!-- This site is optimized with the Yoast SEO plugin v26.6 - https:\/\/yoast.com\/wordpress\/plugins\/seo\/ -->\n<title>S\u00e9minaire \u00e0 Tunis : Eau et changement climatique au Maghreb - Kapitalis<\/title>\n<meta name=\"robots\" content=\"index, follow, max-snippet:-1, max-image-preview:large, max-video-preview:-1\" \/>\n<link rel=\"canonical\" href=\"https:\/\/kapitalis.com\/tunisie\/2019\/11\/25\/seminaire-a-tunis-eau-et-changement-climatique-au-maghreb\/\" \/>\n<meta property=\"og:locale\" content=\"fr_FR\" \/>\n<meta property=\"og:type\" content=\"article\" \/>\n<meta property=\"og:title\" content=\"S\u00e9minaire \u00e0 Tunis : Eau et changement climatique au Maghreb - Kapitalis\" \/>\n<meta property=\"og:description\" content=\"Un s\u00e9minaire international sur le th\u00e8me : \u00abEau et changement climatique au Maghreb : d\u00e9fis et perspectives\u00bb, organis\u00e9 par l\u2019Observatoire du Sahara et du Sahel (OSS) et la GIZ Tunisie, se tient ce lundi 25 novembre 2019 \u00e0 l\u2019H\u00f4tel Laico Tunis.\" \/>\n<meta property=\"og:url\" content=\"https:\/\/kapitalis.com\/tunisie\/2019\/11\/25\/seminaire-a-tunis-eau-et-changement-climatique-au-maghreb\/\" \/>\n<meta property=\"og:site_name\" content=\"Kapitalis\" \/>\n<meta property=\"article:publisher\" content=\"https:\/\/www.facebook.com\/KapitalisInfo\/\" \/>\n<meta property=\"article:published_time\" content=\"2019-11-25T07:18:51+00:00\" \/>\n<meta property=\"article:modified_time\" content=\"2019-11-25T07:18:55+00:00\" \/>\n<meta property=\"og:image\" content=\"https:\/\/kapitalis.com\/tunisie\/wp-content\/uploads\/2022\/05\/kapitalis-logo-fb.png\" \/>\n\t<meta property=\"og:image:width\" content=\"1200\" \/>\n\t<meta property=\"og:image:height\" content=\"630\" \/>\n\t<meta property=\"og:image:type\" content=\"image\/png\" \/>\n<meta name=\"author\" content=\"webmaster kapitalis\" \/>\n<meta name=\"twitter:card\" content=\"summary_large_image\" \/>\n<meta name=\"twitter:creator\" content=\"@KapitalisInfo\" \/>\n<meta name=\"twitter:site\" content=\"@KapitalisInfo\" \/>\n<meta name=\"twitter:label1\" content=\"\u00c9crit par\" \/>\n\t<meta name=\"twitter:data1\" content=\"webmaster kapitalis\" \/>\n\t<meta name=\"twitter:label2\" content=\"Dur\u00e9e de lecture estim\u00e9e\" \/>\n\t<meta name=\"twitter:data2\" content=\"1 minute\" \/>\n<script type=\"application\/ld+json\" class=\"yoast-schema-graph\">{\"@context\":\"https:\/\/schema.org\",\"@graph\":[{\"@type\":\"Article\",\"@id\":\"https:\/\/kapitalis.com\/tunisie\/2019\/11\/25\/seminaire-a-tunis-eau-et-changement-climatique-au-maghreb\/#article\",\"isPartOf\":{\"@id\":\"https:\/\/kapitalis.com\/tunisie\/2019\/11\/25\/seminaire-a-tunis-eau-et-changement-climatique-au-maghreb\/\"},\"author\":{\"name\":\"webmaster kapitalis\",\"@id\":\"https:\/\/kapitalis.com\/tunisie\/#\/schema\/person\/d71f33a9ca44f7bad4698210b480c8e9\"},\"headline\":\"S\u00e9minaire \u00e0 Tunis : Eau et changement climatique au Maghreb\",\"datePublished\":\"2019-11-25T07:18:51+00:00\",\"dateModified\":\"2019-11-25T07:18:55+00:00\",\"mainEntityOfPage\":{\"@id\":\"https:\/\/kapitalis.com\/tunisie\/2019\/11\/25\/seminaire-a-tunis-eau-et-changement-climatique-au-maghreb\/\"},\"wordCount\":248,\"commentCount\":1,\"publisher\":{\"@id\":\"https:\/\/kapitalis.com\/tunisie\/#organization\"},\"image\":{\"@id\":\"https:\/\/kapitalis.com\/tunisie\/2019\/11\/25\/seminaire-a-tunis-eau-et-changement-climatique-au-maghreb\/#primaryimage\"},\"thumbnailUrl\":\"\",\"keywords\":[\"changement climatique\",\"GIZ Tunisie\",\"Maghreb\",\"Mokhtar Hammami\",\"Samir Taieb\"],\"articleSection\":[\"ECONOMIE\",\"Tunisie\"],\"inLanguage\":\"fr-FR\",\"potentialAction\":[{\"@type\":\"CommentAction\",\"name\":\"Comment\",\"target\":[\"https:\/\/kapitalis.com\/tunisie\/2019\/11\/25\/seminaire-a-tunis-eau-et-changement-climatique-au-maghreb\/#respond\"]}]},{\"@type\":\"WebPage\",\"@id\":\"https:\/\/kapitalis.com\/tunisie\/2019\/11\/25\/seminaire-a-tunis-eau-et-changement-climatique-au-maghreb\/\",\"url\":\"https:\/\/kapitalis.com\/tunisie\/2019\/11\/25\/seminaire-a-tunis-eau-et-changement-climatique-au-maghreb\/\",\"name\":\"S\u00e9minaire \u00e0 Tunis : Eau et changement climatique au Maghreb - Kapitalis\",\"isPartOf\":{\"@id\":\"https:\/\/kapitalis.com\/tunisie\/#website\"},\"primaryImageOfPage\":{\"@id\":\"https:\/\/kapitalis.com\/tunisie\/2019\/11\/25\/seminaire-a-tunis-eau-et-changement-climatique-au-maghreb\/#primaryimage\"},\"image\":{\"@id\":\"https:\/\/kapitalis.com\/tunisie\/2019\/11\/25\/seminaire-a-tunis-eau-et-changement-climatique-au-maghreb\/#primaryimage\"},\"thumbnailUrl\":\"\",\"datePublished\":\"2019-11-25T07:18:51+00:00\",\"dateModified\":\"2019-11-25T07:18:55+00:00\",\"breadcrumb\":{\"@id\":\"https:\/\/kapitalis.com\/tunisie\/2019\/11\/25\/seminaire-a-tunis-eau-et-changement-climatique-au-maghreb\/#breadcrumb\"},\"inLanguage\":\"fr-FR\",\"potentialAction\":[{\"@type\":\"ReadAction\",\"target\":[\"https:\/\/kapitalis.com\/tunisie\/2019\/11\/25\/seminaire-a-tunis-eau-et-changement-climatique-au-maghreb\/\"]}]},{\"@type\":\"ImageObject\",\"inLanguage\":\"fr-FR\",\"@id\":\"https:\/\/kapitalis.com\/tunisie\/2019\/11\/25\/seminaire-a-tunis-eau-et-changement-climatique-au-maghreb\/#primaryimage\",\"url\":\"\",\"contentUrl\":\"\"},{\"@type\":\"BreadcrumbList\",\"@id\":\"https:\/\/kapitalis.com\/tunisie\/2019\/11\/25\/seminaire-a-tunis-eau-et-changement-climatique-au-maghreb\/#breadcrumb\",\"itemListElement\":[{\"@type\":\"ListItem\",\"position\":1,\"name\":\"Accueil\",\"item\":\"https:\/\/kapitalis.com\/tunisie\/\"},{\"@type\":\"ListItem\",\"position\":2,\"name\":\"S\u00e9minaire \u00e0 Tunis : Eau et changement climatique au Maghreb\"}]},{\"@type\":\"WebSite\",\"@id\":\"https:\/\/kapitalis.com\/tunisie\/#website\",\"url\":\"https:\/\/kapitalis.com\/tunisie\/\",\"name\":\"Kapitalis\",\"description\":\"L&#039;actualit\u00e9 en Tunisie et dans le monde\",\"publisher\":{\"@id\":\"https:\/\/kapitalis.com\/tunisie\/#organization\"},\"potentialAction\":[{\"@type\":\"SearchAction\",\"target\":{\"@type\":\"EntryPoint\",\"urlTemplate\":\"https:\/\/kapitalis.com\/tunisie\/?s={search_term_string}\"},\"query-input\":{\"@type\":\"PropertyValueSpecification\",\"valueRequired\":true,\"valueName\":\"search_term_string\"}}],\"inLanguage\":\"fr-FR\"},{\"@type\":\"Organization\",\"@id\":\"https:\/\/kapitalis.com\/tunisie\/#organization\",\"name\":\"Kapitalis\",\"url\":\"https:\/\/kapitalis.com\/tunisie\/\",\"logo\":{\"@type\":\"ImageObject\",\"inLanguage\":\"fr-FR\",\"@id\":\"https:\/\/kapitalis.com\/tunisie\/#\/schema\/logo\/image\/\",\"url\":\"https:\/\/kapitalis.com\/tunisie\/wp-content\/uploads\/2022\/05\/Kapitalis-big-size.png\",\"contentUrl\":\"https:\/\/kapitalis.com\/tunisie\/wp-content\/uploads\/2022\/05\/Kapitalis-big-size.png\",\"width\":5000,\"height\":1500,\"caption\":\"Kapitalis\"},\"image\":{\"@id\":\"https:\/\/kapitalis.com\/tunisie\/#\/schema\/logo\/image\/\"},\"sameAs\":[\"https:\/\/www.facebook.com\/KapitalisInfo\/\",\"https:\/\/x.com\/KapitalisInfo\",\"https:\/\/www.youtube.com\/channel\/UC-yDYrHyfFBWWZaOw3FPg9Q\"]},{\"@type\":\"Person\",\"@id\":\"https:\/\/kapitalis.com\/tunisie\/#\/schema\/person\/d71f33a9ca44f7bad4698210b480c8e9\",\"name\":\"webmaster kapitalis\",\"url\":\"https:\/\/kapitalis.com\/tunisie\/author\/webmaster-kapitalis\/\"}]}<\/script>\n<!-- \/ Yoast SEO plugin. -->","yoast_head_json":{"title":"S\u00e9minaire \u00e0 Tunis : Eau et changement climatique au Maghreb - Kapitalis","robots":{"index":"index","follow":"follow","max-snippet":"max-snippet:-1","max-image-preview":"max-image-preview:large","max-video-preview":"max-video-preview:-1"},"canonical":"https:\/\/kapitalis.com\/tunisie\/2019\/11\/25\/seminaire-a-tunis-eau-et-changement-climatique-au-maghreb\/","og_locale":"fr_FR","og_type":"article","og_title":"S\u00e9minaire \u00e0 Tunis : Eau et changement climatique au Maghreb - Kapitalis","og_description":"Un s\u00e9minaire international sur le th\u00e8me : \u00abEau et changement climatique au Maghreb : d\u00e9fis et perspectives\u00bb, organis\u00e9 par l\u2019Observatoire du Sahara et du Sahel (OSS) et la GIZ Tunisie, se tient ce lundi 25 novembre 2019 \u00e0 l\u2019H\u00f4tel Laico Tunis.","og_url":"https:\/\/kapitalis.com\/tunisie\/2019\/11\/25\/seminaire-a-tunis-eau-et-changement-climatique-au-maghreb\/","og_site_name":"Kapitalis","article_publisher":"https:\/\/www.facebook.com\/KapitalisInfo\/","article_published_time":"2019-11-25T07:18:51+00:00","article_modified_time":"2019-11-25T07:18:55+00:00","og_image":[{"width":1200,"height":630,"url":"https:\/\/kapitalis.com\/tunisie\/wp-content\/uploads\/2022\/05\/kapitalis-logo-fb.png","type":"image\/png"}],"author":"webmaster kapitalis","twitter_card":"summary_large_image","twitter_creator":"@KapitalisInfo","twitter_site":"@KapitalisInfo","twitter_misc":{"\u00c9crit par":"webmaster kapitalis","Dur\u00e9e de lecture estim\u00e9e":"1 minute"},"schema":{"@context":"https:\/\/schema.org","@graph":[{"@type":"Article","@id":"https:\/\/kapitalis.com\/tunisie\/2019\/11\/25\/seminaire-a-tunis-eau-et-changement-climatique-au-maghreb\/#article","isPartOf":{"@id":"https:\/\/kapitalis.com\/tunisie\/2019\/11\/25\/seminaire-a-tunis-eau-et-changement-climatique-au-maghreb\/"},"author":{"name":"webmaster kapitalis","@id":"https:\/\/kapitalis.com\/tunisie\/#\/schema\/person\/d71f33a9ca44f7bad4698210b480c8e9"},"headline":"S\u00e9minaire \u00e0 Tunis : Eau et changement climatique au Maghreb","datePublished":"2019-11-25T07:18:51+00:00","dateModified":"2019-11-25T07:18:55+00:00","mainEntityOfPage":{"@id":"https:\/\/kapitalis.com\/tunisie\/2019\/11\/25\/seminaire-a-tunis-eau-et-changement-climatique-au-maghreb\/"},"wordCount":248,"commentCount":1,"publisher":{"@id":"https:\/\/kapitalis.com\/tunisie\/#organization"},"image":{"@id":"https:\/\/kapitalis.com\/tunisie\/2019\/11\/25\/seminaire-a-tunis-eau-et-changement-climatique-au-maghreb\/#primaryimage"},"thumbnailUrl":"","keywords":["changement climatique","GIZ Tunisie","Maghreb","Mokhtar Hammami","Samir Taieb"],"articleSection":["ECONOMIE","Tunisie"],"inLanguage":"fr-FR","potentialAction":[{"@type":"CommentAction","name":"Comment","target":["https:\/\/kapitalis.com\/tunisie\/2019\/11\/25\/seminaire-a-tunis-eau-et-changement-climatique-au-maghreb\/#respond"]}]},{"@type":"WebPage","@id":"https:\/\/kapitalis.com\/tunisie\/2019\/11\/25\/seminaire-a-tunis-eau-et-changement-climatique-au-maghreb\/","url":"https:\/\/kapitalis.com\/tunisie\/2019\/11\/25\/seminaire-a-tunis-eau-et-changement-climatique-au-maghreb\/","name":"S\u00e9minaire \u00e0 Tunis : Eau et changement climatique au Maghreb - Kapitalis","isPartOf":{"@id":"https:\/\/kapitalis.com\/tunisie\/#website"},"primaryImageOfPage":{"@id":"https:\/\/kapitalis.com\/tunisie\/2019\/11\/25\/seminaire-a-tunis-eau-et-changement-climatique-au-maghreb\/#primaryimage"},"image":{"@id":"https:\/\/kapitalis.com\/tunisie\/2019\/11\/25\/seminaire-a-tunis-eau-et-changement-climatique-au-maghreb\/#primaryimage"},"thumbnailUrl":"","datePublished":"2019-11-25T07:18:51+00:00","dateModified":"2019-11-25T07:18:55+00:00","breadcrumb":{"@id":"https:\/\/kapitalis.com\/tunisie\/2019\/11\/25\/seminaire-a-tunis-eau-et-changement-climatique-au-maghreb\/#breadcrumb"},"inLanguage":"fr-FR","potentialAction":[{"@type":"ReadAction","target":["https:\/\/kapitalis.com\/tunisie\/2019\/11\/25\/seminaire-a-tunis-eau-et-changement-climatique-au-maghreb\/"]}]},{"@type":"ImageObject","inLanguage":"fr-FR","@id":"https:\/\/kapitalis.com\/tunisie\/2019\/11\/25\/seminaire-a-tunis-eau-et-changement-climatique-au-maghreb\/#primaryimage","url":"","contentUrl":""},{"@type":"BreadcrumbList","@id":"https:\/\/kapitalis.com\/tunisie\/2019\/11\/25\/seminaire-a-tunis-eau-et-changement-climatique-au-maghreb\/#breadcrumb","itemListElement":[{"@type":"ListItem","position":1,"name":"Accueil","item":"https:\/\/kapitalis.com\/tunisie\/"},{"@type":"ListItem","position":2,"name":"S\u00e9minaire \u00e0 Tunis : Eau et changement climatique au Maghreb"}]},{"@type":"WebSite","@id":"https:\/\/kapitalis.com\/tunisie\/#website","url":"https:\/\/kapitalis.com\/tunisie\/","name":"Kapitalis","description":"L&#039;actualit\u00e9 en Tunisie et dans le monde","publisher":{"@id":"https:\/\/kapitalis.com\/tunisie\/#organization"},"potentialAction":[{"@type":"SearchAction","target":{"@type":"EntryPoint","urlTemplate":"https:\/\/kapitalis.com\/tunisie\/?s={search_term_string}"},"query-input":{"@type":"PropertyValueSpecification","valueRequired":true,"valueName":"search_term_string"}}],"inLanguage":"fr-FR"},{"@type":"Organization","@id":"https:\/\/kapitalis.com\/tunisie\/#organization","name":"Kapitalis","url":"https:\/\/kapitalis.com\/tunisie\/","logo":{"@type":"ImageObject","inLanguage":"fr-FR","@id":"https:\/\/kapitalis.com\/tunisie\/#\/schema\/logo\/image\/","url":"https:\/\/kapitalis.com\/tunisie\/wp-content\/uploads\/2022\/05\/Kapitalis-big-size.png","contentUrl":"https:\/\/kapitalis.com\/tunisie\/wp-content\/uploads\/2022\/05\/Kapitalis-big-size.png","width":5000,"height":1500,"caption":"Kapitalis"},"image":{"@id":"https:\/\/kapitalis.com\/tunisie\/#\/schema\/logo\/image\/"},"sameAs":["https:\/\/www.facebook.com\/KapitalisInfo\/","https:\/\/x.com\/KapitalisInfo","https:\/\/www.youtube.com\/channel\/UC-yDYrHyfFBWWZaOw3FPg9Q"]},{"@type":"Person","@id":"https:\/\/kapitalis.com\/tunisie\/#\/schema\/person\/d71f33a9ca44f7bad4698210b480c8e9","name":"webmaster kapitalis","url":"https:\/\/kapitalis.com\/tunisie\/author\/webmaster-kapitalis\/"}]}},"_links":{"self":[{"href":"https:\/\/kapitalis.com\/tunisie\/wp-json\/wp\/v2\/posts\/258298","targetHints":{"allow":["GET"]}}],"collection":[{"href":"https:\/\/kapitalis.com\/tunisie\/wp-json\/wp\/v2\/posts"}],"about":[{"href":"https:\/\/kapitalis.com\/tunisie\/wp-json\/wp\/v2\/types\/post"}],"author":[{"embeddable":true,"href":"https:\/\/kapitalis.com\/tunisie\/wp-json\/wp\/v2\/users\/8"}],"replies":[{"embeddable":true,"href":"https:\/\/kapitalis.com\/tunisie\/wp-json\/wp\/v2\/comments?post=258298"}],"version-history":[{"count":0,"href":"https:\/\/kapitalis.com\/tunisie\/wp-json\/wp\/v2\/posts\/258298\/revisions"}],"wp:featuredmedia":[{"embeddable":true,"href":"https:\/\/kapitalis.com\/tunisie\/wp-json\/wp\/v2\/media\/258299"}],"wp:attachment":[{"href":"https:\/\/kapitalis.com\/tunisie\/wp-json\/wp\/v2\/media?parent=258298"}],"wp:term":[{"taxonomy":"category","embeddable":true,"href":"https:\/\/kapitalis.com\/tunisie\/wp-json\/wp\/v2\/categories?post=258298"},{"taxonomy":"post_tag","embeddable":true,"href":"https:\/\/kapitalis.com\/tunisie\/wp-json\/wp\/v2\/tags?post=258298"}],"curies":[{"name":"wp","href":"https:\/\/api.w.org\/{rel}","templated":true}]}}