{"id":258680,"date":"2019-11-26T13:59:17","date_gmt":"2019-11-26T12:59:17","guid":{"rendered":"http:\/\/kapitalis.com\/tunisie\/?p=258680"},"modified":"2019-11-26T14:15:50","modified_gmt":"2019-11-26T13:15:50","slug":"abir-moussi-prevoit-deja-lechec-du-prochain-gouvernement-celui-des-freres-musulmans","status":"publish","type":"post","link":"https:\/\/kapitalis.com\/tunisie\/2019\/11\/26\/abir-moussi-prevoit-deja-lechec-du-prochain-gouvernement-celui-des-freres-musulmans\/","title":{"rendered":"Abir Moussi pr\u00e9voit d\u00e9j\u00e0 l&rsquo;\u00e9chec du prochain gouvernement : celui des \u00abFr\u00e8res musulmans\u00bb"},"content":{"rendered":"\n<figure class=\"wp-block-image size-large\"><img decoding=\"async\" src=\"http:\/\/kapitalis.com\/tunisie\/wp-content\/uploads\/2018\/09\/Abir-Moussi.jpg\" alt=\"\" class=\"wp-image-174969\"\/><\/figure>\n\n\n\n<p><em><strong>Les concertations officielles en vue de composer le prochain gouvernement ne repr\u00e9sentent, aux yeux de Abir Moussi, pr\u00e9sidente du Parti destourien libre (PDL), que \u00abl&rsquo;une des pi\u00e8ces de th\u00e9\u00e2tre, \u00e0 la mise en sc\u00e8ne m\u00e9diocre, auxquelles on assiste depuis 2011\u00bb. <\/strong><\/em><\/p>\n\n\n\n<!--more-->\n\n\n\n<p>Invit\u00e9e \u00e0 l&rsquo;\u00e9mission \u00ab<em>La matinale<\/em>\u00bb, sur la radio Shems FM, aujourd&rsquo;hui, 26 novembre 2019, l&rsquo;ancienne RCDiste a remis en question le s\u00e9rieux et l&rsquo;utilit\u00e9 des consultations qu&rsquo;entretient, quotidiennement, depuis plus d&rsquo;une semaine, le chef du gouvernement d\u00e9sign\u00e9, Habib Jemli, notamment avec  \u00ab<em>des coalitions contre-nature et des personnes et groupes incomp\u00e9tents<\/em>\u00bb.<\/p>\n\n\n\n<p>\u00ab<em>La situation du pays est claire. Tout citoyen, sans n\u00e9cessairement \u00eatre un sp\u00e9cialiste, est capable d&rsquo;analyser la crise \u00e9conomique. De plus, il y a une \u00e9bullition sociale qui peut s&rsquo;aggraver dans les prochains jours&#8230; Si <\/em>[les parties qui gouverneront]<em> se soucient r\u00e9ellement de l&rsquo;int\u00e9r\u00eat du pays, ils doivent nous montrer un programme clair, \u00e0 travers lequel ils r\u00e9pareront les probl\u00e8mes qu&rsquo;ils ont eux-m\u00eame cr\u00e9\u00e9s<\/em>\u00bb, a-t-elle d\u00e9velopp\u00e9.<\/p>\n\n\n\n<p>Abir Moussi estime que le prochain gouvernement, \u00e9tant pr\u00e9sid\u00e9 par un chef d\u00e9sign\u00e9 par le parti au pouvoir depuis 8 ans, Ennahdha, est vou\u00e9 \u00e0 \u00ab<em>un \u00e9chec cuisant, comme tous ceux qui l&rsquo;ont pr\u00e9c\u00e9d\u00e9, depuis 2011<\/em>\u00bb, parce que \u00ab<em>rien n\u2019a chang\u00e9<\/em>  <em>depuis<\/em>\u00bb.<\/p>\n\n\n\n<p>Mme Moussi est, par ailleurs, revenue sur son refus de rencontrer Habib Jemli, assurant qu&rsquo;ind\u00e9pendamment du nom du chef du gouvernement d\u00e9sign\u00e9, elle ne prendra pas part \u00e0 un gouvernement constitu\u00e9 par \u00ab<em>les Fr\u00e8res musulmans<\/em>\u00bb car ce dernier<em> <\/em>\u00ab<em>ne fera qu\u2019ex\u00e9cuter leur projet<\/em>\u00bb.<\/p>\n\n\n\n<p>Interrog\u00e9e sur la possibilit\u00e9 que le PDL,\u00a0n&rsquo;ayant r\u00e9colt\u00e9<em> \u00abque\u00bb<\/em> 17 si\u00e8ges \u00e0 l&rsquo;Assembl\u00e9e des repr\u00e9sentants du peuple (ARP), s&rsquo;allie \u00e0 l&rsquo;un des autres partis qui y sont repr\u00e9sent\u00e9s, Abir Moussi a encore une fois assur\u00e9 qu&rsquo;elle ne collaborera qu\u2019avec ceux qui affichent \u00ab<em>une position claire \u00e0 l&rsquo;encontre des Fr\u00e8res musulmans <\/em>[par allusion \u00e0 Ennahdha] <em>et de leurs d\u00e9riv\u00e9s<\/em> [par allusion \u00e0 la coalition Al Karama]\u00bb, et pas ceux qui rejettent l\u2019exclusion \u00ab<em>alors qu\u2019ils savent que les Fr\u00e8res musulmans\u00a0sont \u00e0 l\u2019origine de la destruction<\/em> <em>du pays<\/em>\u00bb.<\/p>\n\n\n\n<p>Abir Moussi a \u00e9galement accus\u00e9 ces \u00ab<em>Fr\u00e8res musulmans<\/em>\u00bb de vouloir, \u00e0 long terme, \u00ab<em>fr\u00e9riser le pays<\/em>\u00bb (\u00e9vitant d&#8217;employer le mot \u00ab<em>islamiser<\/em>\u00bb), elle qui, rappelons-le, a toujours eu, jusque-l\u00e0, des positions au moins aussi obscurantistes que celles d&rsquo;Ennahdha, concernant les d\u00e9bats sociaux sur les libert\u00e9s individuelles, \u00e0 l&rsquo;image de son rejet de l&rsquo;\u00e9galit\u00e9 successorale entre les deux sexes et de l&rsquo;abolition du test anal, sans parler de la l\u00e9galisation de l&rsquo;homosexualit\u00e9. <\/p>\n\n\n\n<p>C&rsquo;est \u00e0 se demander de quoi Mme Moussi a r\u00e9ellement peur en cas d&rsquo;islamisation du pays ! Le sexisme et l&rsquo;homophobie, qu&rsquo;elle affiche sans scrupules, et qui t\u00e9moignent d&rsquo;un manque de sensibilit\u00e9 accru envers les droits de l&rsquo;Homme, sont, pourtant, en parfaite harmonie avec le projet social des Fr\u00e8res musulmans.<\/p>\n\n\n\n<p class=\"has-text-align-right\"><strong>Cherif Ben Youn\u00e8s<\/strong><\/p>\n","protected":false},"excerpt":{"rendered":"<p>Les concertations officielles en vue de composer le prochain gouvernement ne repr\u00e9sentent, aux yeux de Abir Moussi, pr\u00e9sidente du Parti destourien libre (PDL), que \u00abl&rsquo;une des pi\u00e8ces de th\u00e9\u00e2tre, \u00e0 la mise en sc\u00e8ne m\u00e9diocre, auxquelles on assiste depuis 2011\u00bb.<\/p>\n","protected":false},"author":24,"featured_media":0,"comment_status":"open","ping_status":"open","sticky":false,"template":"","format":"standard","meta":{"footnotes":""},"categories":[997,2433],"tags":[15144,49543,33536],"class_list":["post-258680","post","type-post","status-publish","format-standard","hentry","category-politique","category-tunisie","tag-abir-moussi","tag-ennahdha","tag-pdl"],"yoast_head":"<!-- This site is optimized with the Yoast SEO plugin v26.6 - https:\/\/yoast.com\/wordpress\/plugins\/seo\/ -->\n<title>Abir Moussi pr\u00e9voit d\u00e9j\u00e0 l&#039;\u00e9chec du prochain gouvernement : celui des \u00abFr\u00e8res musulmans\u00bb - Kapitalis<\/title>\n<meta name=\"robots\" content=\"index, follow, max-snippet:-1, max-image-preview:large, max-video-preview:-1\" \/>\n<link rel=\"canonical\" href=\"https:\/\/kapitalis.com\/tunisie\/2019\/11\/26\/abir-moussi-prevoit-deja-lechec-du-prochain-gouvernement-celui-des-freres-musulmans\/\" \/>\n<meta property=\"og:locale\" content=\"fr_FR\" \/>\n<meta property=\"og:type\" content=\"article\" \/>\n<meta property=\"og:title\" content=\"Abir Moussi pr\u00e9voit d\u00e9j\u00e0 l&#039;\u00e9chec du prochain gouvernement : celui des \u00abFr\u00e8res musulmans\u00bb - Kapitalis\" \/>\n<meta property=\"og:description\" content=\"Les concertations officielles en vue de composer le prochain gouvernement ne repr\u00e9sentent, aux yeux de Abir Moussi, pr\u00e9sidente du Parti destourien libre (PDL), que \u00abl&rsquo;une des pi\u00e8ces de th\u00e9\u00e2tre, \u00e0 la mise en sc\u00e8ne m\u00e9diocre, auxquelles on assiste depuis 2011\u00bb.\" \/>\n<meta property=\"og:url\" content=\"https:\/\/kapitalis.com\/tunisie\/2019\/11\/26\/abir-moussi-prevoit-deja-lechec-du-prochain-gouvernement-celui-des-freres-musulmans\/\" \/>\n<meta property=\"og:site_name\" content=\"Kapitalis\" \/>\n<meta property=\"article:publisher\" content=\"https:\/\/www.facebook.com\/KapitalisInfo\/\" \/>\n<meta property=\"article:published_time\" content=\"2019-11-26T12:59:17+00:00\" \/>\n<meta property=\"article:modified_time\" content=\"2019-11-26T13:15:50+00:00\" \/>\n<meta property=\"og:image\" content=\"http:\/\/kapitalis.com\/tunisie\/wp-content\/uploads\/2018\/09\/Abir-Moussi.jpg\" \/>\n<meta name=\"author\" content=\"Cherif Benyounes\" \/>\n<meta name=\"twitter:card\" content=\"summary_large_image\" \/>\n<meta name=\"twitter:creator\" content=\"@KapitalisInfo\" \/>\n<meta name=\"twitter:site\" content=\"@KapitalisInfo\" \/>\n<meta name=\"twitter:label1\" content=\"\u00c9crit par\" \/>\n\t<meta name=\"twitter:data1\" content=\"Cherif Benyounes\" \/>\n\t<meta name=\"twitter:label2\" content=\"Dur\u00e9e de lecture estim\u00e9e\" \/>\n\t<meta name=\"twitter:data2\" content=\"2 minutes\" \/>\n<script type=\"application\/ld+json\" class=\"yoast-schema-graph\">{\"@context\":\"https:\/\/schema.org\",\"@graph\":[{\"@type\":\"Article\",\"@id\":\"https:\/\/kapitalis.com\/tunisie\/2019\/11\/26\/abir-moussi-prevoit-deja-lechec-du-prochain-gouvernement-celui-des-freres-musulmans\/#article\",\"isPartOf\":{\"@id\":\"https:\/\/kapitalis.com\/tunisie\/2019\/11\/26\/abir-moussi-prevoit-deja-lechec-du-prochain-gouvernement-celui-des-freres-musulmans\/\"},\"author\":{\"name\":\"Cherif Benyounes\",\"@id\":\"https:\/\/kapitalis.com\/tunisie\/#\/schema\/person\/b35b8d631961131107263178aeb8019e\"},\"headline\":\"Abir Moussi pr\u00e9voit d\u00e9j\u00e0 l&rsquo;\u00e9chec du prochain gouvernement : celui des \u00abFr\u00e8res musulmans\u00bb\",\"datePublished\":\"2019-11-26T12:59:17+00:00\",\"dateModified\":\"2019-11-26T13:15:50+00:00\",\"mainEntityOfPage\":{\"@id\":\"https:\/\/kapitalis.com\/tunisie\/2019\/11\/26\/abir-moussi-prevoit-deja-lechec-du-prochain-gouvernement-celui-des-freres-musulmans\/\"},\"wordCount\":502,\"commentCount\":3,\"publisher\":{\"@id\":\"https:\/\/kapitalis.com\/tunisie\/#organization\"},\"image\":{\"@id\":\"https:\/\/kapitalis.com\/tunisie\/2019\/11\/26\/abir-moussi-prevoit-deja-lechec-du-prochain-gouvernement-celui-des-freres-musulmans\/#primaryimage\"},\"thumbnailUrl\":\"http:\/\/kapitalis.com\/tunisie\/wp-content\/uploads\/2018\/09\/Abir-Moussi.jpg\",\"keywords\":[\"Abir Moussi\",\"Ennahdha\",\"PDL\"],\"articleSection\":[\"POLITIQUE\",\"Tunisie\"],\"inLanguage\":\"fr-FR\",\"potentialAction\":[{\"@type\":\"CommentAction\",\"name\":\"Comment\",\"target\":[\"https:\/\/kapitalis.com\/tunisie\/2019\/11\/26\/abir-moussi-prevoit-deja-lechec-du-prochain-gouvernement-celui-des-freres-musulmans\/#respond\"]}]},{\"@type\":\"WebPage\",\"@id\":\"https:\/\/kapitalis.com\/tunisie\/2019\/11\/26\/abir-moussi-prevoit-deja-lechec-du-prochain-gouvernement-celui-des-freres-musulmans\/\",\"url\":\"https:\/\/kapitalis.com\/tunisie\/2019\/11\/26\/abir-moussi-prevoit-deja-lechec-du-prochain-gouvernement-celui-des-freres-musulmans\/\",\"name\":\"Abir Moussi pr\u00e9voit d\u00e9j\u00e0 l'\u00e9chec du prochain gouvernement : celui des \u00abFr\u00e8res musulmans\u00bb - Kapitalis\",\"isPartOf\":{\"@id\":\"https:\/\/kapitalis.com\/tunisie\/#website\"},\"primaryImageOfPage\":{\"@id\":\"https:\/\/kapitalis.com\/tunisie\/2019\/11\/26\/abir-moussi-prevoit-deja-lechec-du-prochain-gouvernement-celui-des-freres-musulmans\/#primaryimage\"},\"image\":{\"@id\":\"https:\/\/kapitalis.com\/tunisie\/2019\/11\/26\/abir-moussi-prevoit-deja-lechec-du-prochain-gouvernement-celui-des-freres-musulmans\/#primaryimage\"},\"thumbnailUrl\":\"http:\/\/kapitalis.com\/tunisie\/wp-content\/uploads\/2018\/09\/Abir-Moussi.jpg\",\"datePublished\":\"2019-11-26T12:59:17+00:00\",\"dateModified\":\"2019-11-26T13:15:50+00:00\",\"breadcrumb\":{\"@id\":\"https:\/\/kapitalis.com\/tunisie\/2019\/11\/26\/abir-moussi-prevoit-deja-lechec-du-prochain-gouvernement-celui-des-freres-musulmans\/#breadcrumb\"},\"inLanguage\":\"fr-FR\",\"potentialAction\":[{\"@type\":\"ReadAction\",\"target\":[\"https:\/\/kapitalis.com\/tunisie\/2019\/11\/26\/abir-moussi-prevoit-deja-lechec-du-prochain-gouvernement-celui-des-freres-musulmans\/\"]}]},{\"@type\":\"ImageObject\",\"inLanguage\":\"fr-FR\",\"@id\":\"https:\/\/kapitalis.com\/tunisie\/2019\/11\/26\/abir-moussi-prevoit-deja-lechec-du-prochain-gouvernement-celui-des-freres-musulmans\/#primaryimage\",\"url\":\"http:\/\/kapitalis.com\/tunisie\/wp-content\/uploads\/2018\/09\/Abir-Moussi.jpg\",\"contentUrl\":\"http:\/\/kapitalis.com\/tunisie\/wp-content\/uploads\/2018\/09\/Abir-Moussi.jpg\"},{\"@type\":\"BreadcrumbList\",\"@id\":\"https:\/\/kapitalis.com\/tunisie\/2019\/11\/26\/abir-moussi-prevoit-deja-lechec-du-prochain-gouvernement-celui-des-freres-musulmans\/#breadcrumb\",\"itemListElement\":[{\"@type\":\"ListItem\",\"position\":1,\"name\":\"Accueil\",\"item\":\"https:\/\/kapitalis.com\/tunisie\/\"},{\"@type\":\"ListItem\",\"position\":2,\"name\":\"Abir Moussi pr\u00e9voit d\u00e9j\u00e0 l&rsquo;\u00e9chec du prochain gouvernement : celui des \u00abFr\u00e8res musulmans\u00bb\"}]},{\"@type\":\"WebSite\",\"@id\":\"https:\/\/kapitalis.com\/tunisie\/#website\",\"url\":\"https:\/\/kapitalis.com\/tunisie\/\",\"name\":\"Kapitalis\",\"description\":\"L&#039;actualit\u00e9 en Tunisie et dans le monde\",\"publisher\":{\"@id\":\"https:\/\/kapitalis.com\/tunisie\/#organization\"},\"potentialAction\":[{\"@type\":\"SearchAction\",\"target\":{\"@type\":\"EntryPoint\",\"urlTemplate\":\"https:\/\/kapitalis.com\/tunisie\/?s={search_term_string}\"},\"query-input\":{\"@type\":\"PropertyValueSpecification\",\"valueRequired\":true,\"valueName\":\"search_term_string\"}}],\"inLanguage\":\"fr-FR\"},{\"@type\":\"Organization\",\"@id\":\"https:\/\/kapitalis.com\/tunisie\/#organization\",\"name\":\"Kapitalis\",\"url\":\"https:\/\/kapitalis.com\/tunisie\/\",\"logo\":{\"@type\":\"ImageObject\",\"inLanguage\":\"fr-FR\",\"@id\":\"https:\/\/kapitalis.com\/tunisie\/#\/schema\/logo\/image\/\",\"url\":\"https:\/\/kapitalis.com\/tunisie\/wp-content\/uploads\/2022\/05\/Kapitalis-big-size.png\",\"contentUrl\":\"https:\/\/kapitalis.com\/tunisie\/wp-content\/uploads\/2022\/05\/Kapitalis-big-size.png\",\"width\":5000,\"height\":1500,\"caption\":\"Kapitalis\"},\"image\":{\"@id\":\"https:\/\/kapitalis.com\/tunisie\/#\/schema\/logo\/image\/\"},\"sameAs\":[\"https:\/\/www.facebook.com\/KapitalisInfo\/\",\"https:\/\/x.com\/KapitalisInfo\",\"https:\/\/www.youtube.com\/channel\/UC-yDYrHyfFBWWZaOw3FPg9Q\"]},{\"@type\":\"Person\",\"@id\":\"https:\/\/kapitalis.com\/tunisie\/#\/schema\/person\/b35b8d631961131107263178aeb8019e\",\"name\":\"Cherif Benyounes\",\"url\":\"https:\/\/kapitalis.com\/tunisie\/author\/cherif\/\"}]}<\/script>\n<!-- \/ Yoast SEO plugin. -->","yoast_head_json":{"title":"Abir Moussi pr\u00e9voit d\u00e9j\u00e0 l'\u00e9chec du prochain gouvernement : celui des \u00abFr\u00e8res musulmans\u00bb - Kapitalis","robots":{"index":"index","follow":"follow","max-snippet":"max-snippet:-1","max-image-preview":"max-image-preview:large","max-video-preview":"max-video-preview:-1"},"canonical":"https:\/\/kapitalis.com\/tunisie\/2019\/11\/26\/abir-moussi-prevoit-deja-lechec-du-prochain-gouvernement-celui-des-freres-musulmans\/","og_locale":"fr_FR","og_type":"article","og_title":"Abir Moussi pr\u00e9voit d\u00e9j\u00e0 l'\u00e9chec du prochain gouvernement : celui des \u00abFr\u00e8res musulmans\u00bb - Kapitalis","og_description":"Les concertations officielles en vue de composer le prochain gouvernement ne repr\u00e9sentent, aux yeux de Abir Moussi, pr\u00e9sidente du Parti destourien libre (PDL), que \u00abl&rsquo;une des pi\u00e8ces de th\u00e9\u00e2tre, \u00e0 la mise en sc\u00e8ne m\u00e9diocre, auxquelles on assiste depuis 2011\u00bb.","og_url":"https:\/\/kapitalis.com\/tunisie\/2019\/11\/26\/abir-moussi-prevoit-deja-lechec-du-prochain-gouvernement-celui-des-freres-musulmans\/","og_site_name":"Kapitalis","article_publisher":"https:\/\/www.facebook.com\/KapitalisInfo\/","article_published_time":"2019-11-26T12:59:17+00:00","article_modified_time":"2019-11-26T13:15:50+00:00","og_image":[{"url":"http:\/\/kapitalis.com\/tunisie\/wp-content\/uploads\/2018\/09\/Abir-Moussi.jpg","type":"","width":"","height":""}],"author":"Cherif Benyounes","twitter_card":"summary_large_image","twitter_creator":"@KapitalisInfo","twitter_site":"@KapitalisInfo","twitter_misc":{"\u00c9crit par":"Cherif Benyounes","Dur\u00e9e de lecture estim\u00e9e":"2 minutes"},"schema":{"@context":"https:\/\/schema.org","@graph":[{"@type":"Article","@id":"https:\/\/kapitalis.com\/tunisie\/2019\/11\/26\/abir-moussi-prevoit-deja-lechec-du-prochain-gouvernement-celui-des-freres-musulmans\/#article","isPartOf":{"@id":"https:\/\/kapitalis.com\/tunisie\/2019\/11\/26\/abir-moussi-prevoit-deja-lechec-du-prochain-gouvernement-celui-des-freres-musulmans\/"},"author":{"name":"Cherif Benyounes","@id":"https:\/\/kapitalis.com\/tunisie\/#\/schema\/person\/b35b8d631961131107263178aeb8019e"},"headline":"Abir Moussi pr\u00e9voit d\u00e9j\u00e0 l&rsquo;\u00e9chec du prochain gouvernement : celui des \u00abFr\u00e8res musulmans\u00bb","datePublished":"2019-11-26T12:59:17+00:00","dateModified":"2019-11-26T13:15:50+00:00","mainEntityOfPage":{"@id":"https:\/\/kapitalis.com\/tunisie\/2019\/11\/26\/abir-moussi-prevoit-deja-lechec-du-prochain-gouvernement-celui-des-freres-musulmans\/"},"wordCount":502,"commentCount":3,"publisher":{"@id":"https:\/\/kapitalis.com\/tunisie\/#organization"},"image":{"@id":"https:\/\/kapitalis.com\/tunisie\/2019\/11\/26\/abir-moussi-prevoit-deja-lechec-du-prochain-gouvernement-celui-des-freres-musulmans\/#primaryimage"},"thumbnailUrl":"http:\/\/kapitalis.com\/tunisie\/wp-content\/uploads\/2018\/09\/Abir-Moussi.jpg","keywords":["Abir Moussi","Ennahdha","PDL"],"articleSection":["POLITIQUE","Tunisie"],"inLanguage":"fr-FR","potentialAction":[{"@type":"CommentAction","name":"Comment","target":["https:\/\/kapitalis.com\/tunisie\/2019\/11\/26\/abir-moussi-prevoit-deja-lechec-du-prochain-gouvernement-celui-des-freres-musulmans\/#respond"]}]},{"@type":"WebPage","@id":"https:\/\/kapitalis.com\/tunisie\/2019\/11\/26\/abir-moussi-prevoit-deja-lechec-du-prochain-gouvernement-celui-des-freres-musulmans\/","url":"https:\/\/kapitalis.com\/tunisie\/2019\/11\/26\/abir-moussi-prevoit-deja-lechec-du-prochain-gouvernement-celui-des-freres-musulmans\/","name":"Abir Moussi pr\u00e9voit d\u00e9j\u00e0 l'\u00e9chec du prochain gouvernement : celui des \u00abFr\u00e8res musulmans\u00bb - Kapitalis","isPartOf":{"@id":"https:\/\/kapitalis.com\/tunisie\/#website"},"primaryImageOfPage":{"@id":"https:\/\/kapitalis.com\/tunisie\/2019\/11\/26\/abir-moussi-prevoit-deja-lechec-du-prochain-gouvernement-celui-des-freres-musulmans\/#primaryimage"},"image":{"@id":"https:\/\/kapitalis.com\/tunisie\/2019\/11\/26\/abir-moussi-prevoit-deja-lechec-du-prochain-gouvernement-celui-des-freres-musulmans\/#primaryimage"},"thumbnailUrl":"http:\/\/kapitalis.com\/tunisie\/wp-content\/uploads\/2018\/09\/Abir-Moussi.jpg","datePublished":"2019-11-26T12:59:17+00:00","dateModified":"2019-11-26T13:15:50+00:00","breadcrumb":{"@id":"https:\/\/kapitalis.com\/tunisie\/2019\/11\/26\/abir-moussi-prevoit-deja-lechec-du-prochain-gouvernement-celui-des-freres-musulmans\/#breadcrumb"},"inLanguage":"fr-FR","potentialAction":[{"@type":"ReadAction","target":["https:\/\/kapitalis.com\/tunisie\/2019\/11\/26\/abir-moussi-prevoit-deja-lechec-du-prochain-gouvernement-celui-des-freres-musulmans\/"]}]},{"@type":"ImageObject","inLanguage":"fr-FR","@id":"https:\/\/kapitalis.com\/tunisie\/2019\/11\/26\/abir-moussi-prevoit-deja-lechec-du-prochain-gouvernement-celui-des-freres-musulmans\/#primaryimage","url":"http:\/\/kapitalis.com\/tunisie\/wp-content\/uploads\/2018\/09\/Abir-Moussi.jpg","contentUrl":"http:\/\/kapitalis.com\/tunisie\/wp-content\/uploads\/2018\/09\/Abir-Moussi.jpg"},{"@type":"BreadcrumbList","@id":"https:\/\/kapitalis.com\/tunisie\/2019\/11\/26\/abir-moussi-prevoit-deja-lechec-du-prochain-gouvernement-celui-des-freres-musulmans\/#breadcrumb","itemListElement":[{"@type":"ListItem","position":1,"name":"Accueil","item":"https:\/\/kapitalis.com\/tunisie\/"},{"@type":"ListItem","position":2,"name":"Abir Moussi pr\u00e9voit d\u00e9j\u00e0 l&rsquo;\u00e9chec du prochain gouvernement : celui des \u00abFr\u00e8res musulmans\u00bb"}]},{"@type":"WebSite","@id":"https:\/\/kapitalis.com\/tunisie\/#website","url":"https:\/\/kapitalis.com\/tunisie\/","name":"Kapitalis","description":"L&#039;actualit\u00e9 en Tunisie et dans le monde","publisher":{"@id":"https:\/\/kapitalis.com\/tunisie\/#organization"},"potentialAction":[{"@type":"SearchAction","target":{"@type":"EntryPoint","urlTemplate":"https:\/\/kapitalis.com\/tunisie\/?s={search_term_string}"},"query-input":{"@type":"PropertyValueSpecification","valueRequired":true,"valueName":"search_term_string"}}],"inLanguage":"fr-FR"},{"@type":"Organization","@id":"https:\/\/kapitalis.com\/tunisie\/#organization","name":"Kapitalis","url":"https:\/\/kapitalis.com\/tunisie\/","logo":{"@type":"ImageObject","inLanguage":"fr-FR","@id":"https:\/\/kapitalis.com\/tunisie\/#\/schema\/logo\/image\/","url":"https:\/\/kapitalis.com\/tunisie\/wp-content\/uploads\/2022\/05\/Kapitalis-big-size.png","contentUrl":"https:\/\/kapitalis.com\/tunisie\/wp-content\/uploads\/2022\/05\/Kapitalis-big-size.png","width":5000,"height":1500,"caption":"Kapitalis"},"image":{"@id":"https:\/\/kapitalis.com\/tunisie\/#\/schema\/logo\/image\/"},"sameAs":["https:\/\/www.facebook.com\/KapitalisInfo\/","https:\/\/x.com\/KapitalisInfo","https:\/\/www.youtube.com\/channel\/UC-yDYrHyfFBWWZaOw3FPg9Q"]},{"@type":"Person","@id":"https:\/\/kapitalis.com\/tunisie\/#\/schema\/person\/b35b8d631961131107263178aeb8019e","name":"Cherif Benyounes","url":"https:\/\/kapitalis.com\/tunisie\/author\/cherif\/"}]}},"_links":{"self":[{"href":"https:\/\/kapitalis.com\/tunisie\/wp-json\/wp\/v2\/posts\/258680","targetHints":{"allow":["GET"]}}],"collection":[{"href":"https:\/\/kapitalis.com\/tunisie\/wp-json\/wp\/v2\/posts"}],"about":[{"href":"https:\/\/kapitalis.com\/tunisie\/wp-json\/wp\/v2\/types\/post"}],"author":[{"embeddable":true,"href":"https:\/\/kapitalis.com\/tunisie\/wp-json\/wp\/v2\/users\/24"}],"replies":[{"embeddable":true,"href":"https:\/\/kapitalis.com\/tunisie\/wp-json\/wp\/v2\/comments?post=258680"}],"version-history":[{"count":0,"href":"https:\/\/kapitalis.com\/tunisie\/wp-json\/wp\/v2\/posts\/258680\/revisions"}],"wp:attachment":[{"href":"https:\/\/kapitalis.com\/tunisie\/wp-json\/wp\/v2\/media?parent=258680"}],"wp:term":[{"taxonomy":"category","embeddable":true,"href":"https:\/\/kapitalis.com\/tunisie\/wp-json\/wp\/v2\/categories?post=258680"},{"taxonomy":"post_tag","embeddable":true,"href":"https:\/\/kapitalis.com\/tunisie\/wp-json\/wp\/v2\/tags?post=258680"}],"curies":[{"name":"wp","href":"https:\/\/api.w.org\/{rel}","templated":true}]}}