{"id":25960,"date":"2015-11-19T10:52:36","date_gmt":"2015-11-19T09:52:36","guid":{"rendered":"http:\/\/kapitalis.com\/tunisie\/?p=25960"},"modified":"2015-11-19T13:49:15","modified_gmt":"2015-11-19T12:49:15","slug":"eleve-victime-dabus-sexuels-a-makthar-ouverture-dune-enquete","status":"publish","type":"post","link":"https:\/\/kapitalis.com\/tunisie\/2015\/11\/19\/eleve-victime-dabus-sexuels-a-makthar-ouverture-dune-enquete\/","title":{"rendered":"\u00c9l\u00e8ve victime d\u2019abus sexuels \u00e0 Makthar : Ouverture d\u2019une enqu\u00eate"},"content":{"rendered":"<p><img loading=\"lazy\" decoding=\"async\" class=\"alignnone size-full wp-image-25964 aligncenter\" src=\"http:\/\/kapitalis.com\/tunisie\/wp-content\/uploads\/2015\/11\/makhtar.jpg\" alt=\"makhtar\" width=\"626\" height=\"380\" \/><\/p>\n<p><em><strong>Une enqu\u00eate a \u00e9t\u00e9 ouverte pour d\u00e9terminer les responsabilit\u00e9s dans l\u2019affaire d\u2019abus sexuels de l\u2019\u00e9l\u00e8ve de l\u2019internat du coll\u00e8ge de Makthar (Siliana).<\/strong> <\/em><br \/>\n<!--more--><\/p>\n<p>La direction r\u00e9gionale de l\u2019enseignement a ouvert une enqu\u00eate administrative relative \u00e0 l\u2019affaire de l\u2019adolescent de 13 ans, victime d\u2019agressions sexuelles pendant deux ans par ses camarades, dans le dortoir de l\u2019\u00e9tablissement scolaire \u00e0 Makthar.<\/p>\n<p>Taoufik Chenikli, le d\u00e9l\u00e9gu\u00e9 r\u00e9gional de la protection de l\u2019enfance, a charg\u00e9 des psychologues de suivre et accompagner l\u2019\u00e9l\u00e8ve viol\u00e9 et des mesures administratives seront d\u00e9cid\u00e9es contre les responsables de cet acte ignoble. D\u2019autre part, des poursuites judiciaires seront engag\u00e9es contre les personnes impliqu\u00e9es.<\/p>\n<p>\u00ab<em>Nous avons \u00e9t\u00e9 inform\u00e9s de ce drame, mardi soir, et nous avons enclench\u00e9 les mesures n\u00e9cessaires le lendemain, \u00e0 la premi\u00e8re heure. Nous comptons suivre cette affaire de pr\u00e8s et apporter tout notre soutien \u00e0 la victime<\/em>\u00bb, a pr\u00e9cis\u00e9 le d\u00e9l\u00e9gu\u00e9 r\u00e9gional.<\/p>\n<p>Rappelons que Khaled Khacha\u00e2, l\u2019oncle de la victime, avait pr\u00e9cis\u00e9 qu\u2019un \u00e9l\u00e8ve en 9e ann\u00e9e de base ainsi que d\u2019autres \u00e9l\u00e8ves plus \u00e2g\u00e9s ont abus\u00e9 de son neveu durant 2 ans.<\/p>\n<p style=\"text-align: right;\"><strong>Y. N.<\/strong><\/p>\n<p style=\"text-align: left;\"><strong><em>Article li\u00e9:<\/em><\/strong><\/p>\n<p style=\"text-align: left;\"><span class=\"null\"><a href=\"http:\/\/www.facebook.com\/l.php?u=http%3A%2F%2Fkapitalis.com%2Ftunisie%2F2015%2F11%2F17%2Fmakthar-un-eleve-victime-dabus-sexuels-renvoye%2F&amp;h=xAQE36a18\" target=\"_blank\">Makthar : Un \u00e9l\u00e8ve, victime d\u2019abus sexuels, renvoy\u00e9 ! <\/a><\/span><\/p>\n","protected":false},"excerpt":{"rendered":"<p>Une enqu\u00eate a \u00e9t\u00e9 ouverte pour d\u00e9terminer les responsabilit\u00e9s dans l\u2019affaire d\u2019abus sexuels de l\u2019\u00e9l\u00e8ve de l\u2019internat du coll\u00e8ge de Makthar (Siliana).<\/p>\n","protected":false},"author":11,"featured_media":25964,"comment_status":"open","ping_status":"open","sticky":false,"template":"","format":"standard","meta":{"footnotes":""},"categories":[998,2433],"tags":[1419,5204,314,9947,2763,950],"class_list":["post-25960","post","type-post","status-publish","format-standard","has-post-thumbnail","hentry","category-societe","category-tunisie","tag-abus-sexuels","tag-college","tag-eleve","tag-makthar","tag-siliana","tag-viol"],"yoast_head":"<!-- This site is optimized with the Yoast SEO plugin v26.6 - https:\/\/yoast.com\/wordpress\/plugins\/seo\/ -->\n<title>\u00c9l\u00e8ve victime d\u2019abus sexuels \u00e0 Makthar : Ouverture d\u2019une enqu\u00eate - Kapitalis<\/title>\n<meta name=\"robots\" content=\"index, follow, max-snippet:-1, max-image-preview:large, max-video-preview:-1\" \/>\n<link rel=\"canonical\" href=\"https:\/\/kapitalis.com\/tunisie\/2015\/11\/19\/eleve-victime-dabus-sexuels-a-makthar-ouverture-dune-enquete\/\" \/>\n<meta property=\"og:locale\" content=\"fr_FR\" \/>\n<meta property=\"og:type\" content=\"article\" \/>\n<meta property=\"og:title\" content=\"\u00c9l\u00e8ve victime d\u2019abus sexuels \u00e0 Makthar : Ouverture d\u2019une enqu\u00eate - Kapitalis\" \/>\n<meta property=\"og:description\" content=\"Une enqu\u00eate a \u00e9t\u00e9 ouverte pour d\u00e9terminer les responsabilit\u00e9s dans l\u2019affaire d\u2019abus sexuels de l\u2019\u00e9l\u00e8ve de l\u2019internat du coll\u00e8ge de Makthar (Siliana).\" \/>\n<meta property=\"og:url\" content=\"https:\/\/kapitalis.com\/tunisie\/2015\/11\/19\/eleve-victime-dabus-sexuels-a-makthar-ouverture-dune-enquete\/\" \/>\n<meta property=\"og:site_name\" content=\"Kapitalis\" \/>\n<meta property=\"article:publisher\" content=\"https:\/\/www.facebook.com\/KapitalisInfo\/\" \/>\n<meta property=\"article:published_time\" content=\"2015-11-19T09:52:36+00:00\" \/>\n<meta property=\"article:modified_time\" content=\"2015-11-19T12:49:15+00:00\" \/>\n<meta property=\"og:image\" content=\"https:\/\/kapitalis.com\/tunisie\/wp-content\/uploads\/2022\/05\/kapitalis-logo-fb.png\" \/>\n\t<meta property=\"og:image:width\" content=\"1200\" \/>\n\t<meta property=\"og:image:height\" content=\"630\" \/>\n\t<meta property=\"og:image:type\" content=\"image\/png\" \/>\n<meta name=\"author\" content=\"benmansour3 benmansour\" \/>\n<meta name=\"twitter:card\" content=\"summary_large_image\" \/>\n<meta name=\"twitter:creator\" content=\"@KapitalisInfo\" \/>\n<meta name=\"twitter:site\" content=\"@KapitalisInfo\" \/>\n<meta name=\"twitter:label1\" content=\"\u00c9crit par\" \/>\n\t<meta name=\"twitter:data1\" content=\"benmansour3 benmansour\" \/>\n\t<meta name=\"twitter:label2\" content=\"Dur\u00e9e de lecture estim\u00e9e\" \/>\n\t<meta name=\"twitter:data2\" content=\"1 minute\" \/>\n<script type=\"application\/ld+json\" class=\"yoast-schema-graph\">{\"@context\":\"https:\/\/schema.org\",\"@graph\":[{\"@type\":\"Article\",\"@id\":\"https:\/\/kapitalis.com\/tunisie\/2015\/11\/19\/eleve-victime-dabus-sexuels-a-makthar-ouverture-dune-enquete\/#article\",\"isPartOf\":{\"@id\":\"https:\/\/kapitalis.com\/tunisie\/2015\/11\/19\/eleve-victime-dabus-sexuels-a-makthar-ouverture-dune-enquete\/\"},\"author\":{\"name\":\"benmansour3 benmansour\",\"@id\":\"https:\/\/kapitalis.com\/tunisie\/#\/schema\/person\/035372e645ad321edc01006468cd4c8b\"},\"headline\":\"\u00c9l\u00e8ve victime d\u2019abus sexuels \u00e0 Makthar : Ouverture d\u2019une enqu\u00eate\",\"datePublished\":\"2015-11-19T09:52:36+00:00\",\"dateModified\":\"2015-11-19T12:49:15+00:00\",\"mainEntityOfPage\":{\"@id\":\"https:\/\/kapitalis.com\/tunisie\/2015\/11\/19\/eleve-victime-dabus-sexuels-a-makthar-ouverture-dune-enquete\/\"},\"wordCount\":236,\"commentCount\":0,\"publisher\":{\"@id\":\"https:\/\/kapitalis.com\/tunisie\/#organization\"},\"image\":{\"@id\":\"https:\/\/kapitalis.com\/tunisie\/2015\/11\/19\/eleve-victime-dabus-sexuels-a-makthar-ouverture-dune-enquete\/#primaryimage\"},\"thumbnailUrl\":\"\",\"keywords\":[\"abus sexuels\",\"coll\u00e8ge\",\"\u00e9l\u00e8ve\",\"Makthar\",\"Siliana\",\"viol\"],\"articleSection\":[\"SOCIETE\",\"Tunisie\"],\"inLanguage\":\"fr-FR\",\"potentialAction\":[{\"@type\":\"CommentAction\",\"name\":\"Comment\",\"target\":[\"https:\/\/kapitalis.com\/tunisie\/2015\/11\/19\/eleve-victime-dabus-sexuels-a-makthar-ouverture-dune-enquete\/#respond\"]}]},{\"@type\":\"WebPage\",\"@id\":\"https:\/\/kapitalis.com\/tunisie\/2015\/11\/19\/eleve-victime-dabus-sexuels-a-makthar-ouverture-dune-enquete\/\",\"url\":\"https:\/\/kapitalis.com\/tunisie\/2015\/11\/19\/eleve-victime-dabus-sexuels-a-makthar-ouverture-dune-enquete\/\",\"name\":\"\u00c9l\u00e8ve victime d\u2019abus sexuels \u00e0 Makthar : Ouverture d\u2019une enqu\u00eate - Kapitalis\",\"isPartOf\":{\"@id\":\"https:\/\/kapitalis.com\/tunisie\/#website\"},\"primaryImageOfPage\":{\"@id\":\"https:\/\/kapitalis.com\/tunisie\/2015\/11\/19\/eleve-victime-dabus-sexuels-a-makthar-ouverture-dune-enquete\/#primaryimage\"},\"image\":{\"@id\":\"https:\/\/kapitalis.com\/tunisie\/2015\/11\/19\/eleve-victime-dabus-sexuels-a-makthar-ouverture-dune-enquete\/#primaryimage\"},\"thumbnailUrl\":\"\",\"datePublished\":\"2015-11-19T09:52:36+00:00\",\"dateModified\":\"2015-11-19T12:49:15+00:00\",\"breadcrumb\":{\"@id\":\"https:\/\/kapitalis.com\/tunisie\/2015\/11\/19\/eleve-victime-dabus-sexuels-a-makthar-ouverture-dune-enquete\/#breadcrumb\"},\"inLanguage\":\"fr-FR\",\"potentialAction\":[{\"@type\":\"ReadAction\",\"target\":[\"https:\/\/kapitalis.com\/tunisie\/2015\/11\/19\/eleve-victime-dabus-sexuels-a-makthar-ouverture-dune-enquete\/\"]}]},{\"@type\":\"ImageObject\",\"inLanguage\":\"fr-FR\",\"@id\":\"https:\/\/kapitalis.com\/tunisie\/2015\/11\/19\/eleve-victime-dabus-sexuels-a-makthar-ouverture-dune-enquete\/#primaryimage\",\"url\":\"\",\"contentUrl\":\"\"},{\"@type\":\"BreadcrumbList\",\"@id\":\"https:\/\/kapitalis.com\/tunisie\/2015\/11\/19\/eleve-victime-dabus-sexuels-a-makthar-ouverture-dune-enquete\/#breadcrumb\",\"itemListElement\":[{\"@type\":\"ListItem\",\"position\":1,\"name\":\"Accueil\",\"item\":\"https:\/\/kapitalis.com\/tunisie\/\"},{\"@type\":\"ListItem\",\"position\":2,\"name\":\"\u00c9l\u00e8ve victime d\u2019abus sexuels \u00e0 Makthar : Ouverture d\u2019une enqu\u00eate\"}]},{\"@type\":\"WebSite\",\"@id\":\"https:\/\/kapitalis.com\/tunisie\/#website\",\"url\":\"https:\/\/kapitalis.com\/tunisie\/\",\"name\":\"Kapitalis\",\"description\":\"L&#039;actualit\u00e9 en Tunisie et dans le monde\",\"publisher\":{\"@id\":\"https:\/\/kapitalis.com\/tunisie\/#organization\"},\"potentialAction\":[{\"@type\":\"SearchAction\",\"target\":{\"@type\":\"EntryPoint\",\"urlTemplate\":\"https:\/\/kapitalis.com\/tunisie\/?s={search_term_string}\"},\"query-input\":{\"@type\":\"PropertyValueSpecification\",\"valueRequired\":true,\"valueName\":\"search_term_string\"}}],\"inLanguage\":\"fr-FR\"},{\"@type\":\"Organization\",\"@id\":\"https:\/\/kapitalis.com\/tunisie\/#organization\",\"name\":\"Kapitalis\",\"url\":\"https:\/\/kapitalis.com\/tunisie\/\",\"logo\":{\"@type\":\"ImageObject\",\"inLanguage\":\"fr-FR\",\"@id\":\"https:\/\/kapitalis.com\/tunisie\/#\/schema\/logo\/image\/\",\"url\":\"https:\/\/kapitalis.com\/tunisie\/wp-content\/uploads\/2022\/05\/Kapitalis-big-size.png\",\"contentUrl\":\"https:\/\/kapitalis.com\/tunisie\/wp-content\/uploads\/2022\/05\/Kapitalis-big-size.png\",\"width\":5000,\"height\":1500,\"caption\":\"Kapitalis\"},\"image\":{\"@id\":\"https:\/\/kapitalis.com\/tunisie\/#\/schema\/logo\/image\/\"},\"sameAs\":[\"https:\/\/www.facebook.com\/KapitalisInfo\/\",\"https:\/\/x.com\/KapitalisInfo\",\"https:\/\/www.youtube.com\/channel\/UC-yDYrHyfFBWWZaOw3FPg9Q\"]},{\"@type\":\"Person\",\"@id\":\"https:\/\/kapitalis.com\/tunisie\/#\/schema\/person\/035372e645ad321edc01006468cd4c8b\",\"name\":\"benmansour3 benmansour\",\"url\":\"https:\/\/kapitalis.com\/tunisie\/author\/benmansour3\/\"}]}<\/script>\n<!-- \/ Yoast SEO plugin. -->","yoast_head_json":{"title":"\u00c9l\u00e8ve victime d\u2019abus sexuels \u00e0 Makthar : Ouverture d\u2019une enqu\u00eate - Kapitalis","robots":{"index":"index","follow":"follow","max-snippet":"max-snippet:-1","max-image-preview":"max-image-preview:large","max-video-preview":"max-video-preview:-1"},"canonical":"https:\/\/kapitalis.com\/tunisie\/2015\/11\/19\/eleve-victime-dabus-sexuels-a-makthar-ouverture-dune-enquete\/","og_locale":"fr_FR","og_type":"article","og_title":"\u00c9l\u00e8ve victime d\u2019abus sexuels \u00e0 Makthar : Ouverture d\u2019une enqu\u00eate - Kapitalis","og_description":"Une enqu\u00eate a \u00e9t\u00e9 ouverte pour d\u00e9terminer les responsabilit\u00e9s dans l\u2019affaire d\u2019abus sexuels de l\u2019\u00e9l\u00e8ve de l\u2019internat du coll\u00e8ge de Makthar (Siliana).","og_url":"https:\/\/kapitalis.com\/tunisie\/2015\/11\/19\/eleve-victime-dabus-sexuels-a-makthar-ouverture-dune-enquete\/","og_site_name":"Kapitalis","article_publisher":"https:\/\/www.facebook.com\/KapitalisInfo\/","article_published_time":"2015-11-19T09:52:36+00:00","article_modified_time":"2015-11-19T12:49:15+00:00","og_image":[{"width":1200,"height":630,"url":"https:\/\/kapitalis.com\/tunisie\/wp-content\/uploads\/2022\/05\/kapitalis-logo-fb.png","type":"image\/png"}],"author":"benmansour3 benmansour","twitter_card":"summary_large_image","twitter_creator":"@KapitalisInfo","twitter_site":"@KapitalisInfo","twitter_misc":{"\u00c9crit par":"benmansour3 benmansour","Dur\u00e9e de lecture estim\u00e9e":"1 minute"},"schema":{"@context":"https:\/\/schema.org","@graph":[{"@type":"Article","@id":"https:\/\/kapitalis.com\/tunisie\/2015\/11\/19\/eleve-victime-dabus-sexuels-a-makthar-ouverture-dune-enquete\/#article","isPartOf":{"@id":"https:\/\/kapitalis.com\/tunisie\/2015\/11\/19\/eleve-victime-dabus-sexuels-a-makthar-ouverture-dune-enquete\/"},"author":{"name":"benmansour3 benmansour","@id":"https:\/\/kapitalis.com\/tunisie\/#\/schema\/person\/035372e645ad321edc01006468cd4c8b"},"headline":"\u00c9l\u00e8ve victime d\u2019abus sexuels \u00e0 Makthar : Ouverture d\u2019une enqu\u00eate","datePublished":"2015-11-19T09:52:36+00:00","dateModified":"2015-11-19T12:49:15+00:00","mainEntityOfPage":{"@id":"https:\/\/kapitalis.com\/tunisie\/2015\/11\/19\/eleve-victime-dabus-sexuels-a-makthar-ouverture-dune-enquete\/"},"wordCount":236,"commentCount":0,"publisher":{"@id":"https:\/\/kapitalis.com\/tunisie\/#organization"},"image":{"@id":"https:\/\/kapitalis.com\/tunisie\/2015\/11\/19\/eleve-victime-dabus-sexuels-a-makthar-ouverture-dune-enquete\/#primaryimage"},"thumbnailUrl":"","keywords":["abus sexuels","coll\u00e8ge","\u00e9l\u00e8ve","Makthar","Siliana","viol"],"articleSection":["SOCIETE","Tunisie"],"inLanguage":"fr-FR","potentialAction":[{"@type":"CommentAction","name":"Comment","target":["https:\/\/kapitalis.com\/tunisie\/2015\/11\/19\/eleve-victime-dabus-sexuels-a-makthar-ouverture-dune-enquete\/#respond"]}]},{"@type":"WebPage","@id":"https:\/\/kapitalis.com\/tunisie\/2015\/11\/19\/eleve-victime-dabus-sexuels-a-makthar-ouverture-dune-enquete\/","url":"https:\/\/kapitalis.com\/tunisie\/2015\/11\/19\/eleve-victime-dabus-sexuels-a-makthar-ouverture-dune-enquete\/","name":"\u00c9l\u00e8ve victime d\u2019abus sexuels \u00e0 Makthar : Ouverture d\u2019une enqu\u00eate - Kapitalis","isPartOf":{"@id":"https:\/\/kapitalis.com\/tunisie\/#website"},"primaryImageOfPage":{"@id":"https:\/\/kapitalis.com\/tunisie\/2015\/11\/19\/eleve-victime-dabus-sexuels-a-makthar-ouverture-dune-enquete\/#primaryimage"},"image":{"@id":"https:\/\/kapitalis.com\/tunisie\/2015\/11\/19\/eleve-victime-dabus-sexuels-a-makthar-ouverture-dune-enquete\/#primaryimage"},"thumbnailUrl":"","datePublished":"2015-11-19T09:52:36+00:00","dateModified":"2015-11-19T12:49:15+00:00","breadcrumb":{"@id":"https:\/\/kapitalis.com\/tunisie\/2015\/11\/19\/eleve-victime-dabus-sexuels-a-makthar-ouverture-dune-enquete\/#breadcrumb"},"inLanguage":"fr-FR","potentialAction":[{"@type":"ReadAction","target":["https:\/\/kapitalis.com\/tunisie\/2015\/11\/19\/eleve-victime-dabus-sexuels-a-makthar-ouverture-dune-enquete\/"]}]},{"@type":"ImageObject","inLanguage":"fr-FR","@id":"https:\/\/kapitalis.com\/tunisie\/2015\/11\/19\/eleve-victime-dabus-sexuels-a-makthar-ouverture-dune-enquete\/#primaryimage","url":"","contentUrl":""},{"@type":"BreadcrumbList","@id":"https:\/\/kapitalis.com\/tunisie\/2015\/11\/19\/eleve-victime-dabus-sexuels-a-makthar-ouverture-dune-enquete\/#breadcrumb","itemListElement":[{"@type":"ListItem","position":1,"name":"Accueil","item":"https:\/\/kapitalis.com\/tunisie\/"},{"@type":"ListItem","position":2,"name":"\u00c9l\u00e8ve victime d\u2019abus sexuels \u00e0 Makthar : Ouverture d\u2019une enqu\u00eate"}]},{"@type":"WebSite","@id":"https:\/\/kapitalis.com\/tunisie\/#website","url":"https:\/\/kapitalis.com\/tunisie\/","name":"Kapitalis","description":"L&#039;actualit\u00e9 en Tunisie et dans le monde","publisher":{"@id":"https:\/\/kapitalis.com\/tunisie\/#organization"},"potentialAction":[{"@type":"SearchAction","target":{"@type":"EntryPoint","urlTemplate":"https:\/\/kapitalis.com\/tunisie\/?s={search_term_string}"},"query-input":{"@type":"PropertyValueSpecification","valueRequired":true,"valueName":"search_term_string"}}],"inLanguage":"fr-FR"},{"@type":"Organization","@id":"https:\/\/kapitalis.com\/tunisie\/#organization","name":"Kapitalis","url":"https:\/\/kapitalis.com\/tunisie\/","logo":{"@type":"ImageObject","inLanguage":"fr-FR","@id":"https:\/\/kapitalis.com\/tunisie\/#\/schema\/logo\/image\/","url":"https:\/\/kapitalis.com\/tunisie\/wp-content\/uploads\/2022\/05\/Kapitalis-big-size.png","contentUrl":"https:\/\/kapitalis.com\/tunisie\/wp-content\/uploads\/2022\/05\/Kapitalis-big-size.png","width":5000,"height":1500,"caption":"Kapitalis"},"image":{"@id":"https:\/\/kapitalis.com\/tunisie\/#\/schema\/logo\/image\/"},"sameAs":["https:\/\/www.facebook.com\/KapitalisInfo\/","https:\/\/x.com\/KapitalisInfo","https:\/\/www.youtube.com\/channel\/UC-yDYrHyfFBWWZaOw3FPg9Q"]},{"@type":"Person","@id":"https:\/\/kapitalis.com\/tunisie\/#\/schema\/person\/035372e645ad321edc01006468cd4c8b","name":"benmansour3 benmansour","url":"https:\/\/kapitalis.com\/tunisie\/author\/benmansour3\/"}]}},"_links":{"self":[{"href":"https:\/\/kapitalis.com\/tunisie\/wp-json\/wp\/v2\/posts\/25960","targetHints":{"allow":["GET"]}}],"collection":[{"href":"https:\/\/kapitalis.com\/tunisie\/wp-json\/wp\/v2\/posts"}],"about":[{"href":"https:\/\/kapitalis.com\/tunisie\/wp-json\/wp\/v2\/types\/post"}],"author":[{"embeddable":true,"href":"https:\/\/kapitalis.com\/tunisie\/wp-json\/wp\/v2\/users\/11"}],"replies":[{"embeddable":true,"href":"https:\/\/kapitalis.com\/tunisie\/wp-json\/wp\/v2\/comments?post=25960"}],"version-history":[{"count":0,"href":"https:\/\/kapitalis.com\/tunisie\/wp-json\/wp\/v2\/posts\/25960\/revisions"}],"wp:featuredmedia":[{"embeddable":true,"href":"https:\/\/kapitalis.com\/tunisie\/wp-json\/wp\/v2\/media\/25964"}],"wp:attachment":[{"href":"https:\/\/kapitalis.com\/tunisie\/wp-json\/wp\/v2\/media?parent=25960"}],"wp:term":[{"taxonomy":"category","embeddable":true,"href":"https:\/\/kapitalis.com\/tunisie\/wp-json\/wp\/v2\/categories?post=25960"},{"taxonomy":"post_tag","embeddable":true,"href":"https:\/\/kapitalis.com\/tunisie\/wp-json\/wp\/v2\/tags?post=25960"}],"curies":[{"name":"wp","href":"https:\/\/api.w.org\/{rel}","templated":true}]}}