{"id":259765,"date":"2019-11-29T16:51:30","date_gmt":"2019-11-29T15:51:30","guid":{"rendered":"http:\/\/kapitalis.com\/tunisie\/?p=259765"},"modified":"2019-11-29T16:51:33","modified_gmt":"2019-11-29T15:51:33","slug":"entrepreneurship-bootcamp-a-tataouine-du-6-au-8-decembre-2019","status":"publish","type":"post","link":"https:\/\/kapitalis.com\/tunisie\/2019\/11\/29\/entrepreneurship-bootcamp-a-tataouine-du-6-au-8-decembre-2019\/","title":{"rendered":"Entrepreneurship Bootcamp \u00e0 Tataouine, du 6 au 8 d\u00e9cembre 2019"},"content":{"rendered":"\n<figure class=\"wp-block-image size-large\"><img decoding=\"async\" src=\"http:\/\/kapitalis.com\/tunisie\/wp-content\/uploads\/2019\/11\/Bootcamp-Tataouine-....jpg\" alt=\"\" class=\"wp-image-259810\"\/><\/figure>\n\n\n\n<p><strong><em>Le minist\u00e8re de la Formation professionnelle et de l&rsquo;Emploi (MFPE) et le Programme des nations unies pour le d\u00e9veloppement (Pnud) ont lanc\u00e9 un appel \u00e0 candidatures aux <a rel=\"noreferrer noopener\" aria-label=\"Bootcamps Entrepreneuriat (s\u2019ouvre dans un nouvel onglet)\" href=\"https:\/\/www.4c.tn\/Account\/Login?returnUrl=http:\/\/www.4c.tn&amp;name=DetailsFormation&amp;id=4118\" target=\"_blank\">Bootcamps Entrepreneuriat<\/a> pour les jeunes, qui aura lieu \u00e0 Tataouine du 6 au 8 d\u00e9cembre 2019, dans le cadre du projet \u00abEntrepreneuriat pour le d\u00e9veloppement\u00bb. <\/em><\/strong><\/p>\n\n\n\n<!--more-->\n\n\n\n<p>Cet appel \u00e0 candidatures s&rsquo;adresse aux \u00e9tudiants des \u00e9tablissements universitaires tels que les universit\u00e9s, les instituts sup\u00e9rieurs d&rsquo;\u00e9tudes technologique (ISETs), les \u00e9coles, les laboratoires de recherche, etc., de la r\u00e9gion du sud tunisien (Gab\u00e8s, M\u00e9denine, Tataouine, Gafsa, Tozeur et Kebili). <\/p>\n\n\n\n<p>Ces <em>Bootcamps<\/em> &#8211; un terme am\u00e9ricain qui signifie une formation courte, intensive et rigoureuse &#8211; ont pour objectif le d\u00e9veloppement de la culture entrepreneuriale, le d\u00e9veloppement de l&rsquo;\u00e9cosyst\u00e8me, et la stimulation de la cr\u00e9ativit\u00e9 et l&rsquo;innovation. <\/p>\n\n\n\n<p>Les candidats et candidates s\u00e9lectionn\u00e9s b\u00e9n\u00e9ficieront d&rsquo;une formation intensive en entrepreneuriat, d&rsquo;une prise en charge pendant les<em> <\/em>Bootcamps et d&rsquo;un accompagnement apr\u00e8s (Post-Bootcamps). <\/p>\n\n\n\n<p>Les 3 gagnants pourront participer au <em>D\u00e9mo Day<\/em> final \u00e0 Douz, en janvier 2020, entre autres avantages.<\/p>\n\n\n\n<p><a href=\"https:\/\/www.4c.tn\/Account\/Login?returnUrl=http:\/\/www.4c.tn&amp;name=DetailsFormation&amp;id=4118\" target=\"_blank\" rel=\"noreferrer noopener\" aria-label=\"L'inscription (s\u2019ouvre dans un nouvel onglet)\"><strong>L&rsquo;inscription<\/strong><\/a> est fix\u00e9e au plus tard le 30 novembre 2019.<\/p>\n\n\n\n<p class=\"has-text-align-right\"><strong>A. M.<\/strong><\/p>\n","protected":false},"excerpt":{"rendered":"<p>Le minist\u00e8re de la Formation professionnelle et de l&rsquo;Emploi (MFPE) et le Programme des nations unies pour le d\u00e9veloppement (Pnud) ont lanc\u00e9 un appel \u00e0 candidatures aux Bootcamps Entrepreneuriat pour les jeunes, qui aura lieu \u00e0 Tataouine du 6 au 8 d\u00e9cembre 2019, dans le cadre du projet \u00abEntrepreneuriat pour le d\u00e9veloppement\u00bb.<\/p>\n","protected":false},"author":22,"featured_media":259810,"comment_status":"open","ping_status":"open","sticky":false,"template":"","format":"standard","meta":{"footnotes":""},"categories":[995,2433],"tags":[291,406,407,526,591,725,1126,1208],"class_list":["post-259765","post","type-post","status-publish","format-standard","has-post-thumbnail","hentry","category-economie","category-tunisie","tag-douz","tag-gabes","tag-gafsa","tag-kebili","tag-medenine","tag-pnud","tag-tataouine","tag-tozeur"],"yoast_head":"<!-- This site is optimized with the Yoast SEO plugin v26.6 - https:\/\/yoast.com\/wordpress\/plugins\/seo\/ -->\n<title>Entrepreneurship Bootcamp \u00e0 Tataouine, du 6 au 8 d\u00e9cembre 2019 - Kapitalis<\/title>\n<meta name=\"robots\" content=\"index, follow, max-snippet:-1, max-image-preview:large, max-video-preview:-1\" \/>\n<link rel=\"canonical\" href=\"https:\/\/kapitalis.com\/tunisie\/2019\/11\/29\/entrepreneurship-bootcamp-a-tataouine-du-6-au-8-decembre-2019\/\" \/>\n<meta property=\"og:locale\" content=\"fr_FR\" \/>\n<meta property=\"og:type\" content=\"article\" \/>\n<meta property=\"og:title\" content=\"Entrepreneurship Bootcamp \u00e0 Tataouine, du 6 au 8 d\u00e9cembre 2019 - Kapitalis\" \/>\n<meta property=\"og:description\" content=\"Le minist\u00e8re de la Formation professionnelle et de l&rsquo;Emploi (MFPE) et le Programme des nations unies pour le d\u00e9veloppement (Pnud) ont lanc\u00e9 un appel \u00e0 candidatures aux Bootcamps Entrepreneuriat pour les jeunes, qui aura lieu \u00e0 Tataouine du 6 au 8 d\u00e9cembre 2019, dans le cadre du projet \u00abEntrepreneuriat pour le d\u00e9veloppement\u00bb.\" \/>\n<meta property=\"og:url\" content=\"https:\/\/kapitalis.com\/tunisie\/2019\/11\/29\/entrepreneurship-bootcamp-a-tataouine-du-6-au-8-decembre-2019\/\" \/>\n<meta property=\"og:site_name\" content=\"Kapitalis\" \/>\n<meta property=\"article:publisher\" content=\"https:\/\/www.facebook.com\/KapitalisInfo\/\" \/>\n<meta property=\"article:published_time\" content=\"2019-11-29T15:51:30+00:00\" \/>\n<meta property=\"article:modified_time\" content=\"2019-11-29T15:51:33+00:00\" \/>\n<meta property=\"og:image\" content=\"https:\/\/kapitalis.com\/tunisie\/wp-content\/uploads\/2022\/05\/kapitalis-logo-fb.png\" \/>\n\t<meta property=\"og:image:width\" content=\"1200\" \/>\n\t<meta property=\"og:image:height\" content=\"630\" \/>\n\t<meta property=\"og:image:type\" content=\"image\/png\" \/>\n<meta name=\"author\" content=\"Amina Mkada\" \/>\n<meta name=\"twitter:card\" content=\"summary_large_image\" \/>\n<meta name=\"twitter:creator\" content=\"@KapitalisInfo\" \/>\n<meta name=\"twitter:site\" content=\"@KapitalisInfo\" \/>\n<meta name=\"twitter:label1\" content=\"\u00c9crit par\" \/>\n\t<meta name=\"twitter:data1\" content=\"Amina Mkada\" \/>\n\t<meta name=\"twitter:label2\" content=\"Dur\u00e9e de lecture estim\u00e9e\" \/>\n\t<meta name=\"twitter:data2\" content=\"1 minute\" \/>\n<script type=\"application\/ld+json\" class=\"yoast-schema-graph\">{\"@context\":\"https:\/\/schema.org\",\"@graph\":[{\"@type\":\"Article\",\"@id\":\"https:\/\/kapitalis.com\/tunisie\/2019\/11\/29\/entrepreneurship-bootcamp-a-tataouine-du-6-au-8-decembre-2019\/#article\",\"isPartOf\":{\"@id\":\"https:\/\/kapitalis.com\/tunisie\/2019\/11\/29\/entrepreneurship-bootcamp-a-tataouine-du-6-au-8-decembre-2019\/\"},\"author\":{\"name\":\"Amina Mkada\",\"@id\":\"https:\/\/kapitalis.com\/tunisie\/#\/schema\/person\/093913313d3017554cb3ad077fff3fbd\"},\"headline\":\"Entrepreneurship Bootcamp \u00e0 Tataouine, du 6 au 8 d\u00e9cembre 2019\",\"datePublished\":\"2019-11-29T15:51:30+00:00\",\"dateModified\":\"2019-11-29T15:51:33+00:00\",\"mainEntityOfPage\":{\"@id\":\"https:\/\/kapitalis.com\/tunisie\/2019\/11\/29\/entrepreneurship-bootcamp-a-tataouine-du-6-au-8-decembre-2019\/\"},\"wordCount\":199,\"commentCount\":0,\"publisher\":{\"@id\":\"https:\/\/kapitalis.com\/tunisie\/#organization\"},\"image\":{\"@id\":\"https:\/\/kapitalis.com\/tunisie\/2019\/11\/29\/entrepreneurship-bootcamp-a-tataouine-du-6-au-8-decembre-2019\/#primaryimage\"},\"thumbnailUrl\":\"\",\"keywords\":[\"Douz\",\"Gab\u00e8s\",\"Gafsa\",\"K\u00e9bili\",\"Medenine\",\"Pnud\",\"Tataouine\",\"Tozeur\"],\"articleSection\":[\"ECONOMIE\",\"Tunisie\"],\"inLanguage\":\"fr-FR\",\"potentialAction\":[{\"@type\":\"CommentAction\",\"name\":\"Comment\",\"target\":[\"https:\/\/kapitalis.com\/tunisie\/2019\/11\/29\/entrepreneurship-bootcamp-a-tataouine-du-6-au-8-decembre-2019\/#respond\"]}]},{\"@type\":\"WebPage\",\"@id\":\"https:\/\/kapitalis.com\/tunisie\/2019\/11\/29\/entrepreneurship-bootcamp-a-tataouine-du-6-au-8-decembre-2019\/\",\"url\":\"https:\/\/kapitalis.com\/tunisie\/2019\/11\/29\/entrepreneurship-bootcamp-a-tataouine-du-6-au-8-decembre-2019\/\",\"name\":\"Entrepreneurship Bootcamp \u00e0 Tataouine, du 6 au 8 d\u00e9cembre 2019 - Kapitalis\",\"isPartOf\":{\"@id\":\"https:\/\/kapitalis.com\/tunisie\/#website\"},\"primaryImageOfPage\":{\"@id\":\"https:\/\/kapitalis.com\/tunisie\/2019\/11\/29\/entrepreneurship-bootcamp-a-tataouine-du-6-au-8-decembre-2019\/#primaryimage\"},\"image\":{\"@id\":\"https:\/\/kapitalis.com\/tunisie\/2019\/11\/29\/entrepreneurship-bootcamp-a-tataouine-du-6-au-8-decembre-2019\/#primaryimage\"},\"thumbnailUrl\":\"\",\"datePublished\":\"2019-11-29T15:51:30+00:00\",\"dateModified\":\"2019-11-29T15:51:33+00:00\",\"breadcrumb\":{\"@id\":\"https:\/\/kapitalis.com\/tunisie\/2019\/11\/29\/entrepreneurship-bootcamp-a-tataouine-du-6-au-8-decembre-2019\/#breadcrumb\"},\"inLanguage\":\"fr-FR\",\"potentialAction\":[{\"@type\":\"ReadAction\",\"target\":[\"https:\/\/kapitalis.com\/tunisie\/2019\/11\/29\/entrepreneurship-bootcamp-a-tataouine-du-6-au-8-decembre-2019\/\"]}]},{\"@type\":\"ImageObject\",\"inLanguage\":\"fr-FR\",\"@id\":\"https:\/\/kapitalis.com\/tunisie\/2019\/11\/29\/entrepreneurship-bootcamp-a-tataouine-du-6-au-8-decembre-2019\/#primaryimage\",\"url\":\"\",\"contentUrl\":\"\"},{\"@type\":\"BreadcrumbList\",\"@id\":\"https:\/\/kapitalis.com\/tunisie\/2019\/11\/29\/entrepreneurship-bootcamp-a-tataouine-du-6-au-8-decembre-2019\/#breadcrumb\",\"itemListElement\":[{\"@type\":\"ListItem\",\"position\":1,\"name\":\"Accueil\",\"item\":\"https:\/\/kapitalis.com\/tunisie\/\"},{\"@type\":\"ListItem\",\"position\":2,\"name\":\"Entrepreneurship Bootcamp \u00e0 Tataouine, du 6 au 8 d\u00e9cembre 2019\"}]},{\"@type\":\"WebSite\",\"@id\":\"https:\/\/kapitalis.com\/tunisie\/#website\",\"url\":\"https:\/\/kapitalis.com\/tunisie\/\",\"name\":\"Kapitalis\",\"description\":\"L&#039;actualit\u00e9 en Tunisie et dans le monde\",\"publisher\":{\"@id\":\"https:\/\/kapitalis.com\/tunisie\/#organization\"},\"potentialAction\":[{\"@type\":\"SearchAction\",\"target\":{\"@type\":\"EntryPoint\",\"urlTemplate\":\"https:\/\/kapitalis.com\/tunisie\/?s={search_term_string}\"},\"query-input\":{\"@type\":\"PropertyValueSpecification\",\"valueRequired\":true,\"valueName\":\"search_term_string\"}}],\"inLanguage\":\"fr-FR\"},{\"@type\":\"Organization\",\"@id\":\"https:\/\/kapitalis.com\/tunisie\/#organization\",\"name\":\"Kapitalis\",\"url\":\"https:\/\/kapitalis.com\/tunisie\/\",\"logo\":{\"@type\":\"ImageObject\",\"inLanguage\":\"fr-FR\",\"@id\":\"https:\/\/kapitalis.com\/tunisie\/#\/schema\/logo\/image\/\",\"url\":\"https:\/\/kapitalis.com\/tunisie\/wp-content\/uploads\/2022\/05\/Kapitalis-big-size.png\",\"contentUrl\":\"https:\/\/kapitalis.com\/tunisie\/wp-content\/uploads\/2022\/05\/Kapitalis-big-size.png\",\"width\":5000,\"height\":1500,\"caption\":\"Kapitalis\"},\"image\":{\"@id\":\"https:\/\/kapitalis.com\/tunisie\/#\/schema\/logo\/image\/\"},\"sameAs\":[\"https:\/\/www.facebook.com\/KapitalisInfo\/\",\"https:\/\/x.com\/KapitalisInfo\",\"https:\/\/www.youtube.com\/channel\/UC-yDYrHyfFBWWZaOw3FPg9Q\"]},{\"@type\":\"Person\",\"@id\":\"https:\/\/kapitalis.com\/tunisie\/#\/schema\/person\/093913313d3017554cb3ad077fff3fbd\",\"name\":\"Amina Mkada\",\"url\":\"https:\/\/kapitalis.com\/tunisie\/author\/amina\/\"}]}<\/script>\n<!-- \/ Yoast SEO plugin. -->","yoast_head_json":{"title":"Entrepreneurship Bootcamp \u00e0 Tataouine, du 6 au 8 d\u00e9cembre 2019 - Kapitalis","robots":{"index":"index","follow":"follow","max-snippet":"max-snippet:-1","max-image-preview":"max-image-preview:large","max-video-preview":"max-video-preview:-1"},"canonical":"https:\/\/kapitalis.com\/tunisie\/2019\/11\/29\/entrepreneurship-bootcamp-a-tataouine-du-6-au-8-decembre-2019\/","og_locale":"fr_FR","og_type":"article","og_title":"Entrepreneurship Bootcamp \u00e0 Tataouine, du 6 au 8 d\u00e9cembre 2019 - Kapitalis","og_description":"Le minist\u00e8re de la Formation professionnelle et de l&rsquo;Emploi (MFPE) et le Programme des nations unies pour le d\u00e9veloppement (Pnud) ont lanc\u00e9 un appel \u00e0 candidatures aux Bootcamps Entrepreneuriat pour les jeunes, qui aura lieu \u00e0 Tataouine du 6 au 8 d\u00e9cembre 2019, dans le cadre du projet \u00abEntrepreneuriat pour le d\u00e9veloppement\u00bb.","og_url":"https:\/\/kapitalis.com\/tunisie\/2019\/11\/29\/entrepreneurship-bootcamp-a-tataouine-du-6-au-8-decembre-2019\/","og_site_name":"Kapitalis","article_publisher":"https:\/\/www.facebook.com\/KapitalisInfo\/","article_published_time":"2019-11-29T15:51:30+00:00","article_modified_time":"2019-11-29T15:51:33+00:00","og_image":[{"width":1200,"height":630,"url":"https:\/\/kapitalis.com\/tunisie\/wp-content\/uploads\/2022\/05\/kapitalis-logo-fb.png","type":"image\/png"}],"author":"Amina Mkada","twitter_card":"summary_large_image","twitter_creator":"@KapitalisInfo","twitter_site":"@KapitalisInfo","twitter_misc":{"\u00c9crit par":"Amina Mkada","Dur\u00e9e de lecture estim\u00e9e":"1 minute"},"schema":{"@context":"https:\/\/schema.org","@graph":[{"@type":"Article","@id":"https:\/\/kapitalis.com\/tunisie\/2019\/11\/29\/entrepreneurship-bootcamp-a-tataouine-du-6-au-8-decembre-2019\/#article","isPartOf":{"@id":"https:\/\/kapitalis.com\/tunisie\/2019\/11\/29\/entrepreneurship-bootcamp-a-tataouine-du-6-au-8-decembre-2019\/"},"author":{"name":"Amina Mkada","@id":"https:\/\/kapitalis.com\/tunisie\/#\/schema\/person\/093913313d3017554cb3ad077fff3fbd"},"headline":"Entrepreneurship Bootcamp \u00e0 Tataouine, du 6 au 8 d\u00e9cembre 2019","datePublished":"2019-11-29T15:51:30+00:00","dateModified":"2019-11-29T15:51:33+00:00","mainEntityOfPage":{"@id":"https:\/\/kapitalis.com\/tunisie\/2019\/11\/29\/entrepreneurship-bootcamp-a-tataouine-du-6-au-8-decembre-2019\/"},"wordCount":199,"commentCount":0,"publisher":{"@id":"https:\/\/kapitalis.com\/tunisie\/#organization"},"image":{"@id":"https:\/\/kapitalis.com\/tunisie\/2019\/11\/29\/entrepreneurship-bootcamp-a-tataouine-du-6-au-8-decembre-2019\/#primaryimage"},"thumbnailUrl":"","keywords":["Douz","Gab\u00e8s","Gafsa","K\u00e9bili","Medenine","Pnud","Tataouine","Tozeur"],"articleSection":["ECONOMIE","Tunisie"],"inLanguage":"fr-FR","potentialAction":[{"@type":"CommentAction","name":"Comment","target":["https:\/\/kapitalis.com\/tunisie\/2019\/11\/29\/entrepreneurship-bootcamp-a-tataouine-du-6-au-8-decembre-2019\/#respond"]}]},{"@type":"WebPage","@id":"https:\/\/kapitalis.com\/tunisie\/2019\/11\/29\/entrepreneurship-bootcamp-a-tataouine-du-6-au-8-decembre-2019\/","url":"https:\/\/kapitalis.com\/tunisie\/2019\/11\/29\/entrepreneurship-bootcamp-a-tataouine-du-6-au-8-decembre-2019\/","name":"Entrepreneurship Bootcamp \u00e0 Tataouine, du 6 au 8 d\u00e9cembre 2019 - Kapitalis","isPartOf":{"@id":"https:\/\/kapitalis.com\/tunisie\/#website"},"primaryImageOfPage":{"@id":"https:\/\/kapitalis.com\/tunisie\/2019\/11\/29\/entrepreneurship-bootcamp-a-tataouine-du-6-au-8-decembre-2019\/#primaryimage"},"image":{"@id":"https:\/\/kapitalis.com\/tunisie\/2019\/11\/29\/entrepreneurship-bootcamp-a-tataouine-du-6-au-8-decembre-2019\/#primaryimage"},"thumbnailUrl":"","datePublished":"2019-11-29T15:51:30+00:00","dateModified":"2019-11-29T15:51:33+00:00","breadcrumb":{"@id":"https:\/\/kapitalis.com\/tunisie\/2019\/11\/29\/entrepreneurship-bootcamp-a-tataouine-du-6-au-8-decembre-2019\/#breadcrumb"},"inLanguage":"fr-FR","potentialAction":[{"@type":"ReadAction","target":["https:\/\/kapitalis.com\/tunisie\/2019\/11\/29\/entrepreneurship-bootcamp-a-tataouine-du-6-au-8-decembre-2019\/"]}]},{"@type":"ImageObject","inLanguage":"fr-FR","@id":"https:\/\/kapitalis.com\/tunisie\/2019\/11\/29\/entrepreneurship-bootcamp-a-tataouine-du-6-au-8-decembre-2019\/#primaryimage","url":"","contentUrl":""},{"@type":"BreadcrumbList","@id":"https:\/\/kapitalis.com\/tunisie\/2019\/11\/29\/entrepreneurship-bootcamp-a-tataouine-du-6-au-8-decembre-2019\/#breadcrumb","itemListElement":[{"@type":"ListItem","position":1,"name":"Accueil","item":"https:\/\/kapitalis.com\/tunisie\/"},{"@type":"ListItem","position":2,"name":"Entrepreneurship Bootcamp \u00e0 Tataouine, du 6 au 8 d\u00e9cembre 2019"}]},{"@type":"WebSite","@id":"https:\/\/kapitalis.com\/tunisie\/#website","url":"https:\/\/kapitalis.com\/tunisie\/","name":"Kapitalis","description":"L&#039;actualit\u00e9 en Tunisie et dans le monde","publisher":{"@id":"https:\/\/kapitalis.com\/tunisie\/#organization"},"potentialAction":[{"@type":"SearchAction","target":{"@type":"EntryPoint","urlTemplate":"https:\/\/kapitalis.com\/tunisie\/?s={search_term_string}"},"query-input":{"@type":"PropertyValueSpecification","valueRequired":true,"valueName":"search_term_string"}}],"inLanguage":"fr-FR"},{"@type":"Organization","@id":"https:\/\/kapitalis.com\/tunisie\/#organization","name":"Kapitalis","url":"https:\/\/kapitalis.com\/tunisie\/","logo":{"@type":"ImageObject","inLanguage":"fr-FR","@id":"https:\/\/kapitalis.com\/tunisie\/#\/schema\/logo\/image\/","url":"https:\/\/kapitalis.com\/tunisie\/wp-content\/uploads\/2022\/05\/Kapitalis-big-size.png","contentUrl":"https:\/\/kapitalis.com\/tunisie\/wp-content\/uploads\/2022\/05\/Kapitalis-big-size.png","width":5000,"height":1500,"caption":"Kapitalis"},"image":{"@id":"https:\/\/kapitalis.com\/tunisie\/#\/schema\/logo\/image\/"},"sameAs":["https:\/\/www.facebook.com\/KapitalisInfo\/","https:\/\/x.com\/KapitalisInfo","https:\/\/www.youtube.com\/channel\/UC-yDYrHyfFBWWZaOw3FPg9Q"]},{"@type":"Person","@id":"https:\/\/kapitalis.com\/tunisie\/#\/schema\/person\/093913313d3017554cb3ad077fff3fbd","name":"Amina Mkada","url":"https:\/\/kapitalis.com\/tunisie\/author\/amina\/"}]}},"_links":{"self":[{"href":"https:\/\/kapitalis.com\/tunisie\/wp-json\/wp\/v2\/posts\/259765","targetHints":{"allow":["GET"]}}],"collection":[{"href":"https:\/\/kapitalis.com\/tunisie\/wp-json\/wp\/v2\/posts"}],"about":[{"href":"https:\/\/kapitalis.com\/tunisie\/wp-json\/wp\/v2\/types\/post"}],"author":[{"embeddable":true,"href":"https:\/\/kapitalis.com\/tunisie\/wp-json\/wp\/v2\/users\/22"}],"replies":[{"embeddable":true,"href":"https:\/\/kapitalis.com\/tunisie\/wp-json\/wp\/v2\/comments?post=259765"}],"version-history":[{"count":0,"href":"https:\/\/kapitalis.com\/tunisie\/wp-json\/wp\/v2\/posts\/259765\/revisions"}],"wp:featuredmedia":[{"embeddable":true,"href":"https:\/\/kapitalis.com\/tunisie\/wp-json\/wp\/v2\/media\/259810"}],"wp:attachment":[{"href":"https:\/\/kapitalis.com\/tunisie\/wp-json\/wp\/v2\/media?parent=259765"}],"wp:term":[{"taxonomy":"category","embeddable":true,"href":"https:\/\/kapitalis.com\/tunisie\/wp-json\/wp\/v2\/categories?post=259765"},{"taxonomy":"post_tag","embeddable":true,"href":"https:\/\/kapitalis.com\/tunisie\/wp-json\/wp\/v2\/tags?post=259765"}],"curies":[{"name":"wp","href":"https:\/\/api.w.org\/{rel}","templated":true}]}}