{"id":2599102,"date":"2022-07-30T08:09:34","date_gmt":"2022-07-30T07:09:34","guid":{"rendered":"https:\/\/kapitalis.com\/tunisie\/?p=2599102"},"modified":"2022-07-30T08:09:36","modified_gmt":"2022-07-30T07:09:36","slug":"la-tunisie-et-sa-souverainete-nationale-postures-et-impostures","status":"publish","type":"post","link":"https:\/\/kapitalis.com\/tunisie\/2022\/07\/30\/la-tunisie-et-sa-souverainete-nationale-postures-et-impostures\/","title":{"rendered":"La Tunisie et sa \u00absouverainet\u00e9 nationale\u00bb\u00a0: Postures et impostures"},"content":{"rendered":"\n<p><strong><em>Hier, le ministre de l\u2019Education parlait avec une touchante sinc\u00e9rit\u00e9 de la n\u00e9cessit\u00e9 de raccorder toutes les \u00e9coles de la r\u00e9publique au r\u00e9seau d\u2019eau potable. Parce que, plus de soixante-dix apr\u00e8s son ind\u00e9pendance, et tout \u00absouverain\u00bb qu\u2019il soit, notre pays \u2013 trois mille ans d\u2019Histoire, se gargarisent ses dirigeants \u2013 a \u00e9t\u00e9 incapable, malgr\u00e9 toutes les aides internationales re\u00e7ues entretemps, de raccorder toutes ses \u00e9coles au r\u00e9seau d\u2019eau potable. On devrait tous, parce qu&rsquo;on est \u00absouverains\u00bb, en avoir honte et faire profil bas au lieu de p\u00e9rorer du haut des tribunes\u00a0!<\/em><\/strong> <em>(Illustration : selon un rapport de l&rsquo;Unicef publi\u00e9 en 2020, 21,2% des enfants tunisiens sont pauvres)<\/em>.<\/p>\n\n\n\n<p>Par <strong>Ridha Kefi<\/strong><\/p>\n\n\n\n<!--more-->\n\n\n<div class=\"wp-block-image\">\n<figure class=\"alignleft size-full\"><img decoding=\"async\" src=\"http:\/\/kapitalis.com\/tunisie\/wp-content\/uploads\/2019\/03\/Ridha-Kefi.jpg\" alt=\"\" class=\"wp-image-203122\"\/><\/figure>\n<\/div>\n\n\n<p>Des responsables politiques au plus haut niveau de l\u2019Etat et des dirigeants de partis, pouvoir et opposition pour une fois unis, ont lanc\u00e9 d\u2019une m\u00eame voix des cris d\u2019orfraie pour d\u00e9fendre la <em>\u00absouverainet\u00e9\u00a0nationale\u00bb<\/em> et d\u00e9noncer l\u2019<em>\u00abing\u00e9rence \u00e9trang\u00e8re\u00bb<\/em> et les <em>\u00abd\u00e9clarations inacceptables\u00bb<\/em> de responsables am\u00e9ricains ayant critiqu\u00e9 l&rsquo;\u00e9volution politique du pays et notamment le r\u00e9f\u00e9rendum sur la Constitution, tenu lundi 25 juillet 2022, dans des conditions critiquables et d\u2019ailleurs critiqu\u00e9es par des pans entiers de la soci\u00e9t\u00e9 civile nationale et internationale.<\/p>\n\n\n\n<p>Au-del\u00e0 des postures populistes au patriotisme douteux, les impostures se poursuivent d\u2019une classe politique qui n\u2019a jamais r\u00e9ellement servi son peuple, et l\u2019a plus souvent desservi et trahi.<\/p>\n\n\n\n<p>De cette <em>\u00absouverainet\u00e9 nationale\u00bb<\/em> dont on se souvient de temps en temps pour nous en rebattre inutilement les oreilles et berner les citoyens en les ber\u00e7ant de douces illusions, parlons-en\u00a0!<\/p>\n\n\n\n<figure class=\"wp-block-embed is-type-wp-embed is-provider-kapitalis wp-block-embed-kapitalis\"><div class=\"wp-block-embed__wrapper\">\n<blockquote class=\"wp-embedded-content\" data-secret=\"CI3mCVs8Gb\"><a href=\"https:\/\/kapitalis.com\/tunisie\/2022\/07\/30\/tunisie-le-ministre-des-affaires-etrangeres-convoque-la-chargee-daffaires-de-lambassade-americaine\/\">Tunisie : Le ministre des Affaires \u00e9trang\u00e8res convoque la charg\u00e9e d&rsquo;affaires de l&rsquo;ambassade am\u00e9ricaine<\/a><\/blockquote><iframe loading=\"lazy\" class=\"wp-embedded-content\" sandbox=\"allow-scripts\" security=\"restricted\" style=\"position: absolute; clip: rect(1px, 1px, 1px, 1px);\" title=\"\u00ab\u00a0Tunisie : Le ministre des Affaires \u00e9trang\u00e8res convoque la charg\u00e9e d&rsquo;affaires de l&rsquo;ambassade am\u00e9ricaine\u00a0\u00bb &#8212; Kapitalis\" src=\"https:\/\/kapitalis.com\/tunisie\/2022\/07\/30\/tunisie-le-ministre-des-affaires-etrangeres-convoque-la-chargee-daffaires-de-lambassade-americaine\/embed\/#?secret=hDd6cTGjdO#?secret=CI3mCVs8Gb\" data-secret=\"CI3mCVs8Gb\" width=\"600\" height=\"338\" frameborder=\"0\" marginwidth=\"0\" marginheight=\"0\" scrolling=\"no\"><\/iframe>\n<\/div><\/figure>\n\n\n\n<h2 class=\"wp-block-heading\">Un pays vivant sur les miettes de l\u2019aide internationale<\/h2>\n\n\n\n<p>La Tunisie, ce pays dont les dirigeants politiques, tous bords confondus, rivalisent de d\u00e9magogie pour lui exprimer leur incommensurable amour, alors qu\u2019ils auraient mieux fait de le servir avec moins de calculs et plus d\u2019abn\u00e9gation, a, depuis son ind\u00e9pendance en 1956, v\u00e9cu sur les miettes de l\u2019aide internationale dans pratiquement tous les domaines. Car que seraient aujourd\u2019hui son arm\u00e9e, sa police, sa sant\u00e9, son \u00e9ducation et ses infrastructures vitales sans cette aide, \u00e0 80% apport\u00e9e par les pays occidentaux, Etats-Unis et Union europ\u00e9enne en t\u00eate&nbsp;?<\/p>\n\n\n\n<p>Pour ne pas remuer le couteau dans la plaie, nous n\u2019entrerons pas ici dans les d\u00e9tails de ces aides, car il ne se passe pas une semaine sans qu\u2019un de nos responsables politiques inaugure ou cl\u00f4ture un programme d\u2019aide et se confonde en remerciement pour tel ou tel pays pour les financements apport\u00e9s, sous forme de don ou de pr\u00eat. Et nos m\u00e9dias de rappeler les millions et les milliards d\u00e9pens\u00e9s \u00e0 l\u2019occasion par ces pays pour nous venir en aide. \u00a0<\/p>\n\n\n\n<p>A cette classe politique, dont l\u2019arrogance n\u2019a d\u2019\u00e9gal que l\u2019incomp\u00e9tence, j\u2019aimerai rappeler ici qu\u2019au moment de son ind\u00e9pendance, en 1956, la Tunisie \u00e9tait au m\u00eame niveau de d\u00e9veloppement qu\u2019un autre pays qui sortait lui aussi d\u2019une longue nuit coloniale, la Cor\u00e9e du Sud.<\/p>\n\n\n\n<p>Il suffit de comparer le parcours historique des deux pays au cours des sept derni\u00e8res d\u00e9cennies pour comprendre pourquoi le pays asiatique se trouve aujourd\u2019hui dans le peloton de t\u00eate des pays d\u00e9velopp\u00e9s, avec des avanc\u00e9es spectaculaires dans des domaines technologiques de pointe, comme l\u2019industrie automobile ou les t\u00e9l\u00e9communications, alors que le pays nord-africain qui est le n\u00f4tre continue de faire tout \u00e0 l\u2019envers pour revenir en arri\u00e8re et hypoth\u00e9quer ses rares avanc\u00e9es r\u00e9alis\u00e9es au prix de douloureux sacrifices, et qui, aujourd\u2019hui, compte parmi ses g\u00e9n\u00e9reux donateurs internationaux\u2026 cette m\u00eame Cor\u00e9e du Sud.<\/p>\n\n\n\n<figure class=\"wp-block-embed is-type-wp-embed is-provider-kapitalis wp-block-embed-kapitalis\"><div class=\"wp-block-embed__wrapper\">\n<blockquote class=\"wp-embedded-content\" data-secret=\"zEj50Ihe41\"><a href=\"https:\/\/kapitalis.com\/tunisie\/2022\/07\/29\/tunisie-que-mijote-kais-saied-pour-les-legislatives\/\">Tunisie\u00a0: Que mijote Ka\u00efs Sa\u00efed pour les l\u00e9gislatives\u00a0? \u00a0<\/a><\/blockquote><iframe loading=\"lazy\" class=\"wp-embedded-content\" sandbox=\"allow-scripts\" security=\"restricted\" style=\"position: absolute; clip: rect(1px, 1px, 1px, 1px);\" title=\"\u00ab\u00a0Tunisie\u00a0: Que mijote Ka\u00efs Sa\u00efed pour les l\u00e9gislatives\u00a0? \u00a0\u00a0\u00bb &#8212; Kapitalis\" src=\"https:\/\/kapitalis.com\/tunisie\/2022\/07\/29\/tunisie-que-mijote-kais-saied-pour-les-legislatives\/embed\/#?secret=tAwoYJ67oQ#?secret=zEj50Ihe41\" data-secret=\"zEj50Ihe41\" width=\"600\" height=\"338\" frameborder=\"0\" marginwidth=\"0\" marginheight=\"0\" scrolling=\"no\"><\/iframe>\n<\/div><\/figure>\n\n\n\n<p>On rappellera ici, au passage, que l&rsquo;aide sud-cor\u00e9enne \u00e0 la Tunisie se concentre dans les domaines de la gestion, de la gouvernance et de la lutte contre la corruption, ce qui, en dit long sur le diagnostic &#8211; \u00f4 combien juste &#8211; fait par nos amis cor\u00e9ens.<\/p>\n\n\n\n<h2 class=\"wp-block-heading\">Que de rendez-vous rat\u00e9s&nbsp;!<\/h2>\n\n\n\n<p>Pourquoi les Sud-Cor\u00e9ens ont-ils avanc\u00e9 alors que nous, nous avons continu\u00e9 \u00e0 faire du surplace&nbsp;? La r\u00e9ponse est d\u2019une d\u00e9sesp\u00e9rante \u00e9vidence&nbsp;: plus pragmatiques et moins d\u00e9magogiques, humbles et d\u00e9vou\u00e9s au service de l\u2019int\u00e9r\u00eat g\u00e9n\u00e9ral, les dirigeants cor\u00e9ens ne se sont pas gargaris\u00e9s de mots, ont \u00e9vit\u00e9 les d\u00e9bats id\u00e9ologiques st\u00e9rilisants, et pr\u00e9f\u00e9r\u00e9 l\u2019action aux postures qui cr\u00e9ent des confusions et des malentendus et hypoth\u00e8quent l\u2019avenir. &nbsp;<\/p>\n\n\n\n<p>Au moment de la naissance de l\u2019Etat nation moderne, la Tunisie avait tout pour r\u00e9ussir\u00a0un parcours comparable \u00e0 celui de la Cor\u00e9e du Sud: un dirigeant pragmatique, Habib Bourguiba, r\u00e9aliste et ouvert et qui a su mettre son pays dans l\u2019orbite du monde libre, \u00e9vitant les errements de ses pairs moyen-orientaux. Pourquoi n\u2019y est-elle pas parvenue\u00a0? Les causes en sont les nombreux rendez-vous que nous avons manqu\u00e9s avec l\u2019Histoire en nous engageant dans de vaines gu\u00e9guerres pour le pouvoir\u00a0?<\/p>\n\n\n\n<figure class=\"wp-block-embed is-type-wp-embed is-provider-kapitalis wp-block-embed-kapitalis\"><div class=\"wp-block-embed__wrapper\">\n<blockquote class=\"wp-embedded-content\" data-secret=\"yQBRwIvGX2\"><a href=\"https:\/\/kapitalis.com\/tunisie\/2022\/07\/29\/antony-blinken-exprime-linquietude-des-etats-unis-sur-la-situation-en-tunisie\/\">Antony Blinken exprime l\u2019inqui\u00e9tude des Etats-Unis sur la situation en Tunisie<\/a><\/blockquote><iframe loading=\"lazy\" class=\"wp-embedded-content\" sandbox=\"allow-scripts\" security=\"restricted\" style=\"position: absolute; clip: rect(1px, 1px, 1px, 1px);\" title=\"\u00ab\u00a0Antony Blinken exprime l\u2019inqui\u00e9tude des Etats-Unis sur la situation en Tunisie\u00a0\u00bb &#8212; Kapitalis\" src=\"https:\/\/kapitalis.com\/tunisie\/2022\/07\/29\/antony-blinken-exprime-linquietude-des-etats-unis-sur-la-situation-en-tunisie\/embed\/#?secret=47Vi5sDQ2f#?secret=yQBRwIvGX2\" data-secret=\"yQBRwIvGX2\" width=\"600\" height=\"338\" frameborder=\"0\" marginwidth=\"0\" marginheight=\"0\" scrolling=\"no\"><\/iframe>\n<\/div><\/figure>\n\n\n\n<p>Souvenons-nous des crises en s\u00e9rie que nous avons v\u00e9cues et qui, \u00e0 chaque fois, nous faisaient repartir de z\u00e9ro\u00a0: l\u2019\u00e9chec de la politique <em>\u00absocialisante\u00bb<\/em> de Ben Salah, en 1969; l\u2019\u00e9chec du premier rendez-vous avec la d\u00e9mocratie lors du Congr\u00e8s du PSD en 1970; le Jeudi noir de 1978; les \u00e9meutes du pain de 1984; la banqueroute financi\u00e8re et le premier Programme d\u2019ajustement structurel (PAS) avec le Fonds mon\u00e9taire international (FMI) en 1986; la d\u00e9rive autoritaire de Ben Ali, \u00e0 partir de 2004, qui a hypoth\u00e9qu\u00e9 les petites avanc\u00e9es enregistr\u00e9es au cours des ann\u00e9es 1990; puis la <em>\u00abr\u00e9volution\u00bb<\/em> de 2011 qui, au lieu de faire avancer le pays, l\u2019a fait revenir des d\u00e9cennies en arri\u00e8re.<\/p>\n\n\n\n<p>La classe politique, toutes tendances et toutes g\u00e9n\u00e9rations confondues, doit aujourd\u2019hui avoir honte de son bilan catastrophique, faire profil bas, retrousser les manches et plancher sur les moyens de rattraper tout ce temps perdu.<\/p>\n\n\n\n<h2 class=\"wp-block-heading\">A en pleurer de rage<\/h2>\n\n\n\n<p>Au lieu de p\u00e9rorer du haut des tribunes et de prendre des postures d\u00e9magogiques, qui ne servent qu\u2019\u00e0 berner les populations, dont l\u2019inculture politique n\u2019a d\u2019\u00e9gal que le cynisme destructeur de leurs dirigeants, cette classe politique ferait mieux d\u2019\u0153uvrer \u00e0 remettre la Tunisie au diapason des \u00e9volutions en cours dans le monde, et non pour accentuer son isolement comme elle s\u2019\u00e9chine \u00e0 le faire aujourd\u2019hui au nom d\u2019une <em>\u00absouverainet\u00e9 nationale\u00bb<\/em> de carton-p\u00e2te, qui n\u2019existe r\u00e9ellement que sur le papier, et pour cause, plus de soixante-dix ans apr\u00e8s son ind\u00e9pendance, la Tunisie continue \u00e0 tendre la main \u00e0 l\u2019aum\u00f4ne internationale pour pouvoir payer les salaires de son administration, la plus nombreuse et la moins efficace au monde, pour faire fonctionner ses h\u00f4pitaux, pour r\u00e9parer ses infrastructures tomb\u00e9es en ruines\u2026<\/p>\n\n\n\n<p>Hier, le ministre de l\u2019Education parlait avec une touchante sinc\u00e9rit\u00e9 de la n\u00e9cessit\u00e9 de raccorder toutes les \u00e9coles de la r\u00e9publique au r\u00e9seau d\u2019eau potable. Parce que, plus de soixante-dix apr\u00e8s son ind\u00e9pendance, et tout <em>\u00absouverain\u00bb<\/em> qu\u2019il est, notre pays a \u00e9t\u00e9 incapable, malgr\u00e9 toutes les aides internationales re\u00e7ues entretemps, de raccorder toutes ses \u00e9coles au r\u00e9seau d\u2019eau potable. On devrait tous en avoir honte\u00a0! <\/p>\n\n\n\n<p>Moi, Ridha Kefi, simple journaliste qui couvre l\u2019actualit\u00e9 de son pays depuis quarante ans, j\u2019en pleure de rage.<\/p>\n","protected":false},"excerpt":{"rendered":"<p>Au-del\u00e0 des postures populistes au patriotisme douteux, les impostures se poursuivent d\u2019une classe politique tunisienne qui n\u2019a jamais r\u00e9ellement servi son peuple, et l\u2019a plus souvent desservi et trahi.<\/p>\n","protected":false},"author":8,"featured_media":2599345,"comment_status":"open","ping_status":"open","sticky":false,"template":"","format":"standard","meta":{"footnotes":""},"categories":[992,997,2433],"tags":[7633,2358,84371,62643],"class_list":["post-2599102","post","type-post","status-publish","format-standard","has-post-thumbnail","hentry","category-a-la-une","category-politique","category-tunisie","tag-coree-du-sud","tag-habib-bourguiba","tag-ridha-kefi","tag-tunisie"],"yoast_head":"<!-- This site is optimized with the Yoast SEO plugin v26.6 - https:\/\/yoast.com\/wordpress\/plugins\/seo\/ -->\n<title>La Tunisie et sa \u00absouverainet\u00e9 nationale\u00bb\u00a0: Postures et impostures - Kapitalis<\/title>\n<meta name=\"robots\" content=\"index, follow, max-snippet:-1, max-image-preview:large, max-video-preview:-1\" \/>\n<link rel=\"canonical\" href=\"https:\/\/kapitalis.com\/tunisie\/2022\/07\/30\/la-tunisie-et-sa-souverainete-nationale-postures-et-impostures\/\" \/>\n<meta property=\"og:locale\" content=\"fr_FR\" \/>\n<meta property=\"og:type\" content=\"article\" \/>\n<meta property=\"og:title\" content=\"La Tunisie et sa \u00absouverainet\u00e9 nationale\u00bb\u00a0: Postures et impostures - Kapitalis\" \/>\n<meta property=\"og:description\" content=\"Au-del\u00e0 des postures populistes au patriotisme douteux, les impostures se poursuivent d\u2019une classe politique tunisienne qui n\u2019a jamais r\u00e9ellement servi son peuple, et l\u2019a plus souvent desservi et trahi.\" \/>\n<meta property=\"og:url\" content=\"https:\/\/kapitalis.com\/tunisie\/2022\/07\/30\/la-tunisie-et-sa-souverainete-nationale-postures-et-impostures\/\" \/>\n<meta property=\"og:site_name\" content=\"Kapitalis\" \/>\n<meta property=\"article:publisher\" content=\"https:\/\/www.facebook.com\/KapitalisInfo\/\" \/>\n<meta property=\"article:published_time\" content=\"2022-07-30T07:09:34+00:00\" \/>\n<meta property=\"article:modified_time\" content=\"2022-07-30T07:09:36+00:00\" \/>\n<meta property=\"og:image\" content=\"https:\/\/kapitalis.com\/tunisie\/wp-content\/uploads\/2022\/07\/Enfants-pauvres.jpg\" \/>\n\t<meta property=\"og:image:width\" content=\"1200\" \/>\n\t<meta property=\"og:image:height\" content=\"630\" \/>\n\t<meta property=\"og:image:type\" content=\"image\/jpeg\" \/>\n<meta name=\"author\" content=\"webmaster kapitalis\" \/>\n<meta name=\"twitter:card\" content=\"summary_large_image\" \/>\n<meta name=\"twitter:creator\" content=\"@KapitalisInfo\" \/>\n<meta name=\"twitter:site\" content=\"@KapitalisInfo\" \/>\n<meta name=\"twitter:label1\" content=\"\u00c9crit par\" \/>\n\t<meta name=\"twitter:data1\" content=\"webmaster kapitalis\" \/>\n\t<meta name=\"twitter:label2\" content=\"Dur\u00e9e de lecture estim\u00e9e\" \/>\n\t<meta name=\"twitter:data2\" content=\"6 minutes\" \/>\n<script type=\"application\/ld+json\" class=\"yoast-schema-graph\">{\"@context\":\"https:\/\/schema.org\",\"@graph\":[{\"@type\":\"Article\",\"@id\":\"https:\/\/kapitalis.com\/tunisie\/2022\/07\/30\/la-tunisie-et-sa-souverainete-nationale-postures-et-impostures\/#article\",\"isPartOf\":{\"@id\":\"https:\/\/kapitalis.com\/tunisie\/2022\/07\/30\/la-tunisie-et-sa-souverainete-nationale-postures-et-impostures\/\"},\"author\":{\"name\":\"webmaster kapitalis\",\"@id\":\"https:\/\/kapitalis.com\/tunisie\/#\/schema\/person\/d71f33a9ca44f7bad4698210b480c8e9\"},\"headline\":\"La Tunisie et sa \u00absouverainet\u00e9 nationale\u00bb\u00a0: Postures et impostures\",\"datePublished\":\"2022-07-30T07:09:34+00:00\",\"dateModified\":\"2022-07-30T07:09:36+00:00\",\"mainEntityOfPage\":{\"@id\":\"https:\/\/kapitalis.com\/tunisie\/2022\/07\/30\/la-tunisie-et-sa-souverainete-nationale-postures-et-impostures\/\"},\"wordCount\":1304,\"commentCount\":19,\"publisher\":{\"@id\":\"https:\/\/kapitalis.com\/tunisie\/#organization\"},\"image\":{\"@id\":\"https:\/\/kapitalis.com\/tunisie\/2022\/07\/30\/la-tunisie-et-sa-souverainete-nationale-postures-et-impostures\/#primaryimage\"},\"thumbnailUrl\":\"https:\/\/kapitalis.com\/tunisie\/wp-content\/uploads\/2022\/07\/Enfants-pauvres.jpg\",\"keywords\":[\"Cor\u00e9e du Sud\",\"Habib Bourguiba\",\"Ridha Kefi\",\"Tunisie\"],\"articleSection\":[\"A LA UNE\",\"POLITIQUE\",\"Tunisie\"],\"inLanguage\":\"fr-FR\",\"potentialAction\":[{\"@type\":\"CommentAction\",\"name\":\"Comment\",\"target\":[\"https:\/\/kapitalis.com\/tunisie\/2022\/07\/30\/la-tunisie-et-sa-souverainete-nationale-postures-et-impostures\/#respond\"]}]},{\"@type\":\"WebPage\",\"@id\":\"https:\/\/kapitalis.com\/tunisie\/2022\/07\/30\/la-tunisie-et-sa-souverainete-nationale-postures-et-impostures\/\",\"url\":\"https:\/\/kapitalis.com\/tunisie\/2022\/07\/30\/la-tunisie-et-sa-souverainete-nationale-postures-et-impostures\/\",\"name\":\"La Tunisie et sa \u00absouverainet\u00e9 nationale\u00bb\u00a0: Postures et impostures - Kapitalis\",\"isPartOf\":{\"@id\":\"https:\/\/kapitalis.com\/tunisie\/#website\"},\"primaryImageOfPage\":{\"@id\":\"https:\/\/kapitalis.com\/tunisie\/2022\/07\/30\/la-tunisie-et-sa-souverainete-nationale-postures-et-impostures\/#primaryimage\"},\"image\":{\"@id\":\"https:\/\/kapitalis.com\/tunisie\/2022\/07\/30\/la-tunisie-et-sa-souverainete-nationale-postures-et-impostures\/#primaryimage\"},\"thumbnailUrl\":\"https:\/\/kapitalis.com\/tunisie\/wp-content\/uploads\/2022\/07\/Enfants-pauvres.jpg\",\"datePublished\":\"2022-07-30T07:09:34+00:00\",\"dateModified\":\"2022-07-30T07:09:36+00:00\",\"breadcrumb\":{\"@id\":\"https:\/\/kapitalis.com\/tunisie\/2022\/07\/30\/la-tunisie-et-sa-souverainete-nationale-postures-et-impostures\/#breadcrumb\"},\"inLanguage\":\"fr-FR\",\"potentialAction\":[{\"@type\":\"ReadAction\",\"target\":[\"https:\/\/kapitalis.com\/tunisie\/2022\/07\/30\/la-tunisie-et-sa-souverainete-nationale-postures-et-impostures\/\"]}]},{\"@type\":\"ImageObject\",\"inLanguage\":\"fr-FR\",\"@id\":\"https:\/\/kapitalis.com\/tunisie\/2022\/07\/30\/la-tunisie-et-sa-souverainete-nationale-postures-et-impostures\/#primaryimage\",\"url\":\"https:\/\/kapitalis.com\/tunisie\/wp-content\/uploads\/2022\/07\/Enfants-pauvres.jpg\",\"contentUrl\":\"https:\/\/kapitalis.com\/tunisie\/wp-content\/uploads\/2022\/07\/Enfants-pauvres.jpg\",\"width\":1200,\"height\":630},{\"@type\":\"BreadcrumbList\",\"@id\":\"https:\/\/kapitalis.com\/tunisie\/2022\/07\/30\/la-tunisie-et-sa-souverainete-nationale-postures-et-impostures\/#breadcrumb\",\"itemListElement\":[{\"@type\":\"ListItem\",\"position\":1,\"name\":\"Accueil\",\"item\":\"https:\/\/kapitalis.com\/tunisie\/\"},{\"@type\":\"ListItem\",\"position\":2,\"name\":\"La Tunisie et sa \u00absouverainet\u00e9 nationale\u00bb\u00a0: Postures et impostures\"}]},{\"@type\":\"WebSite\",\"@id\":\"https:\/\/kapitalis.com\/tunisie\/#website\",\"url\":\"https:\/\/kapitalis.com\/tunisie\/\",\"name\":\"Kapitalis\",\"description\":\"L&#039;actualit\u00e9 en Tunisie et dans le monde\",\"publisher\":{\"@id\":\"https:\/\/kapitalis.com\/tunisie\/#organization\"},\"potentialAction\":[{\"@type\":\"SearchAction\",\"target\":{\"@type\":\"EntryPoint\",\"urlTemplate\":\"https:\/\/kapitalis.com\/tunisie\/?s={search_term_string}\"},\"query-input\":{\"@type\":\"PropertyValueSpecification\",\"valueRequired\":true,\"valueName\":\"search_term_string\"}}],\"inLanguage\":\"fr-FR\"},{\"@type\":\"Organization\",\"@id\":\"https:\/\/kapitalis.com\/tunisie\/#organization\",\"name\":\"Kapitalis\",\"url\":\"https:\/\/kapitalis.com\/tunisie\/\",\"logo\":{\"@type\":\"ImageObject\",\"inLanguage\":\"fr-FR\",\"@id\":\"https:\/\/kapitalis.com\/tunisie\/#\/schema\/logo\/image\/\",\"url\":\"https:\/\/kapitalis.com\/tunisie\/wp-content\/uploads\/2022\/05\/Kapitalis-big-size.png\",\"contentUrl\":\"https:\/\/kapitalis.com\/tunisie\/wp-content\/uploads\/2022\/05\/Kapitalis-big-size.png\",\"width\":5000,\"height\":1500,\"caption\":\"Kapitalis\"},\"image\":{\"@id\":\"https:\/\/kapitalis.com\/tunisie\/#\/schema\/logo\/image\/\"},\"sameAs\":[\"https:\/\/www.facebook.com\/KapitalisInfo\/\",\"https:\/\/x.com\/KapitalisInfo\",\"https:\/\/www.youtube.com\/channel\/UC-yDYrHyfFBWWZaOw3FPg9Q\"]},{\"@type\":\"Person\",\"@id\":\"https:\/\/kapitalis.com\/tunisie\/#\/schema\/person\/d71f33a9ca44f7bad4698210b480c8e9\",\"name\":\"webmaster kapitalis\",\"url\":\"https:\/\/kapitalis.com\/tunisie\/author\/webmaster-kapitalis\/\"}]}<\/script>\n<!-- \/ Yoast SEO plugin. -->","yoast_head_json":{"title":"La Tunisie et sa \u00absouverainet\u00e9 nationale\u00bb\u00a0: Postures et impostures - Kapitalis","robots":{"index":"index","follow":"follow","max-snippet":"max-snippet:-1","max-image-preview":"max-image-preview:large","max-video-preview":"max-video-preview:-1"},"canonical":"https:\/\/kapitalis.com\/tunisie\/2022\/07\/30\/la-tunisie-et-sa-souverainete-nationale-postures-et-impostures\/","og_locale":"fr_FR","og_type":"article","og_title":"La Tunisie et sa \u00absouverainet\u00e9 nationale\u00bb\u00a0: Postures et impostures - Kapitalis","og_description":"Au-del\u00e0 des postures populistes au patriotisme douteux, les impostures se poursuivent d\u2019une classe politique tunisienne qui n\u2019a jamais r\u00e9ellement servi son peuple, et l\u2019a plus souvent desservi et trahi.","og_url":"https:\/\/kapitalis.com\/tunisie\/2022\/07\/30\/la-tunisie-et-sa-souverainete-nationale-postures-et-impostures\/","og_site_name":"Kapitalis","article_publisher":"https:\/\/www.facebook.com\/KapitalisInfo\/","article_published_time":"2022-07-30T07:09:34+00:00","article_modified_time":"2022-07-30T07:09:36+00:00","og_image":[{"width":1200,"height":630,"url":"https:\/\/kapitalis.com\/tunisie\/wp-content\/uploads\/2022\/07\/Enfants-pauvres.jpg","type":"image\/jpeg"}],"author":"webmaster kapitalis","twitter_card":"summary_large_image","twitter_creator":"@KapitalisInfo","twitter_site":"@KapitalisInfo","twitter_misc":{"\u00c9crit par":"webmaster kapitalis","Dur\u00e9e de lecture estim\u00e9e":"6 minutes"},"schema":{"@context":"https:\/\/schema.org","@graph":[{"@type":"Article","@id":"https:\/\/kapitalis.com\/tunisie\/2022\/07\/30\/la-tunisie-et-sa-souverainete-nationale-postures-et-impostures\/#article","isPartOf":{"@id":"https:\/\/kapitalis.com\/tunisie\/2022\/07\/30\/la-tunisie-et-sa-souverainete-nationale-postures-et-impostures\/"},"author":{"name":"webmaster kapitalis","@id":"https:\/\/kapitalis.com\/tunisie\/#\/schema\/person\/d71f33a9ca44f7bad4698210b480c8e9"},"headline":"La Tunisie et sa \u00absouverainet\u00e9 nationale\u00bb\u00a0: Postures et impostures","datePublished":"2022-07-30T07:09:34+00:00","dateModified":"2022-07-30T07:09:36+00:00","mainEntityOfPage":{"@id":"https:\/\/kapitalis.com\/tunisie\/2022\/07\/30\/la-tunisie-et-sa-souverainete-nationale-postures-et-impostures\/"},"wordCount":1304,"commentCount":19,"publisher":{"@id":"https:\/\/kapitalis.com\/tunisie\/#organization"},"image":{"@id":"https:\/\/kapitalis.com\/tunisie\/2022\/07\/30\/la-tunisie-et-sa-souverainete-nationale-postures-et-impostures\/#primaryimage"},"thumbnailUrl":"https:\/\/kapitalis.com\/tunisie\/wp-content\/uploads\/2022\/07\/Enfants-pauvres.jpg","keywords":["Cor\u00e9e du Sud","Habib Bourguiba","Ridha Kefi","Tunisie"],"articleSection":["A LA UNE","POLITIQUE","Tunisie"],"inLanguage":"fr-FR","potentialAction":[{"@type":"CommentAction","name":"Comment","target":["https:\/\/kapitalis.com\/tunisie\/2022\/07\/30\/la-tunisie-et-sa-souverainete-nationale-postures-et-impostures\/#respond"]}]},{"@type":"WebPage","@id":"https:\/\/kapitalis.com\/tunisie\/2022\/07\/30\/la-tunisie-et-sa-souverainete-nationale-postures-et-impostures\/","url":"https:\/\/kapitalis.com\/tunisie\/2022\/07\/30\/la-tunisie-et-sa-souverainete-nationale-postures-et-impostures\/","name":"La Tunisie et sa \u00absouverainet\u00e9 nationale\u00bb\u00a0: Postures et impostures - Kapitalis","isPartOf":{"@id":"https:\/\/kapitalis.com\/tunisie\/#website"},"primaryImageOfPage":{"@id":"https:\/\/kapitalis.com\/tunisie\/2022\/07\/30\/la-tunisie-et-sa-souverainete-nationale-postures-et-impostures\/#primaryimage"},"image":{"@id":"https:\/\/kapitalis.com\/tunisie\/2022\/07\/30\/la-tunisie-et-sa-souverainete-nationale-postures-et-impostures\/#primaryimage"},"thumbnailUrl":"https:\/\/kapitalis.com\/tunisie\/wp-content\/uploads\/2022\/07\/Enfants-pauvres.jpg","datePublished":"2022-07-30T07:09:34+00:00","dateModified":"2022-07-30T07:09:36+00:00","breadcrumb":{"@id":"https:\/\/kapitalis.com\/tunisie\/2022\/07\/30\/la-tunisie-et-sa-souverainete-nationale-postures-et-impostures\/#breadcrumb"},"inLanguage":"fr-FR","potentialAction":[{"@type":"ReadAction","target":["https:\/\/kapitalis.com\/tunisie\/2022\/07\/30\/la-tunisie-et-sa-souverainete-nationale-postures-et-impostures\/"]}]},{"@type":"ImageObject","inLanguage":"fr-FR","@id":"https:\/\/kapitalis.com\/tunisie\/2022\/07\/30\/la-tunisie-et-sa-souverainete-nationale-postures-et-impostures\/#primaryimage","url":"https:\/\/kapitalis.com\/tunisie\/wp-content\/uploads\/2022\/07\/Enfants-pauvres.jpg","contentUrl":"https:\/\/kapitalis.com\/tunisie\/wp-content\/uploads\/2022\/07\/Enfants-pauvres.jpg","width":1200,"height":630},{"@type":"BreadcrumbList","@id":"https:\/\/kapitalis.com\/tunisie\/2022\/07\/30\/la-tunisie-et-sa-souverainete-nationale-postures-et-impostures\/#breadcrumb","itemListElement":[{"@type":"ListItem","position":1,"name":"Accueil","item":"https:\/\/kapitalis.com\/tunisie\/"},{"@type":"ListItem","position":2,"name":"La Tunisie et sa \u00absouverainet\u00e9 nationale\u00bb\u00a0: Postures et impostures"}]},{"@type":"WebSite","@id":"https:\/\/kapitalis.com\/tunisie\/#website","url":"https:\/\/kapitalis.com\/tunisie\/","name":"Kapitalis","description":"L&#039;actualit\u00e9 en Tunisie et dans le monde","publisher":{"@id":"https:\/\/kapitalis.com\/tunisie\/#organization"},"potentialAction":[{"@type":"SearchAction","target":{"@type":"EntryPoint","urlTemplate":"https:\/\/kapitalis.com\/tunisie\/?s={search_term_string}"},"query-input":{"@type":"PropertyValueSpecification","valueRequired":true,"valueName":"search_term_string"}}],"inLanguage":"fr-FR"},{"@type":"Organization","@id":"https:\/\/kapitalis.com\/tunisie\/#organization","name":"Kapitalis","url":"https:\/\/kapitalis.com\/tunisie\/","logo":{"@type":"ImageObject","inLanguage":"fr-FR","@id":"https:\/\/kapitalis.com\/tunisie\/#\/schema\/logo\/image\/","url":"https:\/\/kapitalis.com\/tunisie\/wp-content\/uploads\/2022\/05\/Kapitalis-big-size.png","contentUrl":"https:\/\/kapitalis.com\/tunisie\/wp-content\/uploads\/2022\/05\/Kapitalis-big-size.png","width":5000,"height":1500,"caption":"Kapitalis"},"image":{"@id":"https:\/\/kapitalis.com\/tunisie\/#\/schema\/logo\/image\/"},"sameAs":["https:\/\/www.facebook.com\/KapitalisInfo\/","https:\/\/x.com\/KapitalisInfo","https:\/\/www.youtube.com\/channel\/UC-yDYrHyfFBWWZaOw3FPg9Q"]},{"@type":"Person","@id":"https:\/\/kapitalis.com\/tunisie\/#\/schema\/person\/d71f33a9ca44f7bad4698210b480c8e9","name":"webmaster kapitalis","url":"https:\/\/kapitalis.com\/tunisie\/author\/webmaster-kapitalis\/"}]}},"_links":{"self":[{"href":"https:\/\/kapitalis.com\/tunisie\/wp-json\/wp\/v2\/posts\/2599102","targetHints":{"allow":["GET"]}}],"collection":[{"href":"https:\/\/kapitalis.com\/tunisie\/wp-json\/wp\/v2\/posts"}],"about":[{"href":"https:\/\/kapitalis.com\/tunisie\/wp-json\/wp\/v2\/types\/post"}],"author":[{"embeddable":true,"href":"https:\/\/kapitalis.com\/tunisie\/wp-json\/wp\/v2\/users\/8"}],"replies":[{"embeddable":true,"href":"https:\/\/kapitalis.com\/tunisie\/wp-json\/wp\/v2\/comments?post=2599102"}],"version-history":[{"count":0,"href":"https:\/\/kapitalis.com\/tunisie\/wp-json\/wp\/v2\/posts\/2599102\/revisions"}],"wp:featuredmedia":[{"embeddable":true,"href":"https:\/\/kapitalis.com\/tunisie\/wp-json\/wp\/v2\/media\/2599345"}],"wp:attachment":[{"href":"https:\/\/kapitalis.com\/tunisie\/wp-json\/wp\/v2\/media?parent=2599102"}],"wp:term":[{"taxonomy":"category","embeddable":true,"href":"https:\/\/kapitalis.com\/tunisie\/wp-json\/wp\/v2\/categories?post=2599102"},{"taxonomy":"post_tag","embeddable":true,"href":"https:\/\/kapitalis.com\/tunisie\/wp-json\/wp\/v2\/tags?post=2599102"}],"curies":[{"name":"wp","href":"https:\/\/api.w.org\/{rel}","templated":true}]}}