{"id":2601333,"date":"2022-07-30T10:14:42","date_gmt":"2022-07-30T09:14:42","guid":{"rendered":"https:\/\/kapitalis.com\/tunisie\/?p=2601333"},"modified":"2022-07-30T10:14:44","modified_gmt":"2022-07-30T09:14:44","slug":"lamine-nahdi-a-carthage-le-public-quitte-le-theatre-au-milieu-du-spectacle","status":"publish","type":"post","link":"https:\/\/kapitalis.com\/tunisie\/2022\/07\/30\/lamine-nahdi-a-carthage-le-public-quitte-le-theatre-au-milieu-du-spectacle\/","title":{"rendered":"Lamine Nahdi \u00e0 Carthage\u00a0: Le public quitte le th\u00e9\u00e2tre au milieu du spectacle"},"content":{"rendered":"\n<p><strong><em>Le com\u00e9dien Lamine Nahdi a pr\u00e9sent\u00e9 hier soir son spectacle \u00ab\u00a0Nmout alik\u00a0\u00bb au Festival international de Carthage. Le th\u00e9\u00e2tre romain \u00e9tait au complet, mais le public n\u2019a pas tard\u00e9 \u00e0 d\u00e9serter les gradins, le spectacle n\u2019a clairement pas \u00e9t\u00e9 \u00e0 la hauteur des attentes.<\/em><\/strong><\/p>\n\n\n\n<!--more-->\n\n\n\n<p>\u00ab\u00a0<em>Nmout alik<\/em>\u00a0\u00bb derni\u00e8re cr\u00e9ation du com\u00e9dien Lamine Nahdi, \u00e9crite par Moncef Dhouib, fait cet \u00e9t\u00e9 le tour des festivals en Tunisie. Hier, c\u2019est dans le cadre de la 56<sup>e<\/sup> \u00e9dition du Festival international de Carthage que Lamine Nahdi a pr\u00e9sent\u00e9 son spectacle. Le public a r\u00e9pondu pr\u00e9sent, esp\u00e9rant retrouver ce grand homme de th\u00e9\u00e2tre qui a su faire rire les Tunisiens depuis une quarantaine d\u2019ann\u00e9es aussi bien \u00e0 la t\u00e9l\u00e9vision qu\u2019au th\u00e9\u00e2tre.<\/p>\n\n\n\n<p>Cependant, une grande partie du public a commenc\u00e9 \u00e0 quitter le th\u00e9\u00e2tre au milieu du spectacle qui n\u2019\u00e9tait clairement pas \u00e0 la hauteur des attentes. Un texte fiable, un humour us\u00e9 et des blagues recycl\u00e9es depuis des d\u00e9cennies, bref, \u00ab&nbsp;<em>Nmout alik<\/em>&nbsp;\u00bb s\u2019est av\u00e9r\u00e9 un vrai flop.<\/p>\n\n\n\n<p>Le spectacle n\u2019a pas non plus \u00e9t\u00e9 une r\u00e9ussite au Festival de Sousse il y a quelques jours, le com\u00e9dien a pr\u00e9f\u00e9r\u00e9 faire porter le chapeau \u00e0 la direction du festival. Selon lui, son spectacle ne s\u2019est pas d\u00e9roul\u00e9 comme pr\u00e9vu \u00e0 cause de la d\u00e9faillance des \u00e9quipements audiovisuels, des propos que le comit\u00e9 directeur du Festival de Sousse a fortement d\u00e9nonc\u00e9s.<\/p>\n\n\n\n<p class=\"has-text-align-right\"><strong>F.B<\/strong><\/p>\n","protected":false},"excerpt":{"rendered":"<p>Le com\u00e9dien Lamine Nahdi a pr\u00e9sent\u00e9 hier soir son spectacle \u00ab\u00a0Nmout alik\u00a0\u00bb au Festival international de Carthage. Le th\u00e9\u00e2tre romain \u00e9tait au complet, mais le public n\u2019a pas tard\u00e9 \u00e0 d\u00e9serter les gradins, le spectacle n\u2019a clairement pas \u00e9t\u00e9 \u00e0 la hauteur des attentes.<\/p>\n","protected":false},"author":26,"featured_media":2601965,"comment_status":"open","ping_status":"open","sticky":false,"template":"","format":"standard","meta":{"footnotes":""},"categories":[994,2433],"tags":[2616,14465,5141,101703,62643],"class_list":["post-2601333","post","type-post","status-publish","format-standard","has-post-thumbnail","hentry","category-culture","category-tunisie","tag-festival-international-de-carthage","tag-lamine-nahdi","tag-moncef-dhouib","tag-spectacle-nmout-alik","tag-tunisie"],"yoast_head":"<!-- This site is optimized with the Yoast SEO plugin v26.6 - https:\/\/yoast.com\/wordpress\/plugins\/seo\/ -->\n<title>Lamine Nahdi \u00e0 Carthage\u00a0: Le public quitte le th\u00e9\u00e2tre au milieu du spectacle - Kapitalis<\/title>\n<meta name=\"robots\" content=\"index, follow, max-snippet:-1, max-image-preview:large, max-video-preview:-1\" \/>\n<link rel=\"canonical\" href=\"https:\/\/kapitalis.com\/tunisie\/2022\/07\/30\/lamine-nahdi-a-carthage-le-public-quitte-le-theatre-au-milieu-du-spectacle\/\" \/>\n<meta property=\"og:locale\" content=\"fr_FR\" \/>\n<meta property=\"og:type\" content=\"article\" \/>\n<meta property=\"og:title\" content=\"Lamine Nahdi \u00e0 Carthage\u00a0: Le public quitte le th\u00e9\u00e2tre au milieu du spectacle - Kapitalis\" \/>\n<meta property=\"og:description\" content=\"Le com\u00e9dien Lamine Nahdi a pr\u00e9sent\u00e9 hier soir son spectacle \u00ab\u00a0Nmout alik\u00a0\u00bb au Festival international de Carthage. Le th\u00e9\u00e2tre romain \u00e9tait au complet, mais le public n\u2019a pas tard\u00e9 \u00e0 d\u00e9serter les gradins, le spectacle n\u2019a clairement pas \u00e9t\u00e9 \u00e0 la hauteur des attentes.\" \/>\n<meta property=\"og:url\" content=\"https:\/\/kapitalis.com\/tunisie\/2022\/07\/30\/lamine-nahdi-a-carthage-le-public-quitte-le-theatre-au-milieu-du-spectacle\/\" \/>\n<meta property=\"og:site_name\" content=\"Kapitalis\" \/>\n<meta property=\"article:publisher\" content=\"https:\/\/www.facebook.com\/KapitalisInfo\/\" \/>\n<meta property=\"article:published_time\" content=\"2022-07-30T09:14:42+00:00\" \/>\n<meta property=\"article:modified_time\" content=\"2022-07-30T09:14:44+00:00\" \/>\n<meta property=\"og:image\" content=\"https:\/\/kapitalis.com\/tunisie\/wp-content\/uploads\/2022\/07\/Lamine-Nahdi.jpg\" \/>\n\t<meta property=\"og:image:width\" content=\"1200\" \/>\n\t<meta property=\"og:image:height\" content=\"630\" \/>\n\t<meta property=\"og:image:type\" content=\"image\/jpeg\" \/>\n<meta name=\"author\" content=\"Fawz BenAli\" \/>\n<meta name=\"twitter:card\" content=\"summary_large_image\" \/>\n<meta name=\"twitter:creator\" content=\"@KapitalisInfo\" \/>\n<meta name=\"twitter:site\" content=\"@KapitalisInfo\" \/>\n<meta name=\"twitter:label1\" content=\"\u00c9crit par\" \/>\n\t<meta name=\"twitter:data1\" content=\"Fawz BenAli\" \/>\n\t<meta name=\"twitter:label2\" content=\"Dur\u00e9e de lecture estim\u00e9e\" \/>\n\t<meta name=\"twitter:data2\" content=\"2 minutes\" \/>\n<script type=\"application\/ld+json\" class=\"yoast-schema-graph\">{\"@context\":\"https:\/\/schema.org\",\"@graph\":[{\"@type\":\"Article\",\"@id\":\"https:\/\/kapitalis.com\/tunisie\/2022\/07\/30\/lamine-nahdi-a-carthage-le-public-quitte-le-theatre-au-milieu-du-spectacle\/#article\",\"isPartOf\":{\"@id\":\"https:\/\/kapitalis.com\/tunisie\/2022\/07\/30\/lamine-nahdi-a-carthage-le-public-quitte-le-theatre-au-milieu-du-spectacle\/\"},\"author\":{\"name\":\"Fawz BenAli\",\"@id\":\"https:\/\/kapitalis.com\/tunisie\/#\/schema\/person\/73a5ecc1f6ae540c6ed91342eadca948\"},\"headline\":\"Lamine Nahdi \u00e0 Carthage\u00a0: Le public quitte le th\u00e9\u00e2tre au milieu du spectacle\",\"datePublished\":\"2022-07-30T09:14:42+00:00\",\"dateModified\":\"2022-07-30T09:14:44+00:00\",\"mainEntityOfPage\":{\"@id\":\"https:\/\/kapitalis.com\/tunisie\/2022\/07\/30\/lamine-nahdi-a-carthage-le-public-quitte-le-theatre-au-milieu-du-spectacle\/\"},\"wordCount\":272,\"commentCount\":4,\"publisher\":{\"@id\":\"https:\/\/kapitalis.com\/tunisie\/#organization\"},\"image\":{\"@id\":\"https:\/\/kapitalis.com\/tunisie\/2022\/07\/30\/lamine-nahdi-a-carthage-le-public-quitte-le-theatre-au-milieu-du-spectacle\/#primaryimage\"},\"thumbnailUrl\":\"https:\/\/kapitalis.com\/tunisie\/wp-content\/uploads\/2022\/07\/Lamine-Nahdi.jpg\",\"keywords\":[\"Festival international de Carthage\",\"Lamine Nahdi\",\"Moncef Dhouib\",\"spectacle Nmout Alik\",\"Tunisie\"],\"articleSection\":[\"CULTURE\",\"Tunisie\"],\"inLanguage\":\"fr-FR\",\"potentialAction\":[{\"@type\":\"CommentAction\",\"name\":\"Comment\",\"target\":[\"https:\/\/kapitalis.com\/tunisie\/2022\/07\/30\/lamine-nahdi-a-carthage-le-public-quitte-le-theatre-au-milieu-du-spectacle\/#respond\"]}]},{\"@type\":\"WebPage\",\"@id\":\"https:\/\/kapitalis.com\/tunisie\/2022\/07\/30\/lamine-nahdi-a-carthage-le-public-quitte-le-theatre-au-milieu-du-spectacle\/\",\"url\":\"https:\/\/kapitalis.com\/tunisie\/2022\/07\/30\/lamine-nahdi-a-carthage-le-public-quitte-le-theatre-au-milieu-du-spectacle\/\",\"name\":\"Lamine Nahdi \u00e0 Carthage\u00a0: Le public quitte le th\u00e9\u00e2tre au milieu du spectacle - Kapitalis\",\"isPartOf\":{\"@id\":\"https:\/\/kapitalis.com\/tunisie\/#website\"},\"primaryImageOfPage\":{\"@id\":\"https:\/\/kapitalis.com\/tunisie\/2022\/07\/30\/lamine-nahdi-a-carthage-le-public-quitte-le-theatre-au-milieu-du-spectacle\/#primaryimage\"},\"image\":{\"@id\":\"https:\/\/kapitalis.com\/tunisie\/2022\/07\/30\/lamine-nahdi-a-carthage-le-public-quitte-le-theatre-au-milieu-du-spectacle\/#primaryimage\"},\"thumbnailUrl\":\"https:\/\/kapitalis.com\/tunisie\/wp-content\/uploads\/2022\/07\/Lamine-Nahdi.jpg\",\"datePublished\":\"2022-07-30T09:14:42+00:00\",\"dateModified\":\"2022-07-30T09:14:44+00:00\",\"breadcrumb\":{\"@id\":\"https:\/\/kapitalis.com\/tunisie\/2022\/07\/30\/lamine-nahdi-a-carthage-le-public-quitte-le-theatre-au-milieu-du-spectacle\/#breadcrumb\"},\"inLanguage\":\"fr-FR\",\"potentialAction\":[{\"@type\":\"ReadAction\",\"target\":[\"https:\/\/kapitalis.com\/tunisie\/2022\/07\/30\/lamine-nahdi-a-carthage-le-public-quitte-le-theatre-au-milieu-du-spectacle\/\"]}]},{\"@type\":\"ImageObject\",\"inLanguage\":\"fr-FR\",\"@id\":\"https:\/\/kapitalis.com\/tunisie\/2022\/07\/30\/lamine-nahdi-a-carthage-le-public-quitte-le-theatre-au-milieu-du-spectacle\/#primaryimage\",\"url\":\"https:\/\/kapitalis.com\/tunisie\/wp-content\/uploads\/2022\/07\/Lamine-Nahdi.jpg\",\"contentUrl\":\"https:\/\/kapitalis.com\/tunisie\/wp-content\/uploads\/2022\/07\/Lamine-Nahdi.jpg\",\"width\":1200,\"height\":630},{\"@type\":\"BreadcrumbList\",\"@id\":\"https:\/\/kapitalis.com\/tunisie\/2022\/07\/30\/lamine-nahdi-a-carthage-le-public-quitte-le-theatre-au-milieu-du-spectacle\/#breadcrumb\",\"itemListElement\":[{\"@type\":\"ListItem\",\"position\":1,\"name\":\"Accueil\",\"item\":\"https:\/\/kapitalis.com\/tunisie\/\"},{\"@type\":\"ListItem\",\"position\":2,\"name\":\"Lamine Nahdi \u00e0 Carthage\u00a0: Le public quitte le th\u00e9\u00e2tre au milieu du spectacle\"}]},{\"@type\":\"WebSite\",\"@id\":\"https:\/\/kapitalis.com\/tunisie\/#website\",\"url\":\"https:\/\/kapitalis.com\/tunisie\/\",\"name\":\"Kapitalis\",\"description\":\"L&#039;actualit\u00e9 en Tunisie et dans le monde\",\"publisher\":{\"@id\":\"https:\/\/kapitalis.com\/tunisie\/#organization\"},\"potentialAction\":[{\"@type\":\"SearchAction\",\"target\":{\"@type\":\"EntryPoint\",\"urlTemplate\":\"https:\/\/kapitalis.com\/tunisie\/?s={search_term_string}\"},\"query-input\":{\"@type\":\"PropertyValueSpecification\",\"valueRequired\":true,\"valueName\":\"search_term_string\"}}],\"inLanguage\":\"fr-FR\"},{\"@type\":\"Organization\",\"@id\":\"https:\/\/kapitalis.com\/tunisie\/#organization\",\"name\":\"Kapitalis\",\"url\":\"https:\/\/kapitalis.com\/tunisie\/\",\"logo\":{\"@type\":\"ImageObject\",\"inLanguage\":\"fr-FR\",\"@id\":\"https:\/\/kapitalis.com\/tunisie\/#\/schema\/logo\/image\/\",\"url\":\"https:\/\/kapitalis.com\/tunisie\/wp-content\/uploads\/2022\/05\/Kapitalis-big-size.png\",\"contentUrl\":\"https:\/\/kapitalis.com\/tunisie\/wp-content\/uploads\/2022\/05\/Kapitalis-big-size.png\",\"width\":5000,\"height\":1500,\"caption\":\"Kapitalis\"},\"image\":{\"@id\":\"https:\/\/kapitalis.com\/tunisie\/#\/schema\/logo\/image\/\"},\"sameAs\":[\"https:\/\/www.facebook.com\/KapitalisInfo\/\",\"https:\/\/x.com\/KapitalisInfo\",\"https:\/\/www.youtube.com\/channel\/UC-yDYrHyfFBWWZaOw3FPg9Q\"]},{\"@type\":\"Person\",\"@id\":\"https:\/\/kapitalis.com\/tunisie\/#\/schema\/person\/73a5ecc1f6ae540c6ed91342eadca948\",\"name\":\"Fawz BenAli\",\"url\":\"https:\/\/kapitalis.com\/tunisie\/author\/fawz\/\"}]}<\/script>\n<!-- \/ Yoast SEO plugin. -->","yoast_head_json":{"title":"Lamine Nahdi \u00e0 Carthage\u00a0: Le public quitte le th\u00e9\u00e2tre au milieu du spectacle - Kapitalis","robots":{"index":"index","follow":"follow","max-snippet":"max-snippet:-1","max-image-preview":"max-image-preview:large","max-video-preview":"max-video-preview:-1"},"canonical":"https:\/\/kapitalis.com\/tunisie\/2022\/07\/30\/lamine-nahdi-a-carthage-le-public-quitte-le-theatre-au-milieu-du-spectacle\/","og_locale":"fr_FR","og_type":"article","og_title":"Lamine Nahdi \u00e0 Carthage\u00a0: Le public quitte le th\u00e9\u00e2tre au milieu du spectacle - Kapitalis","og_description":"Le com\u00e9dien Lamine Nahdi a pr\u00e9sent\u00e9 hier soir son spectacle \u00ab\u00a0Nmout alik\u00a0\u00bb au Festival international de Carthage. Le th\u00e9\u00e2tre romain \u00e9tait au complet, mais le public n\u2019a pas tard\u00e9 \u00e0 d\u00e9serter les gradins, le spectacle n\u2019a clairement pas \u00e9t\u00e9 \u00e0 la hauteur des attentes.","og_url":"https:\/\/kapitalis.com\/tunisie\/2022\/07\/30\/lamine-nahdi-a-carthage-le-public-quitte-le-theatre-au-milieu-du-spectacle\/","og_site_name":"Kapitalis","article_publisher":"https:\/\/www.facebook.com\/KapitalisInfo\/","article_published_time":"2022-07-30T09:14:42+00:00","article_modified_time":"2022-07-30T09:14:44+00:00","og_image":[{"width":1200,"height":630,"url":"https:\/\/kapitalis.com\/tunisie\/wp-content\/uploads\/2022\/07\/Lamine-Nahdi.jpg","type":"image\/jpeg"}],"author":"Fawz BenAli","twitter_card":"summary_large_image","twitter_creator":"@KapitalisInfo","twitter_site":"@KapitalisInfo","twitter_misc":{"\u00c9crit par":"Fawz BenAli","Dur\u00e9e de lecture estim\u00e9e":"2 minutes"},"schema":{"@context":"https:\/\/schema.org","@graph":[{"@type":"Article","@id":"https:\/\/kapitalis.com\/tunisie\/2022\/07\/30\/lamine-nahdi-a-carthage-le-public-quitte-le-theatre-au-milieu-du-spectacle\/#article","isPartOf":{"@id":"https:\/\/kapitalis.com\/tunisie\/2022\/07\/30\/lamine-nahdi-a-carthage-le-public-quitte-le-theatre-au-milieu-du-spectacle\/"},"author":{"name":"Fawz BenAli","@id":"https:\/\/kapitalis.com\/tunisie\/#\/schema\/person\/73a5ecc1f6ae540c6ed91342eadca948"},"headline":"Lamine Nahdi \u00e0 Carthage\u00a0: Le public quitte le th\u00e9\u00e2tre au milieu du spectacle","datePublished":"2022-07-30T09:14:42+00:00","dateModified":"2022-07-30T09:14:44+00:00","mainEntityOfPage":{"@id":"https:\/\/kapitalis.com\/tunisie\/2022\/07\/30\/lamine-nahdi-a-carthage-le-public-quitte-le-theatre-au-milieu-du-spectacle\/"},"wordCount":272,"commentCount":4,"publisher":{"@id":"https:\/\/kapitalis.com\/tunisie\/#organization"},"image":{"@id":"https:\/\/kapitalis.com\/tunisie\/2022\/07\/30\/lamine-nahdi-a-carthage-le-public-quitte-le-theatre-au-milieu-du-spectacle\/#primaryimage"},"thumbnailUrl":"https:\/\/kapitalis.com\/tunisie\/wp-content\/uploads\/2022\/07\/Lamine-Nahdi.jpg","keywords":["Festival international de Carthage","Lamine Nahdi","Moncef Dhouib","spectacle Nmout Alik","Tunisie"],"articleSection":["CULTURE","Tunisie"],"inLanguage":"fr-FR","potentialAction":[{"@type":"CommentAction","name":"Comment","target":["https:\/\/kapitalis.com\/tunisie\/2022\/07\/30\/lamine-nahdi-a-carthage-le-public-quitte-le-theatre-au-milieu-du-spectacle\/#respond"]}]},{"@type":"WebPage","@id":"https:\/\/kapitalis.com\/tunisie\/2022\/07\/30\/lamine-nahdi-a-carthage-le-public-quitte-le-theatre-au-milieu-du-spectacle\/","url":"https:\/\/kapitalis.com\/tunisie\/2022\/07\/30\/lamine-nahdi-a-carthage-le-public-quitte-le-theatre-au-milieu-du-spectacle\/","name":"Lamine Nahdi \u00e0 Carthage\u00a0: Le public quitte le th\u00e9\u00e2tre au milieu du spectacle - Kapitalis","isPartOf":{"@id":"https:\/\/kapitalis.com\/tunisie\/#website"},"primaryImageOfPage":{"@id":"https:\/\/kapitalis.com\/tunisie\/2022\/07\/30\/lamine-nahdi-a-carthage-le-public-quitte-le-theatre-au-milieu-du-spectacle\/#primaryimage"},"image":{"@id":"https:\/\/kapitalis.com\/tunisie\/2022\/07\/30\/lamine-nahdi-a-carthage-le-public-quitte-le-theatre-au-milieu-du-spectacle\/#primaryimage"},"thumbnailUrl":"https:\/\/kapitalis.com\/tunisie\/wp-content\/uploads\/2022\/07\/Lamine-Nahdi.jpg","datePublished":"2022-07-30T09:14:42+00:00","dateModified":"2022-07-30T09:14:44+00:00","breadcrumb":{"@id":"https:\/\/kapitalis.com\/tunisie\/2022\/07\/30\/lamine-nahdi-a-carthage-le-public-quitte-le-theatre-au-milieu-du-spectacle\/#breadcrumb"},"inLanguage":"fr-FR","potentialAction":[{"@type":"ReadAction","target":["https:\/\/kapitalis.com\/tunisie\/2022\/07\/30\/lamine-nahdi-a-carthage-le-public-quitte-le-theatre-au-milieu-du-spectacle\/"]}]},{"@type":"ImageObject","inLanguage":"fr-FR","@id":"https:\/\/kapitalis.com\/tunisie\/2022\/07\/30\/lamine-nahdi-a-carthage-le-public-quitte-le-theatre-au-milieu-du-spectacle\/#primaryimage","url":"https:\/\/kapitalis.com\/tunisie\/wp-content\/uploads\/2022\/07\/Lamine-Nahdi.jpg","contentUrl":"https:\/\/kapitalis.com\/tunisie\/wp-content\/uploads\/2022\/07\/Lamine-Nahdi.jpg","width":1200,"height":630},{"@type":"BreadcrumbList","@id":"https:\/\/kapitalis.com\/tunisie\/2022\/07\/30\/lamine-nahdi-a-carthage-le-public-quitte-le-theatre-au-milieu-du-spectacle\/#breadcrumb","itemListElement":[{"@type":"ListItem","position":1,"name":"Accueil","item":"https:\/\/kapitalis.com\/tunisie\/"},{"@type":"ListItem","position":2,"name":"Lamine Nahdi \u00e0 Carthage\u00a0: Le public quitte le th\u00e9\u00e2tre au milieu du spectacle"}]},{"@type":"WebSite","@id":"https:\/\/kapitalis.com\/tunisie\/#website","url":"https:\/\/kapitalis.com\/tunisie\/","name":"Kapitalis","description":"L&#039;actualit\u00e9 en Tunisie et dans le monde","publisher":{"@id":"https:\/\/kapitalis.com\/tunisie\/#organization"},"potentialAction":[{"@type":"SearchAction","target":{"@type":"EntryPoint","urlTemplate":"https:\/\/kapitalis.com\/tunisie\/?s={search_term_string}"},"query-input":{"@type":"PropertyValueSpecification","valueRequired":true,"valueName":"search_term_string"}}],"inLanguage":"fr-FR"},{"@type":"Organization","@id":"https:\/\/kapitalis.com\/tunisie\/#organization","name":"Kapitalis","url":"https:\/\/kapitalis.com\/tunisie\/","logo":{"@type":"ImageObject","inLanguage":"fr-FR","@id":"https:\/\/kapitalis.com\/tunisie\/#\/schema\/logo\/image\/","url":"https:\/\/kapitalis.com\/tunisie\/wp-content\/uploads\/2022\/05\/Kapitalis-big-size.png","contentUrl":"https:\/\/kapitalis.com\/tunisie\/wp-content\/uploads\/2022\/05\/Kapitalis-big-size.png","width":5000,"height":1500,"caption":"Kapitalis"},"image":{"@id":"https:\/\/kapitalis.com\/tunisie\/#\/schema\/logo\/image\/"},"sameAs":["https:\/\/www.facebook.com\/KapitalisInfo\/","https:\/\/x.com\/KapitalisInfo","https:\/\/www.youtube.com\/channel\/UC-yDYrHyfFBWWZaOw3FPg9Q"]},{"@type":"Person","@id":"https:\/\/kapitalis.com\/tunisie\/#\/schema\/person\/73a5ecc1f6ae540c6ed91342eadca948","name":"Fawz BenAli","url":"https:\/\/kapitalis.com\/tunisie\/author\/fawz\/"}]}},"_links":{"self":[{"href":"https:\/\/kapitalis.com\/tunisie\/wp-json\/wp\/v2\/posts\/2601333","targetHints":{"allow":["GET"]}}],"collection":[{"href":"https:\/\/kapitalis.com\/tunisie\/wp-json\/wp\/v2\/posts"}],"about":[{"href":"https:\/\/kapitalis.com\/tunisie\/wp-json\/wp\/v2\/types\/post"}],"author":[{"embeddable":true,"href":"https:\/\/kapitalis.com\/tunisie\/wp-json\/wp\/v2\/users\/26"}],"replies":[{"embeddable":true,"href":"https:\/\/kapitalis.com\/tunisie\/wp-json\/wp\/v2\/comments?post=2601333"}],"version-history":[{"count":0,"href":"https:\/\/kapitalis.com\/tunisie\/wp-json\/wp\/v2\/posts\/2601333\/revisions"}],"wp:featuredmedia":[{"embeddable":true,"href":"https:\/\/kapitalis.com\/tunisie\/wp-json\/wp\/v2\/media\/2601965"}],"wp:attachment":[{"href":"https:\/\/kapitalis.com\/tunisie\/wp-json\/wp\/v2\/media?parent=2601333"}],"wp:term":[{"taxonomy":"category","embeddable":true,"href":"https:\/\/kapitalis.com\/tunisie\/wp-json\/wp\/v2\/categories?post=2601333"},{"taxonomy":"post_tag","embeddable":true,"href":"https:\/\/kapitalis.com\/tunisie\/wp-json\/wp\/v2\/tags?post=2601333"}],"curies":[{"name":"wp","href":"https:\/\/api.w.org\/{rel}","templated":true}]}}