{"id":260174,"date":"2019-12-01T01:19:07","date_gmt":"2019-12-01T00:19:07","guid":{"rendered":"http:\/\/kapitalis.com\/tunisie\/?p=260174"},"modified":"2019-12-01T08:16:20","modified_gmt":"2019-12-01T07:16:20","slug":"letat-de-sante-de-mourad-trabelsi-est-stable-selon-la-direction-des-prisons","status":"publish","type":"post","link":"https:\/\/kapitalis.com\/tunisie\/2019\/12\/01\/letat-de-sante-de-mourad-trabelsi-est-stable-selon-la-direction-des-prisons\/","title":{"rendered":"\u00abL\u2019\u00e9tat de sant\u00e9 de Mourad Trabelsi est stable\u00bb, selon la direction des prisons"},"content":{"rendered":"\n<figure class=\"wp-block-image size-large\"><img decoding=\"async\" src=\"http:\/\/kapitalis.com\/tunisie\/wp-content\/uploads\/2019\/12\/Mourad-Trabelsi-DGPR.jpg\" alt=\"\" class=\"wp-image-260177\"\/><\/figure>\n\n\n\n<p><strong><em>Le d\u00e9tenu Mourad Trabelsi, gendre du d\u00e9funt pr\u00e9sident Zine El Abidine Ben Ali, a \u00e9t\u00e9 transport\u00e9 \u00e0 l&rsquo;h\u00f4pital mercredi dernier, 27 novembre 2019. \u00abSon \u00e9tat est stable\u00bb, selon la direction g\u00e9n\u00e9rale des prisons et de la r\u00e9\u00e9ducation (DGPR).<\/em><\/strong><\/p>\n\n\n\n<!--more-->\n\n\n\n<p>Le porte-parole de la DGPR, Sofi\u00e8ne Mezghich, cit\u00e9 hier, samedi 30 novembre 2019, par l&rsquo;agence Tap, a pr\u00e9cis\u00e9 que le d\u00e9tenu s&rsquo;est plaint d&rsquo;un malaise, mercredi dernier, et a \u00e9t\u00e9 transport\u00e9 \u00e0 l&rsquo;infirmerie de la prison de la Mornaguia, avant d&rsquo;\u00eatre transf\u00e9r\u00e9 dans un h\u00f4pital de Tunis, o\u00f9 il a re\u00e7u les soins n\u00e9cessaires.<\/p>\n\n\n\n<p>Sofi\u00e8ne Mezghich a affirm\u00e9 qu&rsquo;\u00e0 ce jour, et selon les m\u00e9decins, l&rsquo;\u00e9tat de Mourad Trabelsi est stable et qu&rsquo;il est maintenu sous surveillance m\u00e9dicale.<\/p>\n\n\n\n<p>Cette pr\u00e9cision fait suite \u00e0 l&rsquo;information publi\u00e9e par des m\u00e9dias, vendredi 29 novembre, annon\u00e7ant que le concern\u00e9 est \u00ab<em>entre la vie et la mort<\/em>\u00bb, certains l&rsquo;ont m\u00eame dit en \u00ab<em>mort clinique<\/em>\u00bb.<\/p>\n\n\n\n<p>En r\u00e9action, le d\u00e9put\u00e9 Al Karama Seifeddine Makhlouf avait m\u00eame demand\u00e9 au pr\u00e9sident de la r\u00e9publique Ka\u00efs Sa\u00efed d&rsquo;accorder une gr\u00e2ce pr\u00e9sidentielle \u00e0 Mourad Trabelsi, pour des raisons humanitaires.<\/p>\n\n\n\n<p>Rappelons qu&rsquo;en mars 2018, le minist\u00e8re de la Sant\u00e9 avait annonc\u00e9 l&rsquo;hospitalisation dudit d\u00e9tenu, en pr\u00e9cisant qu&rsquo;il souffre d\u2019un maladie chronique, qui a n\u00e9cessit\u00e9 son admission \u00e0 l&rsquo;h\u00f4pital \u00e0 plusieurs reprises.<\/p>\n\n\n\n<p>On notera que Mourad Trabelsi, arr\u00eat\u00e9 apr\u00e8s la r\u00e9volution de janvier 2011, a \u00e9t\u00e9 condamn\u00e9 \u00e0 plusieurs ann\u00e9es de prison, dans diff\u00e9rentes affaires de corruption. <\/p>\n\n\n\n<p class=\"has-text-align-right\"><strong>Y. N.<\/strong><\/p>\n\n\n\n<figure class=\"wp-block-embed-wordpress wp-block-embed is-type-wp-embed is-provider-kapitalis\"><div class=\"wp-block-embed__wrapper\">\n<blockquote class=\"wp-embedded-content\" data-secret=\"YqGBrxdAZ7\"><a href=\"https:\/\/kapitalis.com\/tunisie\/2019\/11\/30\/seifeddine-makhlouf-demande-la-grace-presidentielle-speciale-pour-mourad-trabelsi\/\">Seifeddine Makhlouf demande la gr\u00e2ce pr\u00e9sidentielle sp\u00e9ciale pour Mourad Trabelsi<\/a><\/blockquote><iframe loading=\"lazy\" class=\"wp-embedded-content\" sandbox=\"allow-scripts\" security=\"restricted\" style=\"position: absolute; clip: rect(1px, 1px, 1px, 1px);\" title=\"\u00ab\u00a0Seifeddine Makhlouf demande la gr\u00e2ce pr\u00e9sidentielle sp\u00e9ciale pour Mourad Trabelsi\u00a0\u00bb &#8212; Kapitalis\" src=\"https:\/\/kapitalis.com\/tunisie\/2019\/11\/30\/seifeddine-makhlouf-demande-la-grace-presidentielle-speciale-pour-mourad-trabelsi\/embed\/#?secret=BYWHKXQUB9#?secret=YqGBrxdAZ7\" data-secret=\"YqGBrxdAZ7\" width=\"600\" height=\"338\" frameborder=\"0\" marginwidth=\"0\" marginheight=\"0\" scrolling=\"no\"><\/iframe>\n<\/div><\/figure>\n","protected":false},"excerpt":{"rendered":"<p>Le d\u00e9tenu Mourad Trabelsi, gendre du d\u00e9funt pr\u00e9sident Zine El Abidine Ben Ali, a \u00e9t\u00e9 transport\u00e9 \u00e0 l&rsquo;h\u00f4pital mercredi dernier, 27 novembre 2019. \u00abSon \u00e9tat est stable\u00bb, selon la direction g\u00e9n\u00e9rale des prisons et de la r\u00e9\u00e9ducation (DGPR).<\/p>\n","protected":false},"author":6,"featured_media":260177,"comment_status":"open","ping_status":"open","sticky":false,"template":"","format":"standard","meta":{"footnotes":""},"categories":[997,998,2433],"tags":[451,1315,69812,1314,810,64491,7334],"class_list":["post-260174","post","type-post","status-publish","format-standard","has-post-thumbnail","hentry","category-politique","category-societe","category-tunisie","tag-hopital","tag-mornaguia","tag-mourad-trabelsi","tag-prison","tag-sante","tag-tunis","tag-zine-el-abidine-ben-ali"],"yoast_head":"<!-- This site is optimized with the Yoast SEO plugin v26.6 - https:\/\/yoast.com\/wordpress\/plugins\/seo\/ -->\n<title>\u00abL\u2019\u00e9tat de sant\u00e9 de Mourad Trabelsi est stable\u00bb, selon la direction des prisons - Kapitalis<\/title>\n<meta name=\"robots\" content=\"index, follow, max-snippet:-1, max-image-preview:large, max-video-preview:-1\" \/>\n<link rel=\"canonical\" href=\"https:\/\/kapitalis.com\/tunisie\/2019\/12\/01\/letat-de-sante-de-mourad-trabelsi-est-stable-selon-la-direction-des-prisons\/\" \/>\n<meta property=\"og:locale\" content=\"fr_FR\" \/>\n<meta property=\"og:type\" content=\"article\" \/>\n<meta property=\"og:title\" content=\"\u00abL\u2019\u00e9tat de sant\u00e9 de Mourad Trabelsi est stable\u00bb, selon la direction des prisons - Kapitalis\" \/>\n<meta property=\"og:description\" content=\"Le d\u00e9tenu Mourad Trabelsi, gendre du d\u00e9funt pr\u00e9sident Zine El Abidine Ben Ali, a \u00e9t\u00e9 transport\u00e9 \u00e0 l&rsquo;h\u00f4pital mercredi dernier, 27 novembre 2019. \u00abSon \u00e9tat est stable\u00bb, selon la direction g\u00e9n\u00e9rale des prisons et de la r\u00e9\u00e9ducation (DGPR).\" \/>\n<meta property=\"og:url\" content=\"https:\/\/kapitalis.com\/tunisie\/2019\/12\/01\/letat-de-sante-de-mourad-trabelsi-est-stable-selon-la-direction-des-prisons\/\" \/>\n<meta property=\"og:site_name\" content=\"Kapitalis\" \/>\n<meta property=\"article:publisher\" content=\"https:\/\/www.facebook.com\/KapitalisInfo\/\" \/>\n<meta property=\"article:published_time\" content=\"2019-12-01T00:19:07+00:00\" \/>\n<meta property=\"article:modified_time\" content=\"2019-12-01T07:16:20+00:00\" \/>\n<meta property=\"og:image\" content=\"https:\/\/kapitalis.com\/tunisie\/wp-content\/uploads\/2022\/05\/kapitalis-logo-fb.png\" \/>\n\t<meta property=\"og:image:width\" content=\"1200\" \/>\n\t<meta property=\"og:image:height\" content=\"630\" \/>\n\t<meta property=\"og:image:type\" content=\"image\/png\" \/>\n<meta name=\"author\" content=\"Yusra NY\" \/>\n<meta name=\"twitter:card\" content=\"summary_large_image\" \/>\n<meta name=\"twitter:creator\" content=\"@KapitalisInfo\" \/>\n<meta name=\"twitter:site\" content=\"@KapitalisInfo\" \/>\n<meta name=\"twitter:label1\" content=\"\u00c9crit par\" \/>\n\t<meta name=\"twitter:data1\" content=\"Yusra NY\" \/>\n\t<meta name=\"twitter:label2\" content=\"Dur\u00e9e de lecture estim\u00e9e\" \/>\n\t<meta name=\"twitter:data2\" content=\"1 minute\" \/>\n<script type=\"application\/ld+json\" class=\"yoast-schema-graph\">{\"@context\":\"https:\/\/schema.org\",\"@graph\":[{\"@type\":\"Article\",\"@id\":\"https:\/\/kapitalis.com\/tunisie\/2019\/12\/01\/letat-de-sante-de-mourad-trabelsi-est-stable-selon-la-direction-des-prisons\/#article\",\"isPartOf\":{\"@id\":\"https:\/\/kapitalis.com\/tunisie\/2019\/12\/01\/letat-de-sante-de-mourad-trabelsi-est-stable-selon-la-direction-des-prisons\/\"},\"author\":{\"name\":\"Yusra NY\",\"@id\":\"https:\/\/kapitalis.com\/tunisie\/#\/schema\/person\/74bbde0154d49d790a92aaeac5bc01d5\"},\"headline\":\"\u00abL\u2019\u00e9tat de sant\u00e9 de Mourad Trabelsi est stable\u00bb, selon la direction des prisons\",\"datePublished\":\"2019-12-01T00:19:07+00:00\",\"dateModified\":\"2019-12-01T07:16:20+00:00\",\"mainEntityOfPage\":{\"@id\":\"https:\/\/kapitalis.com\/tunisie\/2019\/12\/01\/letat-de-sante-de-mourad-trabelsi-est-stable-selon-la-direction-des-prisons\/\"},\"wordCount\":283,\"commentCount\":2,\"publisher\":{\"@id\":\"https:\/\/kapitalis.com\/tunisie\/#organization\"},\"image\":{\"@id\":\"https:\/\/kapitalis.com\/tunisie\/2019\/12\/01\/letat-de-sante-de-mourad-trabelsi-est-stable-selon-la-direction-des-prisons\/#primaryimage\"},\"thumbnailUrl\":\"\",\"keywords\":[\"h\u00f4pital\",\"Mornaguia\",\"Mourad Trabelsi\",\"prison\",\"Sant\u00e9\",\"Tunis\",\"Zine El Abidine Ben Ali\"],\"articleSection\":[\"POLITIQUE\",\"SOCIETE\",\"Tunisie\"],\"inLanguage\":\"fr-FR\",\"potentialAction\":[{\"@type\":\"CommentAction\",\"name\":\"Comment\",\"target\":[\"https:\/\/kapitalis.com\/tunisie\/2019\/12\/01\/letat-de-sante-de-mourad-trabelsi-est-stable-selon-la-direction-des-prisons\/#respond\"]}]},{\"@type\":\"WebPage\",\"@id\":\"https:\/\/kapitalis.com\/tunisie\/2019\/12\/01\/letat-de-sante-de-mourad-trabelsi-est-stable-selon-la-direction-des-prisons\/\",\"url\":\"https:\/\/kapitalis.com\/tunisie\/2019\/12\/01\/letat-de-sante-de-mourad-trabelsi-est-stable-selon-la-direction-des-prisons\/\",\"name\":\"\u00abL\u2019\u00e9tat de sant\u00e9 de Mourad Trabelsi est stable\u00bb, selon la direction des prisons - Kapitalis\",\"isPartOf\":{\"@id\":\"https:\/\/kapitalis.com\/tunisie\/#website\"},\"primaryImageOfPage\":{\"@id\":\"https:\/\/kapitalis.com\/tunisie\/2019\/12\/01\/letat-de-sante-de-mourad-trabelsi-est-stable-selon-la-direction-des-prisons\/#primaryimage\"},\"image\":{\"@id\":\"https:\/\/kapitalis.com\/tunisie\/2019\/12\/01\/letat-de-sante-de-mourad-trabelsi-est-stable-selon-la-direction-des-prisons\/#primaryimage\"},\"thumbnailUrl\":\"\",\"datePublished\":\"2019-12-01T00:19:07+00:00\",\"dateModified\":\"2019-12-01T07:16:20+00:00\",\"breadcrumb\":{\"@id\":\"https:\/\/kapitalis.com\/tunisie\/2019\/12\/01\/letat-de-sante-de-mourad-trabelsi-est-stable-selon-la-direction-des-prisons\/#breadcrumb\"},\"inLanguage\":\"fr-FR\",\"potentialAction\":[{\"@type\":\"ReadAction\",\"target\":[\"https:\/\/kapitalis.com\/tunisie\/2019\/12\/01\/letat-de-sante-de-mourad-trabelsi-est-stable-selon-la-direction-des-prisons\/\"]}]},{\"@type\":\"ImageObject\",\"inLanguage\":\"fr-FR\",\"@id\":\"https:\/\/kapitalis.com\/tunisie\/2019\/12\/01\/letat-de-sante-de-mourad-trabelsi-est-stable-selon-la-direction-des-prisons\/#primaryimage\",\"url\":\"\",\"contentUrl\":\"\"},{\"@type\":\"BreadcrumbList\",\"@id\":\"https:\/\/kapitalis.com\/tunisie\/2019\/12\/01\/letat-de-sante-de-mourad-trabelsi-est-stable-selon-la-direction-des-prisons\/#breadcrumb\",\"itemListElement\":[{\"@type\":\"ListItem\",\"position\":1,\"name\":\"Accueil\",\"item\":\"https:\/\/kapitalis.com\/tunisie\/\"},{\"@type\":\"ListItem\",\"position\":2,\"name\":\"\u00abL\u2019\u00e9tat de sant\u00e9 de Mourad Trabelsi est stable\u00bb, selon la direction des prisons\"}]},{\"@type\":\"WebSite\",\"@id\":\"https:\/\/kapitalis.com\/tunisie\/#website\",\"url\":\"https:\/\/kapitalis.com\/tunisie\/\",\"name\":\"Kapitalis\",\"description\":\"L&#039;actualit\u00e9 en Tunisie et dans le monde\",\"publisher\":{\"@id\":\"https:\/\/kapitalis.com\/tunisie\/#organization\"},\"potentialAction\":[{\"@type\":\"SearchAction\",\"target\":{\"@type\":\"EntryPoint\",\"urlTemplate\":\"https:\/\/kapitalis.com\/tunisie\/?s={search_term_string}\"},\"query-input\":{\"@type\":\"PropertyValueSpecification\",\"valueRequired\":true,\"valueName\":\"search_term_string\"}}],\"inLanguage\":\"fr-FR\"},{\"@type\":\"Organization\",\"@id\":\"https:\/\/kapitalis.com\/tunisie\/#organization\",\"name\":\"Kapitalis\",\"url\":\"https:\/\/kapitalis.com\/tunisie\/\",\"logo\":{\"@type\":\"ImageObject\",\"inLanguage\":\"fr-FR\",\"@id\":\"https:\/\/kapitalis.com\/tunisie\/#\/schema\/logo\/image\/\",\"url\":\"https:\/\/kapitalis.com\/tunisie\/wp-content\/uploads\/2022\/05\/Kapitalis-big-size.png\",\"contentUrl\":\"https:\/\/kapitalis.com\/tunisie\/wp-content\/uploads\/2022\/05\/Kapitalis-big-size.png\",\"width\":5000,\"height\":1500,\"caption\":\"Kapitalis\"},\"image\":{\"@id\":\"https:\/\/kapitalis.com\/tunisie\/#\/schema\/logo\/image\/\"},\"sameAs\":[\"https:\/\/www.facebook.com\/KapitalisInfo\/\",\"https:\/\/x.com\/KapitalisInfo\",\"https:\/\/www.youtube.com\/channel\/UC-yDYrHyfFBWWZaOw3FPg9Q\"]},{\"@type\":\"Person\",\"@id\":\"https:\/\/kapitalis.com\/tunisie\/#\/schema\/person\/74bbde0154d49d790a92aaeac5bc01d5\",\"name\":\"Yusra NY\",\"url\":\"https:\/\/kapitalis.com\/tunisie\/author\/yuza_adam\/\"}]}<\/script>\n<!-- \/ Yoast SEO plugin. -->","yoast_head_json":{"title":"\u00abL\u2019\u00e9tat de sant\u00e9 de Mourad Trabelsi est stable\u00bb, selon la direction des prisons - Kapitalis","robots":{"index":"index","follow":"follow","max-snippet":"max-snippet:-1","max-image-preview":"max-image-preview:large","max-video-preview":"max-video-preview:-1"},"canonical":"https:\/\/kapitalis.com\/tunisie\/2019\/12\/01\/letat-de-sante-de-mourad-trabelsi-est-stable-selon-la-direction-des-prisons\/","og_locale":"fr_FR","og_type":"article","og_title":"\u00abL\u2019\u00e9tat de sant\u00e9 de Mourad Trabelsi est stable\u00bb, selon la direction des prisons - Kapitalis","og_description":"Le d\u00e9tenu Mourad Trabelsi, gendre du d\u00e9funt pr\u00e9sident Zine El Abidine Ben Ali, a \u00e9t\u00e9 transport\u00e9 \u00e0 l&rsquo;h\u00f4pital mercredi dernier, 27 novembre 2019. \u00abSon \u00e9tat est stable\u00bb, selon la direction g\u00e9n\u00e9rale des prisons et de la r\u00e9\u00e9ducation (DGPR).","og_url":"https:\/\/kapitalis.com\/tunisie\/2019\/12\/01\/letat-de-sante-de-mourad-trabelsi-est-stable-selon-la-direction-des-prisons\/","og_site_name":"Kapitalis","article_publisher":"https:\/\/www.facebook.com\/KapitalisInfo\/","article_published_time":"2019-12-01T00:19:07+00:00","article_modified_time":"2019-12-01T07:16:20+00:00","og_image":[{"width":1200,"height":630,"url":"https:\/\/kapitalis.com\/tunisie\/wp-content\/uploads\/2022\/05\/kapitalis-logo-fb.png","type":"image\/png"}],"author":"Yusra NY","twitter_card":"summary_large_image","twitter_creator":"@KapitalisInfo","twitter_site":"@KapitalisInfo","twitter_misc":{"\u00c9crit par":"Yusra NY","Dur\u00e9e de lecture estim\u00e9e":"1 minute"},"schema":{"@context":"https:\/\/schema.org","@graph":[{"@type":"Article","@id":"https:\/\/kapitalis.com\/tunisie\/2019\/12\/01\/letat-de-sante-de-mourad-trabelsi-est-stable-selon-la-direction-des-prisons\/#article","isPartOf":{"@id":"https:\/\/kapitalis.com\/tunisie\/2019\/12\/01\/letat-de-sante-de-mourad-trabelsi-est-stable-selon-la-direction-des-prisons\/"},"author":{"name":"Yusra NY","@id":"https:\/\/kapitalis.com\/tunisie\/#\/schema\/person\/74bbde0154d49d790a92aaeac5bc01d5"},"headline":"\u00abL\u2019\u00e9tat de sant\u00e9 de Mourad Trabelsi est stable\u00bb, selon la direction des prisons","datePublished":"2019-12-01T00:19:07+00:00","dateModified":"2019-12-01T07:16:20+00:00","mainEntityOfPage":{"@id":"https:\/\/kapitalis.com\/tunisie\/2019\/12\/01\/letat-de-sante-de-mourad-trabelsi-est-stable-selon-la-direction-des-prisons\/"},"wordCount":283,"commentCount":2,"publisher":{"@id":"https:\/\/kapitalis.com\/tunisie\/#organization"},"image":{"@id":"https:\/\/kapitalis.com\/tunisie\/2019\/12\/01\/letat-de-sante-de-mourad-trabelsi-est-stable-selon-la-direction-des-prisons\/#primaryimage"},"thumbnailUrl":"","keywords":["h\u00f4pital","Mornaguia","Mourad Trabelsi","prison","Sant\u00e9","Tunis","Zine El Abidine Ben Ali"],"articleSection":["POLITIQUE","SOCIETE","Tunisie"],"inLanguage":"fr-FR","potentialAction":[{"@type":"CommentAction","name":"Comment","target":["https:\/\/kapitalis.com\/tunisie\/2019\/12\/01\/letat-de-sante-de-mourad-trabelsi-est-stable-selon-la-direction-des-prisons\/#respond"]}]},{"@type":"WebPage","@id":"https:\/\/kapitalis.com\/tunisie\/2019\/12\/01\/letat-de-sante-de-mourad-trabelsi-est-stable-selon-la-direction-des-prisons\/","url":"https:\/\/kapitalis.com\/tunisie\/2019\/12\/01\/letat-de-sante-de-mourad-trabelsi-est-stable-selon-la-direction-des-prisons\/","name":"\u00abL\u2019\u00e9tat de sant\u00e9 de Mourad Trabelsi est stable\u00bb, selon la direction des prisons - Kapitalis","isPartOf":{"@id":"https:\/\/kapitalis.com\/tunisie\/#website"},"primaryImageOfPage":{"@id":"https:\/\/kapitalis.com\/tunisie\/2019\/12\/01\/letat-de-sante-de-mourad-trabelsi-est-stable-selon-la-direction-des-prisons\/#primaryimage"},"image":{"@id":"https:\/\/kapitalis.com\/tunisie\/2019\/12\/01\/letat-de-sante-de-mourad-trabelsi-est-stable-selon-la-direction-des-prisons\/#primaryimage"},"thumbnailUrl":"","datePublished":"2019-12-01T00:19:07+00:00","dateModified":"2019-12-01T07:16:20+00:00","breadcrumb":{"@id":"https:\/\/kapitalis.com\/tunisie\/2019\/12\/01\/letat-de-sante-de-mourad-trabelsi-est-stable-selon-la-direction-des-prisons\/#breadcrumb"},"inLanguage":"fr-FR","potentialAction":[{"@type":"ReadAction","target":["https:\/\/kapitalis.com\/tunisie\/2019\/12\/01\/letat-de-sante-de-mourad-trabelsi-est-stable-selon-la-direction-des-prisons\/"]}]},{"@type":"ImageObject","inLanguage":"fr-FR","@id":"https:\/\/kapitalis.com\/tunisie\/2019\/12\/01\/letat-de-sante-de-mourad-trabelsi-est-stable-selon-la-direction-des-prisons\/#primaryimage","url":"","contentUrl":""},{"@type":"BreadcrumbList","@id":"https:\/\/kapitalis.com\/tunisie\/2019\/12\/01\/letat-de-sante-de-mourad-trabelsi-est-stable-selon-la-direction-des-prisons\/#breadcrumb","itemListElement":[{"@type":"ListItem","position":1,"name":"Accueil","item":"https:\/\/kapitalis.com\/tunisie\/"},{"@type":"ListItem","position":2,"name":"\u00abL\u2019\u00e9tat de sant\u00e9 de Mourad Trabelsi est stable\u00bb, selon la direction des prisons"}]},{"@type":"WebSite","@id":"https:\/\/kapitalis.com\/tunisie\/#website","url":"https:\/\/kapitalis.com\/tunisie\/","name":"Kapitalis","description":"L&#039;actualit\u00e9 en Tunisie et dans le monde","publisher":{"@id":"https:\/\/kapitalis.com\/tunisie\/#organization"},"potentialAction":[{"@type":"SearchAction","target":{"@type":"EntryPoint","urlTemplate":"https:\/\/kapitalis.com\/tunisie\/?s={search_term_string}"},"query-input":{"@type":"PropertyValueSpecification","valueRequired":true,"valueName":"search_term_string"}}],"inLanguage":"fr-FR"},{"@type":"Organization","@id":"https:\/\/kapitalis.com\/tunisie\/#organization","name":"Kapitalis","url":"https:\/\/kapitalis.com\/tunisie\/","logo":{"@type":"ImageObject","inLanguage":"fr-FR","@id":"https:\/\/kapitalis.com\/tunisie\/#\/schema\/logo\/image\/","url":"https:\/\/kapitalis.com\/tunisie\/wp-content\/uploads\/2022\/05\/Kapitalis-big-size.png","contentUrl":"https:\/\/kapitalis.com\/tunisie\/wp-content\/uploads\/2022\/05\/Kapitalis-big-size.png","width":5000,"height":1500,"caption":"Kapitalis"},"image":{"@id":"https:\/\/kapitalis.com\/tunisie\/#\/schema\/logo\/image\/"},"sameAs":["https:\/\/www.facebook.com\/KapitalisInfo\/","https:\/\/x.com\/KapitalisInfo","https:\/\/www.youtube.com\/channel\/UC-yDYrHyfFBWWZaOw3FPg9Q"]},{"@type":"Person","@id":"https:\/\/kapitalis.com\/tunisie\/#\/schema\/person\/74bbde0154d49d790a92aaeac5bc01d5","name":"Yusra NY","url":"https:\/\/kapitalis.com\/tunisie\/author\/yuza_adam\/"}]}},"_links":{"self":[{"href":"https:\/\/kapitalis.com\/tunisie\/wp-json\/wp\/v2\/posts\/260174","targetHints":{"allow":["GET"]}}],"collection":[{"href":"https:\/\/kapitalis.com\/tunisie\/wp-json\/wp\/v2\/posts"}],"about":[{"href":"https:\/\/kapitalis.com\/tunisie\/wp-json\/wp\/v2\/types\/post"}],"author":[{"embeddable":true,"href":"https:\/\/kapitalis.com\/tunisie\/wp-json\/wp\/v2\/users\/6"}],"replies":[{"embeddable":true,"href":"https:\/\/kapitalis.com\/tunisie\/wp-json\/wp\/v2\/comments?post=260174"}],"version-history":[{"count":0,"href":"https:\/\/kapitalis.com\/tunisie\/wp-json\/wp\/v2\/posts\/260174\/revisions"}],"wp:featuredmedia":[{"embeddable":true,"href":"https:\/\/kapitalis.com\/tunisie\/wp-json\/wp\/v2\/media\/260177"}],"wp:attachment":[{"href":"https:\/\/kapitalis.com\/tunisie\/wp-json\/wp\/v2\/media?parent=260174"}],"wp:term":[{"taxonomy":"category","embeddable":true,"href":"https:\/\/kapitalis.com\/tunisie\/wp-json\/wp\/v2\/categories?post=260174"},{"taxonomy":"post_tag","embeddable":true,"href":"https:\/\/kapitalis.com\/tunisie\/wp-json\/wp\/v2\/tags?post=260174"}],"curies":[{"name":"wp","href":"https:\/\/api.w.org\/{rel}","templated":true}]}}