{"id":260220,"date":"2019-12-01T12:05:00","date_gmt":"2019-12-01T11:05:00","guid":{"rendered":"http:\/\/kapitalis.com\/tunisie\/?p=260220"},"modified":"2019-12-01T12:05:02","modified_gmt":"2019-12-01T11:05:02","slug":"rencontre-au-credif-violences-faites-aux-femmes-et-espace-numerique","status":"publish","type":"post","link":"https:\/\/kapitalis.com\/tunisie\/2019\/12\/01\/rencontre-au-credif-violences-faites-aux-femmes-et-espace-numerique\/","title":{"rendered":"Rencontre au Credif : Violences faites aux femmes et  espace num\u00e9rique"},"content":{"rendered":"\n<figure class=\"wp-block-image size-large\"><img decoding=\"async\" src=\"http:\/\/kapitalis.com\/tunisie\/wp-content\/uploads\/2019\/12\/Violences-faites-aux-femmes-Credif.jpg\" alt=\"\" class=\"wp-image-260221\"\/><\/figure>\n\n\n\n<p><strong><em> Le Centre de recherches, d\u2019\u00e9tudes, de documentation et d\u2019information sur la femme (Credif), organise une rencontre sur le th\u00e8me : \u00abViolences faites aux femmes et  espace num\u00e9rique\u00bb, et ce, demain, lundi 2 d\u00e9cembre 2019, \u00e0 partir de 9h00 \u00e0 son si\u00e8ge, \u00e0 l-Manar 2, \u00e0 Tunis.<\/em><\/strong><\/p>\n\n\n\n<!--more-->\n\n\n\n<p> Le Credif pr\u00e9sentera, lors de cette rencontre organis\u00e9e dans le cadre des <em>\u00ab16 jours d\u2019activisme pour mettre fin aux violences faites aux femmes\u00bb<\/em>, les r\u00e9sultats pr\u00e9liminaires de l\u2019\u00e9tude intitul\u00e9e : <em>\u00abLes violences faites aux femmes dans l\u2019espace num\u00e9rique \u00e0 travers Facebook\u00bb<\/em>, les output de la campagne digitale <em>\u00abMayerkebch\u00bb<\/em> organis\u00e9e en partenariat avec le Fonds des Nations-Unies pour la population (UNFPA), une intervention de l\u2019association Voix des Femmes sur la campagne digitale <em>\u00ab<a href=\"http:\/\/kapitalis.com\/tunisie\/2019\/11\/28\/enazeda-aswat-nissa-mobilise-les-acteurs-contre-les-violences-sexuelles-video\/\" target=\"_blank\" rel=\"noreferrer noopener\" aria-label=\"Ena Zeda (s\u2019ouvre dans un nouvel onglet)\">Ena Zeda<\/a>\u00bb<\/em>, ainsi qu\u2019une intervention de l\u2019Association des femmes tunisiennes pour la recherche et le d\u00e9veloppement  (Afturd) autour du <em>\u00abr\u00f4le de la soci\u00e9t\u00e9 civile pour mettre fin aux violences faites aux femmes\u00bb.<\/em><\/p>\n\n\n\n<p class=\"has-text-align-right\"><strong>I. B.<\/strong><\/p>\n\n\n\n<figure class=\"wp-block-embed-wordpress wp-block-embed is-type-wp-embed is-provider-kapitalis\"><div class=\"wp-block-embed__wrapper\">\n<blockquote class=\"wp-embedded-content\" data-secret=\"2RZomZhw32\"><a href=\"https:\/\/kapitalis.com\/tunisie\/2019\/11\/30\/tunis-marche-nationale-contre-les-violences-faites-aux-femmes-video\/\">Tunis : Marche nationale contre les violences faites aux femmes (Vid\u00e9o)<\/a><\/blockquote><iframe loading=\"lazy\" class=\"wp-embedded-content\" sandbox=\"allow-scripts\" security=\"restricted\" style=\"position: absolute; clip: rect(1px, 1px, 1px, 1px);\" title=\"\u00ab\u00a0Tunis : Marche nationale contre les violences faites aux femmes (Vid\u00e9o)\u00a0\u00bb &#8212; Kapitalis\" src=\"https:\/\/kapitalis.com\/tunisie\/2019\/11\/30\/tunis-marche-nationale-contre-les-violences-faites-aux-femmes-video\/embed\/#?secret=uCKtwdU8fG#?secret=2RZomZhw32\" data-secret=\"2RZomZhw32\" width=\"600\" height=\"338\" frameborder=\"0\" marginwidth=\"0\" marginheight=\"0\" scrolling=\"no\"><\/iframe>\n<\/div><\/figure>\n\n\n\n<figure class=\"wp-block-embed-wordpress wp-block-embed is-type-wp-embed is-provider-kapitalis\"><div class=\"wp-block-embed__wrapper\">\n<blockquote class=\"wp-embedded-content\" data-secret=\"t9zzIvycHQ\"><a href=\"https:\/\/kapitalis.com\/tunisie\/2019\/11\/29\/une-marche-nationale-a-tunis-contre-les-violences-a-lencontre-des-femmes\/\">Une marche nationale \u00e0 Tunis contre les violences \u00e0 l\u2019encontre des femmes<\/a><\/blockquote><iframe loading=\"lazy\" class=\"wp-embedded-content\" sandbox=\"allow-scripts\" security=\"restricted\" style=\"position: absolute; clip: rect(1px, 1px, 1px, 1px);\" title=\"\u00ab\u00a0Une marche nationale \u00e0 Tunis contre les violences \u00e0 l\u2019encontre des femmes\u00a0\u00bb &#8212; Kapitalis\" src=\"https:\/\/kapitalis.com\/tunisie\/2019\/11\/29\/une-marche-nationale-a-tunis-contre-les-violences-a-lencontre-des-femmes\/embed\/#?secret=r8Tl74wmfg#?secret=t9zzIvycHQ\" data-secret=\"t9zzIvycHQ\" width=\"600\" height=\"338\" frameborder=\"0\" marginwidth=\"0\" marginheight=\"0\" scrolling=\"no\"><\/iframe>\n<\/div><\/figure>\n","protected":false},"excerpt":{"rendered":"<p>Le Centre de recherches, d\u2019\u00e9tudes, de documentation et d\u2019information sur la femme (Credif), organise une rencontre sur le th\u00e8me : \u00abViolences faites aux femmes et espace num\u00e9rique\u00bb, et ce, demain, lundi 2 d\u00e9cembre 2019, \u00e0 partir de 9h00 \u00e0 son si\u00e8ge, \u00e0 l-Manar 2, \u00e0 Tunis.<\/p>\n","protected":false},"author":8,"featured_media":260221,"comment_status":"open","ping_status":"open","sticky":false,"template":"","format":"standard","meta":{"footnotes":""},"categories":[998,2433],"tags":[69872,10945,69874,30962,69873],"class_list":["post-260220","post","type-post","status-publish","format-standard","has-post-thumbnail","hentry","category-societe","category-tunisie","tag-afturd","tag-credif","tag-ena-zeda","tag-unfpa","tag-violences-faites-aux-femmes"],"yoast_head":"<!-- This site is optimized with the Yoast SEO plugin v26.6 - https:\/\/yoast.com\/wordpress\/plugins\/seo\/ -->\n<title>Rencontre au Credif : Violences faites aux femmes et espace num\u00e9rique - Kapitalis<\/title>\n<meta name=\"robots\" content=\"index, follow, max-snippet:-1, max-image-preview:large, max-video-preview:-1\" \/>\n<link rel=\"canonical\" href=\"https:\/\/kapitalis.com\/tunisie\/2019\/12\/01\/rencontre-au-credif-violences-faites-aux-femmes-et-espace-numerique\/\" \/>\n<meta property=\"og:locale\" content=\"fr_FR\" \/>\n<meta property=\"og:type\" content=\"article\" \/>\n<meta property=\"og:title\" content=\"Rencontre au Credif : Violences faites aux femmes et espace num\u00e9rique - Kapitalis\" \/>\n<meta property=\"og:description\" content=\"Le Centre de recherches, d\u2019\u00e9tudes, de documentation et d\u2019information sur la femme (Credif), organise une rencontre sur le th\u00e8me : \u00abViolences faites aux femmes et espace num\u00e9rique\u00bb, et ce, demain, lundi 2 d\u00e9cembre 2019, \u00e0 partir de 9h00 \u00e0 son si\u00e8ge, \u00e0 l-Manar 2, \u00e0 Tunis.\" \/>\n<meta property=\"og:url\" content=\"https:\/\/kapitalis.com\/tunisie\/2019\/12\/01\/rencontre-au-credif-violences-faites-aux-femmes-et-espace-numerique\/\" \/>\n<meta property=\"og:site_name\" content=\"Kapitalis\" \/>\n<meta property=\"article:publisher\" content=\"https:\/\/www.facebook.com\/KapitalisInfo\/\" \/>\n<meta property=\"article:published_time\" content=\"2019-12-01T11:05:00+00:00\" \/>\n<meta property=\"article:modified_time\" content=\"2019-12-01T11:05:02+00:00\" \/>\n<meta property=\"og:image\" content=\"https:\/\/kapitalis.com\/tunisie\/wp-content\/uploads\/2022\/05\/kapitalis-logo-fb.png\" \/>\n\t<meta property=\"og:image:width\" content=\"1200\" \/>\n\t<meta property=\"og:image:height\" content=\"630\" \/>\n\t<meta property=\"og:image:type\" content=\"image\/png\" \/>\n<meta name=\"author\" content=\"webmaster kapitalis\" \/>\n<meta name=\"twitter:card\" content=\"summary_large_image\" \/>\n<meta name=\"twitter:creator\" content=\"@KapitalisInfo\" \/>\n<meta name=\"twitter:site\" content=\"@KapitalisInfo\" \/>\n<meta name=\"twitter:label1\" content=\"\u00c9crit par\" \/>\n\t<meta name=\"twitter:data1\" content=\"webmaster kapitalis\" \/>\n\t<meta name=\"twitter:label2\" content=\"Dur\u00e9e de lecture estim\u00e9e\" \/>\n\t<meta name=\"twitter:data2\" content=\"1 minute\" \/>\n<script type=\"application\/ld+json\" class=\"yoast-schema-graph\">{\"@context\":\"https:\/\/schema.org\",\"@graph\":[{\"@type\":\"Article\",\"@id\":\"https:\/\/kapitalis.com\/tunisie\/2019\/12\/01\/rencontre-au-credif-violences-faites-aux-femmes-et-espace-numerique\/#article\",\"isPartOf\":{\"@id\":\"https:\/\/kapitalis.com\/tunisie\/2019\/12\/01\/rencontre-au-credif-violences-faites-aux-femmes-et-espace-numerique\/\"},\"author\":{\"name\":\"webmaster kapitalis\",\"@id\":\"https:\/\/kapitalis.com\/tunisie\/#\/schema\/person\/d71f33a9ca44f7bad4698210b480c8e9\"},\"headline\":\"Rencontre au Credif : Violences faites aux femmes et espace num\u00e9rique\",\"datePublished\":\"2019-12-01T11:05:00+00:00\",\"dateModified\":\"2019-12-01T11:05:02+00:00\",\"mainEntityOfPage\":{\"@id\":\"https:\/\/kapitalis.com\/tunisie\/2019\/12\/01\/rencontre-au-credif-violences-faites-aux-femmes-et-espace-numerique\/\"},\"wordCount\":183,\"commentCount\":0,\"publisher\":{\"@id\":\"https:\/\/kapitalis.com\/tunisie\/#organization\"},\"image\":{\"@id\":\"https:\/\/kapitalis.com\/tunisie\/2019\/12\/01\/rencontre-au-credif-violences-faites-aux-femmes-et-espace-numerique\/#primaryimage\"},\"thumbnailUrl\":\"\",\"keywords\":[\"Afturd\",\"Credif\",\"Ena Zeda\",\"UNFPA\",\"violences faites aux femmes\"],\"articleSection\":[\"SOCIETE\",\"Tunisie\"],\"inLanguage\":\"fr-FR\",\"potentialAction\":[{\"@type\":\"CommentAction\",\"name\":\"Comment\",\"target\":[\"https:\/\/kapitalis.com\/tunisie\/2019\/12\/01\/rencontre-au-credif-violences-faites-aux-femmes-et-espace-numerique\/#respond\"]}]},{\"@type\":\"WebPage\",\"@id\":\"https:\/\/kapitalis.com\/tunisie\/2019\/12\/01\/rencontre-au-credif-violences-faites-aux-femmes-et-espace-numerique\/\",\"url\":\"https:\/\/kapitalis.com\/tunisie\/2019\/12\/01\/rencontre-au-credif-violences-faites-aux-femmes-et-espace-numerique\/\",\"name\":\"Rencontre au Credif : Violences faites aux femmes et espace num\u00e9rique - Kapitalis\",\"isPartOf\":{\"@id\":\"https:\/\/kapitalis.com\/tunisie\/#website\"},\"primaryImageOfPage\":{\"@id\":\"https:\/\/kapitalis.com\/tunisie\/2019\/12\/01\/rencontre-au-credif-violences-faites-aux-femmes-et-espace-numerique\/#primaryimage\"},\"image\":{\"@id\":\"https:\/\/kapitalis.com\/tunisie\/2019\/12\/01\/rencontre-au-credif-violences-faites-aux-femmes-et-espace-numerique\/#primaryimage\"},\"thumbnailUrl\":\"\",\"datePublished\":\"2019-12-01T11:05:00+00:00\",\"dateModified\":\"2019-12-01T11:05:02+00:00\",\"breadcrumb\":{\"@id\":\"https:\/\/kapitalis.com\/tunisie\/2019\/12\/01\/rencontre-au-credif-violences-faites-aux-femmes-et-espace-numerique\/#breadcrumb\"},\"inLanguage\":\"fr-FR\",\"potentialAction\":[{\"@type\":\"ReadAction\",\"target\":[\"https:\/\/kapitalis.com\/tunisie\/2019\/12\/01\/rencontre-au-credif-violences-faites-aux-femmes-et-espace-numerique\/\"]}]},{\"@type\":\"ImageObject\",\"inLanguage\":\"fr-FR\",\"@id\":\"https:\/\/kapitalis.com\/tunisie\/2019\/12\/01\/rencontre-au-credif-violences-faites-aux-femmes-et-espace-numerique\/#primaryimage\",\"url\":\"\",\"contentUrl\":\"\"},{\"@type\":\"BreadcrumbList\",\"@id\":\"https:\/\/kapitalis.com\/tunisie\/2019\/12\/01\/rencontre-au-credif-violences-faites-aux-femmes-et-espace-numerique\/#breadcrumb\",\"itemListElement\":[{\"@type\":\"ListItem\",\"position\":1,\"name\":\"Accueil\",\"item\":\"https:\/\/kapitalis.com\/tunisie\/\"},{\"@type\":\"ListItem\",\"position\":2,\"name\":\"Rencontre au Credif : Violences faites aux femmes et espace num\u00e9rique\"}]},{\"@type\":\"WebSite\",\"@id\":\"https:\/\/kapitalis.com\/tunisie\/#website\",\"url\":\"https:\/\/kapitalis.com\/tunisie\/\",\"name\":\"Kapitalis\",\"description\":\"L&#039;actualit\u00e9 en Tunisie et dans le monde\",\"publisher\":{\"@id\":\"https:\/\/kapitalis.com\/tunisie\/#organization\"},\"potentialAction\":[{\"@type\":\"SearchAction\",\"target\":{\"@type\":\"EntryPoint\",\"urlTemplate\":\"https:\/\/kapitalis.com\/tunisie\/?s={search_term_string}\"},\"query-input\":{\"@type\":\"PropertyValueSpecification\",\"valueRequired\":true,\"valueName\":\"search_term_string\"}}],\"inLanguage\":\"fr-FR\"},{\"@type\":\"Organization\",\"@id\":\"https:\/\/kapitalis.com\/tunisie\/#organization\",\"name\":\"Kapitalis\",\"url\":\"https:\/\/kapitalis.com\/tunisie\/\",\"logo\":{\"@type\":\"ImageObject\",\"inLanguage\":\"fr-FR\",\"@id\":\"https:\/\/kapitalis.com\/tunisie\/#\/schema\/logo\/image\/\",\"url\":\"https:\/\/kapitalis.com\/tunisie\/wp-content\/uploads\/2022\/05\/Kapitalis-big-size.png\",\"contentUrl\":\"https:\/\/kapitalis.com\/tunisie\/wp-content\/uploads\/2022\/05\/Kapitalis-big-size.png\",\"width\":5000,\"height\":1500,\"caption\":\"Kapitalis\"},\"image\":{\"@id\":\"https:\/\/kapitalis.com\/tunisie\/#\/schema\/logo\/image\/\"},\"sameAs\":[\"https:\/\/www.facebook.com\/KapitalisInfo\/\",\"https:\/\/x.com\/KapitalisInfo\",\"https:\/\/www.youtube.com\/channel\/UC-yDYrHyfFBWWZaOw3FPg9Q\"]},{\"@type\":\"Person\",\"@id\":\"https:\/\/kapitalis.com\/tunisie\/#\/schema\/person\/d71f33a9ca44f7bad4698210b480c8e9\",\"name\":\"webmaster kapitalis\",\"url\":\"https:\/\/kapitalis.com\/tunisie\/author\/webmaster-kapitalis\/\"}]}<\/script>\n<!-- \/ Yoast SEO plugin. -->","yoast_head_json":{"title":"Rencontre au Credif : Violences faites aux femmes et espace num\u00e9rique - Kapitalis","robots":{"index":"index","follow":"follow","max-snippet":"max-snippet:-1","max-image-preview":"max-image-preview:large","max-video-preview":"max-video-preview:-1"},"canonical":"https:\/\/kapitalis.com\/tunisie\/2019\/12\/01\/rencontre-au-credif-violences-faites-aux-femmes-et-espace-numerique\/","og_locale":"fr_FR","og_type":"article","og_title":"Rencontre au Credif : Violences faites aux femmes et espace num\u00e9rique - Kapitalis","og_description":"Le Centre de recherches, d\u2019\u00e9tudes, de documentation et d\u2019information sur la femme (Credif), organise une rencontre sur le th\u00e8me : \u00abViolences faites aux femmes et espace num\u00e9rique\u00bb, et ce, demain, lundi 2 d\u00e9cembre 2019, \u00e0 partir de 9h00 \u00e0 son si\u00e8ge, \u00e0 l-Manar 2, \u00e0 Tunis.","og_url":"https:\/\/kapitalis.com\/tunisie\/2019\/12\/01\/rencontre-au-credif-violences-faites-aux-femmes-et-espace-numerique\/","og_site_name":"Kapitalis","article_publisher":"https:\/\/www.facebook.com\/KapitalisInfo\/","article_published_time":"2019-12-01T11:05:00+00:00","article_modified_time":"2019-12-01T11:05:02+00:00","og_image":[{"width":1200,"height":630,"url":"https:\/\/kapitalis.com\/tunisie\/wp-content\/uploads\/2022\/05\/kapitalis-logo-fb.png","type":"image\/png"}],"author":"webmaster kapitalis","twitter_card":"summary_large_image","twitter_creator":"@KapitalisInfo","twitter_site":"@KapitalisInfo","twitter_misc":{"\u00c9crit par":"webmaster kapitalis","Dur\u00e9e de lecture estim\u00e9e":"1 minute"},"schema":{"@context":"https:\/\/schema.org","@graph":[{"@type":"Article","@id":"https:\/\/kapitalis.com\/tunisie\/2019\/12\/01\/rencontre-au-credif-violences-faites-aux-femmes-et-espace-numerique\/#article","isPartOf":{"@id":"https:\/\/kapitalis.com\/tunisie\/2019\/12\/01\/rencontre-au-credif-violences-faites-aux-femmes-et-espace-numerique\/"},"author":{"name":"webmaster kapitalis","@id":"https:\/\/kapitalis.com\/tunisie\/#\/schema\/person\/d71f33a9ca44f7bad4698210b480c8e9"},"headline":"Rencontre au Credif : Violences faites aux femmes et espace num\u00e9rique","datePublished":"2019-12-01T11:05:00+00:00","dateModified":"2019-12-01T11:05:02+00:00","mainEntityOfPage":{"@id":"https:\/\/kapitalis.com\/tunisie\/2019\/12\/01\/rencontre-au-credif-violences-faites-aux-femmes-et-espace-numerique\/"},"wordCount":183,"commentCount":0,"publisher":{"@id":"https:\/\/kapitalis.com\/tunisie\/#organization"},"image":{"@id":"https:\/\/kapitalis.com\/tunisie\/2019\/12\/01\/rencontre-au-credif-violences-faites-aux-femmes-et-espace-numerique\/#primaryimage"},"thumbnailUrl":"","keywords":["Afturd","Credif","Ena Zeda","UNFPA","violences faites aux femmes"],"articleSection":["SOCIETE","Tunisie"],"inLanguage":"fr-FR","potentialAction":[{"@type":"CommentAction","name":"Comment","target":["https:\/\/kapitalis.com\/tunisie\/2019\/12\/01\/rencontre-au-credif-violences-faites-aux-femmes-et-espace-numerique\/#respond"]}]},{"@type":"WebPage","@id":"https:\/\/kapitalis.com\/tunisie\/2019\/12\/01\/rencontre-au-credif-violences-faites-aux-femmes-et-espace-numerique\/","url":"https:\/\/kapitalis.com\/tunisie\/2019\/12\/01\/rencontre-au-credif-violences-faites-aux-femmes-et-espace-numerique\/","name":"Rencontre au Credif : Violences faites aux femmes et espace num\u00e9rique - Kapitalis","isPartOf":{"@id":"https:\/\/kapitalis.com\/tunisie\/#website"},"primaryImageOfPage":{"@id":"https:\/\/kapitalis.com\/tunisie\/2019\/12\/01\/rencontre-au-credif-violences-faites-aux-femmes-et-espace-numerique\/#primaryimage"},"image":{"@id":"https:\/\/kapitalis.com\/tunisie\/2019\/12\/01\/rencontre-au-credif-violences-faites-aux-femmes-et-espace-numerique\/#primaryimage"},"thumbnailUrl":"","datePublished":"2019-12-01T11:05:00+00:00","dateModified":"2019-12-01T11:05:02+00:00","breadcrumb":{"@id":"https:\/\/kapitalis.com\/tunisie\/2019\/12\/01\/rencontre-au-credif-violences-faites-aux-femmes-et-espace-numerique\/#breadcrumb"},"inLanguage":"fr-FR","potentialAction":[{"@type":"ReadAction","target":["https:\/\/kapitalis.com\/tunisie\/2019\/12\/01\/rencontre-au-credif-violences-faites-aux-femmes-et-espace-numerique\/"]}]},{"@type":"ImageObject","inLanguage":"fr-FR","@id":"https:\/\/kapitalis.com\/tunisie\/2019\/12\/01\/rencontre-au-credif-violences-faites-aux-femmes-et-espace-numerique\/#primaryimage","url":"","contentUrl":""},{"@type":"BreadcrumbList","@id":"https:\/\/kapitalis.com\/tunisie\/2019\/12\/01\/rencontre-au-credif-violences-faites-aux-femmes-et-espace-numerique\/#breadcrumb","itemListElement":[{"@type":"ListItem","position":1,"name":"Accueil","item":"https:\/\/kapitalis.com\/tunisie\/"},{"@type":"ListItem","position":2,"name":"Rencontre au Credif : Violences faites aux femmes et espace num\u00e9rique"}]},{"@type":"WebSite","@id":"https:\/\/kapitalis.com\/tunisie\/#website","url":"https:\/\/kapitalis.com\/tunisie\/","name":"Kapitalis","description":"L&#039;actualit\u00e9 en Tunisie et dans le monde","publisher":{"@id":"https:\/\/kapitalis.com\/tunisie\/#organization"},"potentialAction":[{"@type":"SearchAction","target":{"@type":"EntryPoint","urlTemplate":"https:\/\/kapitalis.com\/tunisie\/?s={search_term_string}"},"query-input":{"@type":"PropertyValueSpecification","valueRequired":true,"valueName":"search_term_string"}}],"inLanguage":"fr-FR"},{"@type":"Organization","@id":"https:\/\/kapitalis.com\/tunisie\/#organization","name":"Kapitalis","url":"https:\/\/kapitalis.com\/tunisie\/","logo":{"@type":"ImageObject","inLanguage":"fr-FR","@id":"https:\/\/kapitalis.com\/tunisie\/#\/schema\/logo\/image\/","url":"https:\/\/kapitalis.com\/tunisie\/wp-content\/uploads\/2022\/05\/Kapitalis-big-size.png","contentUrl":"https:\/\/kapitalis.com\/tunisie\/wp-content\/uploads\/2022\/05\/Kapitalis-big-size.png","width":5000,"height":1500,"caption":"Kapitalis"},"image":{"@id":"https:\/\/kapitalis.com\/tunisie\/#\/schema\/logo\/image\/"},"sameAs":["https:\/\/www.facebook.com\/KapitalisInfo\/","https:\/\/x.com\/KapitalisInfo","https:\/\/www.youtube.com\/channel\/UC-yDYrHyfFBWWZaOw3FPg9Q"]},{"@type":"Person","@id":"https:\/\/kapitalis.com\/tunisie\/#\/schema\/person\/d71f33a9ca44f7bad4698210b480c8e9","name":"webmaster kapitalis","url":"https:\/\/kapitalis.com\/tunisie\/author\/webmaster-kapitalis\/"}]}},"_links":{"self":[{"href":"https:\/\/kapitalis.com\/tunisie\/wp-json\/wp\/v2\/posts\/260220","targetHints":{"allow":["GET"]}}],"collection":[{"href":"https:\/\/kapitalis.com\/tunisie\/wp-json\/wp\/v2\/posts"}],"about":[{"href":"https:\/\/kapitalis.com\/tunisie\/wp-json\/wp\/v2\/types\/post"}],"author":[{"embeddable":true,"href":"https:\/\/kapitalis.com\/tunisie\/wp-json\/wp\/v2\/users\/8"}],"replies":[{"embeddable":true,"href":"https:\/\/kapitalis.com\/tunisie\/wp-json\/wp\/v2\/comments?post=260220"}],"version-history":[{"count":0,"href":"https:\/\/kapitalis.com\/tunisie\/wp-json\/wp\/v2\/posts\/260220\/revisions"}],"wp:featuredmedia":[{"embeddable":true,"href":"https:\/\/kapitalis.com\/tunisie\/wp-json\/wp\/v2\/media\/260221"}],"wp:attachment":[{"href":"https:\/\/kapitalis.com\/tunisie\/wp-json\/wp\/v2\/media?parent=260220"}],"wp:term":[{"taxonomy":"category","embeddable":true,"href":"https:\/\/kapitalis.com\/tunisie\/wp-json\/wp\/v2\/categories?post=260220"},{"taxonomy":"post_tag","embeddable":true,"href":"https:\/\/kapitalis.com\/tunisie\/wp-json\/wp\/v2\/tags?post=260220"}],"curies":[{"name":"wp","href":"https:\/\/api.w.org\/{rel}","templated":true}]}}