{"id":260258,"date":"2019-12-01T20:06:32","date_gmt":"2019-12-01T19:06:32","guid":{"rendered":"http:\/\/kapitalis.com\/tunisie\/?p=260258"},"modified":"2019-12-01T20:09:18","modified_gmt":"2019-12-01T19:09:18","slug":"accident-ain-snoussi-deux-cellules-decoute-et-dorientation-a-disposition-des-familles-des-victimes","status":"publish","type":"post","link":"https:\/\/kapitalis.com\/tunisie\/2019\/12\/01\/accident-ain-snoussi-deux-cellules-decoute-et-dorientation-a-disposition-des-familles-des-victimes\/","title":{"rendered":"Accident &#8211; A\u00efn Snoussi : Deux cellules d&rsquo;\u00e9coute et d&rsquo;orientation \u00e0 disposition des familles des victimes"},"content":{"rendered":"\n<figure class=\"wp-block-image size-large\"><img decoding=\"async\" src=\"http:\/\/kapitalis.com\/tunisie\/wp-content\/uploads\/2019\/12\/Ain-S-noussi-accident-h\u00f4pitaux-cellule-\u00e9coute.jpg\" alt=\"\" class=\"wp-image-260261\"\/><\/figure>\n\n\n\n<p><em><strong>Le minist\u00e8re de la Sant\u00e9 a annonc\u00e9 la mise en place de 2 cellules d&rsquo;\u00e9coute et d&rsquo;orientation \u00e0 l&rsquo;h\u00f4pital Charles-Nicolle de Tunis et \u00e0 celui de B\u00e9ja, \u00e0 disposition des familles des bless\u00e9s et des victimes de l&rsquo;accident de bus survenu ce matin, \u00e0 A\u00efn Snoussi (Amdoun), entre A\u00efn Draham et B\u00e9ja et ayant fait 24 morts et 18 bless\u00e9s.<\/strong><\/em><\/p>\n\n\n\n<!--more-->\n\n\n\n<p>Ces cellules sont charg\u00e9es de fournir aux familles les informations sur l&rsquo;\u00e9tat de sant\u00e9 de leur enfants et les h\u00f4pitaux dans lesquels ils ont \u00e9t\u00e9 transf\u00e9r\u00e9es, sachant que plusieurs bless\u00e9s ont \u00e9t\u00e9 transport\u00e9s dans diff\u00e9rents h\u00f4pitaux de Tunis, dont l&rsquo;h\u00f4pital de la Marsa, Charles-Nicolles, la Rabta et le Centre de traumatologie et des grands br\u00fbl\u00e9s \u00e0 Ben Arous.<\/p>\n\n\n\n<p>D&rsquo;autre part, tout en remerciant les citoyens pour leur \u00e9lan de solidarit\u00e9, le minist\u00e8re de la Sant\u00e9 a assur\u00e9 que les h\u00f4pitaux ont assez de sang pour r\u00e9pondre aux besoins des victimes.<\/p>\n\n\n\n<p>On notera que le minist\u00e8re de la Sant\u00e9 et de l&rsquo;Int\u00e9rieur ainsi que la pr\u00e9sidence ont mis en place des cellules de crise suite \u00e0 ce terrible drame qui a co\u00fbt\u00e9 \u00e0 la vie \u00e0 24 jeunes de Tunis, partis pour une excursion \u00e0 A\u00efn Draham&#8230;.<\/p>\n\n\n\n<p class=\"has-text-align-right\"><strong>Y. N.<\/strong><\/p>\n\n\n\n<figure class=\"wp-block-embed-wordpress wp-block-embed is-type-wp-embed is-provider-kapitalis\"><div class=\"wp-block-embed__wrapper\">\n<blockquote class=\"wp-embedded-content\" data-secret=\"jKEtbTsZGT\"><a href=\"https:\/\/kapitalis.com\/tunisie\/2019\/12\/01\/accident-a-ain-snoussi-le-bilan-salourdit-a-24-morts-et-18-blesses-le-ministere-de-la-sante-active-le-plan-de-gestion-de-crises\/\">Accident \u00e0 A\u00efn Snoussi: Le bilan s&rsquo;alourdit \u00e0 24 morts et 18 bless\u00e9s, le minist\u00e8re de la Sant\u00e9 active le plan de gestion de crises<\/a><\/blockquote><iframe loading=\"lazy\" class=\"wp-embedded-content\" sandbox=\"allow-scripts\" security=\"restricted\" style=\"position: absolute; clip: rect(1px, 1px, 1px, 1px);\" title=\"\u00ab\u00a0Accident \u00e0 A\u00efn Snoussi: Le bilan s&rsquo;alourdit \u00e0 24 morts et 18 bless\u00e9s, le minist\u00e8re de la Sant\u00e9 active le plan de gestion de crises\u00a0\u00bb &#8212; Kapitalis\" src=\"https:\/\/kapitalis.com\/tunisie\/2019\/12\/01\/accident-a-ain-snoussi-le-bilan-salourdit-a-24-morts-et-18-blesses-le-ministere-de-la-sante-active-le-plan-de-gestion-de-crises\/embed\/#?secret=PIPDGatiRG#?secret=jKEtbTsZGT\" data-secret=\"jKEtbTsZGT\" width=\"600\" height=\"338\" frameborder=\"0\" marginwidth=\"0\" marginheight=\"0\" scrolling=\"no\"><\/iframe>\n<\/div><\/figure>\n\n\n\n<figure class=\"wp-block-embed-wordpress wp-block-embed is-type-wp-embed is-provider-kapitalis\"><div class=\"wp-block-embed__wrapper\">\n<blockquote class=\"wp-embedded-content\" data-secret=\"XFuoNvXurL\"><a href=\"https:\/\/kapitalis.com\/tunisie\/2019\/12\/01\/morts-et-blesses-dans-le-renversement-dun-bus-a-ain-snoussi-bilan-du-ministere-de-linterieur\/\">Morts et bless\u00e9s dans le renversement d&rsquo;un bus \u00e0 A\u00efn Snoussi : Bilan du minist\u00e8re de l&rsquo;Int\u00e9rieur<\/a><\/blockquote><iframe loading=\"lazy\" class=\"wp-embedded-content\" sandbox=\"allow-scripts\" security=\"restricted\" style=\"position: absolute; clip: rect(1px, 1px, 1px, 1px);\" title=\"\u00ab\u00a0Morts et bless\u00e9s dans le renversement d&rsquo;un bus \u00e0 A\u00efn Snoussi : Bilan du minist\u00e8re de l&rsquo;Int\u00e9rieur\u00a0\u00bb &#8212; Kapitalis\" src=\"https:\/\/kapitalis.com\/tunisie\/2019\/12\/01\/morts-et-blesses-dans-le-renversement-dun-bus-a-ain-snoussi-bilan-du-ministere-de-linterieur\/embed\/#?secret=KfA7H3o63G#?secret=XFuoNvXurL\" data-secret=\"XFuoNvXurL\" width=\"600\" height=\"338\" frameborder=\"0\" marginwidth=\"0\" marginheight=\"0\" scrolling=\"no\"><\/iframe>\n<\/div><\/figure>\n","protected":false},"excerpt":{"rendered":"<p>Le minist\u00e8re de la Sant\u00e9 a annonc\u00e9 la mise en place de 2 cellules d&rsquo;\u00e9coute et d&rsquo;orientation \u00e0 l&rsquo;h\u00f4pital Charles-Nicolle de Tunis et \u00e0 celui de B\u00e9ja, \u00e0 disposition des familles des bless\u00e9s et des victimes de l&rsquo;accident de bus survenu ce matin, \u00e0 A\u00efn Snoussi (Amdoun), entre A\u00efn Draham et B\u00e9ja et ayant fait&#8230;<\/p>\n","protected":false},"author":6,"featured_media":260261,"comment_status":"open","ping_status":"open","sticky":false,"template":"","format":"standard","meta":{"footnotes":""},"categories":[998,2433],"tags":[23,2940,69875,25917,136,3290,69883,4263,810,64491],"class_list":["post-260258","post","type-post","status-publish","format-standard","has-post-thumbnail","hentry","category-societe","category-tunisie","tag-accident","tag-ain-draham","tag-ain-snoussi","tag-amdoun","tag-beja","tag-bus","tag-cellule-ecoute","tag-hopital-charles-nicolle","tag-sante","tag-tunis"],"yoast_head":"<!-- This site is optimized with the Yoast SEO plugin v26.6 - https:\/\/yoast.com\/wordpress\/plugins\/seo\/ -->\n<title>Accident - A\u00efn Snoussi : Deux cellules d&#039;\u00e9coute et d&#039;orientation \u00e0 disposition des familles des victimes - Kapitalis<\/title>\n<meta name=\"robots\" content=\"index, follow, max-snippet:-1, max-image-preview:large, max-video-preview:-1\" \/>\n<link rel=\"canonical\" href=\"https:\/\/kapitalis.com\/tunisie\/2019\/12\/01\/accident-ain-snoussi-deux-cellules-decoute-et-dorientation-a-disposition-des-familles-des-victimes\/\" \/>\n<meta property=\"og:locale\" content=\"fr_FR\" \/>\n<meta property=\"og:type\" content=\"article\" \/>\n<meta property=\"og:title\" content=\"Accident - A\u00efn Snoussi : Deux cellules d&#039;\u00e9coute et d&#039;orientation \u00e0 disposition des familles des victimes - Kapitalis\" \/>\n<meta property=\"og:description\" content=\"Le minist\u00e8re de la Sant\u00e9 a annonc\u00e9 la mise en place de 2 cellules d&rsquo;\u00e9coute et d&rsquo;orientation \u00e0 l&rsquo;h\u00f4pital Charles-Nicolle de Tunis et \u00e0 celui de B\u00e9ja, \u00e0 disposition des familles des bless\u00e9s et des victimes de l&rsquo;accident de bus survenu ce matin, \u00e0 A\u00efn Snoussi (Amdoun), entre A\u00efn Draham et B\u00e9ja et ayant fait...\" \/>\n<meta property=\"og:url\" content=\"https:\/\/kapitalis.com\/tunisie\/2019\/12\/01\/accident-ain-snoussi-deux-cellules-decoute-et-dorientation-a-disposition-des-familles-des-victimes\/\" \/>\n<meta property=\"og:site_name\" content=\"Kapitalis\" \/>\n<meta property=\"article:publisher\" content=\"https:\/\/www.facebook.com\/KapitalisInfo\/\" \/>\n<meta property=\"article:published_time\" content=\"2019-12-01T19:06:32+00:00\" \/>\n<meta property=\"article:modified_time\" content=\"2019-12-01T19:09:18+00:00\" \/>\n<meta property=\"og:image\" content=\"https:\/\/kapitalis.com\/tunisie\/wp-content\/uploads\/2022\/05\/kapitalis-logo-fb.png\" \/>\n\t<meta property=\"og:image:width\" content=\"1200\" \/>\n\t<meta property=\"og:image:height\" content=\"630\" \/>\n\t<meta property=\"og:image:type\" content=\"image\/png\" \/>\n<meta name=\"author\" content=\"Yusra NY\" \/>\n<meta name=\"twitter:card\" content=\"summary_large_image\" \/>\n<meta name=\"twitter:creator\" content=\"@KapitalisInfo\" \/>\n<meta name=\"twitter:site\" content=\"@KapitalisInfo\" \/>\n<meta name=\"twitter:label1\" content=\"\u00c9crit par\" \/>\n\t<meta name=\"twitter:data1\" content=\"Yusra NY\" \/>\n\t<meta name=\"twitter:label2\" content=\"Dur\u00e9e de lecture estim\u00e9e\" \/>\n\t<meta name=\"twitter:data2\" content=\"1 minute\" \/>\n<script type=\"application\/ld+json\" class=\"yoast-schema-graph\">{\"@context\":\"https:\/\/schema.org\",\"@graph\":[{\"@type\":\"Article\",\"@id\":\"https:\/\/kapitalis.com\/tunisie\/2019\/12\/01\/accident-ain-snoussi-deux-cellules-decoute-et-dorientation-a-disposition-des-familles-des-victimes\/#article\",\"isPartOf\":{\"@id\":\"https:\/\/kapitalis.com\/tunisie\/2019\/12\/01\/accident-ain-snoussi-deux-cellules-decoute-et-dorientation-a-disposition-des-familles-des-victimes\/\"},\"author\":{\"name\":\"Yusra NY\",\"@id\":\"https:\/\/kapitalis.com\/tunisie\/#\/schema\/person\/74bbde0154d49d790a92aaeac5bc01d5\"},\"headline\":\"Accident &#8211; A\u00efn Snoussi : Deux cellules d&rsquo;\u00e9coute et d&rsquo;orientation \u00e0 disposition des familles des victimes\",\"datePublished\":\"2019-12-01T19:06:32+00:00\",\"dateModified\":\"2019-12-01T19:09:18+00:00\",\"mainEntityOfPage\":{\"@id\":\"https:\/\/kapitalis.com\/tunisie\/2019\/12\/01\/accident-ain-snoussi-deux-cellules-decoute-et-dorientation-a-disposition-des-familles-des-victimes\/\"},\"wordCount\":242,\"commentCount\":0,\"publisher\":{\"@id\":\"https:\/\/kapitalis.com\/tunisie\/#organization\"},\"image\":{\"@id\":\"https:\/\/kapitalis.com\/tunisie\/2019\/12\/01\/accident-ain-snoussi-deux-cellules-decoute-et-dorientation-a-disposition-des-familles-des-victimes\/#primaryimage\"},\"thumbnailUrl\":\"\",\"keywords\":[\"accident\",\"A\u00efn Draham\",\"A\u00efn Snoussi\",\"Amdoun\",\"B\u00e9ja\",\"bus\",\"cellule \u00e9coute\",\"h\u00f4pital Charles-Nicolle\",\"Sant\u00e9\",\"Tunis\"],\"articleSection\":[\"SOCIETE\",\"Tunisie\"],\"inLanguage\":\"fr-FR\",\"potentialAction\":[{\"@type\":\"CommentAction\",\"name\":\"Comment\",\"target\":[\"https:\/\/kapitalis.com\/tunisie\/2019\/12\/01\/accident-ain-snoussi-deux-cellules-decoute-et-dorientation-a-disposition-des-familles-des-victimes\/#respond\"]}]},{\"@type\":\"WebPage\",\"@id\":\"https:\/\/kapitalis.com\/tunisie\/2019\/12\/01\/accident-ain-snoussi-deux-cellules-decoute-et-dorientation-a-disposition-des-familles-des-victimes\/\",\"url\":\"https:\/\/kapitalis.com\/tunisie\/2019\/12\/01\/accident-ain-snoussi-deux-cellules-decoute-et-dorientation-a-disposition-des-familles-des-victimes\/\",\"name\":\"Accident - A\u00efn Snoussi : Deux cellules d'\u00e9coute et d'orientation \u00e0 disposition des familles des victimes - Kapitalis\",\"isPartOf\":{\"@id\":\"https:\/\/kapitalis.com\/tunisie\/#website\"},\"primaryImageOfPage\":{\"@id\":\"https:\/\/kapitalis.com\/tunisie\/2019\/12\/01\/accident-ain-snoussi-deux-cellules-decoute-et-dorientation-a-disposition-des-familles-des-victimes\/#primaryimage\"},\"image\":{\"@id\":\"https:\/\/kapitalis.com\/tunisie\/2019\/12\/01\/accident-ain-snoussi-deux-cellules-decoute-et-dorientation-a-disposition-des-familles-des-victimes\/#primaryimage\"},\"thumbnailUrl\":\"\",\"datePublished\":\"2019-12-01T19:06:32+00:00\",\"dateModified\":\"2019-12-01T19:09:18+00:00\",\"breadcrumb\":{\"@id\":\"https:\/\/kapitalis.com\/tunisie\/2019\/12\/01\/accident-ain-snoussi-deux-cellules-decoute-et-dorientation-a-disposition-des-familles-des-victimes\/#breadcrumb\"},\"inLanguage\":\"fr-FR\",\"potentialAction\":[{\"@type\":\"ReadAction\",\"target\":[\"https:\/\/kapitalis.com\/tunisie\/2019\/12\/01\/accident-ain-snoussi-deux-cellules-decoute-et-dorientation-a-disposition-des-familles-des-victimes\/\"]}]},{\"@type\":\"ImageObject\",\"inLanguage\":\"fr-FR\",\"@id\":\"https:\/\/kapitalis.com\/tunisie\/2019\/12\/01\/accident-ain-snoussi-deux-cellules-decoute-et-dorientation-a-disposition-des-familles-des-victimes\/#primaryimage\",\"url\":\"\",\"contentUrl\":\"\"},{\"@type\":\"BreadcrumbList\",\"@id\":\"https:\/\/kapitalis.com\/tunisie\/2019\/12\/01\/accident-ain-snoussi-deux-cellules-decoute-et-dorientation-a-disposition-des-familles-des-victimes\/#breadcrumb\",\"itemListElement\":[{\"@type\":\"ListItem\",\"position\":1,\"name\":\"Accueil\",\"item\":\"https:\/\/kapitalis.com\/tunisie\/\"},{\"@type\":\"ListItem\",\"position\":2,\"name\":\"Accident &#8211; A\u00efn Snoussi : Deux cellules d&rsquo;\u00e9coute et d&rsquo;orientation \u00e0 disposition des familles des victimes\"}]},{\"@type\":\"WebSite\",\"@id\":\"https:\/\/kapitalis.com\/tunisie\/#website\",\"url\":\"https:\/\/kapitalis.com\/tunisie\/\",\"name\":\"Kapitalis\",\"description\":\"L&#039;actualit\u00e9 en Tunisie et dans le monde\",\"publisher\":{\"@id\":\"https:\/\/kapitalis.com\/tunisie\/#organization\"},\"potentialAction\":[{\"@type\":\"SearchAction\",\"target\":{\"@type\":\"EntryPoint\",\"urlTemplate\":\"https:\/\/kapitalis.com\/tunisie\/?s={search_term_string}\"},\"query-input\":{\"@type\":\"PropertyValueSpecification\",\"valueRequired\":true,\"valueName\":\"search_term_string\"}}],\"inLanguage\":\"fr-FR\"},{\"@type\":\"Organization\",\"@id\":\"https:\/\/kapitalis.com\/tunisie\/#organization\",\"name\":\"Kapitalis\",\"url\":\"https:\/\/kapitalis.com\/tunisie\/\",\"logo\":{\"@type\":\"ImageObject\",\"inLanguage\":\"fr-FR\",\"@id\":\"https:\/\/kapitalis.com\/tunisie\/#\/schema\/logo\/image\/\",\"url\":\"https:\/\/kapitalis.com\/tunisie\/wp-content\/uploads\/2022\/05\/Kapitalis-big-size.png\",\"contentUrl\":\"https:\/\/kapitalis.com\/tunisie\/wp-content\/uploads\/2022\/05\/Kapitalis-big-size.png\",\"width\":5000,\"height\":1500,\"caption\":\"Kapitalis\"},\"image\":{\"@id\":\"https:\/\/kapitalis.com\/tunisie\/#\/schema\/logo\/image\/\"},\"sameAs\":[\"https:\/\/www.facebook.com\/KapitalisInfo\/\",\"https:\/\/x.com\/KapitalisInfo\",\"https:\/\/www.youtube.com\/channel\/UC-yDYrHyfFBWWZaOw3FPg9Q\"]},{\"@type\":\"Person\",\"@id\":\"https:\/\/kapitalis.com\/tunisie\/#\/schema\/person\/74bbde0154d49d790a92aaeac5bc01d5\",\"name\":\"Yusra NY\",\"url\":\"https:\/\/kapitalis.com\/tunisie\/author\/yuza_adam\/\"}]}<\/script>\n<!-- \/ Yoast SEO plugin. -->","yoast_head_json":{"title":"Accident - A\u00efn Snoussi : Deux cellules d'\u00e9coute et d'orientation \u00e0 disposition des familles des victimes - Kapitalis","robots":{"index":"index","follow":"follow","max-snippet":"max-snippet:-1","max-image-preview":"max-image-preview:large","max-video-preview":"max-video-preview:-1"},"canonical":"https:\/\/kapitalis.com\/tunisie\/2019\/12\/01\/accident-ain-snoussi-deux-cellules-decoute-et-dorientation-a-disposition-des-familles-des-victimes\/","og_locale":"fr_FR","og_type":"article","og_title":"Accident - A\u00efn Snoussi : Deux cellules d'\u00e9coute et d'orientation \u00e0 disposition des familles des victimes - Kapitalis","og_description":"Le minist\u00e8re de la Sant\u00e9 a annonc\u00e9 la mise en place de 2 cellules d&rsquo;\u00e9coute et d&rsquo;orientation \u00e0 l&rsquo;h\u00f4pital Charles-Nicolle de Tunis et \u00e0 celui de B\u00e9ja, \u00e0 disposition des familles des bless\u00e9s et des victimes de l&rsquo;accident de bus survenu ce matin, \u00e0 A\u00efn Snoussi (Amdoun), entre A\u00efn Draham et B\u00e9ja et ayant fait...","og_url":"https:\/\/kapitalis.com\/tunisie\/2019\/12\/01\/accident-ain-snoussi-deux-cellules-decoute-et-dorientation-a-disposition-des-familles-des-victimes\/","og_site_name":"Kapitalis","article_publisher":"https:\/\/www.facebook.com\/KapitalisInfo\/","article_published_time":"2019-12-01T19:06:32+00:00","article_modified_time":"2019-12-01T19:09:18+00:00","og_image":[{"width":1200,"height":630,"url":"https:\/\/kapitalis.com\/tunisie\/wp-content\/uploads\/2022\/05\/kapitalis-logo-fb.png","type":"image\/png"}],"author":"Yusra NY","twitter_card":"summary_large_image","twitter_creator":"@KapitalisInfo","twitter_site":"@KapitalisInfo","twitter_misc":{"\u00c9crit par":"Yusra NY","Dur\u00e9e de lecture estim\u00e9e":"1 minute"},"schema":{"@context":"https:\/\/schema.org","@graph":[{"@type":"Article","@id":"https:\/\/kapitalis.com\/tunisie\/2019\/12\/01\/accident-ain-snoussi-deux-cellules-decoute-et-dorientation-a-disposition-des-familles-des-victimes\/#article","isPartOf":{"@id":"https:\/\/kapitalis.com\/tunisie\/2019\/12\/01\/accident-ain-snoussi-deux-cellules-decoute-et-dorientation-a-disposition-des-familles-des-victimes\/"},"author":{"name":"Yusra NY","@id":"https:\/\/kapitalis.com\/tunisie\/#\/schema\/person\/74bbde0154d49d790a92aaeac5bc01d5"},"headline":"Accident &#8211; A\u00efn Snoussi : Deux cellules d&rsquo;\u00e9coute et d&rsquo;orientation \u00e0 disposition des familles des victimes","datePublished":"2019-12-01T19:06:32+00:00","dateModified":"2019-12-01T19:09:18+00:00","mainEntityOfPage":{"@id":"https:\/\/kapitalis.com\/tunisie\/2019\/12\/01\/accident-ain-snoussi-deux-cellules-decoute-et-dorientation-a-disposition-des-familles-des-victimes\/"},"wordCount":242,"commentCount":0,"publisher":{"@id":"https:\/\/kapitalis.com\/tunisie\/#organization"},"image":{"@id":"https:\/\/kapitalis.com\/tunisie\/2019\/12\/01\/accident-ain-snoussi-deux-cellules-decoute-et-dorientation-a-disposition-des-familles-des-victimes\/#primaryimage"},"thumbnailUrl":"","keywords":["accident","A\u00efn Draham","A\u00efn Snoussi","Amdoun","B\u00e9ja","bus","cellule \u00e9coute","h\u00f4pital Charles-Nicolle","Sant\u00e9","Tunis"],"articleSection":["SOCIETE","Tunisie"],"inLanguage":"fr-FR","potentialAction":[{"@type":"CommentAction","name":"Comment","target":["https:\/\/kapitalis.com\/tunisie\/2019\/12\/01\/accident-ain-snoussi-deux-cellules-decoute-et-dorientation-a-disposition-des-familles-des-victimes\/#respond"]}]},{"@type":"WebPage","@id":"https:\/\/kapitalis.com\/tunisie\/2019\/12\/01\/accident-ain-snoussi-deux-cellules-decoute-et-dorientation-a-disposition-des-familles-des-victimes\/","url":"https:\/\/kapitalis.com\/tunisie\/2019\/12\/01\/accident-ain-snoussi-deux-cellules-decoute-et-dorientation-a-disposition-des-familles-des-victimes\/","name":"Accident - A\u00efn Snoussi : Deux cellules d'\u00e9coute et d'orientation \u00e0 disposition des familles des victimes - Kapitalis","isPartOf":{"@id":"https:\/\/kapitalis.com\/tunisie\/#website"},"primaryImageOfPage":{"@id":"https:\/\/kapitalis.com\/tunisie\/2019\/12\/01\/accident-ain-snoussi-deux-cellules-decoute-et-dorientation-a-disposition-des-familles-des-victimes\/#primaryimage"},"image":{"@id":"https:\/\/kapitalis.com\/tunisie\/2019\/12\/01\/accident-ain-snoussi-deux-cellules-decoute-et-dorientation-a-disposition-des-familles-des-victimes\/#primaryimage"},"thumbnailUrl":"","datePublished":"2019-12-01T19:06:32+00:00","dateModified":"2019-12-01T19:09:18+00:00","breadcrumb":{"@id":"https:\/\/kapitalis.com\/tunisie\/2019\/12\/01\/accident-ain-snoussi-deux-cellules-decoute-et-dorientation-a-disposition-des-familles-des-victimes\/#breadcrumb"},"inLanguage":"fr-FR","potentialAction":[{"@type":"ReadAction","target":["https:\/\/kapitalis.com\/tunisie\/2019\/12\/01\/accident-ain-snoussi-deux-cellules-decoute-et-dorientation-a-disposition-des-familles-des-victimes\/"]}]},{"@type":"ImageObject","inLanguage":"fr-FR","@id":"https:\/\/kapitalis.com\/tunisie\/2019\/12\/01\/accident-ain-snoussi-deux-cellules-decoute-et-dorientation-a-disposition-des-familles-des-victimes\/#primaryimage","url":"","contentUrl":""},{"@type":"BreadcrumbList","@id":"https:\/\/kapitalis.com\/tunisie\/2019\/12\/01\/accident-ain-snoussi-deux-cellules-decoute-et-dorientation-a-disposition-des-familles-des-victimes\/#breadcrumb","itemListElement":[{"@type":"ListItem","position":1,"name":"Accueil","item":"https:\/\/kapitalis.com\/tunisie\/"},{"@type":"ListItem","position":2,"name":"Accident &#8211; A\u00efn Snoussi : Deux cellules d&rsquo;\u00e9coute et d&rsquo;orientation \u00e0 disposition des familles des victimes"}]},{"@type":"WebSite","@id":"https:\/\/kapitalis.com\/tunisie\/#website","url":"https:\/\/kapitalis.com\/tunisie\/","name":"Kapitalis","description":"L&#039;actualit\u00e9 en Tunisie et dans le monde","publisher":{"@id":"https:\/\/kapitalis.com\/tunisie\/#organization"},"potentialAction":[{"@type":"SearchAction","target":{"@type":"EntryPoint","urlTemplate":"https:\/\/kapitalis.com\/tunisie\/?s={search_term_string}"},"query-input":{"@type":"PropertyValueSpecification","valueRequired":true,"valueName":"search_term_string"}}],"inLanguage":"fr-FR"},{"@type":"Organization","@id":"https:\/\/kapitalis.com\/tunisie\/#organization","name":"Kapitalis","url":"https:\/\/kapitalis.com\/tunisie\/","logo":{"@type":"ImageObject","inLanguage":"fr-FR","@id":"https:\/\/kapitalis.com\/tunisie\/#\/schema\/logo\/image\/","url":"https:\/\/kapitalis.com\/tunisie\/wp-content\/uploads\/2022\/05\/Kapitalis-big-size.png","contentUrl":"https:\/\/kapitalis.com\/tunisie\/wp-content\/uploads\/2022\/05\/Kapitalis-big-size.png","width":5000,"height":1500,"caption":"Kapitalis"},"image":{"@id":"https:\/\/kapitalis.com\/tunisie\/#\/schema\/logo\/image\/"},"sameAs":["https:\/\/www.facebook.com\/KapitalisInfo\/","https:\/\/x.com\/KapitalisInfo","https:\/\/www.youtube.com\/channel\/UC-yDYrHyfFBWWZaOw3FPg9Q"]},{"@type":"Person","@id":"https:\/\/kapitalis.com\/tunisie\/#\/schema\/person\/74bbde0154d49d790a92aaeac5bc01d5","name":"Yusra NY","url":"https:\/\/kapitalis.com\/tunisie\/author\/yuza_adam\/"}]}},"_links":{"self":[{"href":"https:\/\/kapitalis.com\/tunisie\/wp-json\/wp\/v2\/posts\/260258","targetHints":{"allow":["GET"]}}],"collection":[{"href":"https:\/\/kapitalis.com\/tunisie\/wp-json\/wp\/v2\/posts"}],"about":[{"href":"https:\/\/kapitalis.com\/tunisie\/wp-json\/wp\/v2\/types\/post"}],"author":[{"embeddable":true,"href":"https:\/\/kapitalis.com\/tunisie\/wp-json\/wp\/v2\/users\/6"}],"replies":[{"embeddable":true,"href":"https:\/\/kapitalis.com\/tunisie\/wp-json\/wp\/v2\/comments?post=260258"}],"version-history":[{"count":0,"href":"https:\/\/kapitalis.com\/tunisie\/wp-json\/wp\/v2\/posts\/260258\/revisions"}],"wp:featuredmedia":[{"embeddable":true,"href":"https:\/\/kapitalis.com\/tunisie\/wp-json\/wp\/v2\/media\/260261"}],"wp:attachment":[{"href":"https:\/\/kapitalis.com\/tunisie\/wp-json\/wp\/v2\/media?parent=260258"}],"wp:term":[{"taxonomy":"category","embeddable":true,"href":"https:\/\/kapitalis.com\/tunisie\/wp-json\/wp\/v2\/categories?post=260258"},{"taxonomy":"post_tag","embeddable":true,"href":"https:\/\/kapitalis.com\/tunisie\/wp-json\/wp\/v2\/tags?post=260258"}],"curies":[{"name":"wp","href":"https:\/\/api.w.org\/{rel}","templated":true}]}}