{"id":260456,"date":"2019-12-02T17:01:43","date_gmt":"2019-12-02T16:01:43","guid":{"rendered":"http:\/\/kapitalis.com\/tunisie\/?p=260456"},"modified":"2019-12-02T17:06:39","modified_gmt":"2019-12-02T16:06:39","slug":"lescrimeur-ferjani-feres-parraine-par-bna-olympic-team-est-nomine-au-prix-honorifique-de-sportif-de-lannee-2019","status":"publish","type":"post","link":"https:\/\/kapitalis.com\/tunisie\/2019\/12\/02\/lescrimeur-ferjani-feres-parraine-par-bna-olympic-team-est-nomine-au-prix-honorifique-de-sportif-de-lannee-2019\/","title":{"rendered":"L&rsquo;escrimeur Ferjani Feres, parrain\u00e9 par BNA Olympic Team, est nomin\u00e9 au prix honorifique de \u00abSportif de l&rsquo;ann\u00e9e 2019\u00bb"},"content":{"rendered":"\n<figure class=\"wp-block-image size-large\"><img decoding=\"async\" src=\"http:\/\/kapitalis.com\/tunisie\/wp-content\/uploads\/2019\/12\/BNA-Olympic-Team-feres-ferjani-nomin\u00e9-TAP.jpg\" alt=\"\" class=\"wp-image-260480\"\/><\/figure>\n\n\n\n<p><strong><em>L&rsquo;Agence Tunis Afrique Presse (<a rel=\"noreferrer noopener\" aria-label=\"TAP (s\u2019ouvre dans un nouvel onglet)\" href=\"https:\/\/www.tap.info.tn\/ar\/poll?ID=301&amp;fbclid=IwAR2ftSH_Xx7BbjR3xvkf8ufEtzuxzMEQC1rE72r_PkIgNkfsynLWlVAXL3k\" target=\"_blank\">TAP<\/a>) a choisi un membre de la BNA Olympic Team, en l&rsquo;occurrence l&rsquo;escrimeur Ferjani Feres, parmi les nomin\u00e9s au prix honorifique de \u00abSportif de l&rsquo;ann\u00e9e 2019\u00bb, lors de son r\u00e9f\u00e9rendum annuel.<\/em><\/strong> <\/p>\n\n\n\n<!--more-->\n\n\n\n<p>Aussi, la BNA Olympic Team invite-t-elle les journalistes sportifs \u00e0 voter en faveur de son poulain. <\/p>\n\n\n\n<p>Et pour cause! Le jeune escrimeur, n\u00e9 en 1997, donc \u00e2g\u00e9 de seulement 22 ans, a remport\u00e9 la m\u00e9daille d&rsquo;or au sabre masculin aux 12e Jeux africains de Rabat, en ao\u00fbt 2019.<\/p>\n\n\n\n<figure class=\"wp-block-image size-large is-resized\"><img decoding=\"async\" src=\"http:\/\/kapitalis.com\/tunisie\/wp-content\/uploads\/2019\/09\/Ferjani-Feres....jpg\" alt=\"\" class=\"wp-image-237030\" width=\"500\"\/><\/figure>\n\n\n\n<p>C&rsquo;est aussi le 1er athl\u00e8te africain \u00e0 atteindre les demi-finales des Jeux Olympiques de la Jeunesse en 2007, et \u00e0 remport\u00e9 \u00e0 l&rsquo;\u00e2ge de 18 ans, 2 m\u00e9dailles aux Jeux africains du Caire en 2015. Une ann\u00e9e o\u00f9 il a \u00e9galement remport\u00e9 2 m\u00e9dailles, lors des Championnats d&rsquo;Afrique d&rsquo;escrime en 2015.<\/p>\n\n\n\n<p>Il a aussi remport\u00e9 plusieurs m\u00e9dailles dans le circuit mondial de la saison 2016-2017.<\/p>\n\n\n\n<p>C&rsquo;est dire combien le palmar\u00e8s riche en distinctions, pour un sportif aussi jeune, m\u00e9rite tous les encouragements.<\/p>\n\n\n\n<p class=\"has-text-align-right\"><strong>A. M.<\/strong><\/p>\n","protected":false},"excerpt":{"rendered":"<p>L&rsquo;Agence Tunis Afrique Presse (TAP) a choisi un membre de la BNA Olympic Team, en l&rsquo;occurrence l&rsquo;escrimeur Ferjani Feres, parmi les nomin\u00e9s au prix honorifique de \u00abSportif de l&rsquo;ann\u00e9e 2019\u00bb, lors de son r\u00e9f\u00e9rendum annuel.<\/p>\n","protected":false},"author":22,"featured_media":260480,"comment_status":"open","ping_status":"open","sticky":false,"template":"","format":"standard","meta":{"footnotes":""},"categories":[999,2433],"tags":[65152,4356,8578,10311],"class_list":["post-260456","post","type-post","status-publish","format-standard","has-post-thumbnail","hentry","category-sport","category-tunisie","tag-bna-olympic-team","tag-le-caire","tag-rabat","tag-tap"],"yoast_head":"<!-- This site is optimized with the Yoast SEO plugin v26.6 - https:\/\/yoast.com\/wordpress\/plugins\/seo\/ -->\n<title>L&#039;escrimeur Ferjani Feres, parrain\u00e9 par BNA Olympic Team, est nomin\u00e9 au prix honorifique de \u00abSportif de l&#039;ann\u00e9e 2019\u00bb - Kapitalis<\/title>\n<meta name=\"robots\" content=\"index, follow, max-snippet:-1, max-image-preview:large, max-video-preview:-1\" \/>\n<link rel=\"canonical\" href=\"https:\/\/kapitalis.com\/tunisie\/2019\/12\/02\/lescrimeur-ferjani-feres-parraine-par-bna-olympic-team-est-nomine-au-prix-honorifique-de-sportif-de-lannee-2019\/\" \/>\n<meta property=\"og:locale\" content=\"fr_FR\" \/>\n<meta property=\"og:type\" content=\"article\" \/>\n<meta property=\"og:title\" content=\"L&#039;escrimeur Ferjani Feres, parrain\u00e9 par BNA Olympic Team, est nomin\u00e9 au prix honorifique de \u00abSportif de l&#039;ann\u00e9e 2019\u00bb - Kapitalis\" \/>\n<meta property=\"og:description\" content=\"L&rsquo;Agence Tunis Afrique Presse (TAP) a choisi un membre de la BNA Olympic Team, en l&rsquo;occurrence l&rsquo;escrimeur Ferjani Feres, parmi les nomin\u00e9s au prix honorifique de \u00abSportif de l&rsquo;ann\u00e9e 2019\u00bb, lors de son r\u00e9f\u00e9rendum annuel.\" \/>\n<meta property=\"og:url\" content=\"https:\/\/kapitalis.com\/tunisie\/2019\/12\/02\/lescrimeur-ferjani-feres-parraine-par-bna-olympic-team-est-nomine-au-prix-honorifique-de-sportif-de-lannee-2019\/\" \/>\n<meta property=\"og:site_name\" content=\"Kapitalis\" \/>\n<meta property=\"article:publisher\" content=\"https:\/\/www.facebook.com\/KapitalisInfo\/\" \/>\n<meta property=\"article:published_time\" content=\"2019-12-02T16:01:43+00:00\" \/>\n<meta property=\"article:modified_time\" content=\"2019-12-02T16:06:39+00:00\" \/>\n<meta property=\"og:image\" content=\"https:\/\/kapitalis.com\/tunisie\/wp-content\/uploads\/2022\/05\/kapitalis-logo-fb.png\" \/>\n\t<meta property=\"og:image:width\" content=\"1200\" \/>\n\t<meta property=\"og:image:height\" content=\"630\" \/>\n\t<meta property=\"og:image:type\" content=\"image\/png\" \/>\n<meta name=\"author\" content=\"Amina Mkada\" \/>\n<meta name=\"twitter:card\" content=\"summary_large_image\" \/>\n<meta name=\"twitter:creator\" content=\"@KapitalisInfo\" \/>\n<meta name=\"twitter:site\" content=\"@KapitalisInfo\" \/>\n<meta name=\"twitter:label1\" content=\"\u00c9crit par\" \/>\n\t<meta name=\"twitter:data1\" content=\"Amina Mkada\" \/>\n\t<meta name=\"twitter:label2\" content=\"Dur\u00e9e de lecture estim\u00e9e\" \/>\n\t<meta name=\"twitter:data2\" content=\"1 minute\" \/>\n<script type=\"application\/ld+json\" class=\"yoast-schema-graph\">{\"@context\":\"https:\/\/schema.org\",\"@graph\":[{\"@type\":\"Article\",\"@id\":\"https:\/\/kapitalis.com\/tunisie\/2019\/12\/02\/lescrimeur-ferjani-feres-parraine-par-bna-olympic-team-est-nomine-au-prix-honorifique-de-sportif-de-lannee-2019\/#article\",\"isPartOf\":{\"@id\":\"https:\/\/kapitalis.com\/tunisie\/2019\/12\/02\/lescrimeur-ferjani-feres-parraine-par-bna-olympic-team-est-nomine-au-prix-honorifique-de-sportif-de-lannee-2019\/\"},\"author\":{\"name\":\"Amina Mkada\",\"@id\":\"https:\/\/kapitalis.com\/tunisie\/#\/schema\/person\/093913313d3017554cb3ad077fff3fbd\"},\"headline\":\"L&rsquo;escrimeur Ferjani Feres, parrain\u00e9 par BNA Olympic Team, est nomin\u00e9 au prix honorifique de \u00abSportif de l&rsquo;ann\u00e9e 2019\u00bb\",\"datePublished\":\"2019-12-02T16:01:43+00:00\",\"dateModified\":\"2019-12-02T16:06:39+00:00\",\"mainEntityOfPage\":{\"@id\":\"https:\/\/kapitalis.com\/tunisie\/2019\/12\/02\/lescrimeur-ferjani-feres-parraine-par-bna-olympic-team-est-nomine-au-prix-honorifique-de-sportif-de-lannee-2019\/\"},\"wordCount\":185,\"commentCount\":0,\"publisher\":{\"@id\":\"https:\/\/kapitalis.com\/tunisie\/#organization\"},\"image\":{\"@id\":\"https:\/\/kapitalis.com\/tunisie\/2019\/12\/02\/lescrimeur-ferjani-feres-parraine-par-bna-olympic-team-est-nomine-au-prix-honorifique-de-sportif-de-lannee-2019\/#primaryimage\"},\"thumbnailUrl\":\"\",\"keywords\":[\"BNA Olympic Team\",\"Le Caire\",\"Rabat\",\"Tap\"],\"articleSection\":[\"SPORT\",\"Tunisie\"],\"inLanguage\":\"fr-FR\",\"potentialAction\":[{\"@type\":\"CommentAction\",\"name\":\"Comment\",\"target\":[\"https:\/\/kapitalis.com\/tunisie\/2019\/12\/02\/lescrimeur-ferjani-feres-parraine-par-bna-olympic-team-est-nomine-au-prix-honorifique-de-sportif-de-lannee-2019\/#respond\"]}]},{\"@type\":\"WebPage\",\"@id\":\"https:\/\/kapitalis.com\/tunisie\/2019\/12\/02\/lescrimeur-ferjani-feres-parraine-par-bna-olympic-team-est-nomine-au-prix-honorifique-de-sportif-de-lannee-2019\/\",\"url\":\"https:\/\/kapitalis.com\/tunisie\/2019\/12\/02\/lescrimeur-ferjani-feres-parraine-par-bna-olympic-team-est-nomine-au-prix-honorifique-de-sportif-de-lannee-2019\/\",\"name\":\"L'escrimeur Ferjani Feres, parrain\u00e9 par BNA Olympic Team, est nomin\u00e9 au prix honorifique de \u00abSportif de l'ann\u00e9e 2019\u00bb - Kapitalis\",\"isPartOf\":{\"@id\":\"https:\/\/kapitalis.com\/tunisie\/#website\"},\"primaryImageOfPage\":{\"@id\":\"https:\/\/kapitalis.com\/tunisie\/2019\/12\/02\/lescrimeur-ferjani-feres-parraine-par-bna-olympic-team-est-nomine-au-prix-honorifique-de-sportif-de-lannee-2019\/#primaryimage\"},\"image\":{\"@id\":\"https:\/\/kapitalis.com\/tunisie\/2019\/12\/02\/lescrimeur-ferjani-feres-parraine-par-bna-olympic-team-est-nomine-au-prix-honorifique-de-sportif-de-lannee-2019\/#primaryimage\"},\"thumbnailUrl\":\"\",\"datePublished\":\"2019-12-02T16:01:43+00:00\",\"dateModified\":\"2019-12-02T16:06:39+00:00\",\"breadcrumb\":{\"@id\":\"https:\/\/kapitalis.com\/tunisie\/2019\/12\/02\/lescrimeur-ferjani-feres-parraine-par-bna-olympic-team-est-nomine-au-prix-honorifique-de-sportif-de-lannee-2019\/#breadcrumb\"},\"inLanguage\":\"fr-FR\",\"potentialAction\":[{\"@type\":\"ReadAction\",\"target\":[\"https:\/\/kapitalis.com\/tunisie\/2019\/12\/02\/lescrimeur-ferjani-feres-parraine-par-bna-olympic-team-est-nomine-au-prix-honorifique-de-sportif-de-lannee-2019\/\"]}]},{\"@type\":\"ImageObject\",\"inLanguage\":\"fr-FR\",\"@id\":\"https:\/\/kapitalis.com\/tunisie\/2019\/12\/02\/lescrimeur-ferjani-feres-parraine-par-bna-olympic-team-est-nomine-au-prix-honorifique-de-sportif-de-lannee-2019\/#primaryimage\",\"url\":\"\",\"contentUrl\":\"\"},{\"@type\":\"BreadcrumbList\",\"@id\":\"https:\/\/kapitalis.com\/tunisie\/2019\/12\/02\/lescrimeur-ferjani-feres-parraine-par-bna-olympic-team-est-nomine-au-prix-honorifique-de-sportif-de-lannee-2019\/#breadcrumb\",\"itemListElement\":[{\"@type\":\"ListItem\",\"position\":1,\"name\":\"Accueil\",\"item\":\"https:\/\/kapitalis.com\/tunisie\/\"},{\"@type\":\"ListItem\",\"position\":2,\"name\":\"L&rsquo;escrimeur Ferjani Feres, parrain\u00e9 par BNA Olympic Team, est nomin\u00e9 au prix honorifique de \u00abSportif de l&rsquo;ann\u00e9e 2019\u00bb\"}]},{\"@type\":\"WebSite\",\"@id\":\"https:\/\/kapitalis.com\/tunisie\/#website\",\"url\":\"https:\/\/kapitalis.com\/tunisie\/\",\"name\":\"Kapitalis\",\"description\":\"L&#039;actualit\u00e9 en Tunisie et dans le monde\",\"publisher\":{\"@id\":\"https:\/\/kapitalis.com\/tunisie\/#organization\"},\"potentialAction\":[{\"@type\":\"SearchAction\",\"target\":{\"@type\":\"EntryPoint\",\"urlTemplate\":\"https:\/\/kapitalis.com\/tunisie\/?s={search_term_string}\"},\"query-input\":{\"@type\":\"PropertyValueSpecification\",\"valueRequired\":true,\"valueName\":\"search_term_string\"}}],\"inLanguage\":\"fr-FR\"},{\"@type\":\"Organization\",\"@id\":\"https:\/\/kapitalis.com\/tunisie\/#organization\",\"name\":\"Kapitalis\",\"url\":\"https:\/\/kapitalis.com\/tunisie\/\",\"logo\":{\"@type\":\"ImageObject\",\"inLanguage\":\"fr-FR\",\"@id\":\"https:\/\/kapitalis.com\/tunisie\/#\/schema\/logo\/image\/\",\"url\":\"https:\/\/kapitalis.com\/tunisie\/wp-content\/uploads\/2022\/05\/Kapitalis-big-size.png\",\"contentUrl\":\"https:\/\/kapitalis.com\/tunisie\/wp-content\/uploads\/2022\/05\/Kapitalis-big-size.png\",\"width\":5000,\"height\":1500,\"caption\":\"Kapitalis\"},\"image\":{\"@id\":\"https:\/\/kapitalis.com\/tunisie\/#\/schema\/logo\/image\/\"},\"sameAs\":[\"https:\/\/www.facebook.com\/KapitalisInfo\/\",\"https:\/\/x.com\/KapitalisInfo\",\"https:\/\/www.youtube.com\/channel\/UC-yDYrHyfFBWWZaOw3FPg9Q\"]},{\"@type\":\"Person\",\"@id\":\"https:\/\/kapitalis.com\/tunisie\/#\/schema\/person\/093913313d3017554cb3ad077fff3fbd\",\"name\":\"Amina Mkada\",\"url\":\"https:\/\/kapitalis.com\/tunisie\/author\/amina\/\"}]}<\/script>\n<!-- \/ Yoast SEO plugin. -->","yoast_head_json":{"title":"L'escrimeur Ferjani Feres, parrain\u00e9 par BNA Olympic Team, est nomin\u00e9 au prix honorifique de \u00abSportif de l'ann\u00e9e 2019\u00bb - Kapitalis","robots":{"index":"index","follow":"follow","max-snippet":"max-snippet:-1","max-image-preview":"max-image-preview:large","max-video-preview":"max-video-preview:-1"},"canonical":"https:\/\/kapitalis.com\/tunisie\/2019\/12\/02\/lescrimeur-ferjani-feres-parraine-par-bna-olympic-team-est-nomine-au-prix-honorifique-de-sportif-de-lannee-2019\/","og_locale":"fr_FR","og_type":"article","og_title":"L'escrimeur Ferjani Feres, parrain\u00e9 par BNA Olympic Team, est nomin\u00e9 au prix honorifique de \u00abSportif de l'ann\u00e9e 2019\u00bb - Kapitalis","og_description":"L&rsquo;Agence Tunis Afrique Presse (TAP) a choisi un membre de la BNA Olympic Team, en l&rsquo;occurrence l&rsquo;escrimeur Ferjani Feres, parmi les nomin\u00e9s au prix honorifique de \u00abSportif de l&rsquo;ann\u00e9e 2019\u00bb, lors de son r\u00e9f\u00e9rendum annuel.","og_url":"https:\/\/kapitalis.com\/tunisie\/2019\/12\/02\/lescrimeur-ferjani-feres-parraine-par-bna-olympic-team-est-nomine-au-prix-honorifique-de-sportif-de-lannee-2019\/","og_site_name":"Kapitalis","article_publisher":"https:\/\/www.facebook.com\/KapitalisInfo\/","article_published_time":"2019-12-02T16:01:43+00:00","article_modified_time":"2019-12-02T16:06:39+00:00","og_image":[{"width":1200,"height":630,"url":"https:\/\/kapitalis.com\/tunisie\/wp-content\/uploads\/2022\/05\/kapitalis-logo-fb.png","type":"image\/png"}],"author":"Amina Mkada","twitter_card":"summary_large_image","twitter_creator":"@KapitalisInfo","twitter_site":"@KapitalisInfo","twitter_misc":{"\u00c9crit par":"Amina Mkada","Dur\u00e9e de lecture estim\u00e9e":"1 minute"},"schema":{"@context":"https:\/\/schema.org","@graph":[{"@type":"Article","@id":"https:\/\/kapitalis.com\/tunisie\/2019\/12\/02\/lescrimeur-ferjani-feres-parraine-par-bna-olympic-team-est-nomine-au-prix-honorifique-de-sportif-de-lannee-2019\/#article","isPartOf":{"@id":"https:\/\/kapitalis.com\/tunisie\/2019\/12\/02\/lescrimeur-ferjani-feres-parraine-par-bna-olympic-team-est-nomine-au-prix-honorifique-de-sportif-de-lannee-2019\/"},"author":{"name":"Amina Mkada","@id":"https:\/\/kapitalis.com\/tunisie\/#\/schema\/person\/093913313d3017554cb3ad077fff3fbd"},"headline":"L&rsquo;escrimeur Ferjani Feres, parrain\u00e9 par BNA Olympic Team, est nomin\u00e9 au prix honorifique de \u00abSportif de l&rsquo;ann\u00e9e 2019\u00bb","datePublished":"2019-12-02T16:01:43+00:00","dateModified":"2019-12-02T16:06:39+00:00","mainEntityOfPage":{"@id":"https:\/\/kapitalis.com\/tunisie\/2019\/12\/02\/lescrimeur-ferjani-feres-parraine-par-bna-olympic-team-est-nomine-au-prix-honorifique-de-sportif-de-lannee-2019\/"},"wordCount":185,"commentCount":0,"publisher":{"@id":"https:\/\/kapitalis.com\/tunisie\/#organization"},"image":{"@id":"https:\/\/kapitalis.com\/tunisie\/2019\/12\/02\/lescrimeur-ferjani-feres-parraine-par-bna-olympic-team-est-nomine-au-prix-honorifique-de-sportif-de-lannee-2019\/#primaryimage"},"thumbnailUrl":"","keywords":["BNA Olympic Team","Le Caire","Rabat","Tap"],"articleSection":["SPORT","Tunisie"],"inLanguage":"fr-FR","potentialAction":[{"@type":"CommentAction","name":"Comment","target":["https:\/\/kapitalis.com\/tunisie\/2019\/12\/02\/lescrimeur-ferjani-feres-parraine-par-bna-olympic-team-est-nomine-au-prix-honorifique-de-sportif-de-lannee-2019\/#respond"]}]},{"@type":"WebPage","@id":"https:\/\/kapitalis.com\/tunisie\/2019\/12\/02\/lescrimeur-ferjani-feres-parraine-par-bna-olympic-team-est-nomine-au-prix-honorifique-de-sportif-de-lannee-2019\/","url":"https:\/\/kapitalis.com\/tunisie\/2019\/12\/02\/lescrimeur-ferjani-feres-parraine-par-bna-olympic-team-est-nomine-au-prix-honorifique-de-sportif-de-lannee-2019\/","name":"L'escrimeur Ferjani Feres, parrain\u00e9 par BNA Olympic Team, est nomin\u00e9 au prix honorifique de \u00abSportif de l'ann\u00e9e 2019\u00bb - Kapitalis","isPartOf":{"@id":"https:\/\/kapitalis.com\/tunisie\/#website"},"primaryImageOfPage":{"@id":"https:\/\/kapitalis.com\/tunisie\/2019\/12\/02\/lescrimeur-ferjani-feres-parraine-par-bna-olympic-team-est-nomine-au-prix-honorifique-de-sportif-de-lannee-2019\/#primaryimage"},"image":{"@id":"https:\/\/kapitalis.com\/tunisie\/2019\/12\/02\/lescrimeur-ferjani-feres-parraine-par-bna-olympic-team-est-nomine-au-prix-honorifique-de-sportif-de-lannee-2019\/#primaryimage"},"thumbnailUrl":"","datePublished":"2019-12-02T16:01:43+00:00","dateModified":"2019-12-02T16:06:39+00:00","breadcrumb":{"@id":"https:\/\/kapitalis.com\/tunisie\/2019\/12\/02\/lescrimeur-ferjani-feres-parraine-par-bna-olympic-team-est-nomine-au-prix-honorifique-de-sportif-de-lannee-2019\/#breadcrumb"},"inLanguage":"fr-FR","potentialAction":[{"@type":"ReadAction","target":["https:\/\/kapitalis.com\/tunisie\/2019\/12\/02\/lescrimeur-ferjani-feres-parraine-par-bna-olympic-team-est-nomine-au-prix-honorifique-de-sportif-de-lannee-2019\/"]}]},{"@type":"ImageObject","inLanguage":"fr-FR","@id":"https:\/\/kapitalis.com\/tunisie\/2019\/12\/02\/lescrimeur-ferjani-feres-parraine-par-bna-olympic-team-est-nomine-au-prix-honorifique-de-sportif-de-lannee-2019\/#primaryimage","url":"","contentUrl":""},{"@type":"BreadcrumbList","@id":"https:\/\/kapitalis.com\/tunisie\/2019\/12\/02\/lescrimeur-ferjani-feres-parraine-par-bna-olympic-team-est-nomine-au-prix-honorifique-de-sportif-de-lannee-2019\/#breadcrumb","itemListElement":[{"@type":"ListItem","position":1,"name":"Accueil","item":"https:\/\/kapitalis.com\/tunisie\/"},{"@type":"ListItem","position":2,"name":"L&rsquo;escrimeur Ferjani Feres, parrain\u00e9 par BNA Olympic Team, est nomin\u00e9 au prix honorifique de \u00abSportif de l&rsquo;ann\u00e9e 2019\u00bb"}]},{"@type":"WebSite","@id":"https:\/\/kapitalis.com\/tunisie\/#website","url":"https:\/\/kapitalis.com\/tunisie\/","name":"Kapitalis","description":"L&#039;actualit\u00e9 en Tunisie et dans le monde","publisher":{"@id":"https:\/\/kapitalis.com\/tunisie\/#organization"},"potentialAction":[{"@type":"SearchAction","target":{"@type":"EntryPoint","urlTemplate":"https:\/\/kapitalis.com\/tunisie\/?s={search_term_string}"},"query-input":{"@type":"PropertyValueSpecification","valueRequired":true,"valueName":"search_term_string"}}],"inLanguage":"fr-FR"},{"@type":"Organization","@id":"https:\/\/kapitalis.com\/tunisie\/#organization","name":"Kapitalis","url":"https:\/\/kapitalis.com\/tunisie\/","logo":{"@type":"ImageObject","inLanguage":"fr-FR","@id":"https:\/\/kapitalis.com\/tunisie\/#\/schema\/logo\/image\/","url":"https:\/\/kapitalis.com\/tunisie\/wp-content\/uploads\/2022\/05\/Kapitalis-big-size.png","contentUrl":"https:\/\/kapitalis.com\/tunisie\/wp-content\/uploads\/2022\/05\/Kapitalis-big-size.png","width":5000,"height":1500,"caption":"Kapitalis"},"image":{"@id":"https:\/\/kapitalis.com\/tunisie\/#\/schema\/logo\/image\/"},"sameAs":["https:\/\/www.facebook.com\/KapitalisInfo\/","https:\/\/x.com\/KapitalisInfo","https:\/\/www.youtube.com\/channel\/UC-yDYrHyfFBWWZaOw3FPg9Q"]},{"@type":"Person","@id":"https:\/\/kapitalis.com\/tunisie\/#\/schema\/person\/093913313d3017554cb3ad077fff3fbd","name":"Amina Mkada","url":"https:\/\/kapitalis.com\/tunisie\/author\/amina\/"}]}},"_links":{"self":[{"href":"https:\/\/kapitalis.com\/tunisie\/wp-json\/wp\/v2\/posts\/260456","targetHints":{"allow":["GET"]}}],"collection":[{"href":"https:\/\/kapitalis.com\/tunisie\/wp-json\/wp\/v2\/posts"}],"about":[{"href":"https:\/\/kapitalis.com\/tunisie\/wp-json\/wp\/v2\/types\/post"}],"author":[{"embeddable":true,"href":"https:\/\/kapitalis.com\/tunisie\/wp-json\/wp\/v2\/users\/22"}],"replies":[{"embeddable":true,"href":"https:\/\/kapitalis.com\/tunisie\/wp-json\/wp\/v2\/comments?post=260456"}],"version-history":[{"count":0,"href":"https:\/\/kapitalis.com\/tunisie\/wp-json\/wp\/v2\/posts\/260456\/revisions"}],"wp:featuredmedia":[{"embeddable":true,"href":"https:\/\/kapitalis.com\/tunisie\/wp-json\/wp\/v2\/media\/260480"}],"wp:attachment":[{"href":"https:\/\/kapitalis.com\/tunisie\/wp-json\/wp\/v2\/media?parent=260456"}],"wp:term":[{"taxonomy":"category","embeddable":true,"href":"https:\/\/kapitalis.com\/tunisie\/wp-json\/wp\/v2\/categories?post=260456"},{"taxonomy":"post_tag","embeddable":true,"href":"https:\/\/kapitalis.com\/tunisie\/wp-json\/wp\/v2\/tags?post=260456"}],"curies":[{"name":"wp","href":"https:\/\/api.w.org\/{rel}","templated":true}]}}