{"id":260641,"date":"2019-12-03T08:10:07","date_gmt":"2019-12-03T07:10:07","guid":{"rendered":"http:\/\/kapitalis.com\/tunisie\/?p=260641"},"modified":"2019-12-03T08:10:09","modified_gmt":"2019-12-03T07:10:09","slug":"orange-fab-tunisie-sept-start-ups-selectionnees-pour-des-contrats-a-linternational","status":"publish","type":"post","link":"https:\/\/kapitalis.com\/tunisie\/2019\/12\/03\/orange-fab-tunisie-sept-start-ups-selectionnees-pour-des-contrats-a-linternational\/","title":{"rendered":"Orange Fab Tunisie : Sept  start-ups s\u00e9lectionn\u00e9es pour des contrats \u00e0 l\u2019international"},"content":{"rendered":"\n<figure class=\"wp-block-image size-large\"><img decoding=\"async\" src=\"http:\/\/kapitalis.com\/tunisie\/wp-content\/uploads\/2019\/12\/Orange-Fab-Tunisie.jpg\" alt=\"\" class=\"wp-image-260642\"\/><\/figure>\n\n\n\n<p><strong><em>Apr\u00e8s une\u00a0<a rel=\"noreferrer noopener\" href=\"https:\/\/orangefab.tn\/start-up-saison1\/\" target=\"_blank\">premi\u00e8re \u00e9dition<\/a>\u00a0r\u00e9ussie, l\u2019acc\u00e9l\u00e9rateur corporate\u00a0<a rel=\"noreferrer noopener\" href=\"https:\/\/orangefab.tn\/\" target=\"_blank\">Orange Fab Tunisie<\/a>\u00a0a d\u00e9cid\u00e9 de continuer dans sa lanc\u00e9e, \u00e0 travers une deuxi\u00e8me saison encore plus prometteuse.<\/em><\/strong><\/p>\n\n\n\n<!--more-->\n\n\n\n<p>Rappelons qu\u2019Orange Fab Tunisie a acc\u00e9l\u00e9r\u00e9 durant la saison 1, un total de 5 start-ups. Cette aventure humaine a \u00e9t\u00e9 couronn\u00e9e par des <em>\u00ab<a rel=\"noreferrer noopener\" href=\"https:\/\/startup.orange.com\/fr\/actualites\/orange-fab-tunisie-saison-1-bravo-aux-laureats\/7\/\" target=\"_blank\">success stories<\/a>\u00bb<\/em>\u00a0: RoamSmart et NextGen, qui ont eu l\u2019opportunit\u00e9 de signer des contrats commerciaux avec le Groupe Orange et la Fondation Orange, boostant ainsi leur d\u00e9veloppement \u00e0 l\u2019\u00e9chelle internationale.<\/p>\n\n\n\n<p>On peut \u00e9galement citer, parmi les start-ups qui ont d\u00e9velopp\u00e9 avec l\u2019op\u00e9rateur, des services hautement innovants sur le march\u00e9: Hexastack qui a d\u00e9velopp\u00e9 avec les \u00e9quipes digitales d\u2019Orange Tunisie<em> \u00abDjingo el Damdoum\u00bb<\/em>, premier chatbot en langue tunisienne sur Messenger, ou encore Wattnow qui \u00e9largie de plus en plus ses scopes techniques et commerciaux, en travaillant \u00e9troitement avec les \u00e9quipes Energie d\u2019Orange Tunisie.<\/p>\n\n\n\n<p>Pour sa deuxi\u00e8me saison, Orange Fab Tunisie a s\u00e9lectionn\u00e9, 7 start-ups prometteuses en fonction de leur secteur d\u2019activit\u00e9 r\u00e9pondant aux objectifs strat\u00e9giques de l\u2019Op\u00e9rateur \u00e0 savoir\u00a0:<\/p>\n\n\n\n<p>&#8211;\u00a0un focus sp\u00e9cifique sur le contenu VAS pour diversifier et ludifier l\u2019exp\u00e9rience des clients d\u2019Orange Tunisie;<\/p>\n\n\n\n<p>&#8211;\u00a0une plus grande efficacit\u00e9 des points de contact avec les clients;<\/p>\n\n\n\n<p>&#8211;\u00a0le d\u00e9veloppement du capital humain et de la marque employeur responsable.<\/p>\n\n\n\n<h3 class=\"wp-block-heading\"><strong>Les 7 start-up\u00a0 de la Saison 2\u00a0:<\/strong><\/h3>\n\n\n\n<p><a href=\"https:\/\/artify.tn\/\" target=\"_blank\" rel=\"noreferrer noopener\"><strong>Artify<\/strong><\/a><strong>&nbsp; (Contenu)<\/strong><\/p>\n\n\n\n<p>Une plate-forme de vid\u00e9o \u00e0 la demande (VOD), de productions audiovisuelles sp\u00e9cialis\u00e9e dans le cin\u00e9ma tunisien. Celle-ci propose un contenu de plus de 70 films et compte prochainement inclure les feuilletons et les pi\u00e8ces th\u00e9\u00e2trales.<\/p>\n\n\n\n<p><a href=\"https:\/\/www.galactechstudio.com\/home.php\" target=\"_blank\" rel=\"noreferrer noopener\"><strong>Galactech<\/strong><\/a><strong>&nbsp;\n(Contenu)<\/strong><\/p>\n\n\n\n<p>Premier agr\u00e9gateur tunisien de contenu VAS pour les jeux vid\u00e9o, VOD, contenu \u00e9ditorial\u00a0faisant office d\u2019interm\u00e9diaire entre les producteurs de contenu et les plateformes de partage en ligne.<\/p>\n\n\n\n<p><a href=\"https:\/\/fabskill.com\/\" target=\"_blank\" rel=\"noreferrer noopener\"><strong>FabSkill<\/strong><\/a><strong>&nbsp;(RH)<\/strong><\/p>\n\n\n\n<p>Un outil RH en ligne bas\u00e9 sur l\u2019intelligence artificielle, le recrutement vid\u00e9o et l\u2019\u00e9valuation des candidats afin d\u2019enrichir le processus de recrutement (profiling, KPIs sur les campagnes,\u2026).<\/p>\n\n\n\n<p><a href=\"https:\/\/www.ng-sign.com\/\" target=\"_blank\" rel=\"noreferrer noopener\"><strong>NGSign<\/strong><\/a><strong>&nbsp;(Digitalisation)<\/strong><\/p>\n\n\n\n<p>Premi\u00e8re plateforme tunisienne de signature \u00e9lectronique en ligne homologu\u00e9e par l&rsquo;ANCE, NG Sign\u00a0garantit l&rsquo;identification du signataire de mani\u00e8re certaine gr\u00e2ce \u00e0 un outil optimis\u00e9, simple \u00e0 utiliser et rapide \u00e0 int\u00e9grer.<\/p>\n\n\n\n<p><a href=\"https:\/\/www.attila.ai\/\" target=\"_blank\" rel=\"noreferrer noopener\"><strong>Attila<\/strong><\/a><strong>&nbsp;(Exp\u00e9rience Client)<\/strong><\/p>\n\n\n\n<p>Solution chatbot focalis\u00e9e sur la compr\u00e9hension et\nl\u2019engagement du client sur le canal digital. Int\u00e9grant l\u2019intelligence\nartificielle pour cr\u00e9er les meilleures interactions avec les clients.<\/p>\n\n\n\n<p><a href=\"https:\/\/www.seemba.com\/\" target=\"_blank\" rel=\"noreferrer noopener\"><strong>Seemba<\/strong><\/a><strong>&nbsp;(Contenu)<\/strong><\/p>\n\n\n\n<p>Solution Plug &amp; Play (SDK) de mon\u00e9tisation de jeux\nsur mobile et qui les transforme en n&rsquo;importe quelle plateforme e-sport.<\/p>\n\n\n\n<p><a href=\"https:\/\/www.f6s.com\/winshot\" target=\"_blank\" rel=\"noreferrer noopener\"><strong>Winshot<\/strong><\/a><strong>&nbsp;(Retail)<\/strong><\/p>\n\n\n\n<p>Une plate-forme d&rsquo;analyse de bout en bout aliment\u00e9e par l&rsquo;intelligence artificielle qui relie les entreprises de grande consommation aux boutiques informelles en Afrique, par l&rsquo;interm\u00e9diaire de collaborateurs ind\u00e9pendants, pour un suivi en temps r\u00e9el des probl\u00e8mes de distribution et des ruptures de stock. L\u2019objectif est d&rsquo;am\u00e9liorer la disponibilit\u00e9 des produits et leur r\u00e9approvisionnement en rayon.<br><\/p>\n\n\n\n<h3 class=\"wp-block-heading\"><strong>Orange Fab Tunisie, que des avantages pour les\nstart-up<\/strong><\/h3>\n\n\n\n<p>Rappelons que ce&nbsp;<a href=\"https:\/\/orangefab.tn\/notre-programme\/\" target=\"_blank\" rel=\"noreferrer noopener\">programme<\/a>&nbsp;est destin\u00e9 aux start-up\ninnovantes ayant une activit\u00e9 de plus de 3 ans et qui r\u00e9pondent aux besoins de\nBusiness Units d\u2019Orange. L\u2019objectif premier d\u2019Orange Fab Tunisie est de cr\u00e9er\ndes partenariats commerciaux entre les start-up et les Business Units d\u2019Orange\nou\/et ses partenaires locaux et internationaux.<\/p>\n\n\n\n<p>Gr\u00e2ce au groupe Orange et ses partenaires, les\nstart-up s\u00e9lectionn\u00e9es b\u00e9n\u00e9ficieront d\u2019un acc\u00e8s au march\u00e9 international et \u00e0 3\n\u00e0 6 mois d\u2019accompagnement sur-mesure. Parmi les avantages que pr\u00e9sente le programme\nd\u2019acc\u00e9l\u00e9ration d\u2019Orange Fab Tunisie, on peut citer&nbsp;:<\/p>\n\n\n\n<p>&#8211; une pr\u00e9sence internationale sur 17 territoires \u00e0 travers le monde;<\/p>\n\n\n\n<p>&#8211; un programme de mentorat personnalis\u00e9 pour r\u00e9pondre aux besoins sp\u00e9cifiques de chacune des start-up s\u00e9lectionn\u00e9es<\/p>\n\n\n\n<p>\u00a0&#8211; l\u2019acc\u00e8s \u00e0 des \u00e9v\u00e9nements nationaux &amp; internationaux<\/p>\n\n\n\n<p>_\nLe&nbsp;<strong><a href=\"https:\/\/www.facebook.com\/watch\/?v=459257118262984\" target=\"_blank\" rel=\"noreferrer noopener\">D\u00e9mo Day<\/a><\/strong>&nbsp;:\nrencontres strat\u00e9giques (investisseurs, grands groupes, r\u00e9seau Orange Fabs\ninternational\u2026 ).&nbsp;<\/p>\n\n\n\n<p><strong>Pour plus d\u2019infos sur\u00a0le<\/strong>\u00a0<a rel=\"noreferrer noopener\" href=\"https:\/\/orangefab.tn\/\" target=\"_blank\">site web d&rsquo;Orange Fab<\/a>, ses pages <a rel=\"noreferrer noopener\" href=\"https:\/\/www.facebook.com\/OrangeFab.TN\" target=\"_blank\">Facebook<\/a>, <a rel=\"noreferrer noopener\" href=\"https:\/\/twitter.com\/OrangeTN_Plus\" target=\"_blank\">Twitter<\/a>, <a rel=\"noreferrer noopener\" href=\"https:\/\/www.instagram.com\/inside.odc\/\" target=\"_blank\">Instagram<\/a>.<\/p>\n\n\n\n<p><strong><em>Source <\/em><\/strong>: communiqu\u00e9. <\/p>\n","protected":false},"excerpt":{"rendered":"<p>Apr\u00e8s une\u00a0premi\u00e8re \u00e9dition\u00a0r\u00e9ussie, l\u2019acc\u00e9l\u00e9rateur corporate\u00a0Orange Fab Tunisie\u00a0a d\u00e9cid\u00e9 de continuer dans sa lanc\u00e9e, \u00e0 travers une deuxi\u00e8me saison encore plus prometteuse.<\/p>\n","protected":false},"author":8,"featured_media":260642,"comment_status":"open","ping_status":"open","sticky":false,"template":"","format":"standard","meta":{"footnotes":""},"categories":[995,2433],"tags":[],"class_list":["post-260641","post","type-post","status-publish","format-standard","has-post-thumbnail","hentry","category-economie","category-tunisie"],"yoast_head":"<!-- This site is optimized with the Yoast SEO plugin v26.6 - https:\/\/yoast.com\/wordpress\/plugins\/seo\/ -->\n<title>Orange Fab Tunisie : Sept start-ups s\u00e9lectionn\u00e9es pour des contrats \u00e0 l\u2019international - Kapitalis<\/title>\n<meta name=\"robots\" content=\"index, follow, max-snippet:-1, max-image-preview:large, max-video-preview:-1\" \/>\n<link rel=\"canonical\" href=\"https:\/\/kapitalis.com\/tunisie\/2019\/12\/03\/orange-fab-tunisie-sept-start-ups-selectionnees-pour-des-contrats-a-linternational\/\" \/>\n<meta property=\"og:locale\" content=\"fr_FR\" \/>\n<meta property=\"og:type\" content=\"article\" \/>\n<meta property=\"og:title\" content=\"Orange Fab Tunisie : Sept start-ups s\u00e9lectionn\u00e9es pour des contrats \u00e0 l\u2019international - Kapitalis\" \/>\n<meta property=\"og:description\" content=\"Apr\u00e8s une\u00a0premi\u00e8re \u00e9dition\u00a0r\u00e9ussie, l\u2019acc\u00e9l\u00e9rateur corporate\u00a0Orange Fab Tunisie\u00a0a d\u00e9cid\u00e9 de continuer dans sa lanc\u00e9e, \u00e0 travers une deuxi\u00e8me saison encore plus prometteuse.\" \/>\n<meta property=\"og:url\" content=\"https:\/\/kapitalis.com\/tunisie\/2019\/12\/03\/orange-fab-tunisie-sept-start-ups-selectionnees-pour-des-contrats-a-linternational\/\" \/>\n<meta property=\"og:site_name\" content=\"Kapitalis\" \/>\n<meta property=\"article:publisher\" content=\"https:\/\/www.facebook.com\/KapitalisInfo\/\" \/>\n<meta property=\"article:published_time\" content=\"2019-12-03T07:10:07+00:00\" \/>\n<meta property=\"article:modified_time\" content=\"2019-12-03T07:10:09+00:00\" \/>\n<meta property=\"og:image\" content=\"https:\/\/kapitalis.com\/tunisie\/wp-content\/uploads\/2022\/05\/kapitalis-logo-fb.png\" \/>\n\t<meta property=\"og:image:width\" content=\"1200\" \/>\n\t<meta property=\"og:image:height\" content=\"630\" \/>\n\t<meta property=\"og:image:type\" content=\"image\/png\" \/>\n<meta name=\"author\" content=\"webmaster kapitalis\" \/>\n<meta name=\"twitter:card\" content=\"summary_large_image\" \/>\n<meta name=\"twitter:creator\" content=\"@KapitalisInfo\" \/>\n<meta name=\"twitter:site\" content=\"@KapitalisInfo\" \/>\n<meta name=\"twitter:label1\" content=\"\u00c9crit par\" \/>\n\t<meta name=\"twitter:data1\" content=\"webmaster kapitalis\" \/>\n\t<meta name=\"twitter:label2\" content=\"Dur\u00e9e de lecture estim\u00e9e\" \/>\n\t<meta name=\"twitter:data2\" content=\"4 minutes\" \/>\n<script type=\"application\/ld+json\" class=\"yoast-schema-graph\">{\"@context\":\"https:\/\/schema.org\",\"@graph\":[{\"@type\":\"Article\",\"@id\":\"https:\/\/kapitalis.com\/tunisie\/2019\/12\/03\/orange-fab-tunisie-sept-start-ups-selectionnees-pour-des-contrats-a-linternational\/#article\",\"isPartOf\":{\"@id\":\"https:\/\/kapitalis.com\/tunisie\/2019\/12\/03\/orange-fab-tunisie-sept-start-ups-selectionnees-pour-des-contrats-a-linternational\/\"},\"author\":{\"name\":\"webmaster kapitalis\",\"@id\":\"https:\/\/kapitalis.com\/tunisie\/#\/schema\/person\/d71f33a9ca44f7bad4698210b480c8e9\"},\"headline\":\"Orange Fab Tunisie : Sept start-ups s\u00e9lectionn\u00e9es pour des contrats \u00e0 l\u2019international\",\"datePublished\":\"2019-12-03T07:10:07+00:00\",\"dateModified\":\"2019-12-03T07:10:09+00:00\",\"mainEntityOfPage\":{\"@id\":\"https:\/\/kapitalis.com\/tunisie\/2019\/12\/03\/orange-fab-tunisie-sept-start-ups-selectionnees-pour-des-contrats-a-linternational\/\"},\"wordCount\":717,\"commentCount\":0,\"publisher\":{\"@id\":\"https:\/\/kapitalis.com\/tunisie\/#organization\"},\"image\":{\"@id\":\"https:\/\/kapitalis.com\/tunisie\/2019\/12\/03\/orange-fab-tunisie-sept-start-ups-selectionnees-pour-des-contrats-a-linternational\/#primaryimage\"},\"thumbnailUrl\":\"\",\"articleSection\":[\"ECONOMIE\",\"Tunisie\"],\"inLanguage\":\"fr-FR\",\"potentialAction\":[{\"@type\":\"CommentAction\",\"name\":\"Comment\",\"target\":[\"https:\/\/kapitalis.com\/tunisie\/2019\/12\/03\/orange-fab-tunisie-sept-start-ups-selectionnees-pour-des-contrats-a-linternational\/#respond\"]}]},{\"@type\":\"WebPage\",\"@id\":\"https:\/\/kapitalis.com\/tunisie\/2019\/12\/03\/orange-fab-tunisie-sept-start-ups-selectionnees-pour-des-contrats-a-linternational\/\",\"url\":\"https:\/\/kapitalis.com\/tunisie\/2019\/12\/03\/orange-fab-tunisie-sept-start-ups-selectionnees-pour-des-contrats-a-linternational\/\",\"name\":\"Orange Fab Tunisie : Sept start-ups s\u00e9lectionn\u00e9es pour des contrats \u00e0 l\u2019international - Kapitalis\",\"isPartOf\":{\"@id\":\"https:\/\/kapitalis.com\/tunisie\/#website\"},\"primaryImageOfPage\":{\"@id\":\"https:\/\/kapitalis.com\/tunisie\/2019\/12\/03\/orange-fab-tunisie-sept-start-ups-selectionnees-pour-des-contrats-a-linternational\/#primaryimage\"},\"image\":{\"@id\":\"https:\/\/kapitalis.com\/tunisie\/2019\/12\/03\/orange-fab-tunisie-sept-start-ups-selectionnees-pour-des-contrats-a-linternational\/#primaryimage\"},\"thumbnailUrl\":\"\",\"datePublished\":\"2019-12-03T07:10:07+00:00\",\"dateModified\":\"2019-12-03T07:10:09+00:00\",\"breadcrumb\":{\"@id\":\"https:\/\/kapitalis.com\/tunisie\/2019\/12\/03\/orange-fab-tunisie-sept-start-ups-selectionnees-pour-des-contrats-a-linternational\/#breadcrumb\"},\"inLanguage\":\"fr-FR\",\"potentialAction\":[{\"@type\":\"ReadAction\",\"target\":[\"https:\/\/kapitalis.com\/tunisie\/2019\/12\/03\/orange-fab-tunisie-sept-start-ups-selectionnees-pour-des-contrats-a-linternational\/\"]}]},{\"@type\":\"ImageObject\",\"inLanguage\":\"fr-FR\",\"@id\":\"https:\/\/kapitalis.com\/tunisie\/2019\/12\/03\/orange-fab-tunisie-sept-start-ups-selectionnees-pour-des-contrats-a-linternational\/#primaryimage\",\"url\":\"\",\"contentUrl\":\"\"},{\"@type\":\"BreadcrumbList\",\"@id\":\"https:\/\/kapitalis.com\/tunisie\/2019\/12\/03\/orange-fab-tunisie-sept-start-ups-selectionnees-pour-des-contrats-a-linternational\/#breadcrumb\",\"itemListElement\":[{\"@type\":\"ListItem\",\"position\":1,\"name\":\"Accueil\",\"item\":\"https:\/\/kapitalis.com\/tunisie\/\"},{\"@type\":\"ListItem\",\"position\":2,\"name\":\"Orange Fab Tunisie : Sept start-ups s\u00e9lectionn\u00e9es pour des contrats \u00e0 l\u2019international\"}]},{\"@type\":\"WebSite\",\"@id\":\"https:\/\/kapitalis.com\/tunisie\/#website\",\"url\":\"https:\/\/kapitalis.com\/tunisie\/\",\"name\":\"Kapitalis\",\"description\":\"L&#039;actualit\u00e9 en Tunisie et dans le monde\",\"publisher\":{\"@id\":\"https:\/\/kapitalis.com\/tunisie\/#organization\"},\"potentialAction\":[{\"@type\":\"SearchAction\",\"target\":{\"@type\":\"EntryPoint\",\"urlTemplate\":\"https:\/\/kapitalis.com\/tunisie\/?s={search_term_string}\"},\"query-input\":{\"@type\":\"PropertyValueSpecification\",\"valueRequired\":true,\"valueName\":\"search_term_string\"}}],\"inLanguage\":\"fr-FR\"},{\"@type\":\"Organization\",\"@id\":\"https:\/\/kapitalis.com\/tunisie\/#organization\",\"name\":\"Kapitalis\",\"url\":\"https:\/\/kapitalis.com\/tunisie\/\",\"logo\":{\"@type\":\"ImageObject\",\"inLanguage\":\"fr-FR\",\"@id\":\"https:\/\/kapitalis.com\/tunisie\/#\/schema\/logo\/image\/\",\"url\":\"https:\/\/kapitalis.com\/tunisie\/wp-content\/uploads\/2022\/05\/Kapitalis-big-size.png\",\"contentUrl\":\"https:\/\/kapitalis.com\/tunisie\/wp-content\/uploads\/2022\/05\/Kapitalis-big-size.png\",\"width\":5000,\"height\":1500,\"caption\":\"Kapitalis\"},\"image\":{\"@id\":\"https:\/\/kapitalis.com\/tunisie\/#\/schema\/logo\/image\/\"},\"sameAs\":[\"https:\/\/www.facebook.com\/KapitalisInfo\/\",\"https:\/\/x.com\/KapitalisInfo\",\"https:\/\/www.youtube.com\/channel\/UC-yDYrHyfFBWWZaOw3FPg9Q\"]},{\"@type\":\"Person\",\"@id\":\"https:\/\/kapitalis.com\/tunisie\/#\/schema\/person\/d71f33a9ca44f7bad4698210b480c8e9\",\"name\":\"webmaster kapitalis\",\"url\":\"https:\/\/kapitalis.com\/tunisie\/author\/webmaster-kapitalis\/\"}]}<\/script>\n<!-- \/ Yoast SEO plugin. -->","yoast_head_json":{"title":"Orange Fab Tunisie : Sept start-ups s\u00e9lectionn\u00e9es pour des contrats \u00e0 l\u2019international - Kapitalis","robots":{"index":"index","follow":"follow","max-snippet":"max-snippet:-1","max-image-preview":"max-image-preview:large","max-video-preview":"max-video-preview:-1"},"canonical":"https:\/\/kapitalis.com\/tunisie\/2019\/12\/03\/orange-fab-tunisie-sept-start-ups-selectionnees-pour-des-contrats-a-linternational\/","og_locale":"fr_FR","og_type":"article","og_title":"Orange Fab Tunisie : Sept start-ups s\u00e9lectionn\u00e9es pour des contrats \u00e0 l\u2019international - Kapitalis","og_description":"Apr\u00e8s une\u00a0premi\u00e8re \u00e9dition\u00a0r\u00e9ussie, l\u2019acc\u00e9l\u00e9rateur corporate\u00a0Orange Fab Tunisie\u00a0a d\u00e9cid\u00e9 de continuer dans sa lanc\u00e9e, \u00e0 travers une deuxi\u00e8me saison encore plus prometteuse.","og_url":"https:\/\/kapitalis.com\/tunisie\/2019\/12\/03\/orange-fab-tunisie-sept-start-ups-selectionnees-pour-des-contrats-a-linternational\/","og_site_name":"Kapitalis","article_publisher":"https:\/\/www.facebook.com\/KapitalisInfo\/","article_published_time":"2019-12-03T07:10:07+00:00","article_modified_time":"2019-12-03T07:10:09+00:00","og_image":[{"width":1200,"height":630,"url":"https:\/\/kapitalis.com\/tunisie\/wp-content\/uploads\/2022\/05\/kapitalis-logo-fb.png","type":"image\/png"}],"author":"webmaster kapitalis","twitter_card":"summary_large_image","twitter_creator":"@KapitalisInfo","twitter_site":"@KapitalisInfo","twitter_misc":{"\u00c9crit par":"webmaster kapitalis","Dur\u00e9e de lecture estim\u00e9e":"4 minutes"},"schema":{"@context":"https:\/\/schema.org","@graph":[{"@type":"Article","@id":"https:\/\/kapitalis.com\/tunisie\/2019\/12\/03\/orange-fab-tunisie-sept-start-ups-selectionnees-pour-des-contrats-a-linternational\/#article","isPartOf":{"@id":"https:\/\/kapitalis.com\/tunisie\/2019\/12\/03\/orange-fab-tunisie-sept-start-ups-selectionnees-pour-des-contrats-a-linternational\/"},"author":{"name":"webmaster kapitalis","@id":"https:\/\/kapitalis.com\/tunisie\/#\/schema\/person\/d71f33a9ca44f7bad4698210b480c8e9"},"headline":"Orange Fab Tunisie : Sept start-ups s\u00e9lectionn\u00e9es pour des contrats \u00e0 l\u2019international","datePublished":"2019-12-03T07:10:07+00:00","dateModified":"2019-12-03T07:10:09+00:00","mainEntityOfPage":{"@id":"https:\/\/kapitalis.com\/tunisie\/2019\/12\/03\/orange-fab-tunisie-sept-start-ups-selectionnees-pour-des-contrats-a-linternational\/"},"wordCount":717,"commentCount":0,"publisher":{"@id":"https:\/\/kapitalis.com\/tunisie\/#organization"},"image":{"@id":"https:\/\/kapitalis.com\/tunisie\/2019\/12\/03\/orange-fab-tunisie-sept-start-ups-selectionnees-pour-des-contrats-a-linternational\/#primaryimage"},"thumbnailUrl":"","articleSection":["ECONOMIE","Tunisie"],"inLanguage":"fr-FR","potentialAction":[{"@type":"CommentAction","name":"Comment","target":["https:\/\/kapitalis.com\/tunisie\/2019\/12\/03\/orange-fab-tunisie-sept-start-ups-selectionnees-pour-des-contrats-a-linternational\/#respond"]}]},{"@type":"WebPage","@id":"https:\/\/kapitalis.com\/tunisie\/2019\/12\/03\/orange-fab-tunisie-sept-start-ups-selectionnees-pour-des-contrats-a-linternational\/","url":"https:\/\/kapitalis.com\/tunisie\/2019\/12\/03\/orange-fab-tunisie-sept-start-ups-selectionnees-pour-des-contrats-a-linternational\/","name":"Orange Fab Tunisie : Sept start-ups s\u00e9lectionn\u00e9es pour des contrats \u00e0 l\u2019international - Kapitalis","isPartOf":{"@id":"https:\/\/kapitalis.com\/tunisie\/#website"},"primaryImageOfPage":{"@id":"https:\/\/kapitalis.com\/tunisie\/2019\/12\/03\/orange-fab-tunisie-sept-start-ups-selectionnees-pour-des-contrats-a-linternational\/#primaryimage"},"image":{"@id":"https:\/\/kapitalis.com\/tunisie\/2019\/12\/03\/orange-fab-tunisie-sept-start-ups-selectionnees-pour-des-contrats-a-linternational\/#primaryimage"},"thumbnailUrl":"","datePublished":"2019-12-03T07:10:07+00:00","dateModified":"2019-12-03T07:10:09+00:00","breadcrumb":{"@id":"https:\/\/kapitalis.com\/tunisie\/2019\/12\/03\/orange-fab-tunisie-sept-start-ups-selectionnees-pour-des-contrats-a-linternational\/#breadcrumb"},"inLanguage":"fr-FR","potentialAction":[{"@type":"ReadAction","target":["https:\/\/kapitalis.com\/tunisie\/2019\/12\/03\/orange-fab-tunisie-sept-start-ups-selectionnees-pour-des-contrats-a-linternational\/"]}]},{"@type":"ImageObject","inLanguage":"fr-FR","@id":"https:\/\/kapitalis.com\/tunisie\/2019\/12\/03\/orange-fab-tunisie-sept-start-ups-selectionnees-pour-des-contrats-a-linternational\/#primaryimage","url":"","contentUrl":""},{"@type":"BreadcrumbList","@id":"https:\/\/kapitalis.com\/tunisie\/2019\/12\/03\/orange-fab-tunisie-sept-start-ups-selectionnees-pour-des-contrats-a-linternational\/#breadcrumb","itemListElement":[{"@type":"ListItem","position":1,"name":"Accueil","item":"https:\/\/kapitalis.com\/tunisie\/"},{"@type":"ListItem","position":2,"name":"Orange Fab Tunisie : Sept start-ups s\u00e9lectionn\u00e9es pour des contrats \u00e0 l\u2019international"}]},{"@type":"WebSite","@id":"https:\/\/kapitalis.com\/tunisie\/#website","url":"https:\/\/kapitalis.com\/tunisie\/","name":"Kapitalis","description":"L&#039;actualit\u00e9 en Tunisie et dans le monde","publisher":{"@id":"https:\/\/kapitalis.com\/tunisie\/#organization"},"potentialAction":[{"@type":"SearchAction","target":{"@type":"EntryPoint","urlTemplate":"https:\/\/kapitalis.com\/tunisie\/?s={search_term_string}"},"query-input":{"@type":"PropertyValueSpecification","valueRequired":true,"valueName":"search_term_string"}}],"inLanguage":"fr-FR"},{"@type":"Organization","@id":"https:\/\/kapitalis.com\/tunisie\/#organization","name":"Kapitalis","url":"https:\/\/kapitalis.com\/tunisie\/","logo":{"@type":"ImageObject","inLanguage":"fr-FR","@id":"https:\/\/kapitalis.com\/tunisie\/#\/schema\/logo\/image\/","url":"https:\/\/kapitalis.com\/tunisie\/wp-content\/uploads\/2022\/05\/Kapitalis-big-size.png","contentUrl":"https:\/\/kapitalis.com\/tunisie\/wp-content\/uploads\/2022\/05\/Kapitalis-big-size.png","width":5000,"height":1500,"caption":"Kapitalis"},"image":{"@id":"https:\/\/kapitalis.com\/tunisie\/#\/schema\/logo\/image\/"},"sameAs":["https:\/\/www.facebook.com\/KapitalisInfo\/","https:\/\/x.com\/KapitalisInfo","https:\/\/www.youtube.com\/channel\/UC-yDYrHyfFBWWZaOw3FPg9Q"]},{"@type":"Person","@id":"https:\/\/kapitalis.com\/tunisie\/#\/schema\/person\/d71f33a9ca44f7bad4698210b480c8e9","name":"webmaster kapitalis","url":"https:\/\/kapitalis.com\/tunisie\/author\/webmaster-kapitalis\/"}]}},"_links":{"self":[{"href":"https:\/\/kapitalis.com\/tunisie\/wp-json\/wp\/v2\/posts\/260641","targetHints":{"allow":["GET"]}}],"collection":[{"href":"https:\/\/kapitalis.com\/tunisie\/wp-json\/wp\/v2\/posts"}],"about":[{"href":"https:\/\/kapitalis.com\/tunisie\/wp-json\/wp\/v2\/types\/post"}],"author":[{"embeddable":true,"href":"https:\/\/kapitalis.com\/tunisie\/wp-json\/wp\/v2\/users\/8"}],"replies":[{"embeddable":true,"href":"https:\/\/kapitalis.com\/tunisie\/wp-json\/wp\/v2\/comments?post=260641"}],"version-history":[{"count":0,"href":"https:\/\/kapitalis.com\/tunisie\/wp-json\/wp\/v2\/posts\/260641\/revisions"}],"wp:featuredmedia":[{"embeddable":true,"href":"https:\/\/kapitalis.com\/tunisie\/wp-json\/wp\/v2\/media\/260642"}],"wp:attachment":[{"href":"https:\/\/kapitalis.com\/tunisie\/wp-json\/wp\/v2\/media?parent=260641"}],"wp:term":[{"taxonomy":"category","embeddable":true,"href":"https:\/\/kapitalis.com\/tunisie\/wp-json\/wp\/v2\/categories?post=260641"},{"taxonomy":"post_tag","embeddable":true,"href":"https:\/\/kapitalis.com\/tunisie\/wp-json\/wp\/v2\/tags?post=260641"}],"curies":[{"name":"wp","href":"https:\/\/api.w.org\/{rel}","templated":true}]}}