{"id":260706,"date":"2019-12-03T11:27:42","date_gmt":"2019-12-03T10:27:42","guid":{"rendered":"http:\/\/kapitalis.com\/tunisie\/?p=260706"},"modified":"2019-12-03T13:03:28","modified_gmt":"2019-12-03T12:03:28","slug":"la-societe-tunisienne-tragedel-va-alimenter-le-reseau-electrique-de-la-rdc","status":"publish","type":"post","link":"https:\/\/kapitalis.com\/tunisie\/2019\/12\/03\/la-societe-tunisienne-tragedel-va-alimenter-le-reseau-electrique-de-la-rdc\/","title":{"rendered":"La soci\u00e9t\u00e9 tunisienne Tragedel va alimenter le r\u00e9seau \u00e9lectrique de la R\u00e9publique centrafricaine"},"content":{"rendered":"\n<figure class=\"wp-block-image size-large\"><img decoding=\"async\" src=\"http:\/\/kapitalis.com\/tunisie\/wp-content\/uploads\/2019\/12\/Tragedel-Clarke-Energy-RCC-....jpg\" alt=\"\" class=\"wp-image-260752\"\/><\/figure>\n\n\n\n<p><strong><em>C&rsquo;est \u00e0 la soci\u00e9t\u00e9 tunisienne <a rel=\"noreferrer noopener\" aria-label=\"Tragedel (s\u2019ouvre dans un nouvel onglet)\" href=\"https:\/\/www.clarke-energy.com\/fr\/2019\/tragedel-kohler-power\/\" target=\"_blank\">Tragedel<\/a> qu&rsquo;il reviendra le projet  d&rsquo;alimenter le r\u00e9seau \u00e9lectrique de la R\u00e9publique centrafricaine (RCC), en groupes \u00e9lectrog\u00e8nes.<\/em><\/strong><\/p>\n\n\n\n<!--more-->\n\n\n\n<p>Le projet d&rsquo;alimentation du r\u00e9seau \u00e9lectrique qui est g\u00e9r\u00e9 par l\u2019entreprise publique Enerca (\u00e9quivalente de la Soci\u00e9t\u00e9 tunisienne d&rsquo;\u00e9lectricit\u00e9 et de gaz en Tunisie &#8211; Steg) et financ\u00e9 par le Fonds saoudien pour le d\u00e9veloppement (FSD), va apporter 10&nbsp;m\u00e9gawatts (MW) suppl\u00e9mentaires \u00e0 Bangui, la capitale, am\u00e9liorant ainsi les conditions de vie de la population qui subit des coupures de courant quotidiennes pendant plusieurs heures. <\/p>\n\n\n\n<p>L\u2019objectif du projet vise \u00e9galement \u00e0 r\u00e9duire le taux de d\u00e9lestage et celui de l\u2019ins\u00e9curit\u00e9 dans la ville.<\/p>\n\n\n\n<p>La tunisienne Tragedel est l\u2019entrepreneur principal du projet. Elle a s\u00e9lectionn\u00e9 Clarke Energy vu sa capacit\u00e9 \u00e0 g\u00e9rer plusieurs sp\u00e9cifications. <\/p>\n\n\n\n<p>Celle-ci fournira 4 groupes \u00e9lectrog\u00e8nes diesel \u00e0 Tragedel qui alimentera le r\u00e9seau \u00e9lectrique du RCC. Ces nouvelles unit\u00e9s permettront \u00e9galement la mise en \u0153uvre de la grosse maintenance pour la centrale hydro\u00e9lectrique existante de Bangui, en limitant son impact. <\/p>\n\n\n\n<p>Notons que Tragedel jouit d&rsquo;une exp\u00e9rience de 30 ans dans le secteur de l&rsquo;\u00e9lectricit\u00e9 industrielle, du c\u00e2blage int\u00e9rieur des usines, des lignes MT et BT a\u00e9rien ou souterrain, de l&rsquo;\u00e9quipement des postes ma\u00e7onner ou accroch\u00e9s sur poteau, et de l&rsquo;\u00e9clairage public. <\/p>\n\n\n\n<p class=\"has-text-align-right\"><strong>A. M.<\/strong><\/p>\n","protected":false},"excerpt":{"rendered":"<p>C&rsquo;est \u00e0 la soci\u00e9t\u00e9 tunisienne Tragedel qu&rsquo;il reviendra le projet d&rsquo;alimenter le r\u00e9seau \u00e9lectrique de la R\u00e9publique centrafricaine (RCC), en groupes \u00e9lectrog\u00e8nes.<\/p>\n","protected":false},"author":22,"featured_media":260752,"comment_status":"open","ping_status":"open","sticky":false,"template":"","format":"standard","meta":{"footnotes":""},"categories":[995,2433],"tags":[35880,3763],"class_list":["post-260706","post","type-post","status-publish","format-standard","has-post-thumbnail","hentry","category-economie","category-tunisie","tag-rdc","tag-steg"],"yoast_head":"<!-- This site is optimized with the Yoast SEO plugin v26.6 - https:\/\/yoast.com\/wordpress\/plugins\/seo\/ -->\n<title>La soci\u00e9t\u00e9 tunisienne Tragedel va alimenter le r\u00e9seau \u00e9lectrique de la R\u00e9publique centrafricaine - Kapitalis<\/title>\n<meta name=\"robots\" content=\"index, follow, max-snippet:-1, max-image-preview:large, max-video-preview:-1\" \/>\n<link rel=\"canonical\" href=\"https:\/\/kapitalis.com\/tunisie\/2019\/12\/03\/la-societe-tunisienne-tragedel-va-alimenter-le-reseau-electrique-de-la-rdc\/\" \/>\n<meta property=\"og:locale\" content=\"fr_FR\" \/>\n<meta property=\"og:type\" content=\"article\" \/>\n<meta property=\"og:title\" content=\"La soci\u00e9t\u00e9 tunisienne Tragedel va alimenter le r\u00e9seau \u00e9lectrique de la R\u00e9publique centrafricaine - Kapitalis\" \/>\n<meta property=\"og:description\" content=\"C&rsquo;est \u00e0 la soci\u00e9t\u00e9 tunisienne Tragedel qu&rsquo;il reviendra le projet d&rsquo;alimenter le r\u00e9seau \u00e9lectrique de la R\u00e9publique centrafricaine (RCC), en groupes \u00e9lectrog\u00e8nes.\" \/>\n<meta property=\"og:url\" content=\"https:\/\/kapitalis.com\/tunisie\/2019\/12\/03\/la-societe-tunisienne-tragedel-va-alimenter-le-reseau-electrique-de-la-rdc\/\" \/>\n<meta property=\"og:site_name\" content=\"Kapitalis\" \/>\n<meta property=\"article:publisher\" content=\"https:\/\/www.facebook.com\/KapitalisInfo\/\" \/>\n<meta property=\"article:published_time\" content=\"2019-12-03T10:27:42+00:00\" \/>\n<meta property=\"article:modified_time\" content=\"2019-12-03T12:03:28+00:00\" \/>\n<meta property=\"og:image\" content=\"https:\/\/kapitalis.com\/tunisie\/wp-content\/uploads\/2022\/05\/kapitalis-logo-fb.png\" \/>\n\t<meta property=\"og:image:width\" content=\"1200\" \/>\n\t<meta property=\"og:image:height\" content=\"630\" \/>\n\t<meta property=\"og:image:type\" content=\"image\/png\" \/>\n<meta name=\"author\" content=\"Amina Mkada\" \/>\n<meta name=\"twitter:card\" content=\"summary_large_image\" \/>\n<meta name=\"twitter:creator\" content=\"@KapitalisInfo\" \/>\n<meta name=\"twitter:site\" content=\"@KapitalisInfo\" \/>\n<meta name=\"twitter:label1\" content=\"\u00c9crit par\" \/>\n\t<meta name=\"twitter:data1\" content=\"Amina Mkada\" \/>\n\t<meta name=\"twitter:label2\" content=\"Dur\u00e9e de lecture estim\u00e9e\" \/>\n\t<meta name=\"twitter:data2\" content=\"1 minute\" \/>\n<script type=\"application\/ld+json\" class=\"yoast-schema-graph\">{\"@context\":\"https:\/\/schema.org\",\"@graph\":[{\"@type\":\"Article\",\"@id\":\"https:\/\/kapitalis.com\/tunisie\/2019\/12\/03\/la-societe-tunisienne-tragedel-va-alimenter-le-reseau-electrique-de-la-rdc\/#article\",\"isPartOf\":{\"@id\":\"https:\/\/kapitalis.com\/tunisie\/2019\/12\/03\/la-societe-tunisienne-tragedel-va-alimenter-le-reseau-electrique-de-la-rdc\/\"},\"author\":{\"name\":\"Amina Mkada\",\"@id\":\"https:\/\/kapitalis.com\/tunisie\/#\/schema\/person\/093913313d3017554cb3ad077fff3fbd\"},\"headline\":\"La soci\u00e9t\u00e9 tunisienne Tragedel va alimenter le r\u00e9seau \u00e9lectrique de la R\u00e9publique centrafricaine\",\"datePublished\":\"2019-12-03T10:27:42+00:00\",\"dateModified\":\"2019-12-03T12:03:28+00:00\",\"mainEntityOfPage\":{\"@id\":\"https:\/\/kapitalis.com\/tunisie\/2019\/12\/03\/la-societe-tunisienne-tragedel-va-alimenter-le-reseau-electrique-de-la-rdc\/\"},\"wordCount\":251,\"commentCount\":1,\"publisher\":{\"@id\":\"https:\/\/kapitalis.com\/tunisie\/#organization\"},\"image\":{\"@id\":\"https:\/\/kapitalis.com\/tunisie\/2019\/12\/03\/la-societe-tunisienne-tragedel-va-alimenter-le-reseau-electrique-de-la-rdc\/#primaryimage\"},\"thumbnailUrl\":\"\",\"keywords\":[\"RDC\",\"Steg\"],\"articleSection\":[\"ECONOMIE\",\"Tunisie\"],\"inLanguage\":\"fr-FR\",\"potentialAction\":[{\"@type\":\"CommentAction\",\"name\":\"Comment\",\"target\":[\"https:\/\/kapitalis.com\/tunisie\/2019\/12\/03\/la-societe-tunisienne-tragedel-va-alimenter-le-reseau-electrique-de-la-rdc\/#respond\"]}]},{\"@type\":\"WebPage\",\"@id\":\"https:\/\/kapitalis.com\/tunisie\/2019\/12\/03\/la-societe-tunisienne-tragedel-va-alimenter-le-reseau-electrique-de-la-rdc\/\",\"url\":\"https:\/\/kapitalis.com\/tunisie\/2019\/12\/03\/la-societe-tunisienne-tragedel-va-alimenter-le-reseau-electrique-de-la-rdc\/\",\"name\":\"La soci\u00e9t\u00e9 tunisienne Tragedel va alimenter le r\u00e9seau \u00e9lectrique de la R\u00e9publique centrafricaine - Kapitalis\",\"isPartOf\":{\"@id\":\"https:\/\/kapitalis.com\/tunisie\/#website\"},\"primaryImageOfPage\":{\"@id\":\"https:\/\/kapitalis.com\/tunisie\/2019\/12\/03\/la-societe-tunisienne-tragedel-va-alimenter-le-reseau-electrique-de-la-rdc\/#primaryimage\"},\"image\":{\"@id\":\"https:\/\/kapitalis.com\/tunisie\/2019\/12\/03\/la-societe-tunisienne-tragedel-va-alimenter-le-reseau-electrique-de-la-rdc\/#primaryimage\"},\"thumbnailUrl\":\"\",\"datePublished\":\"2019-12-03T10:27:42+00:00\",\"dateModified\":\"2019-12-03T12:03:28+00:00\",\"breadcrumb\":{\"@id\":\"https:\/\/kapitalis.com\/tunisie\/2019\/12\/03\/la-societe-tunisienne-tragedel-va-alimenter-le-reseau-electrique-de-la-rdc\/#breadcrumb\"},\"inLanguage\":\"fr-FR\",\"potentialAction\":[{\"@type\":\"ReadAction\",\"target\":[\"https:\/\/kapitalis.com\/tunisie\/2019\/12\/03\/la-societe-tunisienne-tragedel-va-alimenter-le-reseau-electrique-de-la-rdc\/\"]}]},{\"@type\":\"ImageObject\",\"inLanguage\":\"fr-FR\",\"@id\":\"https:\/\/kapitalis.com\/tunisie\/2019\/12\/03\/la-societe-tunisienne-tragedel-va-alimenter-le-reseau-electrique-de-la-rdc\/#primaryimage\",\"url\":\"\",\"contentUrl\":\"\"},{\"@type\":\"BreadcrumbList\",\"@id\":\"https:\/\/kapitalis.com\/tunisie\/2019\/12\/03\/la-societe-tunisienne-tragedel-va-alimenter-le-reseau-electrique-de-la-rdc\/#breadcrumb\",\"itemListElement\":[{\"@type\":\"ListItem\",\"position\":1,\"name\":\"Accueil\",\"item\":\"https:\/\/kapitalis.com\/tunisie\/\"},{\"@type\":\"ListItem\",\"position\":2,\"name\":\"La soci\u00e9t\u00e9 tunisienne Tragedel va alimenter le r\u00e9seau \u00e9lectrique de la R\u00e9publique centrafricaine\"}]},{\"@type\":\"WebSite\",\"@id\":\"https:\/\/kapitalis.com\/tunisie\/#website\",\"url\":\"https:\/\/kapitalis.com\/tunisie\/\",\"name\":\"Kapitalis\",\"description\":\"L&#039;actualit\u00e9 en Tunisie et dans le monde\",\"publisher\":{\"@id\":\"https:\/\/kapitalis.com\/tunisie\/#organization\"},\"potentialAction\":[{\"@type\":\"SearchAction\",\"target\":{\"@type\":\"EntryPoint\",\"urlTemplate\":\"https:\/\/kapitalis.com\/tunisie\/?s={search_term_string}\"},\"query-input\":{\"@type\":\"PropertyValueSpecification\",\"valueRequired\":true,\"valueName\":\"search_term_string\"}}],\"inLanguage\":\"fr-FR\"},{\"@type\":\"Organization\",\"@id\":\"https:\/\/kapitalis.com\/tunisie\/#organization\",\"name\":\"Kapitalis\",\"url\":\"https:\/\/kapitalis.com\/tunisie\/\",\"logo\":{\"@type\":\"ImageObject\",\"inLanguage\":\"fr-FR\",\"@id\":\"https:\/\/kapitalis.com\/tunisie\/#\/schema\/logo\/image\/\",\"url\":\"https:\/\/kapitalis.com\/tunisie\/wp-content\/uploads\/2022\/05\/Kapitalis-big-size.png\",\"contentUrl\":\"https:\/\/kapitalis.com\/tunisie\/wp-content\/uploads\/2022\/05\/Kapitalis-big-size.png\",\"width\":5000,\"height\":1500,\"caption\":\"Kapitalis\"},\"image\":{\"@id\":\"https:\/\/kapitalis.com\/tunisie\/#\/schema\/logo\/image\/\"},\"sameAs\":[\"https:\/\/www.facebook.com\/KapitalisInfo\/\",\"https:\/\/x.com\/KapitalisInfo\",\"https:\/\/www.youtube.com\/channel\/UC-yDYrHyfFBWWZaOw3FPg9Q\"]},{\"@type\":\"Person\",\"@id\":\"https:\/\/kapitalis.com\/tunisie\/#\/schema\/person\/093913313d3017554cb3ad077fff3fbd\",\"name\":\"Amina Mkada\",\"url\":\"https:\/\/kapitalis.com\/tunisie\/author\/amina\/\"}]}<\/script>\n<!-- \/ Yoast SEO plugin. -->","yoast_head_json":{"title":"La soci\u00e9t\u00e9 tunisienne Tragedel va alimenter le r\u00e9seau \u00e9lectrique de la R\u00e9publique centrafricaine - Kapitalis","robots":{"index":"index","follow":"follow","max-snippet":"max-snippet:-1","max-image-preview":"max-image-preview:large","max-video-preview":"max-video-preview:-1"},"canonical":"https:\/\/kapitalis.com\/tunisie\/2019\/12\/03\/la-societe-tunisienne-tragedel-va-alimenter-le-reseau-electrique-de-la-rdc\/","og_locale":"fr_FR","og_type":"article","og_title":"La soci\u00e9t\u00e9 tunisienne Tragedel va alimenter le r\u00e9seau \u00e9lectrique de la R\u00e9publique centrafricaine - Kapitalis","og_description":"C&rsquo;est \u00e0 la soci\u00e9t\u00e9 tunisienne Tragedel qu&rsquo;il reviendra le projet d&rsquo;alimenter le r\u00e9seau \u00e9lectrique de la R\u00e9publique centrafricaine (RCC), en groupes \u00e9lectrog\u00e8nes.","og_url":"https:\/\/kapitalis.com\/tunisie\/2019\/12\/03\/la-societe-tunisienne-tragedel-va-alimenter-le-reseau-electrique-de-la-rdc\/","og_site_name":"Kapitalis","article_publisher":"https:\/\/www.facebook.com\/KapitalisInfo\/","article_published_time":"2019-12-03T10:27:42+00:00","article_modified_time":"2019-12-03T12:03:28+00:00","og_image":[{"width":1200,"height":630,"url":"https:\/\/kapitalis.com\/tunisie\/wp-content\/uploads\/2022\/05\/kapitalis-logo-fb.png","type":"image\/png"}],"author":"Amina Mkada","twitter_card":"summary_large_image","twitter_creator":"@KapitalisInfo","twitter_site":"@KapitalisInfo","twitter_misc":{"\u00c9crit par":"Amina Mkada","Dur\u00e9e de lecture estim\u00e9e":"1 minute"},"schema":{"@context":"https:\/\/schema.org","@graph":[{"@type":"Article","@id":"https:\/\/kapitalis.com\/tunisie\/2019\/12\/03\/la-societe-tunisienne-tragedel-va-alimenter-le-reseau-electrique-de-la-rdc\/#article","isPartOf":{"@id":"https:\/\/kapitalis.com\/tunisie\/2019\/12\/03\/la-societe-tunisienne-tragedel-va-alimenter-le-reseau-electrique-de-la-rdc\/"},"author":{"name":"Amina Mkada","@id":"https:\/\/kapitalis.com\/tunisie\/#\/schema\/person\/093913313d3017554cb3ad077fff3fbd"},"headline":"La soci\u00e9t\u00e9 tunisienne Tragedel va alimenter le r\u00e9seau \u00e9lectrique de la R\u00e9publique centrafricaine","datePublished":"2019-12-03T10:27:42+00:00","dateModified":"2019-12-03T12:03:28+00:00","mainEntityOfPage":{"@id":"https:\/\/kapitalis.com\/tunisie\/2019\/12\/03\/la-societe-tunisienne-tragedel-va-alimenter-le-reseau-electrique-de-la-rdc\/"},"wordCount":251,"commentCount":1,"publisher":{"@id":"https:\/\/kapitalis.com\/tunisie\/#organization"},"image":{"@id":"https:\/\/kapitalis.com\/tunisie\/2019\/12\/03\/la-societe-tunisienne-tragedel-va-alimenter-le-reseau-electrique-de-la-rdc\/#primaryimage"},"thumbnailUrl":"","keywords":["RDC","Steg"],"articleSection":["ECONOMIE","Tunisie"],"inLanguage":"fr-FR","potentialAction":[{"@type":"CommentAction","name":"Comment","target":["https:\/\/kapitalis.com\/tunisie\/2019\/12\/03\/la-societe-tunisienne-tragedel-va-alimenter-le-reseau-electrique-de-la-rdc\/#respond"]}]},{"@type":"WebPage","@id":"https:\/\/kapitalis.com\/tunisie\/2019\/12\/03\/la-societe-tunisienne-tragedel-va-alimenter-le-reseau-electrique-de-la-rdc\/","url":"https:\/\/kapitalis.com\/tunisie\/2019\/12\/03\/la-societe-tunisienne-tragedel-va-alimenter-le-reseau-electrique-de-la-rdc\/","name":"La soci\u00e9t\u00e9 tunisienne Tragedel va alimenter le r\u00e9seau \u00e9lectrique de la R\u00e9publique centrafricaine - Kapitalis","isPartOf":{"@id":"https:\/\/kapitalis.com\/tunisie\/#website"},"primaryImageOfPage":{"@id":"https:\/\/kapitalis.com\/tunisie\/2019\/12\/03\/la-societe-tunisienne-tragedel-va-alimenter-le-reseau-electrique-de-la-rdc\/#primaryimage"},"image":{"@id":"https:\/\/kapitalis.com\/tunisie\/2019\/12\/03\/la-societe-tunisienne-tragedel-va-alimenter-le-reseau-electrique-de-la-rdc\/#primaryimage"},"thumbnailUrl":"","datePublished":"2019-12-03T10:27:42+00:00","dateModified":"2019-12-03T12:03:28+00:00","breadcrumb":{"@id":"https:\/\/kapitalis.com\/tunisie\/2019\/12\/03\/la-societe-tunisienne-tragedel-va-alimenter-le-reseau-electrique-de-la-rdc\/#breadcrumb"},"inLanguage":"fr-FR","potentialAction":[{"@type":"ReadAction","target":["https:\/\/kapitalis.com\/tunisie\/2019\/12\/03\/la-societe-tunisienne-tragedel-va-alimenter-le-reseau-electrique-de-la-rdc\/"]}]},{"@type":"ImageObject","inLanguage":"fr-FR","@id":"https:\/\/kapitalis.com\/tunisie\/2019\/12\/03\/la-societe-tunisienne-tragedel-va-alimenter-le-reseau-electrique-de-la-rdc\/#primaryimage","url":"","contentUrl":""},{"@type":"BreadcrumbList","@id":"https:\/\/kapitalis.com\/tunisie\/2019\/12\/03\/la-societe-tunisienne-tragedel-va-alimenter-le-reseau-electrique-de-la-rdc\/#breadcrumb","itemListElement":[{"@type":"ListItem","position":1,"name":"Accueil","item":"https:\/\/kapitalis.com\/tunisie\/"},{"@type":"ListItem","position":2,"name":"La soci\u00e9t\u00e9 tunisienne Tragedel va alimenter le r\u00e9seau \u00e9lectrique de la R\u00e9publique centrafricaine"}]},{"@type":"WebSite","@id":"https:\/\/kapitalis.com\/tunisie\/#website","url":"https:\/\/kapitalis.com\/tunisie\/","name":"Kapitalis","description":"L&#039;actualit\u00e9 en Tunisie et dans le monde","publisher":{"@id":"https:\/\/kapitalis.com\/tunisie\/#organization"},"potentialAction":[{"@type":"SearchAction","target":{"@type":"EntryPoint","urlTemplate":"https:\/\/kapitalis.com\/tunisie\/?s={search_term_string}"},"query-input":{"@type":"PropertyValueSpecification","valueRequired":true,"valueName":"search_term_string"}}],"inLanguage":"fr-FR"},{"@type":"Organization","@id":"https:\/\/kapitalis.com\/tunisie\/#organization","name":"Kapitalis","url":"https:\/\/kapitalis.com\/tunisie\/","logo":{"@type":"ImageObject","inLanguage":"fr-FR","@id":"https:\/\/kapitalis.com\/tunisie\/#\/schema\/logo\/image\/","url":"https:\/\/kapitalis.com\/tunisie\/wp-content\/uploads\/2022\/05\/Kapitalis-big-size.png","contentUrl":"https:\/\/kapitalis.com\/tunisie\/wp-content\/uploads\/2022\/05\/Kapitalis-big-size.png","width":5000,"height":1500,"caption":"Kapitalis"},"image":{"@id":"https:\/\/kapitalis.com\/tunisie\/#\/schema\/logo\/image\/"},"sameAs":["https:\/\/www.facebook.com\/KapitalisInfo\/","https:\/\/x.com\/KapitalisInfo","https:\/\/www.youtube.com\/channel\/UC-yDYrHyfFBWWZaOw3FPg9Q"]},{"@type":"Person","@id":"https:\/\/kapitalis.com\/tunisie\/#\/schema\/person\/093913313d3017554cb3ad077fff3fbd","name":"Amina Mkada","url":"https:\/\/kapitalis.com\/tunisie\/author\/amina\/"}]}},"_links":{"self":[{"href":"https:\/\/kapitalis.com\/tunisie\/wp-json\/wp\/v2\/posts\/260706","targetHints":{"allow":["GET"]}}],"collection":[{"href":"https:\/\/kapitalis.com\/tunisie\/wp-json\/wp\/v2\/posts"}],"about":[{"href":"https:\/\/kapitalis.com\/tunisie\/wp-json\/wp\/v2\/types\/post"}],"author":[{"embeddable":true,"href":"https:\/\/kapitalis.com\/tunisie\/wp-json\/wp\/v2\/users\/22"}],"replies":[{"embeddable":true,"href":"https:\/\/kapitalis.com\/tunisie\/wp-json\/wp\/v2\/comments?post=260706"}],"version-history":[{"count":0,"href":"https:\/\/kapitalis.com\/tunisie\/wp-json\/wp\/v2\/posts\/260706\/revisions"}],"wp:featuredmedia":[{"embeddable":true,"href":"https:\/\/kapitalis.com\/tunisie\/wp-json\/wp\/v2\/media\/260752"}],"wp:attachment":[{"href":"https:\/\/kapitalis.com\/tunisie\/wp-json\/wp\/v2\/media?parent=260706"}],"wp:term":[{"taxonomy":"category","embeddable":true,"href":"https:\/\/kapitalis.com\/tunisie\/wp-json\/wp\/v2\/categories?post=260706"},{"taxonomy":"post_tag","embeddable":true,"href":"https:\/\/kapitalis.com\/tunisie\/wp-json\/wp\/v2\/tags?post=260706"}],"curies":[{"name":"wp","href":"https:\/\/api.w.org\/{rel}","templated":true}]}}