{"id":260821,"date":"2019-12-03T13:39:24","date_gmt":"2019-12-03T12:39:24","guid":{"rendered":"http:\/\/kapitalis.com\/tunisie\/?p=260821"},"modified":"2019-12-03T13:50:17","modified_gmt":"2019-12-03T12:50:17","slug":"mahdia-les-avocats-entrent-en-greve-en-signe-de-protestation-contre-un-abus-de-pouvoir-de-la-police","status":"publish","type":"post","link":"https:\/\/kapitalis.com\/tunisie\/2019\/12\/03\/mahdia-les-avocats-entrent-en-greve-en-signe-de-protestation-contre-un-abus-de-pouvoir-de-la-police\/","title":{"rendered":"Mahdia : Les avocats entrent en gr\u00e8ve en signe de protestation contre un abus de pouvoir de la police"},"content":{"rendered":"\n<figure class=\"wp-block-image size-large\"><img decoding=\"async\" src=\"http:\/\/kapitalis.com\/tunisie\/wp-content\/uploads\/2019\/12\/Avocats-gr\u00e8ve.jpg\" alt=\"\" class=\"wp-image-260830\"\/><\/figure>\n\n\n\n<p><strong><em>Suite \u00e0 la d\u00e9cision prise, le 28 novembre dernier, par la section r\u00e9gionale de Mahdia de l\u2019Ordre national des avocats de Tunisie (Onat), les avocats de la r\u00e9gion sont entr\u00e9s en gr\u00e8ve, aujourd&rsquo;hui, 3 d\u00e9cembre 2019, devant les tribunaux du gouvernorat.<\/em><\/strong><\/p>\n\n\n\n<!--more-->\n\n\n\n<p> La d\u00e9cision a \u00e9t\u00e9 prise en r\u00e9action \u00e0 la p\u00e9n\u00e9tration d\u2019agents des forces de s\u00e9curit\u00e9 de Mahdia dans\u00a0le bureau d\u2019une avocate afin de mettre la pression sur son client pour le contraindre \u00e0 renoncer \u00e0 sa plainte port\u00e9e contre l&rsquo;un de leurs coll\u00e8gues, accus\u00e9 de torture\u00a0et objet d\u2019un mandat de d\u00e9p\u00f4t. <\/p>\n\n\n\n<p>Si les faits se confirmaient, il s&rsquo;agirait d&rsquo;un \u00e9pisode d&rsquo;abus de pouvoir extr\u00eamement grave qui ne doit surtout pas passer inaper\u00e7u, \u00e9tant commis par ceux qui sont plut\u00f4t cens\u00e9s assurer la s\u00e9curit\u00e9 aux citoyens et favoriser l&rsquo;application de la loi. Et non imposer celle de leurs bras&#8230;<\/p>\n\n\n\n<p class=\"has-text-align-right\"><strong>C. B. Y.<\/strong><\/p>\n","protected":false},"excerpt":{"rendered":"<p>Suite \u00e0 la d\u00e9cision prise, le 28 novembre dernier, par la section r\u00e9gionale de Mahdia de l\u2019Ordre national des avocats de Tunisie (Onat), les avocats de la r\u00e9gion sont entr\u00e9s en gr\u00e8ve, aujourd&rsquo;hui, 3 d\u00e9cembre 2019, devant les tribunaux du gouvernorat.<\/p>\n","protected":false},"author":24,"featured_media":260830,"comment_status":"open","ping_status":"open","sticky":false,"template":"","format":"standard","meta":{"footnotes":""},"categories":[998,2433],"tags":[9201],"class_list":["post-260821","post","type-post","status-publish","format-standard","has-post-thumbnail","hentry","category-societe","category-tunisie","tag-onat"],"yoast_head":"<!-- This site is optimized with the Yoast SEO plugin v26.6 - https:\/\/yoast.com\/wordpress\/plugins\/seo\/ -->\n<title>Mahdia : Les avocats entrent en gr\u00e8ve en signe de protestation contre un abus de pouvoir de la police - Kapitalis<\/title>\n<meta name=\"robots\" content=\"index, follow, max-snippet:-1, max-image-preview:large, max-video-preview:-1\" \/>\n<link rel=\"canonical\" href=\"https:\/\/kapitalis.com\/tunisie\/2019\/12\/03\/mahdia-les-avocats-entrent-en-greve-en-signe-de-protestation-contre-un-abus-de-pouvoir-de-la-police\/\" \/>\n<meta property=\"og:locale\" content=\"fr_FR\" \/>\n<meta property=\"og:type\" content=\"article\" \/>\n<meta property=\"og:title\" content=\"Mahdia : Les avocats entrent en gr\u00e8ve en signe de protestation contre un abus de pouvoir de la police - Kapitalis\" \/>\n<meta property=\"og:description\" content=\"Suite \u00e0 la d\u00e9cision prise, le 28 novembre dernier, par la section r\u00e9gionale de Mahdia de l\u2019Ordre national des avocats de Tunisie (Onat), les avocats de la r\u00e9gion sont entr\u00e9s en gr\u00e8ve, aujourd&rsquo;hui, 3 d\u00e9cembre 2019, devant les tribunaux du gouvernorat.\" \/>\n<meta property=\"og:url\" content=\"https:\/\/kapitalis.com\/tunisie\/2019\/12\/03\/mahdia-les-avocats-entrent-en-greve-en-signe-de-protestation-contre-un-abus-de-pouvoir-de-la-police\/\" \/>\n<meta property=\"og:site_name\" content=\"Kapitalis\" \/>\n<meta property=\"article:publisher\" content=\"https:\/\/www.facebook.com\/KapitalisInfo\/\" \/>\n<meta property=\"article:published_time\" content=\"2019-12-03T12:39:24+00:00\" \/>\n<meta property=\"article:modified_time\" content=\"2019-12-03T12:50:17+00:00\" \/>\n<meta property=\"og:image\" content=\"https:\/\/kapitalis.com\/tunisie\/wp-content\/uploads\/2022\/05\/kapitalis-logo-fb.png\" \/>\n\t<meta property=\"og:image:width\" content=\"1200\" \/>\n\t<meta property=\"og:image:height\" content=\"630\" \/>\n\t<meta property=\"og:image:type\" content=\"image\/png\" \/>\n<meta name=\"author\" content=\"Cherif Benyounes\" \/>\n<meta name=\"twitter:card\" content=\"summary_large_image\" \/>\n<meta name=\"twitter:creator\" content=\"@KapitalisInfo\" \/>\n<meta name=\"twitter:site\" content=\"@KapitalisInfo\" \/>\n<meta name=\"twitter:label1\" content=\"\u00c9crit par\" \/>\n\t<meta name=\"twitter:data1\" content=\"Cherif Benyounes\" \/>\n\t<meta name=\"twitter:label2\" content=\"Dur\u00e9e de lecture estim\u00e9e\" \/>\n\t<meta name=\"twitter:data2\" content=\"1 minute\" \/>\n<script type=\"application\/ld+json\" class=\"yoast-schema-graph\">{\"@context\":\"https:\/\/schema.org\",\"@graph\":[{\"@type\":\"Article\",\"@id\":\"https:\/\/kapitalis.com\/tunisie\/2019\/12\/03\/mahdia-les-avocats-entrent-en-greve-en-signe-de-protestation-contre-un-abus-de-pouvoir-de-la-police\/#article\",\"isPartOf\":{\"@id\":\"https:\/\/kapitalis.com\/tunisie\/2019\/12\/03\/mahdia-les-avocats-entrent-en-greve-en-signe-de-protestation-contre-un-abus-de-pouvoir-de-la-police\/\"},\"author\":{\"name\":\"Cherif Benyounes\",\"@id\":\"https:\/\/kapitalis.com\/tunisie\/#\/schema\/person\/b35b8d631961131107263178aeb8019e\"},\"headline\":\"Mahdia : Les avocats entrent en gr\u00e8ve en signe de protestation contre un abus de pouvoir de la police\",\"datePublished\":\"2019-12-03T12:39:24+00:00\",\"dateModified\":\"2019-12-03T12:50:17+00:00\",\"mainEntityOfPage\":{\"@id\":\"https:\/\/kapitalis.com\/tunisie\/2019\/12\/03\/mahdia-les-avocats-entrent-en-greve-en-signe-de-protestation-contre-un-abus-de-pouvoir-de-la-police\/\"},\"wordCount\":180,\"commentCount\":1,\"publisher\":{\"@id\":\"https:\/\/kapitalis.com\/tunisie\/#organization\"},\"image\":{\"@id\":\"https:\/\/kapitalis.com\/tunisie\/2019\/12\/03\/mahdia-les-avocats-entrent-en-greve-en-signe-de-protestation-contre-un-abus-de-pouvoir-de-la-police\/#primaryimage\"},\"thumbnailUrl\":\"\",\"keywords\":[\"Onat\"],\"articleSection\":[\"SOCIETE\",\"Tunisie\"],\"inLanguage\":\"fr-FR\",\"potentialAction\":[{\"@type\":\"CommentAction\",\"name\":\"Comment\",\"target\":[\"https:\/\/kapitalis.com\/tunisie\/2019\/12\/03\/mahdia-les-avocats-entrent-en-greve-en-signe-de-protestation-contre-un-abus-de-pouvoir-de-la-police\/#respond\"]}]},{\"@type\":\"WebPage\",\"@id\":\"https:\/\/kapitalis.com\/tunisie\/2019\/12\/03\/mahdia-les-avocats-entrent-en-greve-en-signe-de-protestation-contre-un-abus-de-pouvoir-de-la-police\/\",\"url\":\"https:\/\/kapitalis.com\/tunisie\/2019\/12\/03\/mahdia-les-avocats-entrent-en-greve-en-signe-de-protestation-contre-un-abus-de-pouvoir-de-la-police\/\",\"name\":\"Mahdia : Les avocats entrent en gr\u00e8ve en signe de protestation contre un abus de pouvoir de la police - Kapitalis\",\"isPartOf\":{\"@id\":\"https:\/\/kapitalis.com\/tunisie\/#website\"},\"primaryImageOfPage\":{\"@id\":\"https:\/\/kapitalis.com\/tunisie\/2019\/12\/03\/mahdia-les-avocats-entrent-en-greve-en-signe-de-protestation-contre-un-abus-de-pouvoir-de-la-police\/#primaryimage\"},\"image\":{\"@id\":\"https:\/\/kapitalis.com\/tunisie\/2019\/12\/03\/mahdia-les-avocats-entrent-en-greve-en-signe-de-protestation-contre-un-abus-de-pouvoir-de-la-police\/#primaryimage\"},\"thumbnailUrl\":\"\",\"datePublished\":\"2019-12-03T12:39:24+00:00\",\"dateModified\":\"2019-12-03T12:50:17+00:00\",\"breadcrumb\":{\"@id\":\"https:\/\/kapitalis.com\/tunisie\/2019\/12\/03\/mahdia-les-avocats-entrent-en-greve-en-signe-de-protestation-contre-un-abus-de-pouvoir-de-la-police\/#breadcrumb\"},\"inLanguage\":\"fr-FR\",\"potentialAction\":[{\"@type\":\"ReadAction\",\"target\":[\"https:\/\/kapitalis.com\/tunisie\/2019\/12\/03\/mahdia-les-avocats-entrent-en-greve-en-signe-de-protestation-contre-un-abus-de-pouvoir-de-la-police\/\"]}]},{\"@type\":\"ImageObject\",\"inLanguage\":\"fr-FR\",\"@id\":\"https:\/\/kapitalis.com\/tunisie\/2019\/12\/03\/mahdia-les-avocats-entrent-en-greve-en-signe-de-protestation-contre-un-abus-de-pouvoir-de-la-police\/#primaryimage\",\"url\":\"\",\"contentUrl\":\"\"},{\"@type\":\"BreadcrumbList\",\"@id\":\"https:\/\/kapitalis.com\/tunisie\/2019\/12\/03\/mahdia-les-avocats-entrent-en-greve-en-signe-de-protestation-contre-un-abus-de-pouvoir-de-la-police\/#breadcrumb\",\"itemListElement\":[{\"@type\":\"ListItem\",\"position\":1,\"name\":\"Accueil\",\"item\":\"https:\/\/kapitalis.com\/tunisie\/\"},{\"@type\":\"ListItem\",\"position\":2,\"name\":\"Mahdia : Les avocats entrent en gr\u00e8ve en signe de protestation contre un abus de pouvoir de la police\"}]},{\"@type\":\"WebSite\",\"@id\":\"https:\/\/kapitalis.com\/tunisie\/#website\",\"url\":\"https:\/\/kapitalis.com\/tunisie\/\",\"name\":\"Kapitalis\",\"description\":\"L&#039;actualit\u00e9 en Tunisie et dans le monde\",\"publisher\":{\"@id\":\"https:\/\/kapitalis.com\/tunisie\/#organization\"},\"potentialAction\":[{\"@type\":\"SearchAction\",\"target\":{\"@type\":\"EntryPoint\",\"urlTemplate\":\"https:\/\/kapitalis.com\/tunisie\/?s={search_term_string}\"},\"query-input\":{\"@type\":\"PropertyValueSpecification\",\"valueRequired\":true,\"valueName\":\"search_term_string\"}}],\"inLanguage\":\"fr-FR\"},{\"@type\":\"Organization\",\"@id\":\"https:\/\/kapitalis.com\/tunisie\/#organization\",\"name\":\"Kapitalis\",\"url\":\"https:\/\/kapitalis.com\/tunisie\/\",\"logo\":{\"@type\":\"ImageObject\",\"inLanguage\":\"fr-FR\",\"@id\":\"https:\/\/kapitalis.com\/tunisie\/#\/schema\/logo\/image\/\",\"url\":\"https:\/\/kapitalis.com\/tunisie\/wp-content\/uploads\/2022\/05\/Kapitalis-big-size.png\",\"contentUrl\":\"https:\/\/kapitalis.com\/tunisie\/wp-content\/uploads\/2022\/05\/Kapitalis-big-size.png\",\"width\":5000,\"height\":1500,\"caption\":\"Kapitalis\"},\"image\":{\"@id\":\"https:\/\/kapitalis.com\/tunisie\/#\/schema\/logo\/image\/\"},\"sameAs\":[\"https:\/\/www.facebook.com\/KapitalisInfo\/\",\"https:\/\/x.com\/KapitalisInfo\",\"https:\/\/www.youtube.com\/channel\/UC-yDYrHyfFBWWZaOw3FPg9Q\"]},{\"@type\":\"Person\",\"@id\":\"https:\/\/kapitalis.com\/tunisie\/#\/schema\/person\/b35b8d631961131107263178aeb8019e\",\"name\":\"Cherif Benyounes\",\"url\":\"https:\/\/kapitalis.com\/tunisie\/author\/cherif\/\"}]}<\/script>\n<!-- \/ Yoast SEO plugin. -->","yoast_head_json":{"title":"Mahdia : Les avocats entrent en gr\u00e8ve en signe de protestation contre un abus de pouvoir de la police - Kapitalis","robots":{"index":"index","follow":"follow","max-snippet":"max-snippet:-1","max-image-preview":"max-image-preview:large","max-video-preview":"max-video-preview:-1"},"canonical":"https:\/\/kapitalis.com\/tunisie\/2019\/12\/03\/mahdia-les-avocats-entrent-en-greve-en-signe-de-protestation-contre-un-abus-de-pouvoir-de-la-police\/","og_locale":"fr_FR","og_type":"article","og_title":"Mahdia : Les avocats entrent en gr\u00e8ve en signe de protestation contre un abus de pouvoir de la police - Kapitalis","og_description":"Suite \u00e0 la d\u00e9cision prise, le 28 novembre dernier, par la section r\u00e9gionale de Mahdia de l\u2019Ordre national des avocats de Tunisie (Onat), les avocats de la r\u00e9gion sont entr\u00e9s en gr\u00e8ve, aujourd&rsquo;hui, 3 d\u00e9cembre 2019, devant les tribunaux du gouvernorat.","og_url":"https:\/\/kapitalis.com\/tunisie\/2019\/12\/03\/mahdia-les-avocats-entrent-en-greve-en-signe-de-protestation-contre-un-abus-de-pouvoir-de-la-police\/","og_site_name":"Kapitalis","article_publisher":"https:\/\/www.facebook.com\/KapitalisInfo\/","article_published_time":"2019-12-03T12:39:24+00:00","article_modified_time":"2019-12-03T12:50:17+00:00","og_image":[{"width":1200,"height":630,"url":"https:\/\/kapitalis.com\/tunisie\/wp-content\/uploads\/2022\/05\/kapitalis-logo-fb.png","type":"image\/png"}],"author":"Cherif Benyounes","twitter_card":"summary_large_image","twitter_creator":"@KapitalisInfo","twitter_site":"@KapitalisInfo","twitter_misc":{"\u00c9crit par":"Cherif Benyounes","Dur\u00e9e de lecture estim\u00e9e":"1 minute"},"schema":{"@context":"https:\/\/schema.org","@graph":[{"@type":"Article","@id":"https:\/\/kapitalis.com\/tunisie\/2019\/12\/03\/mahdia-les-avocats-entrent-en-greve-en-signe-de-protestation-contre-un-abus-de-pouvoir-de-la-police\/#article","isPartOf":{"@id":"https:\/\/kapitalis.com\/tunisie\/2019\/12\/03\/mahdia-les-avocats-entrent-en-greve-en-signe-de-protestation-contre-un-abus-de-pouvoir-de-la-police\/"},"author":{"name":"Cherif Benyounes","@id":"https:\/\/kapitalis.com\/tunisie\/#\/schema\/person\/b35b8d631961131107263178aeb8019e"},"headline":"Mahdia : Les avocats entrent en gr\u00e8ve en signe de protestation contre un abus de pouvoir de la police","datePublished":"2019-12-03T12:39:24+00:00","dateModified":"2019-12-03T12:50:17+00:00","mainEntityOfPage":{"@id":"https:\/\/kapitalis.com\/tunisie\/2019\/12\/03\/mahdia-les-avocats-entrent-en-greve-en-signe-de-protestation-contre-un-abus-de-pouvoir-de-la-police\/"},"wordCount":180,"commentCount":1,"publisher":{"@id":"https:\/\/kapitalis.com\/tunisie\/#organization"},"image":{"@id":"https:\/\/kapitalis.com\/tunisie\/2019\/12\/03\/mahdia-les-avocats-entrent-en-greve-en-signe-de-protestation-contre-un-abus-de-pouvoir-de-la-police\/#primaryimage"},"thumbnailUrl":"","keywords":["Onat"],"articleSection":["SOCIETE","Tunisie"],"inLanguage":"fr-FR","potentialAction":[{"@type":"CommentAction","name":"Comment","target":["https:\/\/kapitalis.com\/tunisie\/2019\/12\/03\/mahdia-les-avocats-entrent-en-greve-en-signe-de-protestation-contre-un-abus-de-pouvoir-de-la-police\/#respond"]}]},{"@type":"WebPage","@id":"https:\/\/kapitalis.com\/tunisie\/2019\/12\/03\/mahdia-les-avocats-entrent-en-greve-en-signe-de-protestation-contre-un-abus-de-pouvoir-de-la-police\/","url":"https:\/\/kapitalis.com\/tunisie\/2019\/12\/03\/mahdia-les-avocats-entrent-en-greve-en-signe-de-protestation-contre-un-abus-de-pouvoir-de-la-police\/","name":"Mahdia : Les avocats entrent en gr\u00e8ve en signe de protestation contre un abus de pouvoir de la police - Kapitalis","isPartOf":{"@id":"https:\/\/kapitalis.com\/tunisie\/#website"},"primaryImageOfPage":{"@id":"https:\/\/kapitalis.com\/tunisie\/2019\/12\/03\/mahdia-les-avocats-entrent-en-greve-en-signe-de-protestation-contre-un-abus-de-pouvoir-de-la-police\/#primaryimage"},"image":{"@id":"https:\/\/kapitalis.com\/tunisie\/2019\/12\/03\/mahdia-les-avocats-entrent-en-greve-en-signe-de-protestation-contre-un-abus-de-pouvoir-de-la-police\/#primaryimage"},"thumbnailUrl":"","datePublished":"2019-12-03T12:39:24+00:00","dateModified":"2019-12-03T12:50:17+00:00","breadcrumb":{"@id":"https:\/\/kapitalis.com\/tunisie\/2019\/12\/03\/mahdia-les-avocats-entrent-en-greve-en-signe-de-protestation-contre-un-abus-de-pouvoir-de-la-police\/#breadcrumb"},"inLanguage":"fr-FR","potentialAction":[{"@type":"ReadAction","target":["https:\/\/kapitalis.com\/tunisie\/2019\/12\/03\/mahdia-les-avocats-entrent-en-greve-en-signe-de-protestation-contre-un-abus-de-pouvoir-de-la-police\/"]}]},{"@type":"ImageObject","inLanguage":"fr-FR","@id":"https:\/\/kapitalis.com\/tunisie\/2019\/12\/03\/mahdia-les-avocats-entrent-en-greve-en-signe-de-protestation-contre-un-abus-de-pouvoir-de-la-police\/#primaryimage","url":"","contentUrl":""},{"@type":"BreadcrumbList","@id":"https:\/\/kapitalis.com\/tunisie\/2019\/12\/03\/mahdia-les-avocats-entrent-en-greve-en-signe-de-protestation-contre-un-abus-de-pouvoir-de-la-police\/#breadcrumb","itemListElement":[{"@type":"ListItem","position":1,"name":"Accueil","item":"https:\/\/kapitalis.com\/tunisie\/"},{"@type":"ListItem","position":2,"name":"Mahdia : Les avocats entrent en gr\u00e8ve en signe de protestation contre un abus de pouvoir de la police"}]},{"@type":"WebSite","@id":"https:\/\/kapitalis.com\/tunisie\/#website","url":"https:\/\/kapitalis.com\/tunisie\/","name":"Kapitalis","description":"L&#039;actualit\u00e9 en Tunisie et dans le monde","publisher":{"@id":"https:\/\/kapitalis.com\/tunisie\/#organization"},"potentialAction":[{"@type":"SearchAction","target":{"@type":"EntryPoint","urlTemplate":"https:\/\/kapitalis.com\/tunisie\/?s={search_term_string}"},"query-input":{"@type":"PropertyValueSpecification","valueRequired":true,"valueName":"search_term_string"}}],"inLanguage":"fr-FR"},{"@type":"Organization","@id":"https:\/\/kapitalis.com\/tunisie\/#organization","name":"Kapitalis","url":"https:\/\/kapitalis.com\/tunisie\/","logo":{"@type":"ImageObject","inLanguage":"fr-FR","@id":"https:\/\/kapitalis.com\/tunisie\/#\/schema\/logo\/image\/","url":"https:\/\/kapitalis.com\/tunisie\/wp-content\/uploads\/2022\/05\/Kapitalis-big-size.png","contentUrl":"https:\/\/kapitalis.com\/tunisie\/wp-content\/uploads\/2022\/05\/Kapitalis-big-size.png","width":5000,"height":1500,"caption":"Kapitalis"},"image":{"@id":"https:\/\/kapitalis.com\/tunisie\/#\/schema\/logo\/image\/"},"sameAs":["https:\/\/www.facebook.com\/KapitalisInfo\/","https:\/\/x.com\/KapitalisInfo","https:\/\/www.youtube.com\/channel\/UC-yDYrHyfFBWWZaOw3FPg9Q"]},{"@type":"Person","@id":"https:\/\/kapitalis.com\/tunisie\/#\/schema\/person\/b35b8d631961131107263178aeb8019e","name":"Cherif Benyounes","url":"https:\/\/kapitalis.com\/tunisie\/author\/cherif\/"}]}},"_links":{"self":[{"href":"https:\/\/kapitalis.com\/tunisie\/wp-json\/wp\/v2\/posts\/260821","targetHints":{"allow":["GET"]}}],"collection":[{"href":"https:\/\/kapitalis.com\/tunisie\/wp-json\/wp\/v2\/posts"}],"about":[{"href":"https:\/\/kapitalis.com\/tunisie\/wp-json\/wp\/v2\/types\/post"}],"author":[{"embeddable":true,"href":"https:\/\/kapitalis.com\/tunisie\/wp-json\/wp\/v2\/users\/24"}],"replies":[{"embeddable":true,"href":"https:\/\/kapitalis.com\/tunisie\/wp-json\/wp\/v2\/comments?post=260821"}],"version-history":[{"count":0,"href":"https:\/\/kapitalis.com\/tunisie\/wp-json\/wp\/v2\/posts\/260821\/revisions"}],"wp:featuredmedia":[{"embeddable":true,"href":"https:\/\/kapitalis.com\/tunisie\/wp-json\/wp\/v2\/media\/260830"}],"wp:attachment":[{"href":"https:\/\/kapitalis.com\/tunisie\/wp-json\/wp\/v2\/media?parent=260821"}],"wp:term":[{"taxonomy":"category","embeddable":true,"href":"https:\/\/kapitalis.com\/tunisie\/wp-json\/wp\/v2\/categories?post=260821"},{"taxonomy":"post_tag","embeddable":true,"href":"https:\/\/kapitalis.com\/tunisie\/wp-json\/wp\/v2\/tags?post=260821"}],"curies":[{"name":"wp","href":"https:\/\/api.w.org\/{rel}","templated":true}]}}