{"id":26106,"date":"2015-11-19T18:36:06","date_gmt":"2015-11-19T17:36:06","guid":{"rendered":"http:\/\/kapitalis.com\/tunisie\/?p=26106"},"modified":"2015-11-20T09:08:13","modified_gmt":"2015-11-20T08:08:13","slug":"prise-en-charge-du-compagnon-de-mabrouk-soltani","status":"publish","type":"post","link":"https:\/\/kapitalis.com\/tunisie\/2015\/11\/19\/prise-en-charge-du-compagnon-de-mabrouk-soltani\/","title":{"rendered":"Prise en charge du compagnon de Mabrouk Soltani"},"content":{"rendered":"<p><em><strong><img loading=\"lazy\" decoding=\"async\" class=\"size-full wp-image-26112 aligncenter\" src=\"http:\/\/kapitalis.com\/tunisie\/wp-content\/uploads\/2015\/11\/domicile-de-mabrouk-soltani.jpg\" alt=\"domicile-de-mabrouk-soltani\" width=\"626\" height=\"380\" \/><\/strong><\/em><\/p>\n<p style=\"text-align: center;\"><em>Maison de Mabrouk Soltani \u00e0 Douar Slatniya.<\/em><\/p>\n<p><em><strong>Chokri Soltani, le cousin et compagnon du martyr Mabrouk Soltani, sera pris en charge par le minist\u00e8re de la Femme, de la Famille et de l\u2019Enfance.<\/strong><\/em><\/p>\n<p><!--more--><\/p>\n<p>Sarra Hattab, la charg\u00e9e de communication aupr\u00e8s du minist\u00e8re, a indiqu\u00e9 \u00e0 l\u2019agence Tap que le jeune gar\u00e7on \u00e2g\u00e9 de 15 ans, qui a assist\u00e9 \u00e0 la d\u00e9capitation du berger martyr Mabrouk Soltani et a \u00e9t\u00e9 oblig\u00e9 \u00e0 ramener la t\u00eate \u00e0 sa famille, b\u00e9n\u00e9ficiera d\u2019une allocation mensuelle de 150 dinars dans le cadre du programme \u00ab<em>prise en charge de la famille<\/em>\u00bb.<\/p>\n<p>Chokri Soltani, qui r\u00e9int\u00e8grera le coll\u00e8ge de Jelma lundi prochain, b\u00e9n\u00e9ficiera \u00e9galement d\u2019une prise en charge des frais scolaires.<\/p>\n<p>Une \u00e9quipe de psychologues sera, en outre, d\u00e9p\u00each\u00e9e au coll\u00e8ge, afin de sensibiliser le directeur, les professeurs et les surveillants sur la n\u00e9cessit\u00e9 de ne pas \u00e9voquer le drame en pr\u00e9sence de l&rsquo;adolescent encore sous le choc.<\/p>\n<p style=\"text-align: right;\"><strong>H. K.<\/strong><\/p>\n","protected":false},"excerpt":{"rendered":"<p>Maison de Mabrouk Soltani \u00e0 Douar Slatniya. Chokri Soltani, le cousin et compagnon du martyr Mabrouk Soltani, sera pris en charge par le minist\u00e8re de la Femme, de la Famille et de l\u2019Enfance.<\/p>\n","protected":false},"author":13,"featured_media":26107,"comment_status":"open","ping_status":"open","sticky":false,"template":"","format":"standard","meta":{"footnotes":""},"categories":[998,2433],"tags":[9798,9779,2874,10069],"class_list":["post-26106","post","type-post","status-publish","format-standard","has-post-thumbnail","hentry","category-societe","category-tunisie","tag-berger-martyr","tag-mabrouk-soltani","tag-ministere-de-la-femme","tag-prise-en-charge"],"yoast_head":"<!-- This site is optimized with the Yoast SEO plugin v26.6 - https:\/\/yoast.com\/wordpress\/plugins\/seo\/ -->\n<title>Prise en charge du compagnon de Mabrouk Soltani - Kapitalis<\/title>\n<meta name=\"robots\" content=\"index, follow, max-snippet:-1, max-image-preview:large, max-video-preview:-1\" \/>\n<link rel=\"canonical\" href=\"https:\/\/kapitalis.com\/tunisie\/2015\/11\/19\/prise-en-charge-du-compagnon-de-mabrouk-soltani\/\" \/>\n<meta property=\"og:locale\" content=\"fr_FR\" \/>\n<meta property=\"og:type\" content=\"article\" \/>\n<meta property=\"og:title\" content=\"Prise en charge du compagnon de Mabrouk Soltani - Kapitalis\" \/>\n<meta property=\"og:description\" content=\"Maison de Mabrouk Soltani \u00e0 Douar Slatniya. Chokri Soltani, le cousin et compagnon du martyr Mabrouk Soltani, sera pris en charge par le minist\u00e8re de la Femme, de la Famille et de l\u2019Enfance.\" \/>\n<meta property=\"og:url\" content=\"https:\/\/kapitalis.com\/tunisie\/2015\/11\/19\/prise-en-charge-du-compagnon-de-mabrouk-soltani\/\" \/>\n<meta property=\"og:site_name\" content=\"Kapitalis\" \/>\n<meta property=\"article:publisher\" content=\"https:\/\/www.facebook.com\/KapitalisInfo\/\" \/>\n<meta property=\"article:published_time\" content=\"2015-11-19T17:36:06+00:00\" \/>\n<meta property=\"article:modified_time\" content=\"2015-11-20T08:08:13+00:00\" \/>\n<meta property=\"og:image\" content=\"https:\/\/kapitalis.com\/tunisie\/wp-content\/uploads\/2022\/05\/kapitalis-logo-fb.png\" \/>\n\t<meta property=\"og:image:width\" content=\"1200\" \/>\n\t<meta property=\"og:image:height\" content=\"630\" \/>\n\t<meta property=\"og:image:type\" content=\"image\/png\" \/>\n<meta name=\"author\" content=\"webmaster aux\" \/>\n<meta name=\"twitter:card\" content=\"summary_large_image\" \/>\n<meta name=\"twitter:creator\" content=\"@KapitalisInfo\" \/>\n<meta name=\"twitter:site\" content=\"@KapitalisInfo\" \/>\n<meta name=\"twitter:label1\" content=\"\u00c9crit par\" \/>\n\t<meta name=\"twitter:data1\" content=\"webmaster aux\" \/>\n\t<meta name=\"twitter:label2\" content=\"Dur\u00e9e de lecture estim\u00e9e\" \/>\n\t<meta name=\"twitter:data2\" content=\"1 minute\" \/>\n<script type=\"application\/ld+json\" class=\"yoast-schema-graph\">{\"@context\":\"https:\/\/schema.org\",\"@graph\":[{\"@type\":\"Article\",\"@id\":\"https:\/\/kapitalis.com\/tunisie\/2015\/11\/19\/prise-en-charge-du-compagnon-de-mabrouk-soltani\/#article\",\"isPartOf\":{\"@id\":\"https:\/\/kapitalis.com\/tunisie\/2015\/11\/19\/prise-en-charge-du-compagnon-de-mabrouk-soltani\/\"},\"author\":{\"name\":\"webmaster aux\",\"@id\":\"https:\/\/kapitalis.com\/tunisie\/#\/schema\/person\/aa8b4a429805c4e3f0713a3c3f95212b\"},\"headline\":\"Prise en charge du compagnon de Mabrouk Soltani\",\"datePublished\":\"2015-11-19T17:36:06+00:00\",\"dateModified\":\"2015-11-20T08:08:13+00:00\",\"mainEntityOfPage\":{\"@id\":\"https:\/\/kapitalis.com\/tunisie\/2015\/11\/19\/prise-en-charge-du-compagnon-de-mabrouk-soltani\/\"},\"wordCount\":178,\"commentCount\":0,\"publisher\":{\"@id\":\"https:\/\/kapitalis.com\/tunisie\/#organization\"},\"image\":{\"@id\":\"https:\/\/kapitalis.com\/tunisie\/2015\/11\/19\/prise-en-charge-du-compagnon-de-mabrouk-soltani\/#primaryimage\"},\"thumbnailUrl\":\"\",\"keywords\":[\"berger martyr\",\"Mabrouk Soltani\",\"minist\u00e8re de la Femme\",\"prise en charge\"],\"articleSection\":[\"SOCIETE\",\"Tunisie\"],\"inLanguage\":\"fr-FR\",\"potentialAction\":[{\"@type\":\"CommentAction\",\"name\":\"Comment\",\"target\":[\"https:\/\/kapitalis.com\/tunisie\/2015\/11\/19\/prise-en-charge-du-compagnon-de-mabrouk-soltani\/#respond\"]}]},{\"@type\":\"WebPage\",\"@id\":\"https:\/\/kapitalis.com\/tunisie\/2015\/11\/19\/prise-en-charge-du-compagnon-de-mabrouk-soltani\/\",\"url\":\"https:\/\/kapitalis.com\/tunisie\/2015\/11\/19\/prise-en-charge-du-compagnon-de-mabrouk-soltani\/\",\"name\":\"Prise en charge du compagnon de Mabrouk Soltani - Kapitalis\",\"isPartOf\":{\"@id\":\"https:\/\/kapitalis.com\/tunisie\/#website\"},\"primaryImageOfPage\":{\"@id\":\"https:\/\/kapitalis.com\/tunisie\/2015\/11\/19\/prise-en-charge-du-compagnon-de-mabrouk-soltani\/#primaryimage\"},\"image\":{\"@id\":\"https:\/\/kapitalis.com\/tunisie\/2015\/11\/19\/prise-en-charge-du-compagnon-de-mabrouk-soltani\/#primaryimage\"},\"thumbnailUrl\":\"\",\"datePublished\":\"2015-11-19T17:36:06+00:00\",\"dateModified\":\"2015-11-20T08:08:13+00:00\",\"breadcrumb\":{\"@id\":\"https:\/\/kapitalis.com\/tunisie\/2015\/11\/19\/prise-en-charge-du-compagnon-de-mabrouk-soltani\/#breadcrumb\"},\"inLanguage\":\"fr-FR\",\"potentialAction\":[{\"@type\":\"ReadAction\",\"target\":[\"https:\/\/kapitalis.com\/tunisie\/2015\/11\/19\/prise-en-charge-du-compagnon-de-mabrouk-soltani\/\"]}]},{\"@type\":\"ImageObject\",\"inLanguage\":\"fr-FR\",\"@id\":\"https:\/\/kapitalis.com\/tunisie\/2015\/11\/19\/prise-en-charge-du-compagnon-de-mabrouk-soltani\/#primaryimage\",\"url\":\"\",\"contentUrl\":\"\"},{\"@type\":\"BreadcrumbList\",\"@id\":\"https:\/\/kapitalis.com\/tunisie\/2015\/11\/19\/prise-en-charge-du-compagnon-de-mabrouk-soltani\/#breadcrumb\",\"itemListElement\":[{\"@type\":\"ListItem\",\"position\":1,\"name\":\"Accueil\",\"item\":\"https:\/\/kapitalis.com\/tunisie\/\"},{\"@type\":\"ListItem\",\"position\":2,\"name\":\"Prise en charge du compagnon de Mabrouk Soltani\"}]},{\"@type\":\"WebSite\",\"@id\":\"https:\/\/kapitalis.com\/tunisie\/#website\",\"url\":\"https:\/\/kapitalis.com\/tunisie\/\",\"name\":\"Kapitalis\",\"description\":\"L&#039;actualit\u00e9 en Tunisie et dans le monde\",\"publisher\":{\"@id\":\"https:\/\/kapitalis.com\/tunisie\/#organization\"},\"potentialAction\":[{\"@type\":\"SearchAction\",\"target\":{\"@type\":\"EntryPoint\",\"urlTemplate\":\"https:\/\/kapitalis.com\/tunisie\/?s={search_term_string}\"},\"query-input\":{\"@type\":\"PropertyValueSpecification\",\"valueRequired\":true,\"valueName\":\"search_term_string\"}}],\"inLanguage\":\"fr-FR\"},{\"@type\":\"Organization\",\"@id\":\"https:\/\/kapitalis.com\/tunisie\/#organization\",\"name\":\"Kapitalis\",\"url\":\"https:\/\/kapitalis.com\/tunisie\/\",\"logo\":{\"@type\":\"ImageObject\",\"inLanguage\":\"fr-FR\",\"@id\":\"https:\/\/kapitalis.com\/tunisie\/#\/schema\/logo\/image\/\",\"url\":\"https:\/\/kapitalis.com\/tunisie\/wp-content\/uploads\/2022\/05\/Kapitalis-big-size.png\",\"contentUrl\":\"https:\/\/kapitalis.com\/tunisie\/wp-content\/uploads\/2022\/05\/Kapitalis-big-size.png\",\"width\":5000,\"height\":1500,\"caption\":\"Kapitalis\"},\"image\":{\"@id\":\"https:\/\/kapitalis.com\/tunisie\/#\/schema\/logo\/image\/\"},\"sameAs\":[\"https:\/\/www.facebook.com\/KapitalisInfo\/\",\"https:\/\/x.com\/KapitalisInfo\",\"https:\/\/www.youtube.com\/channel\/UC-yDYrHyfFBWWZaOw3FPg9Q\"]},{\"@type\":\"Person\",\"@id\":\"https:\/\/kapitalis.com\/tunisie\/#\/schema\/person\/aa8b4a429805c4e3f0713a3c3f95212b\",\"name\":\"webmaster aux\",\"url\":\"https:\/\/kapitalis.com\/tunisie\/author\/webmasteraux\/\"}]}<\/script>\n<!-- \/ Yoast SEO plugin. -->","yoast_head_json":{"title":"Prise en charge du compagnon de Mabrouk Soltani - Kapitalis","robots":{"index":"index","follow":"follow","max-snippet":"max-snippet:-1","max-image-preview":"max-image-preview:large","max-video-preview":"max-video-preview:-1"},"canonical":"https:\/\/kapitalis.com\/tunisie\/2015\/11\/19\/prise-en-charge-du-compagnon-de-mabrouk-soltani\/","og_locale":"fr_FR","og_type":"article","og_title":"Prise en charge du compagnon de Mabrouk Soltani - Kapitalis","og_description":"Maison de Mabrouk Soltani \u00e0 Douar Slatniya. Chokri Soltani, le cousin et compagnon du martyr Mabrouk Soltani, sera pris en charge par le minist\u00e8re de la Femme, de la Famille et de l\u2019Enfance.","og_url":"https:\/\/kapitalis.com\/tunisie\/2015\/11\/19\/prise-en-charge-du-compagnon-de-mabrouk-soltani\/","og_site_name":"Kapitalis","article_publisher":"https:\/\/www.facebook.com\/KapitalisInfo\/","article_published_time":"2015-11-19T17:36:06+00:00","article_modified_time":"2015-11-20T08:08:13+00:00","og_image":[{"width":1200,"height":630,"url":"https:\/\/kapitalis.com\/tunisie\/wp-content\/uploads\/2022\/05\/kapitalis-logo-fb.png","type":"image\/png"}],"author":"webmaster aux","twitter_card":"summary_large_image","twitter_creator":"@KapitalisInfo","twitter_site":"@KapitalisInfo","twitter_misc":{"\u00c9crit par":"webmaster aux","Dur\u00e9e de lecture estim\u00e9e":"1 minute"},"schema":{"@context":"https:\/\/schema.org","@graph":[{"@type":"Article","@id":"https:\/\/kapitalis.com\/tunisie\/2015\/11\/19\/prise-en-charge-du-compagnon-de-mabrouk-soltani\/#article","isPartOf":{"@id":"https:\/\/kapitalis.com\/tunisie\/2015\/11\/19\/prise-en-charge-du-compagnon-de-mabrouk-soltani\/"},"author":{"name":"webmaster aux","@id":"https:\/\/kapitalis.com\/tunisie\/#\/schema\/person\/aa8b4a429805c4e3f0713a3c3f95212b"},"headline":"Prise en charge du compagnon de Mabrouk Soltani","datePublished":"2015-11-19T17:36:06+00:00","dateModified":"2015-11-20T08:08:13+00:00","mainEntityOfPage":{"@id":"https:\/\/kapitalis.com\/tunisie\/2015\/11\/19\/prise-en-charge-du-compagnon-de-mabrouk-soltani\/"},"wordCount":178,"commentCount":0,"publisher":{"@id":"https:\/\/kapitalis.com\/tunisie\/#organization"},"image":{"@id":"https:\/\/kapitalis.com\/tunisie\/2015\/11\/19\/prise-en-charge-du-compagnon-de-mabrouk-soltani\/#primaryimage"},"thumbnailUrl":"","keywords":["berger martyr","Mabrouk Soltani","minist\u00e8re de la Femme","prise en charge"],"articleSection":["SOCIETE","Tunisie"],"inLanguage":"fr-FR","potentialAction":[{"@type":"CommentAction","name":"Comment","target":["https:\/\/kapitalis.com\/tunisie\/2015\/11\/19\/prise-en-charge-du-compagnon-de-mabrouk-soltani\/#respond"]}]},{"@type":"WebPage","@id":"https:\/\/kapitalis.com\/tunisie\/2015\/11\/19\/prise-en-charge-du-compagnon-de-mabrouk-soltani\/","url":"https:\/\/kapitalis.com\/tunisie\/2015\/11\/19\/prise-en-charge-du-compagnon-de-mabrouk-soltani\/","name":"Prise en charge du compagnon de Mabrouk Soltani - Kapitalis","isPartOf":{"@id":"https:\/\/kapitalis.com\/tunisie\/#website"},"primaryImageOfPage":{"@id":"https:\/\/kapitalis.com\/tunisie\/2015\/11\/19\/prise-en-charge-du-compagnon-de-mabrouk-soltani\/#primaryimage"},"image":{"@id":"https:\/\/kapitalis.com\/tunisie\/2015\/11\/19\/prise-en-charge-du-compagnon-de-mabrouk-soltani\/#primaryimage"},"thumbnailUrl":"","datePublished":"2015-11-19T17:36:06+00:00","dateModified":"2015-11-20T08:08:13+00:00","breadcrumb":{"@id":"https:\/\/kapitalis.com\/tunisie\/2015\/11\/19\/prise-en-charge-du-compagnon-de-mabrouk-soltani\/#breadcrumb"},"inLanguage":"fr-FR","potentialAction":[{"@type":"ReadAction","target":["https:\/\/kapitalis.com\/tunisie\/2015\/11\/19\/prise-en-charge-du-compagnon-de-mabrouk-soltani\/"]}]},{"@type":"ImageObject","inLanguage":"fr-FR","@id":"https:\/\/kapitalis.com\/tunisie\/2015\/11\/19\/prise-en-charge-du-compagnon-de-mabrouk-soltani\/#primaryimage","url":"","contentUrl":""},{"@type":"BreadcrumbList","@id":"https:\/\/kapitalis.com\/tunisie\/2015\/11\/19\/prise-en-charge-du-compagnon-de-mabrouk-soltani\/#breadcrumb","itemListElement":[{"@type":"ListItem","position":1,"name":"Accueil","item":"https:\/\/kapitalis.com\/tunisie\/"},{"@type":"ListItem","position":2,"name":"Prise en charge du compagnon de Mabrouk Soltani"}]},{"@type":"WebSite","@id":"https:\/\/kapitalis.com\/tunisie\/#website","url":"https:\/\/kapitalis.com\/tunisie\/","name":"Kapitalis","description":"L&#039;actualit\u00e9 en Tunisie et dans le monde","publisher":{"@id":"https:\/\/kapitalis.com\/tunisie\/#organization"},"potentialAction":[{"@type":"SearchAction","target":{"@type":"EntryPoint","urlTemplate":"https:\/\/kapitalis.com\/tunisie\/?s={search_term_string}"},"query-input":{"@type":"PropertyValueSpecification","valueRequired":true,"valueName":"search_term_string"}}],"inLanguage":"fr-FR"},{"@type":"Organization","@id":"https:\/\/kapitalis.com\/tunisie\/#organization","name":"Kapitalis","url":"https:\/\/kapitalis.com\/tunisie\/","logo":{"@type":"ImageObject","inLanguage":"fr-FR","@id":"https:\/\/kapitalis.com\/tunisie\/#\/schema\/logo\/image\/","url":"https:\/\/kapitalis.com\/tunisie\/wp-content\/uploads\/2022\/05\/Kapitalis-big-size.png","contentUrl":"https:\/\/kapitalis.com\/tunisie\/wp-content\/uploads\/2022\/05\/Kapitalis-big-size.png","width":5000,"height":1500,"caption":"Kapitalis"},"image":{"@id":"https:\/\/kapitalis.com\/tunisie\/#\/schema\/logo\/image\/"},"sameAs":["https:\/\/www.facebook.com\/KapitalisInfo\/","https:\/\/x.com\/KapitalisInfo","https:\/\/www.youtube.com\/channel\/UC-yDYrHyfFBWWZaOw3FPg9Q"]},{"@type":"Person","@id":"https:\/\/kapitalis.com\/tunisie\/#\/schema\/person\/aa8b4a429805c4e3f0713a3c3f95212b","name":"webmaster aux","url":"https:\/\/kapitalis.com\/tunisie\/author\/webmasteraux\/"}]}},"_links":{"self":[{"href":"https:\/\/kapitalis.com\/tunisie\/wp-json\/wp\/v2\/posts\/26106","targetHints":{"allow":["GET"]}}],"collection":[{"href":"https:\/\/kapitalis.com\/tunisie\/wp-json\/wp\/v2\/posts"}],"about":[{"href":"https:\/\/kapitalis.com\/tunisie\/wp-json\/wp\/v2\/types\/post"}],"author":[{"embeddable":true,"href":"https:\/\/kapitalis.com\/tunisie\/wp-json\/wp\/v2\/users\/13"}],"replies":[{"embeddable":true,"href":"https:\/\/kapitalis.com\/tunisie\/wp-json\/wp\/v2\/comments?post=26106"}],"version-history":[{"count":0,"href":"https:\/\/kapitalis.com\/tunisie\/wp-json\/wp\/v2\/posts\/26106\/revisions"}],"wp:featuredmedia":[{"embeddable":true,"href":"https:\/\/kapitalis.com\/tunisie\/wp-json\/wp\/v2\/media\/26107"}],"wp:attachment":[{"href":"https:\/\/kapitalis.com\/tunisie\/wp-json\/wp\/v2\/media?parent=26106"}],"wp:term":[{"taxonomy":"category","embeddable":true,"href":"https:\/\/kapitalis.com\/tunisie\/wp-json\/wp\/v2\/categories?post=26106"},{"taxonomy":"post_tag","embeddable":true,"href":"https:\/\/kapitalis.com\/tunisie\/wp-json\/wp\/v2\/tags?post=26106"}],"curies":[{"name":"wp","href":"https:\/\/api.w.org\/{rel}","templated":true}]}}