{"id":261408,"date":"2019-12-05T13:37:45","date_gmt":"2019-12-05T12:37:45","guid":{"rendered":"http:\/\/kapitalis.com\/tunisie\/?p=261408"},"modified":"2019-12-05T14:44:43","modified_gmt":"2019-12-05T13:44:43","slug":"mohamed-abbou-plus-que-jamais-determine-a-nettoyer-le-pays","status":"publish","type":"post","link":"https:\/\/kapitalis.com\/tunisie\/2019\/12\/05\/mohamed-abbou-plus-que-jamais-determine-a-nettoyer-le-pays\/","title":{"rendered":"Mohamed Abbou plus que jamais d\u00e9termin\u00e9 \u00e0 nettoyer le pays"},"content":{"rendered":"\n<figure class=\"wp-block-image size-large\"><img decoding=\"async\" src=\"http:\/\/kapitalis.com\/tunisie\/wp-content\/uploads\/2019\/11\/Mohamed-Abbou.jpg\" alt=\"\" class=\"wp-image-258543\"\/><\/figure>\n\n\n\n<p> <strong><em>Mohamed  Abbou a r\u00e9it\u00e9r\u00e9, une fois de plus, les exigences de son parti, Attayar, pour int\u00e9grer le prochain gouvernement. Des conditions qu&rsquo;il a annonc\u00e9es d\u00e8s la sortie des r\u00e9sultats des l\u00e9gislatives, en octobre dernier : avoir des repr\u00e9sentants \u00e0 la t\u00eate de deux minist\u00e8res de souverainet\u00e9, \u00e0 savoir celui de l&rsquo;Int\u00e9rieur et celui de la Justice, en plus du minist\u00e8re de la R\u00e9forme administrative. L&rsquo;objectif \u00e9tant de combattre la corruption&#8230; <\/em><\/strong><\/p>\n\n\n\n<p>Par <strong>Cherif Ben Youn\u00e8s<\/strong><\/p>\n\n\n\n<!--more-->\n\n\n\n<p>Dans une interview accord\u00e9e, cette semaine, \u00e0 l&rsquo;Agence de presse turque Anadolu, le secr\u00e9taire g\u00e9n\u00e9ral du parti Attayar est notamment revenu sur les conditions de son parti pour participer au prochain gouvernement et sur les priorit\u00e9s que doit avoir celui-ci, \u00e0 l&rsquo;instar de la lutte contre les r\u00e9seaux d&rsquo;influence et l&rsquo;impunit\u00e9 dont b\u00e9n\u00e9ficient certaines personnes. &nbsp;  <\/p>\n\n\n\n<h3 class=\"wp-block-heading\">Pour un gouvernement qui lutte contre la corruption et  l&rsquo;impunit\u00e9 <\/h3>\n\n\n\n<p>L&rsquo;avocat exige, en plus des d\u00e9partement gouvernementaux cit\u00e9s, que pour tous les minist\u00e8res, seul le ministre soit un homme politique. En d&rsquo;autres termes, il r\u00e9clame \u00ab<em>la neutralit\u00e9 de l&rsquo;administration<\/em>\u00bb.<\/p>\n\n\n\n<p>Ce ne sont pas les seules revendications de Abbou aupr\u00e8s de Habib Jemli, chef du gouvernement d\u00e9sign\u00e9 par le parti vainqueur des l\u00e9gislatives, Ennahdha&#8230; \u00ab<em>Nous demandons des garanties relatives \u00e0 l&rsquo;application des programmes<\/em>, <em>parce que nous ne croyons pas que tous ceux qui sont pr\u00e9sent\u00e9s seront mis en place<\/em>\u00bb, a-t-il \u00e9galement d\u00e9clar\u00e9, ajoutant que ces garanties consistent dans la d\u00e9signation de personnes ayant la comp\u00e9tence d&rsquo;appliquer les programmes attribu\u00e9s \u00e0 leurs minist\u00e8res respectifs.<\/p>\n\n\n\n<p>Mohamed Abbou, a, dans le m\u00eame ordre d&rsquo;id\u00e9es, mis l&rsquo;accent sur l&rsquo;importance de combattre l&rsquo;impunit\u00e9 et les r\u00e9seaux d&rsquo;influence et d&rsquo;imposer la loi \u00e0 tout le monde, tout en appelant \u00e0 \u00e9loigner les partis politiques des d\u00e9signations au sein du minist\u00e8re de l&rsquo;Int\u00e9rieur, \u00e0 l&rsquo;image de celles qui concernent les directeurs g\u00e9n\u00e9raux charg\u00e9s de s&rsquo;occuper de la s\u00e9curit\u00e9 nationale.<\/p>\n\n\n\n<h3 class=\"wp-block-heading\">Le climat \u00e9conomique doit \u00eatre  \u00ab<em>propre<\/em>\u00bb pour attirer les investisseurs <\/h3>\n\n\n\n<p>Sur le plan \u00e9conomique, l&rsquo;ancien ministre de la R\u00e9forme administrative (d\u00e9cembre 2011 &#8211; juin 2012) a pr\u00e9cis\u00e9 que l&rsquo;Etat ne doit pas abandonner ses institutions publiques, \u00e0 l&rsquo;instar de Tunisair et de la R\u00e9gie nationale du tabac et des allumettes (RNTA), malgr\u00e9 les difficult\u00e9s \u00e9conomiques qu&rsquo;elles connaissent, privil\u00e9giant \u00ab<em>des solution de restructuration et de r\u00e9forme dont la Tunisie est capable<\/em>\u00bb.<\/p>\n\n\n\n<p>Abbou a, par ailleurs, estim\u00e9 qu&rsquo;afin de b\u00e2tir une \u00e9conomie puissante, il est n\u00e9cessaire de garantir un climat g\u00e9n\u00e9ral qui encourage l&rsquo;investissement, notamment \u00e9tranger, dont la Tunisie a particuli\u00e8rement besoin, ne serait-ce qu&rsquo;\u00e0 court terme, avec notamment plus de transparence et moins de bureaucratie.<\/p>\n\n\n\n<p>L&rsquo;ancien secr\u00e9taire g\u00e9n\u00e9ral du Congr\u00e8s pour la r\u00e9publique (CPR), entre mars 2012 et mai 2013, a, dans le m\u00eame cadre, invit\u00e9 les Tunisiens op\u00e9rant dans le march\u00e9 noir \u00e0 investir l\u00e9galement dans leur pays.<\/p>\n\n\n\n<p> \u00ab<em>Nous voulons que ceux-ci investissent dans un climat propre, sans qu&rsquo;ils n&rsquo;attendent tout un mois pour sortir leurs marchandises du port, ni qu&rsquo;ils soient punis, sabot\u00e9s et chant\u00e9s par l&rsquo;administration, et sans qu&rsquo;ils ne soient intimid\u00e9s par la justice et de la police<\/em>\u00bb, a-t-il d\u00e9velopp\u00e9. \u00ab<em>Autrement, les gens continueront \u00e0 recourir \u00e0 la contrebande et ce sera d\u00e9sastreux<\/em>\u00bb, ajoutera-t-il, laissant entendre que l&rsquo;administration publique est gangren\u00e9e par la corruption et constitue de ce fait un frein s\u00e9rieux \u00e0 l&rsquo;investissement.<\/p>\n\n\n\n<h3 class=\"wp-block-heading\">Si Ennahdha choisit \u00ab<em>l&rsquo;ancienne m\u00e9thode<\/em>\u00bb, ce sera sans ces partis&#8230;<\/h3>\n\n\n\n<p>Si Attayar aura les garanties n\u00e9cessaires pour que l&rsquo;Etat soit gouvern\u00e9 de cette mani\u00e8re, il participera au gouvernement, a assur\u00e9 Mohamed Abbou.   \u00ab<em>Mais si les autres parties <\/em>[par allusion \u00e0 Ennahdha, ndlr]<em> choisissent l&rsquo;ancienne m\u00e9thode, ils feront appel \u00e0 leur plan B, sans Attayar, Echa\u00e2b et Tahya Tounes<\/em>\u00bb, a-t-il ajout\u00e9.<\/p>\n\n\n\n<p>Un plan B dans lequel figure Qalb Tounes, a-t-il continu\u00e9 d&rsquo;expliquer, et d&rsquo;autres parties qui accorderont au gouvernement leurs votes de confiance.<\/p>\n\n\n\n<p>Rappelons qu&rsquo;Ennahdha a jusque-l\u00e0 affirm\u00e9 qu&rsquo;il est oppos\u00e9 \u00e0 la participation de Qalb Tounes au prochain gouvernement, pour ne pas perdre la confiance de ses \u00e9lecteurs, auxquels il avait promis de ne jamais s&rsquo;allier avec un parti dont le pr\u00e9sident, Nabil Karoui, fait l&rsquo;objet de poursuites judiciaires pour fraude fiscale et corruption. Mais son pr\u00e9sident, Rached Ghannouchi avait d\u00e9clar\u00e9 r\u00e9cemment que seuls les idiots ne changent pas d&rsquo;avis. <\/p>\n","protected":false},"excerpt":{"rendered":"<p>Mohamed Abbou a r\u00e9it\u00e9r\u00e9, une fois de plus, les exigences de son parti, Attayar, pour int\u00e9grer le prochain gouvernement. Des conditions qu&rsquo;il a annonc\u00e9es d\u00e8s la sortie des r\u00e9sultats des l\u00e9gislatives, en octobre dernier : avoir des repr\u00e9sentants \u00e0 la t\u00eate de deux minist\u00e8res de souverainet\u00e9, \u00e0 savoir celui de l&rsquo;Int\u00e9rieur et celui de la&#8230;<\/p>\n","protected":false},"author":24,"featured_media":0,"comment_status":"open","ping_status":"open","sticky":false,"template":"","format":"standard","meta":{"footnotes":""},"categories":[992,997,2433],"tags":[15519,66604,49543,4416,54991],"class_list":["post-261408","post","type-post","status-publish","format-standard","hentry","category-a-la-une","category-politique","category-tunisie","tag-attayar","tag-echaab","tag-ennahdha","tag-mohamed-abbou","tag-tahya-tounes"],"yoast_head":"<!-- This site is optimized with the Yoast SEO plugin v26.6 - https:\/\/yoast.com\/wordpress\/plugins\/seo\/ -->\n<title>Mohamed Abbou plus que jamais d\u00e9termin\u00e9 \u00e0 nettoyer le pays - Kapitalis<\/title>\n<meta name=\"robots\" content=\"index, follow, max-snippet:-1, max-image-preview:large, max-video-preview:-1\" \/>\n<link rel=\"canonical\" href=\"https:\/\/kapitalis.com\/tunisie\/2019\/12\/05\/mohamed-abbou-plus-que-jamais-determine-a-nettoyer-le-pays\/\" \/>\n<meta property=\"og:locale\" content=\"fr_FR\" \/>\n<meta property=\"og:type\" content=\"article\" \/>\n<meta property=\"og:title\" content=\"Mohamed Abbou plus que jamais d\u00e9termin\u00e9 \u00e0 nettoyer le pays - Kapitalis\" \/>\n<meta property=\"og:description\" content=\"Mohamed Abbou a r\u00e9it\u00e9r\u00e9, une fois de plus, les exigences de son parti, Attayar, pour int\u00e9grer le prochain gouvernement. Des conditions qu&rsquo;il a annonc\u00e9es d\u00e8s la sortie des r\u00e9sultats des l\u00e9gislatives, en octobre dernier : avoir des repr\u00e9sentants \u00e0 la t\u00eate de deux minist\u00e8res de souverainet\u00e9, \u00e0 savoir celui de l&rsquo;Int\u00e9rieur et celui de la...\" \/>\n<meta property=\"og:url\" content=\"https:\/\/kapitalis.com\/tunisie\/2019\/12\/05\/mohamed-abbou-plus-que-jamais-determine-a-nettoyer-le-pays\/\" \/>\n<meta property=\"og:site_name\" content=\"Kapitalis\" \/>\n<meta property=\"article:publisher\" content=\"https:\/\/www.facebook.com\/KapitalisInfo\/\" \/>\n<meta property=\"article:published_time\" content=\"2019-12-05T12:37:45+00:00\" \/>\n<meta property=\"article:modified_time\" content=\"2019-12-05T13:44:43+00:00\" \/>\n<meta property=\"og:image\" content=\"http:\/\/kapitalis.com\/tunisie\/wp-content\/uploads\/2019\/11\/Mohamed-Abbou.jpg\" \/>\n<meta name=\"author\" content=\"Cherif Benyounes\" \/>\n<meta name=\"twitter:card\" content=\"summary_large_image\" \/>\n<meta name=\"twitter:creator\" content=\"@KapitalisInfo\" \/>\n<meta name=\"twitter:site\" content=\"@KapitalisInfo\" \/>\n<meta name=\"twitter:label1\" content=\"\u00c9crit par\" \/>\n\t<meta name=\"twitter:data1\" content=\"Cherif Benyounes\" \/>\n\t<meta name=\"twitter:label2\" content=\"Dur\u00e9e de lecture estim\u00e9e\" \/>\n\t<meta name=\"twitter:data2\" content=\"4 minutes\" \/>\n<script type=\"application\/ld+json\" class=\"yoast-schema-graph\">{\"@context\":\"https:\/\/schema.org\",\"@graph\":[{\"@type\":\"Article\",\"@id\":\"https:\/\/kapitalis.com\/tunisie\/2019\/12\/05\/mohamed-abbou-plus-que-jamais-determine-a-nettoyer-le-pays\/#article\",\"isPartOf\":{\"@id\":\"https:\/\/kapitalis.com\/tunisie\/2019\/12\/05\/mohamed-abbou-plus-que-jamais-determine-a-nettoyer-le-pays\/\"},\"author\":{\"name\":\"Cherif Benyounes\",\"@id\":\"https:\/\/kapitalis.com\/tunisie\/#\/schema\/person\/b35b8d631961131107263178aeb8019e\"},\"headline\":\"Mohamed Abbou plus que jamais d\u00e9termin\u00e9 \u00e0 nettoyer le pays\",\"datePublished\":\"2019-12-05T12:37:45+00:00\",\"dateModified\":\"2019-12-05T13:44:43+00:00\",\"mainEntityOfPage\":{\"@id\":\"https:\/\/kapitalis.com\/tunisie\/2019\/12\/05\/mohamed-abbou-plus-que-jamais-determine-a-nettoyer-le-pays\/\"},\"wordCount\":748,\"commentCount\":1,\"publisher\":{\"@id\":\"https:\/\/kapitalis.com\/tunisie\/#organization\"},\"image\":{\"@id\":\"https:\/\/kapitalis.com\/tunisie\/2019\/12\/05\/mohamed-abbou-plus-que-jamais-determine-a-nettoyer-le-pays\/#primaryimage\"},\"thumbnailUrl\":\"http:\/\/kapitalis.com\/tunisie\/wp-content\/uploads\/2019\/11\/Mohamed-Abbou.jpg\",\"keywords\":[\"Attayar\",\"ech\u00e2ab\",\"Ennahdha\",\"Mohamed Abbou\",\"Tahya Tounes\"],\"articleSection\":[\"A LA UNE\",\"POLITIQUE\",\"Tunisie\"],\"inLanguage\":\"fr-FR\",\"potentialAction\":[{\"@type\":\"CommentAction\",\"name\":\"Comment\",\"target\":[\"https:\/\/kapitalis.com\/tunisie\/2019\/12\/05\/mohamed-abbou-plus-que-jamais-determine-a-nettoyer-le-pays\/#respond\"]}]},{\"@type\":\"WebPage\",\"@id\":\"https:\/\/kapitalis.com\/tunisie\/2019\/12\/05\/mohamed-abbou-plus-que-jamais-determine-a-nettoyer-le-pays\/\",\"url\":\"https:\/\/kapitalis.com\/tunisie\/2019\/12\/05\/mohamed-abbou-plus-que-jamais-determine-a-nettoyer-le-pays\/\",\"name\":\"Mohamed Abbou plus que jamais d\u00e9termin\u00e9 \u00e0 nettoyer le pays - Kapitalis\",\"isPartOf\":{\"@id\":\"https:\/\/kapitalis.com\/tunisie\/#website\"},\"primaryImageOfPage\":{\"@id\":\"https:\/\/kapitalis.com\/tunisie\/2019\/12\/05\/mohamed-abbou-plus-que-jamais-determine-a-nettoyer-le-pays\/#primaryimage\"},\"image\":{\"@id\":\"https:\/\/kapitalis.com\/tunisie\/2019\/12\/05\/mohamed-abbou-plus-que-jamais-determine-a-nettoyer-le-pays\/#primaryimage\"},\"thumbnailUrl\":\"http:\/\/kapitalis.com\/tunisie\/wp-content\/uploads\/2019\/11\/Mohamed-Abbou.jpg\",\"datePublished\":\"2019-12-05T12:37:45+00:00\",\"dateModified\":\"2019-12-05T13:44:43+00:00\",\"breadcrumb\":{\"@id\":\"https:\/\/kapitalis.com\/tunisie\/2019\/12\/05\/mohamed-abbou-plus-que-jamais-determine-a-nettoyer-le-pays\/#breadcrumb\"},\"inLanguage\":\"fr-FR\",\"potentialAction\":[{\"@type\":\"ReadAction\",\"target\":[\"https:\/\/kapitalis.com\/tunisie\/2019\/12\/05\/mohamed-abbou-plus-que-jamais-determine-a-nettoyer-le-pays\/\"]}]},{\"@type\":\"ImageObject\",\"inLanguage\":\"fr-FR\",\"@id\":\"https:\/\/kapitalis.com\/tunisie\/2019\/12\/05\/mohamed-abbou-plus-que-jamais-determine-a-nettoyer-le-pays\/#primaryimage\",\"url\":\"\",\"contentUrl\":\"\"},{\"@type\":\"BreadcrumbList\",\"@id\":\"https:\/\/kapitalis.com\/tunisie\/2019\/12\/05\/mohamed-abbou-plus-que-jamais-determine-a-nettoyer-le-pays\/#breadcrumb\",\"itemListElement\":[{\"@type\":\"ListItem\",\"position\":1,\"name\":\"Accueil\",\"item\":\"https:\/\/kapitalis.com\/tunisie\/\"},{\"@type\":\"ListItem\",\"position\":2,\"name\":\"Mohamed Abbou plus que jamais d\u00e9termin\u00e9 \u00e0 nettoyer le pays\"}]},{\"@type\":\"WebSite\",\"@id\":\"https:\/\/kapitalis.com\/tunisie\/#website\",\"url\":\"https:\/\/kapitalis.com\/tunisie\/\",\"name\":\"Kapitalis\",\"description\":\"L&#039;actualit\u00e9 en Tunisie et dans le monde\",\"publisher\":{\"@id\":\"https:\/\/kapitalis.com\/tunisie\/#organization\"},\"potentialAction\":[{\"@type\":\"SearchAction\",\"target\":{\"@type\":\"EntryPoint\",\"urlTemplate\":\"https:\/\/kapitalis.com\/tunisie\/?s={search_term_string}\"},\"query-input\":{\"@type\":\"PropertyValueSpecification\",\"valueRequired\":true,\"valueName\":\"search_term_string\"}}],\"inLanguage\":\"fr-FR\"},{\"@type\":\"Organization\",\"@id\":\"https:\/\/kapitalis.com\/tunisie\/#organization\",\"name\":\"Kapitalis\",\"url\":\"https:\/\/kapitalis.com\/tunisie\/\",\"logo\":{\"@type\":\"ImageObject\",\"inLanguage\":\"fr-FR\",\"@id\":\"https:\/\/kapitalis.com\/tunisie\/#\/schema\/logo\/image\/\",\"url\":\"https:\/\/kapitalis.com\/tunisie\/wp-content\/uploads\/2022\/05\/Kapitalis-big-size.png\",\"contentUrl\":\"https:\/\/kapitalis.com\/tunisie\/wp-content\/uploads\/2022\/05\/Kapitalis-big-size.png\",\"width\":5000,\"height\":1500,\"caption\":\"Kapitalis\"},\"image\":{\"@id\":\"https:\/\/kapitalis.com\/tunisie\/#\/schema\/logo\/image\/\"},\"sameAs\":[\"https:\/\/www.facebook.com\/KapitalisInfo\/\",\"https:\/\/x.com\/KapitalisInfo\",\"https:\/\/www.youtube.com\/channel\/UC-yDYrHyfFBWWZaOw3FPg9Q\"]},{\"@type\":\"Person\",\"@id\":\"https:\/\/kapitalis.com\/tunisie\/#\/schema\/person\/b35b8d631961131107263178aeb8019e\",\"name\":\"Cherif Benyounes\",\"url\":\"https:\/\/kapitalis.com\/tunisie\/author\/cherif\/\"}]}<\/script>\n<!-- \/ Yoast SEO plugin. -->","yoast_head_json":{"title":"Mohamed Abbou plus que jamais d\u00e9termin\u00e9 \u00e0 nettoyer le pays - Kapitalis","robots":{"index":"index","follow":"follow","max-snippet":"max-snippet:-1","max-image-preview":"max-image-preview:large","max-video-preview":"max-video-preview:-1"},"canonical":"https:\/\/kapitalis.com\/tunisie\/2019\/12\/05\/mohamed-abbou-plus-que-jamais-determine-a-nettoyer-le-pays\/","og_locale":"fr_FR","og_type":"article","og_title":"Mohamed Abbou plus que jamais d\u00e9termin\u00e9 \u00e0 nettoyer le pays - Kapitalis","og_description":"Mohamed Abbou a r\u00e9it\u00e9r\u00e9, une fois de plus, les exigences de son parti, Attayar, pour int\u00e9grer le prochain gouvernement. Des conditions qu&rsquo;il a annonc\u00e9es d\u00e8s la sortie des r\u00e9sultats des l\u00e9gislatives, en octobre dernier : avoir des repr\u00e9sentants \u00e0 la t\u00eate de deux minist\u00e8res de souverainet\u00e9, \u00e0 savoir celui de l&rsquo;Int\u00e9rieur et celui de la...","og_url":"https:\/\/kapitalis.com\/tunisie\/2019\/12\/05\/mohamed-abbou-plus-que-jamais-determine-a-nettoyer-le-pays\/","og_site_name":"Kapitalis","article_publisher":"https:\/\/www.facebook.com\/KapitalisInfo\/","article_published_time":"2019-12-05T12:37:45+00:00","article_modified_time":"2019-12-05T13:44:43+00:00","og_image":[{"url":"http:\/\/kapitalis.com\/tunisie\/wp-content\/uploads\/2019\/11\/Mohamed-Abbou.jpg","type":"","width":"","height":""}],"author":"Cherif Benyounes","twitter_card":"summary_large_image","twitter_creator":"@KapitalisInfo","twitter_site":"@KapitalisInfo","twitter_misc":{"\u00c9crit par":"Cherif Benyounes","Dur\u00e9e de lecture estim\u00e9e":"4 minutes"},"schema":{"@context":"https:\/\/schema.org","@graph":[{"@type":"Article","@id":"https:\/\/kapitalis.com\/tunisie\/2019\/12\/05\/mohamed-abbou-plus-que-jamais-determine-a-nettoyer-le-pays\/#article","isPartOf":{"@id":"https:\/\/kapitalis.com\/tunisie\/2019\/12\/05\/mohamed-abbou-plus-que-jamais-determine-a-nettoyer-le-pays\/"},"author":{"name":"Cherif Benyounes","@id":"https:\/\/kapitalis.com\/tunisie\/#\/schema\/person\/b35b8d631961131107263178aeb8019e"},"headline":"Mohamed Abbou plus que jamais d\u00e9termin\u00e9 \u00e0 nettoyer le pays","datePublished":"2019-12-05T12:37:45+00:00","dateModified":"2019-12-05T13:44:43+00:00","mainEntityOfPage":{"@id":"https:\/\/kapitalis.com\/tunisie\/2019\/12\/05\/mohamed-abbou-plus-que-jamais-determine-a-nettoyer-le-pays\/"},"wordCount":748,"commentCount":1,"publisher":{"@id":"https:\/\/kapitalis.com\/tunisie\/#organization"},"image":{"@id":"https:\/\/kapitalis.com\/tunisie\/2019\/12\/05\/mohamed-abbou-plus-que-jamais-determine-a-nettoyer-le-pays\/#primaryimage"},"thumbnailUrl":"http:\/\/kapitalis.com\/tunisie\/wp-content\/uploads\/2019\/11\/Mohamed-Abbou.jpg","keywords":["Attayar","ech\u00e2ab","Ennahdha","Mohamed Abbou","Tahya Tounes"],"articleSection":["A LA UNE","POLITIQUE","Tunisie"],"inLanguage":"fr-FR","potentialAction":[{"@type":"CommentAction","name":"Comment","target":["https:\/\/kapitalis.com\/tunisie\/2019\/12\/05\/mohamed-abbou-plus-que-jamais-determine-a-nettoyer-le-pays\/#respond"]}]},{"@type":"WebPage","@id":"https:\/\/kapitalis.com\/tunisie\/2019\/12\/05\/mohamed-abbou-plus-que-jamais-determine-a-nettoyer-le-pays\/","url":"https:\/\/kapitalis.com\/tunisie\/2019\/12\/05\/mohamed-abbou-plus-que-jamais-determine-a-nettoyer-le-pays\/","name":"Mohamed Abbou plus que jamais d\u00e9termin\u00e9 \u00e0 nettoyer le pays - Kapitalis","isPartOf":{"@id":"https:\/\/kapitalis.com\/tunisie\/#website"},"primaryImageOfPage":{"@id":"https:\/\/kapitalis.com\/tunisie\/2019\/12\/05\/mohamed-abbou-plus-que-jamais-determine-a-nettoyer-le-pays\/#primaryimage"},"image":{"@id":"https:\/\/kapitalis.com\/tunisie\/2019\/12\/05\/mohamed-abbou-plus-que-jamais-determine-a-nettoyer-le-pays\/#primaryimage"},"thumbnailUrl":"http:\/\/kapitalis.com\/tunisie\/wp-content\/uploads\/2019\/11\/Mohamed-Abbou.jpg","datePublished":"2019-12-05T12:37:45+00:00","dateModified":"2019-12-05T13:44:43+00:00","breadcrumb":{"@id":"https:\/\/kapitalis.com\/tunisie\/2019\/12\/05\/mohamed-abbou-plus-que-jamais-determine-a-nettoyer-le-pays\/#breadcrumb"},"inLanguage":"fr-FR","potentialAction":[{"@type":"ReadAction","target":["https:\/\/kapitalis.com\/tunisie\/2019\/12\/05\/mohamed-abbou-plus-que-jamais-determine-a-nettoyer-le-pays\/"]}]},{"@type":"ImageObject","inLanguage":"fr-FR","@id":"https:\/\/kapitalis.com\/tunisie\/2019\/12\/05\/mohamed-abbou-plus-que-jamais-determine-a-nettoyer-le-pays\/#primaryimage","url":"","contentUrl":""},{"@type":"BreadcrumbList","@id":"https:\/\/kapitalis.com\/tunisie\/2019\/12\/05\/mohamed-abbou-plus-que-jamais-determine-a-nettoyer-le-pays\/#breadcrumb","itemListElement":[{"@type":"ListItem","position":1,"name":"Accueil","item":"https:\/\/kapitalis.com\/tunisie\/"},{"@type":"ListItem","position":2,"name":"Mohamed Abbou plus que jamais d\u00e9termin\u00e9 \u00e0 nettoyer le pays"}]},{"@type":"WebSite","@id":"https:\/\/kapitalis.com\/tunisie\/#website","url":"https:\/\/kapitalis.com\/tunisie\/","name":"Kapitalis","description":"L&#039;actualit\u00e9 en Tunisie et dans le monde","publisher":{"@id":"https:\/\/kapitalis.com\/tunisie\/#organization"},"potentialAction":[{"@type":"SearchAction","target":{"@type":"EntryPoint","urlTemplate":"https:\/\/kapitalis.com\/tunisie\/?s={search_term_string}"},"query-input":{"@type":"PropertyValueSpecification","valueRequired":true,"valueName":"search_term_string"}}],"inLanguage":"fr-FR"},{"@type":"Organization","@id":"https:\/\/kapitalis.com\/tunisie\/#organization","name":"Kapitalis","url":"https:\/\/kapitalis.com\/tunisie\/","logo":{"@type":"ImageObject","inLanguage":"fr-FR","@id":"https:\/\/kapitalis.com\/tunisie\/#\/schema\/logo\/image\/","url":"https:\/\/kapitalis.com\/tunisie\/wp-content\/uploads\/2022\/05\/Kapitalis-big-size.png","contentUrl":"https:\/\/kapitalis.com\/tunisie\/wp-content\/uploads\/2022\/05\/Kapitalis-big-size.png","width":5000,"height":1500,"caption":"Kapitalis"},"image":{"@id":"https:\/\/kapitalis.com\/tunisie\/#\/schema\/logo\/image\/"},"sameAs":["https:\/\/www.facebook.com\/KapitalisInfo\/","https:\/\/x.com\/KapitalisInfo","https:\/\/www.youtube.com\/channel\/UC-yDYrHyfFBWWZaOw3FPg9Q"]},{"@type":"Person","@id":"https:\/\/kapitalis.com\/tunisie\/#\/schema\/person\/b35b8d631961131107263178aeb8019e","name":"Cherif Benyounes","url":"https:\/\/kapitalis.com\/tunisie\/author\/cherif\/"}]}},"_links":{"self":[{"href":"https:\/\/kapitalis.com\/tunisie\/wp-json\/wp\/v2\/posts\/261408","targetHints":{"allow":["GET"]}}],"collection":[{"href":"https:\/\/kapitalis.com\/tunisie\/wp-json\/wp\/v2\/posts"}],"about":[{"href":"https:\/\/kapitalis.com\/tunisie\/wp-json\/wp\/v2\/types\/post"}],"author":[{"embeddable":true,"href":"https:\/\/kapitalis.com\/tunisie\/wp-json\/wp\/v2\/users\/24"}],"replies":[{"embeddable":true,"href":"https:\/\/kapitalis.com\/tunisie\/wp-json\/wp\/v2\/comments?post=261408"}],"version-history":[{"count":0,"href":"https:\/\/kapitalis.com\/tunisie\/wp-json\/wp\/v2\/posts\/261408\/revisions"}],"wp:attachment":[{"href":"https:\/\/kapitalis.com\/tunisie\/wp-json\/wp\/v2\/media?parent=261408"}],"wp:term":[{"taxonomy":"category","embeddable":true,"href":"https:\/\/kapitalis.com\/tunisie\/wp-json\/wp\/v2\/categories?post=261408"},{"taxonomy":"post_tag","embeddable":true,"href":"https:\/\/kapitalis.com\/tunisie\/wp-json\/wp\/v2\/tags?post=261408"}],"curies":[{"name":"wp","href":"https:\/\/api.w.org\/{rel}","templated":true}]}}