{"id":261452,"date":"2019-12-05T12:42:36","date_gmt":"2019-12-05T11:42:36","guid":{"rendered":"http:\/\/kapitalis.com\/tunisie\/?p=261452"},"modified":"2019-12-05T12:42:38","modified_gmt":"2019-12-05T11:42:38","slug":"conclave-a-tunis-dexperts-et-decideurs-pour-discuter-de-la-rarete-de-leau","status":"publish","type":"post","link":"https:\/\/kapitalis.com\/tunisie\/2019\/12\/05\/conclave-a-tunis-dexperts-et-decideurs-pour-discuter-de-la-rarete-de-leau\/","title":{"rendered":"Conclave \u00e0 Tunis d\u2019experts et d\u00e9cideurs pour discuter de la raret\u00e9 de l\u2019eau"},"content":{"rendered":"\n<figure class=\"wp-block-image size-large\"><img decoding=\"async\" src=\"http:\/\/kapitalis.com\/tunisie\/wp-content\/uploads\/2019\/12\/FAO-Conference-a-Tunis.jpg\" alt=\"\" class=\"wp-image-261455\"\/><\/figure>\n\n\n\n<p><strong><em> L\u2019Organisation des Nations Unies pour l\u2019alimentation et l\u2019agriculture (Fao) a inaugur\u00e9 hier, mercredi 4 d\u00e9cembre 2019, \u00e0 Tunis, la Conf\u00e9rence r\u00e9gionale sur l\u2019am\u00e9lioration de la productivit\u00e9 de l\u2019eau dans l\u2019agriculture dans la r\u00e9gion du Proche-Orient et de l\u2019Afrique du Nord.<\/em><\/strong><\/p>\n\n\n\n<!--more-->\n\n\n\n<p> Cette conf\u00e9rence de trois jours est la premi\u00e8re activit\u00e9 r\u00e9gionale pour la mise en place d\u2019une plateforme collaborative sur la productivit\u00e9 de l\u2019eau, dans le cadre de l&rsquo;Initiative R\u00e9gionale sur la raret\u00e9 d&rsquo;eau au Proche-Orient et l\u2019Afrique du Nord.<\/p>\n\n\n\n<p> Cette conf\u00e9rence rassemble des chercheurs, des jeunes innovateurs et des d\u00e9cideurs politiques dans un forum scientifique pour discuter l\u2019\u00e9tat des lieux de la productivit\u00e9 de l\u2019eau dans la r\u00e9gion, les enjeux et d\u00e9fis auxquels fait face l\u2019eau ainsi que les solutions disponibles. <\/p>\n\n\n\n<p> Cette conf\u00e9rence est appuy\u00e9e par le projet r\u00e9gional <em>\u00abmise en \u0153uvre de l\u2019agenda 2030 pour l\u2019efficacit\u00e9, la productivit\u00e9 et la durabilit\u00e9 de l\u2019eau dans la r\u00e9gion du Proche Orient et de l\u2019Afrique du Nord\u00bb<\/em> financ\u00e9 par l\u2019Agence su\u00e9doise de coop\u00e9ration internationale pour le d\u00e9veloppement (Sida).<\/p>\n\n\n\n<p> Elle permet aux experts de d\u00e9battre de la mani\u00e8re dont l\u2019am\u00e9lioration de la productivit\u00e9 de l\u2019eau (EPL) peut renforcer la durabilit\u00e9 dans le secteur agricole, la croissance \u00e9conomique, maintenir la stabilit\u00e9 sociale et prot\u00e9ger l\u2019environnement dans les zones rurales et urbaines.<\/p>\n\n\n\n<h3 class=\"wp-block-heading\"> La r\u00e9gion Mena est la plus touch\u00e9e par la d\u00e9sertification<\/h3>\n\n\n\n<p> Dans son allocution inaugurale, Philippe Ankers, coordinateur du bureau sous r\u00e9gional de la Fao pour l\u2019Afrique du Nord a dit : <em>\u00abLes projections montrent que la fr\u00e9quence des s\u00e9cheresses pourrait augmenter de 20 \u00e0 60 pour cent d\u2019ici la fin du si\u00e8cle par rapport aux niveaux actuels, et qu\u2019aucune autre r\u00e9gion n\u2019a \u00e9t\u00e9 aussi touch\u00e9e par la d\u00e9sertification que la r\u00e9gion du Proche Orient et de l\u2019Afrique du Nord.\u00bb<\/em> <\/p>\n\n\n\n<p> Il a appel\u00e9 \u00e0 <em>\u00abagir vite\u00bb<\/em> pour relever <em>\u00able triple d\u00e9fi de la gestion durable de l\u2019eau, du changement climatique, de la s\u00e9curit\u00e9 alimentaire et de la nutrition.\u00bb<\/em><\/p>\n\n\n\n<p> M. Ankers a exhort\u00e9 les experts, d\u00e9cideurs politiques et jeunes innovateurs, \u00e0 contribuer \u00e0 transformer la fa\u00e7on dont nous utilisons l\u2019eau \u00e0 court, moyen et long termes, en esp\u00e9rant que la plateforme collaborative cr\u00e9\u00e9e par la Fao puisse faciliter ce processus.<\/p>\n\n\n\n<p> En pr\u00e9paration pour la conf\u00e9rence, la Fao a organis\u00e9 une s\u00e9rie de sessions de formation r\u00e9gionales: <\/p>\n\n\n\n<ul class=\"wp-block-list\"><li>du 28 novembre au 3 d\u00e9cembre, les experts ont \u00e9t\u00e9 form\u00e9s sur la cartographie de la salinit\u00e9 des sols ;<\/li><li>du 1er au 3 d\u00e9cembre, la Fao a offert une formation sur l\u2019application Wapor, consacr\u00e9e \u00e0 la cartographie des cultures par t\u00e9l\u00e9d\u00e9tection;<\/li><li>le 3 d\u00e9cembre, une formation sur la comptabilit\u00e9 de l\u2019eau a \u00e9t\u00e9 donn\u00e9e pour familiariser les participants \u00e0 la compr\u00e9hension des concepts g\u00e9n\u00e9raux de comptabilit\u00e9 et d\u2019audit de l\u2019eau, \u00e0 la compr\u00e9hension des diff\u00e9rences entre les utilisations consommatrices et non consommatrices, et les utilisations b\u00e9n\u00e9fiques et non-b\u00e9n\u00e9fiques, et les initier aux m\u00e9thodes certaines pour r\u00e9duire le budget de l\u2019eau;<\/li><li>les 2 et 3 d\u00e9cembre, une r\u00e9union de haut niveau du groupe Aquacrop a \u00e9t\u00e9 organis\u00e9e dans le but d\u2019\u00e9valuer l\u2019\u00e9tat des lieux d\u2019Aquacrop et la n\u00e9cessit\u00e9 de la mettre \u00e0 jour, en plus de proposer une approche globale pour la formation, la diffusion et le d\u00e9veloppement de nouvelles applications d\u2019Aquacrop \u00e0 l\u2019avenir.<\/li><\/ul>\n\n\n\n<h3 class=\"wp-block-heading\"> Le march\u00e9 de l\u2019innovation <\/h3>\n\n\n\n<p> La conf\u00e9rence accueille aussi un <em>\u00abmarch\u00e9\u00bb<\/em> de l\u2019innovation, un espace ouvert pour le partage des connaissances. Le march\u00e9 est un espace physique en marge de la conf\u00e9rence o\u00f9 la plateforme collaborative de la Fao sur la productivit\u00e9 de l\u2019eau pourra \u00eatre d\u00e9montr\u00e9e. C\u2019est aussi un espace o\u00f9 les agriculteurs\/praticiens peuvent rencontrer des experts dans un cadre informel et o\u00f9 tous les participants peuvent partager leurs connaissances, discuter des affiches expos\u00e9es, des outils et des contributions de mani\u00e8re d\u00e9tendue. Le march\u00e9 est organis\u00e9 autour des th\u00e8mes de la conf\u00e9rence.<\/p>\n\n\n\n<h3 class=\"wp-block-heading\"> Participation des jeunes<\/h3>\n\n\n\n<p> La conf\u00e9rence repr\u00e9sente une opportunit\u00e9 pour pr\u00e9senter des solutions technologiques innovatrices, d\u00e9velopp\u00e9es par des jeunes universitaires Tunisiens. Un <em>\u00abhackathon\u00bb<\/em> avait \u00e9t\u00e9 lanc\u00e9 le 1er octobre 2019 au Technopark de l\u2019Universit\u00e9 de Manouba lors d\u2019un s\u00e9minaire sur <em>\u00abl\u2019irrigation intelligente\u00bb<\/em>.<\/p>\n\n\n\n<p> Cet \u00e9v\u00e9nement avait r\u00e9uni des chercheurs, des professionnels, des \u00e9tudiants et des jeunes entrepreneurs de startups technologiques. Huit groupes, rassemblant une quarantaine d\u2019\u00e9tudiants, de diff\u00e9rentes universit\u00e9s avaient particip\u00e9 au hackathon et ont d\u00e9velopp\u00e9 leurs id\u00e9es au parc d\u2019incubation Al-Gazala de Technopark. Les r\u00e9sultats de leurs efforts seraient jug\u00e9s par un jury de sp\u00e9cialistes, y compris des experts de la Fao, et les gagnants seraient annonc\u00e9s durant la conf\u00e9rence.  <\/p>\n\n\n\n<p> Cette conf\u00e9rence et les projets associ\u00e9s s\u2019inscrivent dans le cadre de l&rsquo;Initiative R\u00e9gionale sur la raret\u00e9  d&rsquo;eau, lanc\u00e9e par la Fao en 2013 pour soutenir les pays de la r\u00e9gion du Proche-Orient et de l\u2019Afrique du Nord pour faire face \u00e0 l&rsquo;un de leurs d\u00e9fis les plus urgents: s\u00e9curit\u00e9 alimentaire et s\u00e9curit\u00e9 hydrique, pour un d\u00e9veloppement \u00e9conomique et social durable dans un contexte de raret\u00e9 de l&rsquo;eau.<\/p>\n\n\n\n<p><strong><em>Source<\/em><\/strong> : communiqu\u00e9. <\/p>\n","protected":false},"excerpt":{"rendered":"<p>L\u2019Organisation des Nations Unies pour l\u2019alimentation et l\u2019agriculture (Fao) a inaugur\u00e9 hier, mercredi 4 d\u00e9cembre 2019, \u00e0 Tunis, la Conf\u00e9rence r\u00e9gionale sur l\u2019am\u00e9lioration de la productivit\u00e9 de l\u2019eau dans l\u2019agriculture dans la r\u00e9gion du Proche-Orient et de l\u2019Afrique du Nord.<\/p>\n","protected":false},"author":8,"featured_media":261455,"comment_status":"open","ping_status":"open","sticky":false,"template":"","format":"standard","meta":{"footnotes":""},"categories":[995,2433],"tags":[24073,13104,7310],"class_list":["post-261452","post","type-post","status-publish","format-standard","has-post-thumbnail","hentry","category-economie","category-tunisie","tag-changement-climatique","tag-desertification","tag-fao"],"yoast_head":"<!-- This site is optimized with the Yoast SEO plugin v26.6 - https:\/\/yoast.com\/wordpress\/plugins\/seo\/ -->\n<title>Conclave \u00e0 Tunis d\u2019experts et d\u00e9cideurs pour discuter de la raret\u00e9 de l\u2019eau - Kapitalis<\/title>\n<meta name=\"robots\" content=\"index, follow, max-snippet:-1, max-image-preview:large, max-video-preview:-1\" \/>\n<link rel=\"canonical\" href=\"https:\/\/kapitalis.com\/tunisie\/2019\/12\/05\/conclave-a-tunis-dexperts-et-decideurs-pour-discuter-de-la-rarete-de-leau\/\" \/>\n<meta property=\"og:locale\" content=\"fr_FR\" \/>\n<meta property=\"og:type\" content=\"article\" \/>\n<meta property=\"og:title\" content=\"Conclave \u00e0 Tunis d\u2019experts et d\u00e9cideurs pour discuter de la raret\u00e9 de l\u2019eau - Kapitalis\" \/>\n<meta property=\"og:description\" content=\"L\u2019Organisation des Nations Unies pour l\u2019alimentation et l\u2019agriculture (Fao) a inaugur\u00e9 hier, mercredi 4 d\u00e9cembre 2019, \u00e0 Tunis, la Conf\u00e9rence r\u00e9gionale sur l\u2019am\u00e9lioration de la productivit\u00e9 de l\u2019eau dans l\u2019agriculture dans la r\u00e9gion du Proche-Orient et de l\u2019Afrique du Nord.\" \/>\n<meta property=\"og:url\" content=\"https:\/\/kapitalis.com\/tunisie\/2019\/12\/05\/conclave-a-tunis-dexperts-et-decideurs-pour-discuter-de-la-rarete-de-leau\/\" \/>\n<meta property=\"og:site_name\" content=\"Kapitalis\" \/>\n<meta property=\"article:publisher\" content=\"https:\/\/www.facebook.com\/KapitalisInfo\/\" \/>\n<meta property=\"article:published_time\" content=\"2019-12-05T11:42:36+00:00\" \/>\n<meta property=\"article:modified_time\" content=\"2019-12-05T11:42:38+00:00\" \/>\n<meta property=\"og:image\" content=\"https:\/\/kapitalis.com\/tunisie\/wp-content\/uploads\/2022\/05\/kapitalis-logo-fb.png\" \/>\n\t<meta property=\"og:image:width\" content=\"1200\" \/>\n\t<meta property=\"og:image:height\" content=\"630\" \/>\n\t<meta property=\"og:image:type\" content=\"image\/png\" \/>\n<meta name=\"author\" content=\"webmaster kapitalis\" \/>\n<meta name=\"twitter:card\" content=\"summary_large_image\" \/>\n<meta name=\"twitter:creator\" content=\"@KapitalisInfo\" \/>\n<meta name=\"twitter:site\" content=\"@KapitalisInfo\" \/>\n<meta name=\"twitter:label1\" content=\"\u00c9crit par\" \/>\n\t<meta name=\"twitter:data1\" content=\"webmaster kapitalis\" \/>\n\t<meta name=\"twitter:label2\" content=\"Dur\u00e9e de lecture estim\u00e9e\" \/>\n\t<meta name=\"twitter:data2\" content=\"5 minutes\" \/>\n<script type=\"application\/ld+json\" class=\"yoast-schema-graph\">{\"@context\":\"https:\/\/schema.org\",\"@graph\":[{\"@type\":\"Article\",\"@id\":\"https:\/\/kapitalis.com\/tunisie\/2019\/12\/05\/conclave-a-tunis-dexperts-et-decideurs-pour-discuter-de-la-rarete-de-leau\/#article\",\"isPartOf\":{\"@id\":\"https:\/\/kapitalis.com\/tunisie\/2019\/12\/05\/conclave-a-tunis-dexperts-et-decideurs-pour-discuter-de-la-rarete-de-leau\/\"},\"author\":{\"name\":\"webmaster kapitalis\",\"@id\":\"https:\/\/kapitalis.com\/tunisie\/#\/schema\/person\/d71f33a9ca44f7bad4698210b480c8e9\"},\"headline\":\"Conclave \u00e0 Tunis d\u2019experts et d\u00e9cideurs pour discuter de la raret\u00e9 de l\u2019eau\",\"datePublished\":\"2019-12-05T11:42:36+00:00\",\"dateModified\":\"2019-12-05T11:42:38+00:00\",\"mainEntityOfPage\":{\"@id\":\"https:\/\/kapitalis.com\/tunisie\/2019\/12\/05\/conclave-a-tunis-dexperts-et-decideurs-pour-discuter-de-la-rarete-de-leau\/\"},\"wordCount\":938,\"commentCount\":0,\"publisher\":{\"@id\":\"https:\/\/kapitalis.com\/tunisie\/#organization\"},\"image\":{\"@id\":\"https:\/\/kapitalis.com\/tunisie\/2019\/12\/05\/conclave-a-tunis-dexperts-et-decideurs-pour-discuter-de-la-rarete-de-leau\/#primaryimage\"},\"thumbnailUrl\":\"\",\"keywords\":[\"changement climatique\",\"desertification\",\"FAO\"],\"articleSection\":[\"ECONOMIE\",\"Tunisie\"],\"inLanguage\":\"fr-FR\",\"potentialAction\":[{\"@type\":\"CommentAction\",\"name\":\"Comment\",\"target\":[\"https:\/\/kapitalis.com\/tunisie\/2019\/12\/05\/conclave-a-tunis-dexperts-et-decideurs-pour-discuter-de-la-rarete-de-leau\/#respond\"]}]},{\"@type\":\"WebPage\",\"@id\":\"https:\/\/kapitalis.com\/tunisie\/2019\/12\/05\/conclave-a-tunis-dexperts-et-decideurs-pour-discuter-de-la-rarete-de-leau\/\",\"url\":\"https:\/\/kapitalis.com\/tunisie\/2019\/12\/05\/conclave-a-tunis-dexperts-et-decideurs-pour-discuter-de-la-rarete-de-leau\/\",\"name\":\"Conclave \u00e0 Tunis d\u2019experts et d\u00e9cideurs pour discuter de la raret\u00e9 de l\u2019eau - Kapitalis\",\"isPartOf\":{\"@id\":\"https:\/\/kapitalis.com\/tunisie\/#website\"},\"primaryImageOfPage\":{\"@id\":\"https:\/\/kapitalis.com\/tunisie\/2019\/12\/05\/conclave-a-tunis-dexperts-et-decideurs-pour-discuter-de-la-rarete-de-leau\/#primaryimage\"},\"image\":{\"@id\":\"https:\/\/kapitalis.com\/tunisie\/2019\/12\/05\/conclave-a-tunis-dexperts-et-decideurs-pour-discuter-de-la-rarete-de-leau\/#primaryimage\"},\"thumbnailUrl\":\"\",\"datePublished\":\"2019-12-05T11:42:36+00:00\",\"dateModified\":\"2019-12-05T11:42:38+00:00\",\"breadcrumb\":{\"@id\":\"https:\/\/kapitalis.com\/tunisie\/2019\/12\/05\/conclave-a-tunis-dexperts-et-decideurs-pour-discuter-de-la-rarete-de-leau\/#breadcrumb\"},\"inLanguage\":\"fr-FR\",\"potentialAction\":[{\"@type\":\"ReadAction\",\"target\":[\"https:\/\/kapitalis.com\/tunisie\/2019\/12\/05\/conclave-a-tunis-dexperts-et-decideurs-pour-discuter-de-la-rarete-de-leau\/\"]}]},{\"@type\":\"ImageObject\",\"inLanguage\":\"fr-FR\",\"@id\":\"https:\/\/kapitalis.com\/tunisie\/2019\/12\/05\/conclave-a-tunis-dexperts-et-decideurs-pour-discuter-de-la-rarete-de-leau\/#primaryimage\",\"url\":\"\",\"contentUrl\":\"\"},{\"@type\":\"BreadcrumbList\",\"@id\":\"https:\/\/kapitalis.com\/tunisie\/2019\/12\/05\/conclave-a-tunis-dexperts-et-decideurs-pour-discuter-de-la-rarete-de-leau\/#breadcrumb\",\"itemListElement\":[{\"@type\":\"ListItem\",\"position\":1,\"name\":\"Accueil\",\"item\":\"https:\/\/kapitalis.com\/tunisie\/\"},{\"@type\":\"ListItem\",\"position\":2,\"name\":\"Conclave \u00e0 Tunis d\u2019experts et d\u00e9cideurs pour discuter de la raret\u00e9 de l\u2019eau\"}]},{\"@type\":\"WebSite\",\"@id\":\"https:\/\/kapitalis.com\/tunisie\/#website\",\"url\":\"https:\/\/kapitalis.com\/tunisie\/\",\"name\":\"Kapitalis\",\"description\":\"L&#039;actualit\u00e9 en Tunisie et dans le monde\",\"publisher\":{\"@id\":\"https:\/\/kapitalis.com\/tunisie\/#organization\"},\"potentialAction\":[{\"@type\":\"SearchAction\",\"target\":{\"@type\":\"EntryPoint\",\"urlTemplate\":\"https:\/\/kapitalis.com\/tunisie\/?s={search_term_string}\"},\"query-input\":{\"@type\":\"PropertyValueSpecification\",\"valueRequired\":true,\"valueName\":\"search_term_string\"}}],\"inLanguage\":\"fr-FR\"},{\"@type\":\"Organization\",\"@id\":\"https:\/\/kapitalis.com\/tunisie\/#organization\",\"name\":\"Kapitalis\",\"url\":\"https:\/\/kapitalis.com\/tunisie\/\",\"logo\":{\"@type\":\"ImageObject\",\"inLanguage\":\"fr-FR\",\"@id\":\"https:\/\/kapitalis.com\/tunisie\/#\/schema\/logo\/image\/\",\"url\":\"https:\/\/kapitalis.com\/tunisie\/wp-content\/uploads\/2022\/05\/Kapitalis-big-size.png\",\"contentUrl\":\"https:\/\/kapitalis.com\/tunisie\/wp-content\/uploads\/2022\/05\/Kapitalis-big-size.png\",\"width\":5000,\"height\":1500,\"caption\":\"Kapitalis\"},\"image\":{\"@id\":\"https:\/\/kapitalis.com\/tunisie\/#\/schema\/logo\/image\/\"},\"sameAs\":[\"https:\/\/www.facebook.com\/KapitalisInfo\/\",\"https:\/\/x.com\/KapitalisInfo\",\"https:\/\/www.youtube.com\/channel\/UC-yDYrHyfFBWWZaOw3FPg9Q\"]},{\"@type\":\"Person\",\"@id\":\"https:\/\/kapitalis.com\/tunisie\/#\/schema\/person\/d71f33a9ca44f7bad4698210b480c8e9\",\"name\":\"webmaster kapitalis\",\"url\":\"https:\/\/kapitalis.com\/tunisie\/author\/webmaster-kapitalis\/\"}]}<\/script>\n<!-- \/ Yoast SEO plugin. -->","yoast_head_json":{"title":"Conclave \u00e0 Tunis d\u2019experts et d\u00e9cideurs pour discuter de la raret\u00e9 de l\u2019eau - Kapitalis","robots":{"index":"index","follow":"follow","max-snippet":"max-snippet:-1","max-image-preview":"max-image-preview:large","max-video-preview":"max-video-preview:-1"},"canonical":"https:\/\/kapitalis.com\/tunisie\/2019\/12\/05\/conclave-a-tunis-dexperts-et-decideurs-pour-discuter-de-la-rarete-de-leau\/","og_locale":"fr_FR","og_type":"article","og_title":"Conclave \u00e0 Tunis d\u2019experts et d\u00e9cideurs pour discuter de la raret\u00e9 de l\u2019eau - Kapitalis","og_description":"L\u2019Organisation des Nations Unies pour l\u2019alimentation et l\u2019agriculture (Fao) a inaugur\u00e9 hier, mercredi 4 d\u00e9cembre 2019, \u00e0 Tunis, la Conf\u00e9rence r\u00e9gionale sur l\u2019am\u00e9lioration de la productivit\u00e9 de l\u2019eau dans l\u2019agriculture dans la r\u00e9gion du Proche-Orient et de l\u2019Afrique du Nord.","og_url":"https:\/\/kapitalis.com\/tunisie\/2019\/12\/05\/conclave-a-tunis-dexperts-et-decideurs-pour-discuter-de-la-rarete-de-leau\/","og_site_name":"Kapitalis","article_publisher":"https:\/\/www.facebook.com\/KapitalisInfo\/","article_published_time":"2019-12-05T11:42:36+00:00","article_modified_time":"2019-12-05T11:42:38+00:00","og_image":[{"width":1200,"height":630,"url":"https:\/\/kapitalis.com\/tunisie\/wp-content\/uploads\/2022\/05\/kapitalis-logo-fb.png","type":"image\/png"}],"author":"webmaster kapitalis","twitter_card":"summary_large_image","twitter_creator":"@KapitalisInfo","twitter_site":"@KapitalisInfo","twitter_misc":{"\u00c9crit par":"webmaster kapitalis","Dur\u00e9e de lecture estim\u00e9e":"5 minutes"},"schema":{"@context":"https:\/\/schema.org","@graph":[{"@type":"Article","@id":"https:\/\/kapitalis.com\/tunisie\/2019\/12\/05\/conclave-a-tunis-dexperts-et-decideurs-pour-discuter-de-la-rarete-de-leau\/#article","isPartOf":{"@id":"https:\/\/kapitalis.com\/tunisie\/2019\/12\/05\/conclave-a-tunis-dexperts-et-decideurs-pour-discuter-de-la-rarete-de-leau\/"},"author":{"name":"webmaster kapitalis","@id":"https:\/\/kapitalis.com\/tunisie\/#\/schema\/person\/d71f33a9ca44f7bad4698210b480c8e9"},"headline":"Conclave \u00e0 Tunis d\u2019experts et d\u00e9cideurs pour discuter de la raret\u00e9 de l\u2019eau","datePublished":"2019-12-05T11:42:36+00:00","dateModified":"2019-12-05T11:42:38+00:00","mainEntityOfPage":{"@id":"https:\/\/kapitalis.com\/tunisie\/2019\/12\/05\/conclave-a-tunis-dexperts-et-decideurs-pour-discuter-de-la-rarete-de-leau\/"},"wordCount":938,"commentCount":0,"publisher":{"@id":"https:\/\/kapitalis.com\/tunisie\/#organization"},"image":{"@id":"https:\/\/kapitalis.com\/tunisie\/2019\/12\/05\/conclave-a-tunis-dexperts-et-decideurs-pour-discuter-de-la-rarete-de-leau\/#primaryimage"},"thumbnailUrl":"","keywords":["changement climatique","desertification","FAO"],"articleSection":["ECONOMIE","Tunisie"],"inLanguage":"fr-FR","potentialAction":[{"@type":"CommentAction","name":"Comment","target":["https:\/\/kapitalis.com\/tunisie\/2019\/12\/05\/conclave-a-tunis-dexperts-et-decideurs-pour-discuter-de-la-rarete-de-leau\/#respond"]}]},{"@type":"WebPage","@id":"https:\/\/kapitalis.com\/tunisie\/2019\/12\/05\/conclave-a-tunis-dexperts-et-decideurs-pour-discuter-de-la-rarete-de-leau\/","url":"https:\/\/kapitalis.com\/tunisie\/2019\/12\/05\/conclave-a-tunis-dexperts-et-decideurs-pour-discuter-de-la-rarete-de-leau\/","name":"Conclave \u00e0 Tunis d\u2019experts et d\u00e9cideurs pour discuter de la raret\u00e9 de l\u2019eau - Kapitalis","isPartOf":{"@id":"https:\/\/kapitalis.com\/tunisie\/#website"},"primaryImageOfPage":{"@id":"https:\/\/kapitalis.com\/tunisie\/2019\/12\/05\/conclave-a-tunis-dexperts-et-decideurs-pour-discuter-de-la-rarete-de-leau\/#primaryimage"},"image":{"@id":"https:\/\/kapitalis.com\/tunisie\/2019\/12\/05\/conclave-a-tunis-dexperts-et-decideurs-pour-discuter-de-la-rarete-de-leau\/#primaryimage"},"thumbnailUrl":"","datePublished":"2019-12-05T11:42:36+00:00","dateModified":"2019-12-05T11:42:38+00:00","breadcrumb":{"@id":"https:\/\/kapitalis.com\/tunisie\/2019\/12\/05\/conclave-a-tunis-dexperts-et-decideurs-pour-discuter-de-la-rarete-de-leau\/#breadcrumb"},"inLanguage":"fr-FR","potentialAction":[{"@type":"ReadAction","target":["https:\/\/kapitalis.com\/tunisie\/2019\/12\/05\/conclave-a-tunis-dexperts-et-decideurs-pour-discuter-de-la-rarete-de-leau\/"]}]},{"@type":"ImageObject","inLanguage":"fr-FR","@id":"https:\/\/kapitalis.com\/tunisie\/2019\/12\/05\/conclave-a-tunis-dexperts-et-decideurs-pour-discuter-de-la-rarete-de-leau\/#primaryimage","url":"","contentUrl":""},{"@type":"BreadcrumbList","@id":"https:\/\/kapitalis.com\/tunisie\/2019\/12\/05\/conclave-a-tunis-dexperts-et-decideurs-pour-discuter-de-la-rarete-de-leau\/#breadcrumb","itemListElement":[{"@type":"ListItem","position":1,"name":"Accueil","item":"https:\/\/kapitalis.com\/tunisie\/"},{"@type":"ListItem","position":2,"name":"Conclave \u00e0 Tunis d\u2019experts et d\u00e9cideurs pour discuter de la raret\u00e9 de l\u2019eau"}]},{"@type":"WebSite","@id":"https:\/\/kapitalis.com\/tunisie\/#website","url":"https:\/\/kapitalis.com\/tunisie\/","name":"Kapitalis","description":"L&#039;actualit\u00e9 en Tunisie et dans le monde","publisher":{"@id":"https:\/\/kapitalis.com\/tunisie\/#organization"},"potentialAction":[{"@type":"SearchAction","target":{"@type":"EntryPoint","urlTemplate":"https:\/\/kapitalis.com\/tunisie\/?s={search_term_string}"},"query-input":{"@type":"PropertyValueSpecification","valueRequired":true,"valueName":"search_term_string"}}],"inLanguage":"fr-FR"},{"@type":"Organization","@id":"https:\/\/kapitalis.com\/tunisie\/#organization","name":"Kapitalis","url":"https:\/\/kapitalis.com\/tunisie\/","logo":{"@type":"ImageObject","inLanguage":"fr-FR","@id":"https:\/\/kapitalis.com\/tunisie\/#\/schema\/logo\/image\/","url":"https:\/\/kapitalis.com\/tunisie\/wp-content\/uploads\/2022\/05\/Kapitalis-big-size.png","contentUrl":"https:\/\/kapitalis.com\/tunisie\/wp-content\/uploads\/2022\/05\/Kapitalis-big-size.png","width":5000,"height":1500,"caption":"Kapitalis"},"image":{"@id":"https:\/\/kapitalis.com\/tunisie\/#\/schema\/logo\/image\/"},"sameAs":["https:\/\/www.facebook.com\/KapitalisInfo\/","https:\/\/x.com\/KapitalisInfo","https:\/\/www.youtube.com\/channel\/UC-yDYrHyfFBWWZaOw3FPg9Q"]},{"@type":"Person","@id":"https:\/\/kapitalis.com\/tunisie\/#\/schema\/person\/d71f33a9ca44f7bad4698210b480c8e9","name":"webmaster kapitalis","url":"https:\/\/kapitalis.com\/tunisie\/author\/webmaster-kapitalis\/"}]}},"_links":{"self":[{"href":"https:\/\/kapitalis.com\/tunisie\/wp-json\/wp\/v2\/posts\/261452","targetHints":{"allow":["GET"]}}],"collection":[{"href":"https:\/\/kapitalis.com\/tunisie\/wp-json\/wp\/v2\/posts"}],"about":[{"href":"https:\/\/kapitalis.com\/tunisie\/wp-json\/wp\/v2\/types\/post"}],"author":[{"embeddable":true,"href":"https:\/\/kapitalis.com\/tunisie\/wp-json\/wp\/v2\/users\/8"}],"replies":[{"embeddable":true,"href":"https:\/\/kapitalis.com\/tunisie\/wp-json\/wp\/v2\/comments?post=261452"}],"version-history":[{"count":0,"href":"https:\/\/kapitalis.com\/tunisie\/wp-json\/wp\/v2\/posts\/261452\/revisions"}],"wp:featuredmedia":[{"embeddable":true,"href":"https:\/\/kapitalis.com\/tunisie\/wp-json\/wp\/v2\/media\/261455"}],"wp:attachment":[{"href":"https:\/\/kapitalis.com\/tunisie\/wp-json\/wp\/v2\/media?parent=261452"}],"wp:term":[{"taxonomy":"category","embeddable":true,"href":"https:\/\/kapitalis.com\/tunisie\/wp-json\/wp\/v2\/categories?post=261452"},{"taxonomy":"post_tag","embeddable":true,"href":"https:\/\/kapitalis.com\/tunisie\/wp-json\/wp\/v2\/tags?post=261452"}],"curies":[{"name":"wp","href":"https:\/\/api.w.org\/{rel}","templated":true}]}}