{"id":2616641,"date":"2022-07-30T17:46:06","date_gmt":"2022-07-30T16:46:06","guid":{"rendered":"https:\/\/kapitalis.com\/tunisie\/?p=2616641"},"modified":"2022-07-30T17:50:04","modified_gmt":"2022-07-30T16:50:04","slug":"tunisie-al-massar-deplore-le-deces-du-militant-moez-karoui","status":"publish","type":"post","link":"https:\/\/kapitalis.com\/tunisie\/2022\/07\/30\/tunisie-al-massar-deplore-le-deces-du-militant-moez-karoui\/","title":{"rendered":"Tunisie : Al-Massar d\u00e9plore le d\u00e9c\u00e8s du militant Moez Karoui"},"content":{"rendered":"\n<p><strong><em>Le parti Al-Massar a d\u00e9plor\u00e9 aujourd&rsquo;hui, samedi 30 juillet 2022, le d\u00e9c\u00e8s du militant et membre de son conseil central Moez Karoui, qui a consacr\u00e9 sa vie \u00e0 d\u00e9fendre les principes de la d\u00e9mocratie, les droits et les libert\u00e9s.<\/em><\/strong><\/p>\n\n\n\n<!--more-->\n\n\n\n<p><em>\u00abLe regrett\u00e9 a milit\u00e9 dans les rangs du Mouvement Al-Tajdid puis \u00e0 Al-Massar dont il a r\u00e9cemment pr\u00e9sid\u00e9 le comit\u00e9 de pr\u00e9paration de sa derni\u00e8re conf\u00e9rence, et dont il a \u00e9t\u00e9 \u00e9lu membre du conseil central\u00bb<\/em>, rappelle le parti dans un communiqu\u00e9, en affirmant que Moez Karoui \u00e9tait <em>\u00abun homme de principe engag\u00e9 pleinement pour les droits et les libert\u00e9s et qui a combattu, avec fid\u00e9lit\u00e9, pour le progr\u00e8s et la justice sociale jusqu&rsquo;\u00e0 son dernier souffle\u00bb.<\/em><\/p>\n\n\n\n<p>De nombreux militants ont \u00e9galement exprim\u00e9 leur douleur suite au d\u00e9c\u00e8s de Moez Karoui, d\u00e9crit comme <em>\u00abun homme int\u00e8gre et altruiste, un camarade fid\u00e8le, un militant progressiste et un f\u00e9ministe assum\u00e9<\/em>\u00bb, tout en pr\u00e9sentant leurs condol\u00e9ances \u00e0 ses amis, ses camarades, ses proches et \u00e0 sa famille\u2026 Qu&rsquo;il repose en paix.<\/p>\n\n\n\n<p class=\"has-text-align-right\"><strong>Y. N.<\/strong><\/p>\n","protected":false},"excerpt":{"rendered":"<p>Tunisie : Al-Massar d\u00e9plore le d\u00e9c\u00e8s du militant Moez Karoui<\/p>\n","protected":false},"author":6,"featured_media":2616873,"comment_status":"open","ping_status":"open","sticky":false,"template":"","format":"standard","meta":{"footnotes":""},"categories":[998,2433],"tags":[6803,64263,9323,101712,62643],"class_list":["post-2616641","post","type-post","status-publish","format-standard","has-post-thumbnail","hentry","category-societe","category-tunisie","tag-al-massar","tag-deces","tag-militant","tag-moez-karoui","tag-tunisie"],"yoast_head":"<!-- This site is optimized with the Yoast SEO plugin v26.6 - https:\/\/yoast.com\/wordpress\/plugins\/seo\/ -->\n<title>Tunisie : Al-Massar d\u00e9plore le d\u00e9c\u00e8s du militant Moez Karoui - Kapitalis<\/title>\n<meta name=\"description\" content=\"Le parti Al-Massar a d\u00e9plor\u00e9 aujourd&#039;hui, samedi 30 juillet 2022, le d\u00e9c\u00e8s du militant et membre de son conseil central Moez Karoui, qui a consacr\u00e9 sa vie \u00e0 d\u00e9fendre les principes de la d\u00e9mocratie, les droits et les libert\u00e9s.\" \/>\n<meta name=\"robots\" content=\"index, follow, max-snippet:-1, max-image-preview:large, max-video-preview:-1\" \/>\n<link rel=\"canonical\" href=\"https:\/\/kapitalis.com\/tunisie\/2022\/07\/30\/tunisie-al-massar-deplore-le-deces-du-militant-moez-karoui\/\" \/>\n<meta property=\"og:locale\" content=\"fr_FR\" \/>\n<meta property=\"og:type\" content=\"article\" \/>\n<meta property=\"og:title\" content=\"Tunisie : Al-Massar d\u00e9plore le d\u00e9c\u00e8s du militant Moez Karoui - Kapitalis\" \/>\n<meta property=\"og:description\" content=\"Le parti Al-Massar a d\u00e9plor\u00e9 aujourd&#039;hui, samedi 30 juillet 2022, le d\u00e9c\u00e8s du militant et membre de son conseil central Moez Karoui, qui a consacr\u00e9 sa vie \u00e0 d\u00e9fendre les principes de la d\u00e9mocratie, les droits et les libert\u00e9s.\" \/>\n<meta property=\"og:url\" content=\"https:\/\/kapitalis.com\/tunisie\/2022\/07\/30\/tunisie-al-massar-deplore-le-deces-du-militant-moez-karoui\/\" \/>\n<meta property=\"og:site_name\" content=\"Kapitalis\" \/>\n<meta property=\"article:publisher\" content=\"https:\/\/www.facebook.com\/KapitalisInfo\/\" \/>\n<meta property=\"article:published_time\" content=\"2022-07-30T16:46:06+00:00\" \/>\n<meta property=\"article:modified_time\" content=\"2022-07-30T16:50:04+00:00\" \/>\n<meta property=\"og:image\" content=\"https:\/\/kapitalis.com\/tunisie\/wp-content\/uploads\/2022\/07\/Moez-Karoui.jpg\" \/>\n\t<meta property=\"og:image:width\" content=\"1200\" \/>\n\t<meta property=\"og:image:height\" content=\"630\" \/>\n\t<meta property=\"og:image:type\" content=\"image\/jpeg\" \/>\n<meta name=\"author\" content=\"Yusra NY\" \/>\n<meta name=\"twitter:card\" content=\"summary_large_image\" \/>\n<meta name=\"twitter:creator\" content=\"@KapitalisInfo\" \/>\n<meta name=\"twitter:site\" content=\"@KapitalisInfo\" \/>\n<meta name=\"twitter:label1\" content=\"\u00c9crit par\" \/>\n\t<meta name=\"twitter:data1\" content=\"Yusra NY\" \/>\n\t<meta name=\"twitter:label2\" content=\"Dur\u00e9e de lecture estim\u00e9e\" \/>\n\t<meta name=\"twitter:data2\" content=\"1 minute\" \/>\n<script type=\"application\/ld+json\" class=\"yoast-schema-graph\">{\"@context\":\"https:\/\/schema.org\",\"@graph\":[{\"@type\":\"Article\",\"@id\":\"https:\/\/kapitalis.com\/tunisie\/2022\/07\/30\/tunisie-al-massar-deplore-le-deces-du-militant-moez-karoui\/#article\",\"isPartOf\":{\"@id\":\"https:\/\/kapitalis.com\/tunisie\/2022\/07\/30\/tunisie-al-massar-deplore-le-deces-du-militant-moez-karoui\/\"},\"author\":{\"name\":\"Yusra NY\",\"@id\":\"https:\/\/kapitalis.com\/tunisie\/#\/schema\/person\/74bbde0154d49d790a92aaeac5bc01d5\"},\"headline\":\"Tunisie : Al-Massar d\u00e9plore le d\u00e9c\u00e8s du militant Moez Karoui\",\"datePublished\":\"2022-07-30T16:46:06+00:00\",\"dateModified\":\"2022-07-30T16:50:04+00:00\",\"mainEntityOfPage\":{\"@id\":\"https:\/\/kapitalis.com\/tunisie\/2022\/07\/30\/tunisie-al-massar-deplore-le-deces-du-militant-moez-karoui\/\"},\"wordCount\":197,\"commentCount\":0,\"publisher\":{\"@id\":\"https:\/\/kapitalis.com\/tunisie\/#organization\"},\"image\":{\"@id\":\"https:\/\/kapitalis.com\/tunisie\/2022\/07\/30\/tunisie-al-massar-deplore-le-deces-du-militant-moez-karoui\/#primaryimage\"},\"thumbnailUrl\":\"https:\/\/kapitalis.com\/tunisie\/wp-content\/uploads\/2022\/07\/Moez-Karoui.jpg\",\"keywords\":[\"Al-Massar\",\"d\u00e9c\u00e8s\",\"militant\",\"Moez Karoui\",\"Tunisie\"],\"articleSection\":[\"SOCIETE\",\"Tunisie\"],\"inLanguage\":\"fr-FR\",\"potentialAction\":[{\"@type\":\"CommentAction\",\"name\":\"Comment\",\"target\":[\"https:\/\/kapitalis.com\/tunisie\/2022\/07\/30\/tunisie-al-massar-deplore-le-deces-du-militant-moez-karoui\/#respond\"]}]},{\"@type\":\"WebPage\",\"@id\":\"https:\/\/kapitalis.com\/tunisie\/2022\/07\/30\/tunisie-al-massar-deplore-le-deces-du-militant-moez-karoui\/\",\"url\":\"https:\/\/kapitalis.com\/tunisie\/2022\/07\/30\/tunisie-al-massar-deplore-le-deces-du-militant-moez-karoui\/\",\"name\":\"Tunisie : Al-Massar d\u00e9plore le d\u00e9c\u00e8s du militant Moez Karoui - Kapitalis\",\"isPartOf\":{\"@id\":\"https:\/\/kapitalis.com\/tunisie\/#website\"},\"primaryImageOfPage\":{\"@id\":\"https:\/\/kapitalis.com\/tunisie\/2022\/07\/30\/tunisie-al-massar-deplore-le-deces-du-militant-moez-karoui\/#primaryimage\"},\"image\":{\"@id\":\"https:\/\/kapitalis.com\/tunisie\/2022\/07\/30\/tunisie-al-massar-deplore-le-deces-du-militant-moez-karoui\/#primaryimage\"},\"thumbnailUrl\":\"https:\/\/kapitalis.com\/tunisie\/wp-content\/uploads\/2022\/07\/Moez-Karoui.jpg\",\"datePublished\":\"2022-07-30T16:46:06+00:00\",\"dateModified\":\"2022-07-30T16:50:04+00:00\",\"description\":\"Le parti Al-Massar a d\u00e9plor\u00e9 aujourd'hui, samedi 30 juillet 2022, le d\u00e9c\u00e8s du militant et membre de son conseil central Moez Karoui, qui a consacr\u00e9 sa vie \u00e0 d\u00e9fendre les principes de la d\u00e9mocratie, les droits et les libert\u00e9s.\",\"breadcrumb\":{\"@id\":\"https:\/\/kapitalis.com\/tunisie\/2022\/07\/30\/tunisie-al-massar-deplore-le-deces-du-militant-moez-karoui\/#breadcrumb\"},\"inLanguage\":\"fr-FR\",\"potentialAction\":[{\"@type\":\"ReadAction\",\"target\":[\"https:\/\/kapitalis.com\/tunisie\/2022\/07\/30\/tunisie-al-massar-deplore-le-deces-du-militant-moez-karoui\/\"]}]},{\"@type\":\"ImageObject\",\"inLanguage\":\"fr-FR\",\"@id\":\"https:\/\/kapitalis.com\/tunisie\/2022\/07\/30\/tunisie-al-massar-deplore-le-deces-du-militant-moez-karoui\/#primaryimage\",\"url\":\"https:\/\/kapitalis.com\/tunisie\/wp-content\/uploads\/2022\/07\/Moez-Karoui.jpg\",\"contentUrl\":\"https:\/\/kapitalis.com\/tunisie\/wp-content\/uploads\/2022\/07\/Moez-Karoui.jpg\",\"width\":1200,\"height\":630},{\"@type\":\"BreadcrumbList\",\"@id\":\"https:\/\/kapitalis.com\/tunisie\/2022\/07\/30\/tunisie-al-massar-deplore-le-deces-du-militant-moez-karoui\/#breadcrumb\",\"itemListElement\":[{\"@type\":\"ListItem\",\"position\":1,\"name\":\"Accueil\",\"item\":\"https:\/\/kapitalis.com\/tunisie\/\"},{\"@type\":\"ListItem\",\"position\":2,\"name\":\"Tunisie : Al-Massar d\u00e9plore le d\u00e9c\u00e8s du militant Moez Karoui\"}]},{\"@type\":\"WebSite\",\"@id\":\"https:\/\/kapitalis.com\/tunisie\/#website\",\"url\":\"https:\/\/kapitalis.com\/tunisie\/\",\"name\":\"Kapitalis\",\"description\":\"L&#039;actualit\u00e9 en Tunisie et dans le monde\",\"publisher\":{\"@id\":\"https:\/\/kapitalis.com\/tunisie\/#organization\"},\"potentialAction\":[{\"@type\":\"SearchAction\",\"target\":{\"@type\":\"EntryPoint\",\"urlTemplate\":\"https:\/\/kapitalis.com\/tunisie\/?s={search_term_string}\"},\"query-input\":{\"@type\":\"PropertyValueSpecification\",\"valueRequired\":true,\"valueName\":\"search_term_string\"}}],\"inLanguage\":\"fr-FR\"},{\"@type\":\"Organization\",\"@id\":\"https:\/\/kapitalis.com\/tunisie\/#organization\",\"name\":\"Kapitalis\",\"url\":\"https:\/\/kapitalis.com\/tunisie\/\",\"logo\":{\"@type\":\"ImageObject\",\"inLanguage\":\"fr-FR\",\"@id\":\"https:\/\/kapitalis.com\/tunisie\/#\/schema\/logo\/image\/\",\"url\":\"https:\/\/kapitalis.com\/tunisie\/wp-content\/uploads\/2022\/05\/Kapitalis-big-size.png\",\"contentUrl\":\"https:\/\/kapitalis.com\/tunisie\/wp-content\/uploads\/2022\/05\/Kapitalis-big-size.png\",\"width\":5000,\"height\":1500,\"caption\":\"Kapitalis\"},\"image\":{\"@id\":\"https:\/\/kapitalis.com\/tunisie\/#\/schema\/logo\/image\/\"},\"sameAs\":[\"https:\/\/www.facebook.com\/KapitalisInfo\/\",\"https:\/\/x.com\/KapitalisInfo\",\"https:\/\/www.youtube.com\/channel\/UC-yDYrHyfFBWWZaOw3FPg9Q\"]},{\"@type\":\"Person\",\"@id\":\"https:\/\/kapitalis.com\/tunisie\/#\/schema\/person\/74bbde0154d49d790a92aaeac5bc01d5\",\"name\":\"Yusra NY\",\"url\":\"https:\/\/kapitalis.com\/tunisie\/author\/yuza_adam\/\"}]}<\/script>\n<!-- \/ Yoast SEO plugin. -->","yoast_head_json":{"title":"Tunisie : Al-Massar d\u00e9plore le d\u00e9c\u00e8s du militant Moez Karoui - Kapitalis","description":"Le parti Al-Massar a d\u00e9plor\u00e9 aujourd'hui, samedi 30 juillet 2022, le d\u00e9c\u00e8s du militant et membre de son conseil central Moez Karoui, qui a consacr\u00e9 sa vie \u00e0 d\u00e9fendre les principes de la d\u00e9mocratie, les droits et les libert\u00e9s.","robots":{"index":"index","follow":"follow","max-snippet":"max-snippet:-1","max-image-preview":"max-image-preview:large","max-video-preview":"max-video-preview:-1"},"canonical":"https:\/\/kapitalis.com\/tunisie\/2022\/07\/30\/tunisie-al-massar-deplore-le-deces-du-militant-moez-karoui\/","og_locale":"fr_FR","og_type":"article","og_title":"Tunisie : Al-Massar d\u00e9plore le d\u00e9c\u00e8s du militant Moez Karoui - Kapitalis","og_description":"Le parti Al-Massar a d\u00e9plor\u00e9 aujourd'hui, samedi 30 juillet 2022, le d\u00e9c\u00e8s du militant et membre de son conseil central Moez Karoui, qui a consacr\u00e9 sa vie \u00e0 d\u00e9fendre les principes de la d\u00e9mocratie, les droits et les libert\u00e9s.","og_url":"https:\/\/kapitalis.com\/tunisie\/2022\/07\/30\/tunisie-al-massar-deplore-le-deces-du-militant-moez-karoui\/","og_site_name":"Kapitalis","article_publisher":"https:\/\/www.facebook.com\/KapitalisInfo\/","article_published_time":"2022-07-30T16:46:06+00:00","article_modified_time":"2022-07-30T16:50:04+00:00","og_image":[{"width":1200,"height":630,"url":"https:\/\/kapitalis.com\/tunisie\/wp-content\/uploads\/2022\/07\/Moez-Karoui.jpg","type":"image\/jpeg"}],"author":"Yusra NY","twitter_card":"summary_large_image","twitter_creator":"@KapitalisInfo","twitter_site":"@KapitalisInfo","twitter_misc":{"\u00c9crit par":"Yusra NY","Dur\u00e9e de lecture estim\u00e9e":"1 minute"},"schema":{"@context":"https:\/\/schema.org","@graph":[{"@type":"Article","@id":"https:\/\/kapitalis.com\/tunisie\/2022\/07\/30\/tunisie-al-massar-deplore-le-deces-du-militant-moez-karoui\/#article","isPartOf":{"@id":"https:\/\/kapitalis.com\/tunisie\/2022\/07\/30\/tunisie-al-massar-deplore-le-deces-du-militant-moez-karoui\/"},"author":{"name":"Yusra NY","@id":"https:\/\/kapitalis.com\/tunisie\/#\/schema\/person\/74bbde0154d49d790a92aaeac5bc01d5"},"headline":"Tunisie : Al-Massar d\u00e9plore le d\u00e9c\u00e8s du militant Moez Karoui","datePublished":"2022-07-30T16:46:06+00:00","dateModified":"2022-07-30T16:50:04+00:00","mainEntityOfPage":{"@id":"https:\/\/kapitalis.com\/tunisie\/2022\/07\/30\/tunisie-al-massar-deplore-le-deces-du-militant-moez-karoui\/"},"wordCount":197,"commentCount":0,"publisher":{"@id":"https:\/\/kapitalis.com\/tunisie\/#organization"},"image":{"@id":"https:\/\/kapitalis.com\/tunisie\/2022\/07\/30\/tunisie-al-massar-deplore-le-deces-du-militant-moez-karoui\/#primaryimage"},"thumbnailUrl":"https:\/\/kapitalis.com\/tunisie\/wp-content\/uploads\/2022\/07\/Moez-Karoui.jpg","keywords":["Al-Massar","d\u00e9c\u00e8s","militant","Moez Karoui","Tunisie"],"articleSection":["SOCIETE","Tunisie"],"inLanguage":"fr-FR","potentialAction":[{"@type":"CommentAction","name":"Comment","target":["https:\/\/kapitalis.com\/tunisie\/2022\/07\/30\/tunisie-al-massar-deplore-le-deces-du-militant-moez-karoui\/#respond"]}]},{"@type":"WebPage","@id":"https:\/\/kapitalis.com\/tunisie\/2022\/07\/30\/tunisie-al-massar-deplore-le-deces-du-militant-moez-karoui\/","url":"https:\/\/kapitalis.com\/tunisie\/2022\/07\/30\/tunisie-al-massar-deplore-le-deces-du-militant-moez-karoui\/","name":"Tunisie : Al-Massar d\u00e9plore le d\u00e9c\u00e8s du militant Moez Karoui - Kapitalis","isPartOf":{"@id":"https:\/\/kapitalis.com\/tunisie\/#website"},"primaryImageOfPage":{"@id":"https:\/\/kapitalis.com\/tunisie\/2022\/07\/30\/tunisie-al-massar-deplore-le-deces-du-militant-moez-karoui\/#primaryimage"},"image":{"@id":"https:\/\/kapitalis.com\/tunisie\/2022\/07\/30\/tunisie-al-massar-deplore-le-deces-du-militant-moez-karoui\/#primaryimage"},"thumbnailUrl":"https:\/\/kapitalis.com\/tunisie\/wp-content\/uploads\/2022\/07\/Moez-Karoui.jpg","datePublished":"2022-07-30T16:46:06+00:00","dateModified":"2022-07-30T16:50:04+00:00","description":"Le parti Al-Massar a d\u00e9plor\u00e9 aujourd'hui, samedi 30 juillet 2022, le d\u00e9c\u00e8s du militant et membre de son conseil central Moez Karoui, qui a consacr\u00e9 sa vie \u00e0 d\u00e9fendre les principes de la d\u00e9mocratie, les droits et les libert\u00e9s.","breadcrumb":{"@id":"https:\/\/kapitalis.com\/tunisie\/2022\/07\/30\/tunisie-al-massar-deplore-le-deces-du-militant-moez-karoui\/#breadcrumb"},"inLanguage":"fr-FR","potentialAction":[{"@type":"ReadAction","target":["https:\/\/kapitalis.com\/tunisie\/2022\/07\/30\/tunisie-al-massar-deplore-le-deces-du-militant-moez-karoui\/"]}]},{"@type":"ImageObject","inLanguage":"fr-FR","@id":"https:\/\/kapitalis.com\/tunisie\/2022\/07\/30\/tunisie-al-massar-deplore-le-deces-du-militant-moez-karoui\/#primaryimage","url":"https:\/\/kapitalis.com\/tunisie\/wp-content\/uploads\/2022\/07\/Moez-Karoui.jpg","contentUrl":"https:\/\/kapitalis.com\/tunisie\/wp-content\/uploads\/2022\/07\/Moez-Karoui.jpg","width":1200,"height":630},{"@type":"BreadcrumbList","@id":"https:\/\/kapitalis.com\/tunisie\/2022\/07\/30\/tunisie-al-massar-deplore-le-deces-du-militant-moez-karoui\/#breadcrumb","itemListElement":[{"@type":"ListItem","position":1,"name":"Accueil","item":"https:\/\/kapitalis.com\/tunisie\/"},{"@type":"ListItem","position":2,"name":"Tunisie : Al-Massar d\u00e9plore le d\u00e9c\u00e8s du militant Moez Karoui"}]},{"@type":"WebSite","@id":"https:\/\/kapitalis.com\/tunisie\/#website","url":"https:\/\/kapitalis.com\/tunisie\/","name":"Kapitalis","description":"L&#039;actualit\u00e9 en Tunisie et dans le monde","publisher":{"@id":"https:\/\/kapitalis.com\/tunisie\/#organization"},"potentialAction":[{"@type":"SearchAction","target":{"@type":"EntryPoint","urlTemplate":"https:\/\/kapitalis.com\/tunisie\/?s={search_term_string}"},"query-input":{"@type":"PropertyValueSpecification","valueRequired":true,"valueName":"search_term_string"}}],"inLanguage":"fr-FR"},{"@type":"Organization","@id":"https:\/\/kapitalis.com\/tunisie\/#organization","name":"Kapitalis","url":"https:\/\/kapitalis.com\/tunisie\/","logo":{"@type":"ImageObject","inLanguage":"fr-FR","@id":"https:\/\/kapitalis.com\/tunisie\/#\/schema\/logo\/image\/","url":"https:\/\/kapitalis.com\/tunisie\/wp-content\/uploads\/2022\/05\/Kapitalis-big-size.png","contentUrl":"https:\/\/kapitalis.com\/tunisie\/wp-content\/uploads\/2022\/05\/Kapitalis-big-size.png","width":5000,"height":1500,"caption":"Kapitalis"},"image":{"@id":"https:\/\/kapitalis.com\/tunisie\/#\/schema\/logo\/image\/"},"sameAs":["https:\/\/www.facebook.com\/KapitalisInfo\/","https:\/\/x.com\/KapitalisInfo","https:\/\/www.youtube.com\/channel\/UC-yDYrHyfFBWWZaOw3FPg9Q"]},{"@type":"Person","@id":"https:\/\/kapitalis.com\/tunisie\/#\/schema\/person\/74bbde0154d49d790a92aaeac5bc01d5","name":"Yusra NY","url":"https:\/\/kapitalis.com\/tunisie\/author\/yuza_adam\/"}]}},"_links":{"self":[{"href":"https:\/\/kapitalis.com\/tunisie\/wp-json\/wp\/v2\/posts\/2616641","targetHints":{"allow":["GET"]}}],"collection":[{"href":"https:\/\/kapitalis.com\/tunisie\/wp-json\/wp\/v2\/posts"}],"about":[{"href":"https:\/\/kapitalis.com\/tunisie\/wp-json\/wp\/v2\/types\/post"}],"author":[{"embeddable":true,"href":"https:\/\/kapitalis.com\/tunisie\/wp-json\/wp\/v2\/users\/6"}],"replies":[{"embeddable":true,"href":"https:\/\/kapitalis.com\/tunisie\/wp-json\/wp\/v2\/comments?post=2616641"}],"version-history":[{"count":0,"href":"https:\/\/kapitalis.com\/tunisie\/wp-json\/wp\/v2\/posts\/2616641\/revisions"}],"wp:featuredmedia":[{"embeddable":true,"href":"https:\/\/kapitalis.com\/tunisie\/wp-json\/wp\/v2\/media\/2616873"}],"wp:attachment":[{"href":"https:\/\/kapitalis.com\/tunisie\/wp-json\/wp\/v2\/media?parent=2616641"}],"wp:term":[{"taxonomy":"category","embeddable":true,"href":"https:\/\/kapitalis.com\/tunisie\/wp-json\/wp\/v2\/categories?post=2616641"},{"taxonomy":"post_tag","embeddable":true,"href":"https:\/\/kapitalis.com\/tunisie\/wp-json\/wp\/v2\/tags?post=2616641"}],"curies":[{"name":"wp","href":"https:\/\/api.w.org\/{rel}","templated":true}]}}