{"id":261720,"date":"2019-12-06T10:53:43","date_gmt":"2019-12-06T09:53:43","guid":{"rendered":"http:\/\/kapitalis.com\/tunisie\/?p=261720"},"modified":"2019-12-06T11:15:28","modified_gmt":"2019-12-06T10:15:28","slug":"au-safsaf-foodlab-jacob-lellouche-lance-la-ftira-loca","status":"publish","type":"post","link":"https:\/\/kapitalis.com\/tunisie\/2019\/12\/06\/au-safsaf-foodlab-jacob-lellouche-lance-la-ftira-loca\/","title":{"rendered":"Au Safsaf Foodlab : Jacob Lellouche  lance \u201cLa Ftira Loca\u201d"},"content":{"rendered":"\n<figure class=\"wp-block-image size-large\"><img decoding=\"async\" src=\"http:\/\/kapitalis.com\/tunisie\/wp-content\/uploads\/2019\/12\/La-Ftira-Loca.jpg\" alt=\"\" class=\"wp-image-261721\"\/><\/figure>\n\n\n\n<p><strong><em> C\u2019est dans le cadre de son nouveau projet FoodLab que l\u2019embl\u00e9matique caf\u00e9 Le Safsaf de La Marsa d\u00e9voilera son nouveau service de restauration \u00abLa Ftira Loca\u00bb, la c\u00e9l\u00e8bre ftira tunisienne revisit\u00e9e et pr\u00e9par\u00e9e par le chef fin connaisseur Jacob Lellouche. <\/em><\/strong><\/p>\n\n\n\n<!--more-->\n\n\n\n<p> Plus qu\u2019une simple tendance gastronomique,<em> \u00abLa Ftira loca\u00bb<\/em> signe ainsi son grand retour avec un style \u00e0 la fois moderne et innovant, bien ancr\u00e9 dans les m\u0153urs tunisiennes. Cette nouvelle collection et nouveau concept, inspir\u00e9s par la tendance mondiale du renouveau du street-food, fait d\u00e9j\u00e0 souffler un vent de folie sur la gastronomie tunisienne. <\/p>\n\n\n\n<p> Il s\u2019agit d\u2019un menu \u00e9tendu \u00e0 12 cr\u00e9ations stylis\u00e9es est servi tous les jours pour le d\u00e9jeuner ou en d\u00eener pour des plats gourmands de qualit\u00e9. Son credo : La Ftira Francissa, la Talyena, la Zoufriya, la Bajiya ou au Tutti Frutti. On d\u00e9couvre aussi dans le menu de d\u00e9licieuses dentelles au choix et des croques monsieur aux multiples go\u00fbts et saveurs. <\/p>\n\n\n\n<p> Si certains repas gastronomiques tunisiens tel que le couscous et la harissa seront bient\u00f4t class\u00e9s au patrimoine culturel immat\u00e9riel mondial de l\u2019Unesco,<em> \u00abLa Ftira Loca\u00bb<\/em> a aussi l\u2019ambition de faire rayonner la gastronomie tunisienne dans le monde. <\/p>\n\n\n\n<figure class=\"wp-block-gallery columns-2 is-cropped wp-block-gallery-1 is-layout-flex wp-block-gallery-is-layout-flex\"><ul class=\"blocks-gallery-grid\"><li class=\"blocks-gallery-item\"><figure><img decoding=\"async\" src=\"http:\/\/kapitalis.com\/tunisie\/wp-content\/uploads\/2019\/12\/La-Ftira-Loca-1.jpg\" alt=\"\" data-id=\"261725\" data-link=\"http:\/\/kapitalis.com\/tunisie\/2019\/12\/06\/au-safsaf-foodlab-jacob-lellouche-lance-la-ftira-loca\/la-ftira-loca-1\/\" class=\"wp-image-261725\"\/><\/figure><\/li><li class=\"blocks-gallery-item\"><figure><img decoding=\"async\" src=\"http:\/\/kapitalis.com\/tunisie\/wp-content\/uploads\/2019\/12\/La-Ftira-Loca-2.jpg\" alt=\"\" data-id=\"261726\" data-link=\"http:\/\/kapitalis.com\/tunisie\/2019\/12\/06\/au-safsaf-foodlab-jacob-lellouche-lance-la-ftira-loca\/la-ftira-loca-2\/\" class=\"wp-image-261726\"\/><\/figure><\/li><li class=\"blocks-gallery-item\"><figure><img decoding=\"async\" src=\"http:\/\/kapitalis.com\/tunisie\/wp-content\/uploads\/2019\/12\/Ftira-Loca-3.jpg\" alt=\"\" data-id=\"261728\" data-full-url=\"http:\/\/kapitalis.com\/tunisie\/wp-content\/uploads\/2019\/12\/Ftira-Loca-3.jpg\" data-link=\"http:\/\/kapitalis.com\/tunisie\/2019\/12\/06\/au-safsaf-foodlab-jacob-lellouche-lance-la-ftira-loca\/ftira-loca-3\/\" class=\"wp-image-261728\"\/><\/figure><\/li><\/ul><\/figure>\n\n\n\n<p> La Ftira n\u2019a encore pas dit son dernier mot, une journ\u00e9e de d\u00e9gustation de ce grand classique \u00e0 la mani\u00e8re de \u00abD\u00e9lires et D\u00e9lices de Tonton Jacob\u00bb a \u00e9t\u00e9 pr\u00e9sent\u00e9e ce jeudi 5 d\u00e9cembre pour de bons plats compos\u00e9s au caf\u00e9-restaurant Le Safsaf. <\/p>\n\n\n\n<p> L\u2019ouverture officielle est fix\u00e9e au samedi 14 d\u00e9cembre 2019. <\/p>\n\n\n\n<p>Les horaires : 1er service de 11h \u00e0 15h \/ 2e service de 19h \u00e0 22h. Et c\u2019est tous les jours de la semaine. <\/p>\n\n\n\n<p class=\"has-text-align-right\"> <strong>I. B.<\/strong><em> (avec communiqu\u00e9). <\/em><\/p>\n","protected":false},"excerpt":{"rendered":"<p>C\u2019est dans le cadre de son nouveau projet FoodLab que l\u2019embl\u00e9matique caf\u00e9 Le Safsaf de La Marsa d\u00e9voilera son nouveau service de restauration \u00abLa Ftira Loca\u00bb, la c\u00e9l\u00e8bre ftira tunisienne revisit\u00e9e et pr\u00e9par\u00e9e par le chef fin connaisseur Jacob Lellouche.<\/p>\n","protected":false},"author":8,"featured_media":261721,"comment_status":"open","ping_status":"open","sticky":false,"template":"","format":"standard","meta":{"footnotes":""},"categories":[993,2433],"tags":[69216],"class_list":["post-261720","post","type-post","status-publish","format-standard","has-post-thumbnail","hentry","category-conso","category-tunisie","tag-jacob-lellouche"],"yoast_head":"<!-- This site is optimized with the Yoast SEO plugin v26.6 - https:\/\/yoast.com\/wordpress\/plugins\/seo\/ -->\n<title>Au Safsaf Foodlab : Jacob Lellouche lance \u201cLa Ftira Loca\u201d - Kapitalis<\/title>\n<meta name=\"robots\" content=\"index, follow, max-snippet:-1, max-image-preview:large, max-video-preview:-1\" \/>\n<link rel=\"canonical\" href=\"https:\/\/kapitalis.com\/tunisie\/2019\/12\/06\/au-safsaf-foodlab-jacob-lellouche-lance-la-ftira-loca\/\" \/>\n<meta property=\"og:locale\" content=\"fr_FR\" \/>\n<meta property=\"og:type\" content=\"article\" \/>\n<meta property=\"og:title\" content=\"Au Safsaf Foodlab : Jacob Lellouche lance \u201cLa Ftira Loca\u201d - Kapitalis\" \/>\n<meta property=\"og:description\" content=\"C\u2019est dans le cadre de son nouveau projet FoodLab que l\u2019embl\u00e9matique caf\u00e9 Le Safsaf de La Marsa d\u00e9voilera son nouveau service de restauration \u00abLa Ftira Loca\u00bb, la c\u00e9l\u00e8bre ftira tunisienne revisit\u00e9e et pr\u00e9par\u00e9e par le chef fin connaisseur Jacob Lellouche.\" \/>\n<meta property=\"og:url\" content=\"https:\/\/kapitalis.com\/tunisie\/2019\/12\/06\/au-safsaf-foodlab-jacob-lellouche-lance-la-ftira-loca\/\" \/>\n<meta property=\"og:site_name\" content=\"Kapitalis\" \/>\n<meta property=\"article:publisher\" content=\"https:\/\/www.facebook.com\/KapitalisInfo\/\" \/>\n<meta property=\"article:published_time\" content=\"2019-12-06T09:53:43+00:00\" \/>\n<meta property=\"article:modified_time\" content=\"2019-12-06T10:15:28+00:00\" \/>\n<meta property=\"og:image\" content=\"https:\/\/kapitalis.com\/tunisie\/wp-content\/uploads\/2022\/05\/kapitalis-logo-fb.png\" \/>\n\t<meta property=\"og:image:width\" content=\"1200\" \/>\n\t<meta property=\"og:image:height\" content=\"630\" \/>\n\t<meta property=\"og:image:type\" content=\"image\/png\" \/>\n<meta name=\"author\" content=\"webmaster kapitalis\" \/>\n<meta name=\"twitter:card\" content=\"summary_large_image\" \/>\n<meta name=\"twitter:creator\" content=\"@KapitalisInfo\" \/>\n<meta name=\"twitter:site\" content=\"@KapitalisInfo\" \/>\n<meta name=\"twitter:label1\" content=\"\u00c9crit par\" \/>\n\t<meta name=\"twitter:data1\" content=\"webmaster kapitalis\" \/>\n\t<meta name=\"twitter:label2\" content=\"Dur\u00e9e de lecture estim\u00e9e\" \/>\n\t<meta name=\"twitter:data2\" content=\"2 minutes\" \/>\n<script type=\"application\/ld+json\" class=\"yoast-schema-graph\">{\"@context\":\"https:\/\/schema.org\",\"@graph\":[{\"@type\":\"Article\",\"@id\":\"https:\/\/kapitalis.com\/tunisie\/2019\/12\/06\/au-safsaf-foodlab-jacob-lellouche-lance-la-ftira-loca\/#article\",\"isPartOf\":{\"@id\":\"https:\/\/kapitalis.com\/tunisie\/2019\/12\/06\/au-safsaf-foodlab-jacob-lellouche-lance-la-ftira-loca\/\"},\"author\":{\"name\":\"webmaster kapitalis\",\"@id\":\"https:\/\/kapitalis.com\/tunisie\/#\/schema\/person\/d71f33a9ca44f7bad4698210b480c8e9\"},\"headline\":\"Au Safsaf Foodlab : Jacob Lellouche lance \u201cLa Ftira Loca\u201d\",\"datePublished\":\"2019-12-06T09:53:43+00:00\",\"dateModified\":\"2019-12-06T10:15:28+00:00\",\"mainEntityOfPage\":{\"@id\":\"https:\/\/kapitalis.com\/tunisie\/2019\/12\/06\/au-safsaf-foodlab-jacob-lellouche-lance-la-ftira-loca\/\"},\"wordCount\":312,\"commentCount\":0,\"publisher\":{\"@id\":\"https:\/\/kapitalis.com\/tunisie\/#organization\"},\"image\":{\"@id\":\"https:\/\/kapitalis.com\/tunisie\/2019\/12\/06\/au-safsaf-foodlab-jacob-lellouche-lance-la-ftira-loca\/#primaryimage\"},\"thumbnailUrl\":\"\",\"keywords\":[\"Jacob Lellouche\"],\"articleSection\":[\"CONSO\",\"Tunisie\"],\"inLanguage\":\"fr-FR\",\"potentialAction\":[{\"@type\":\"CommentAction\",\"name\":\"Comment\",\"target\":[\"https:\/\/kapitalis.com\/tunisie\/2019\/12\/06\/au-safsaf-foodlab-jacob-lellouche-lance-la-ftira-loca\/#respond\"]}]},{\"@type\":\"WebPage\",\"@id\":\"https:\/\/kapitalis.com\/tunisie\/2019\/12\/06\/au-safsaf-foodlab-jacob-lellouche-lance-la-ftira-loca\/\",\"url\":\"https:\/\/kapitalis.com\/tunisie\/2019\/12\/06\/au-safsaf-foodlab-jacob-lellouche-lance-la-ftira-loca\/\",\"name\":\"Au Safsaf Foodlab : Jacob Lellouche lance \u201cLa Ftira Loca\u201d - Kapitalis\",\"isPartOf\":{\"@id\":\"https:\/\/kapitalis.com\/tunisie\/#website\"},\"primaryImageOfPage\":{\"@id\":\"https:\/\/kapitalis.com\/tunisie\/2019\/12\/06\/au-safsaf-foodlab-jacob-lellouche-lance-la-ftira-loca\/#primaryimage\"},\"image\":{\"@id\":\"https:\/\/kapitalis.com\/tunisie\/2019\/12\/06\/au-safsaf-foodlab-jacob-lellouche-lance-la-ftira-loca\/#primaryimage\"},\"thumbnailUrl\":\"\",\"datePublished\":\"2019-12-06T09:53:43+00:00\",\"dateModified\":\"2019-12-06T10:15:28+00:00\",\"breadcrumb\":{\"@id\":\"https:\/\/kapitalis.com\/tunisie\/2019\/12\/06\/au-safsaf-foodlab-jacob-lellouche-lance-la-ftira-loca\/#breadcrumb\"},\"inLanguage\":\"fr-FR\",\"potentialAction\":[{\"@type\":\"ReadAction\",\"target\":[\"https:\/\/kapitalis.com\/tunisie\/2019\/12\/06\/au-safsaf-foodlab-jacob-lellouche-lance-la-ftira-loca\/\"]}]},{\"@type\":\"ImageObject\",\"inLanguage\":\"fr-FR\",\"@id\":\"https:\/\/kapitalis.com\/tunisie\/2019\/12\/06\/au-safsaf-foodlab-jacob-lellouche-lance-la-ftira-loca\/#primaryimage\",\"url\":\"\",\"contentUrl\":\"\"},{\"@type\":\"BreadcrumbList\",\"@id\":\"https:\/\/kapitalis.com\/tunisie\/2019\/12\/06\/au-safsaf-foodlab-jacob-lellouche-lance-la-ftira-loca\/#breadcrumb\",\"itemListElement\":[{\"@type\":\"ListItem\",\"position\":1,\"name\":\"Accueil\",\"item\":\"https:\/\/kapitalis.com\/tunisie\/\"},{\"@type\":\"ListItem\",\"position\":2,\"name\":\"Au Safsaf Foodlab : Jacob Lellouche lance \u201cLa Ftira Loca\u201d\"}]},{\"@type\":\"WebSite\",\"@id\":\"https:\/\/kapitalis.com\/tunisie\/#website\",\"url\":\"https:\/\/kapitalis.com\/tunisie\/\",\"name\":\"Kapitalis\",\"description\":\"L&#039;actualit\u00e9 en Tunisie et dans le monde\",\"publisher\":{\"@id\":\"https:\/\/kapitalis.com\/tunisie\/#organization\"},\"potentialAction\":[{\"@type\":\"SearchAction\",\"target\":{\"@type\":\"EntryPoint\",\"urlTemplate\":\"https:\/\/kapitalis.com\/tunisie\/?s={search_term_string}\"},\"query-input\":{\"@type\":\"PropertyValueSpecification\",\"valueRequired\":true,\"valueName\":\"search_term_string\"}}],\"inLanguage\":\"fr-FR\"},{\"@type\":\"Organization\",\"@id\":\"https:\/\/kapitalis.com\/tunisie\/#organization\",\"name\":\"Kapitalis\",\"url\":\"https:\/\/kapitalis.com\/tunisie\/\",\"logo\":{\"@type\":\"ImageObject\",\"inLanguage\":\"fr-FR\",\"@id\":\"https:\/\/kapitalis.com\/tunisie\/#\/schema\/logo\/image\/\",\"url\":\"https:\/\/kapitalis.com\/tunisie\/wp-content\/uploads\/2022\/05\/Kapitalis-big-size.png\",\"contentUrl\":\"https:\/\/kapitalis.com\/tunisie\/wp-content\/uploads\/2022\/05\/Kapitalis-big-size.png\",\"width\":5000,\"height\":1500,\"caption\":\"Kapitalis\"},\"image\":{\"@id\":\"https:\/\/kapitalis.com\/tunisie\/#\/schema\/logo\/image\/\"},\"sameAs\":[\"https:\/\/www.facebook.com\/KapitalisInfo\/\",\"https:\/\/x.com\/KapitalisInfo\",\"https:\/\/www.youtube.com\/channel\/UC-yDYrHyfFBWWZaOw3FPg9Q\"]},{\"@type\":\"Person\",\"@id\":\"https:\/\/kapitalis.com\/tunisie\/#\/schema\/person\/d71f33a9ca44f7bad4698210b480c8e9\",\"name\":\"webmaster kapitalis\",\"url\":\"https:\/\/kapitalis.com\/tunisie\/author\/webmaster-kapitalis\/\"}]}<\/script>\n<!-- \/ Yoast SEO plugin. -->","yoast_head_json":{"title":"Au Safsaf Foodlab : Jacob Lellouche lance \u201cLa Ftira Loca\u201d - Kapitalis","robots":{"index":"index","follow":"follow","max-snippet":"max-snippet:-1","max-image-preview":"max-image-preview:large","max-video-preview":"max-video-preview:-1"},"canonical":"https:\/\/kapitalis.com\/tunisie\/2019\/12\/06\/au-safsaf-foodlab-jacob-lellouche-lance-la-ftira-loca\/","og_locale":"fr_FR","og_type":"article","og_title":"Au Safsaf Foodlab : Jacob Lellouche lance \u201cLa Ftira Loca\u201d - Kapitalis","og_description":"C\u2019est dans le cadre de son nouveau projet FoodLab que l\u2019embl\u00e9matique caf\u00e9 Le Safsaf de La Marsa d\u00e9voilera son nouveau service de restauration \u00abLa Ftira Loca\u00bb, la c\u00e9l\u00e8bre ftira tunisienne revisit\u00e9e et pr\u00e9par\u00e9e par le chef fin connaisseur Jacob Lellouche.","og_url":"https:\/\/kapitalis.com\/tunisie\/2019\/12\/06\/au-safsaf-foodlab-jacob-lellouche-lance-la-ftira-loca\/","og_site_name":"Kapitalis","article_publisher":"https:\/\/www.facebook.com\/KapitalisInfo\/","article_published_time":"2019-12-06T09:53:43+00:00","article_modified_time":"2019-12-06T10:15:28+00:00","og_image":[{"width":1200,"height":630,"url":"https:\/\/kapitalis.com\/tunisie\/wp-content\/uploads\/2022\/05\/kapitalis-logo-fb.png","type":"image\/png"}],"author":"webmaster kapitalis","twitter_card":"summary_large_image","twitter_creator":"@KapitalisInfo","twitter_site":"@KapitalisInfo","twitter_misc":{"\u00c9crit par":"webmaster kapitalis","Dur\u00e9e de lecture estim\u00e9e":"2 minutes"},"schema":{"@context":"https:\/\/schema.org","@graph":[{"@type":"Article","@id":"https:\/\/kapitalis.com\/tunisie\/2019\/12\/06\/au-safsaf-foodlab-jacob-lellouche-lance-la-ftira-loca\/#article","isPartOf":{"@id":"https:\/\/kapitalis.com\/tunisie\/2019\/12\/06\/au-safsaf-foodlab-jacob-lellouche-lance-la-ftira-loca\/"},"author":{"name":"webmaster kapitalis","@id":"https:\/\/kapitalis.com\/tunisie\/#\/schema\/person\/d71f33a9ca44f7bad4698210b480c8e9"},"headline":"Au Safsaf Foodlab : Jacob Lellouche lance \u201cLa Ftira Loca\u201d","datePublished":"2019-12-06T09:53:43+00:00","dateModified":"2019-12-06T10:15:28+00:00","mainEntityOfPage":{"@id":"https:\/\/kapitalis.com\/tunisie\/2019\/12\/06\/au-safsaf-foodlab-jacob-lellouche-lance-la-ftira-loca\/"},"wordCount":312,"commentCount":0,"publisher":{"@id":"https:\/\/kapitalis.com\/tunisie\/#organization"},"image":{"@id":"https:\/\/kapitalis.com\/tunisie\/2019\/12\/06\/au-safsaf-foodlab-jacob-lellouche-lance-la-ftira-loca\/#primaryimage"},"thumbnailUrl":"","keywords":["Jacob Lellouche"],"articleSection":["CONSO","Tunisie"],"inLanguage":"fr-FR","potentialAction":[{"@type":"CommentAction","name":"Comment","target":["https:\/\/kapitalis.com\/tunisie\/2019\/12\/06\/au-safsaf-foodlab-jacob-lellouche-lance-la-ftira-loca\/#respond"]}]},{"@type":"WebPage","@id":"https:\/\/kapitalis.com\/tunisie\/2019\/12\/06\/au-safsaf-foodlab-jacob-lellouche-lance-la-ftira-loca\/","url":"https:\/\/kapitalis.com\/tunisie\/2019\/12\/06\/au-safsaf-foodlab-jacob-lellouche-lance-la-ftira-loca\/","name":"Au Safsaf Foodlab : Jacob Lellouche lance \u201cLa Ftira Loca\u201d - Kapitalis","isPartOf":{"@id":"https:\/\/kapitalis.com\/tunisie\/#website"},"primaryImageOfPage":{"@id":"https:\/\/kapitalis.com\/tunisie\/2019\/12\/06\/au-safsaf-foodlab-jacob-lellouche-lance-la-ftira-loca\/#primaryimage"},"image":{"@id":"https:\/\/kapitalis.com\/tunisie\/2019\/12\/06\/au-safsaf-foodlab-jacob-lellouche-lance-la-ftira-loca\/#primaryimage"},"thumbnailUrl":"","datePublished":"2019-12-06T09:53:43+00:00","dateModified":"2019-12-06T10:15:28+00:00","breadcrumb":{"@id":"https:\/\/kapitalis.com\/tunisie\/2019\/12\/06\/au-safsaf-foodlab-jacob-lellouche-lance-la-ftira-loca\/#breadcrumb"},"inLanguage":"fr-FR","potentialAction":[{"@type":"ReadAction","target":["https:\/\/kapitalis.com\/tunisie\/2019\/12\/06\/au-safsaf-foodlab-jacob-lellouche-lance-la-ftira-loca\/"]}]},{"@type":"ImageObject","inLanguage":"fr-FR","@id":"https:\/\/kapitalis.com\/tunisie\/2019\/12\/06\/au-safsaf-foodlab-jacob-lellouche-lance-la-ftira-loca\/#primaryimage","url":"","contentUrl":""},{"@type":"BreadcrumbList","@id":"https:\/\/kapitalis.com\/tunisie\/2019\/12\/06\/au-safsaf-foodlab-jacob-lellouche-lance-la-ftira-loca\/#breadcrumb","itemListElement":[{"@type":"ListItem","position":1,"name":"Accueil","item":"https:\/\/kapitalis.com\/tunisie\/"},{"@type":"ListItem","position":2,"name":"Au Safsaf Foodlab : Jacob Lellouche lance \u201cLa Ftira Loca\u201d"}]},{"@type":"WebSite","@id":"https:\/\/kapitalis.com\/tunisie\/#website","url":"https:\/\/kapitalis.com\/tunisie\/","name":"Kapitalis","description":"L&#039;actualit\u00e9 en Tunisie et dans le monde","publisher":{"@id":"https:\/\/kapitalis.com\/tunisie\/#organization"},"potentialAction":[{"@type":"SearchAction","target":{"@type":"EntryPoint","urlTemplate":"https:\/\/kapitalis.com\/tunisie\/?s={search_term_string}"},"query-input":{"@type":"PropertyValueSpecification","valueRequired":true,"valueName":"search_term_string"}}],"inLanguage":"fr-FR"},{"@type":"Organization","@id":"https:\/\/kapitalis.com\/tunisie\/#organization","name":"Kapitalis","url":"https:\/\/kapitalis.com\/tunisie\/","logo":{"@type":"ImageObject","inLanguage":"fr-FR","@id":"https:\/\/kapitalis.com\/tunisie\/#\/schema\/logo\/image\/","url":"https:\/\/kapitalis.com\/tunisie\/wp-content\/uploads\/2022\/05\/Kapitalis-big-size.png","contentUrl":"https:\/\/kapitalis.com\/tunisie\/wp-content\/uploads\/2022\/05\/Kapitalis-big-size.png","width":5000,"height":1500,"caption":"Kapitalis"},"image":{"@id":"https:\/\/kapitalis.com\/tunisie\/#\/schema\/logo\/image\/"},"sameAs":["https:\/\/www.facebook.com\/KapitalisInfo\/","https:\/\/x.com\/KapitalisInfo","https:\/\/www.youtube.com\/channel\/UC-yDYrHyfFBWWZaOw3FPg9Q"]},{"@type":"Person","@id":"https:\/\/kapitalis.com\/tunisie\/#\/schema\/person\/d71f33a9ca44f7bad4698210b480c8e9","name":"webmaster kapitalis","url":"https:\/\/kapitalis.com\/tunisie\/author\/webmaster-kapitalis\/"}]}},"_links":{"self":[{"href":"https:\/\/kapitalis.com\/tunisie\/wp-json\/wp\/v2\/posts\/261720","targetHints":{"allow":["GET"]}}],"collection":[{"href":"https:\/\/kapitalis.com\/tunisie\/wp-json\/wp\/v2\/posts"}],"about":[{"href":"https:\/\/kapitalis.com\/tunisie\/wp-json\/wp\/v2\/types\/post"}],"author":[{"embeddable":true,"href":"https:\/\/kapitalis.com\/tunisie\/wp-json\/wp\/v2\/users\/8"}],"replies":[{"embeddable":true,"href":"https:\/\/kapitalis.com\/tunisie\/wp-json\/wp\/v2\/comments?post=261720"}],"version-history":[{"count":0,"href":"https:\/\/kapitalis.com\/tunisie\/wp-json\/wp\/v2\/posts\/261720\/revisions"}],"wp:featuredmedia":[{"embeddable":true,"href":"https:\/\/kapitalis.com\/tunisie\/wp-json\/wp\/v2\/media\/261721"}],"wp:attachment":[{"href":"https:\/\/kapitalis.com\/tunisie\/wp-json\/wp\/v2\/media?parent=261720"}],"wp:term":[{"taxonomy":"category","embeddable":true,"href":"https:\/\/kapitalis.com\/tunisie\/wp-json\/wp\/v2\/categories?post=261720"},{"taxonomy":"post_tag","embeddable":true,"href":"https:\/\/kapitalis.com\/tunisie\/wp-json\/wp\/v2\/tags?post=261720"}],"curies":[{"name":"wp","href":"https:\/\/api.w.org\/{rel}","templated":true}]}}