{"id":261757,"date":"2019-12-06T12:28:46","date_gmt":"2019-12-06T11:28:46","guid":{"rendered":"http:\/\/kapitalis.com\/tunisie\/?p=261757"},"modified":"2019-12-06T12:28:48","modified_gmt":"2019-12-06T11:28:48","slug":"promotion-de-lexportation-le-fonds-tasdir-a-lheure-du-bilan","status":"publish","type":"post","link":"https:\/\/kapitalis.com\/tunisie\/2019\/12\/06\/promotion-de-lexportation-le-fonds-tasdir-a-lheure-du-bilan\/","title":{"rendered":"Promotion de l\u2019exportation : Le Fonds Tasdir + \u00e0 l\u2019heure du bilan"},"content":{"rendered":"\n<figure class=\"wp-block-image size-large\"><img decoding=\"async\" src=\"http:\/\/kapitalis.com\/tunisie\/wp-content\/uploads\/2019\/12\/Tasdir-.jpg\" alt=\"\" class=\"wp-image-261760\"\/><\/figure>\n\n\n\n<p><strong><em> Avec son 4e appel \u00e0 candidatures lanc\u00e9 pour une dur\u00e9e de 12 mois, le Fonds de d\u00e9veloppement et de diversification des exportations (Tasdir +), qui vise \u00e0 diversifier et \u00e0 p\u00e9renniser les exportations tunisiennes sur de nouveaux march\u00e9s, prend aujourd\u2019hui le dernier virage de son mandat de 5 ans que lui a assign\u00e9 le gouvernement tunisien.<\/em><\/strong><\/p>\n\n\n\n<!--more-->\n\n\n\n<p> Le programme, qui a \u00e9t\u00e9 initi\u00e9 fin 2015, touchera \u00e0 sa conclusion, le 31 d\u00e9cembre 2020 (avec, toutefois, une possibilit\u00e9 de prolongation de son mandat), est dot\u00e9 d\u2019un budget de 15 millions d\u2019euros totalement d\u00e9di\u00e9s aux entreprises tunisiennes avec comme objectif de porter 600 d\u2019entre elles sur les march\u00e9s internationaux.    <\/p>\n\n\n\n<p> Depuis son d\u00e9marrage, Tasdir + a lanc\u00e9 4 appels \u00e0 candidatures. Ce 4e et ultime appel r\u00e9cemment lanc\u00e9 a int\u00e9ress\u00e9 plus de 400 entreprises dont 171 ont \u00e9t\u00e9 retenues pour faire partie de la s\u00e9ance de s\u00e9lection al\u00e9atoire. Les 2\/3 seront finalement s\u00e9lectionn\u00e9es et appuy\u00e9es.  <\/p>\n\n\n\n<p> \u00c0 cet effet, le Fonds Tasdir+ a organis\u00e9 hier, jeudi 5 d\u00e9cembre 2019, au si\u00e8ge de l\u2019Union tunisienne de l\u2019industrie, du commerce et de l\u2019artisanat (Utica), la s\u00e9ance de s\u00e9lection al\u00e9atoire pour les 171 entreprises \u00e9ligibles.<\/p>\n\n\n\n<p> Sur le total des entreprises \u00e9ligibles, 113 ont \u00e9t\u00e9 tir\u00e9es au sort et seront appuy\u00e9es par Tasdir+, soit un taux de s\u00e9lection l\u00e9g\u00e8rement sup\u00e9rieur \u00e0 66%. Lors du 3e appel \u00e0 candidatures, le taux de s\u00e9lection \u00e9tait fix\u00e9 \u00e0 50%.<\/p>\n\n\n\n<p> Pour rappel, ce mode de s\u00e9lection des entreprises adopt\u00e9 depuis le 3e appel \u00e0 candidatures est in\u00e9dit aussi bien en Tunisie qu\u2019en Afrique et dans le Monde arabe. Il permet une plus grande transparence et plus d\u2019\u00e9quit\u00e9 entre les entreprises ind\u00e9pendamment de leurs tailles et de leurs activit\u00e9s.<\/p>\n\n\n\n<p> Il est utile de pr\u00e9ciser que les r\u00e9sultats enregistr\u00e9s durant la p\u00e9riode ant\u00e9rieure ont montr\u00e9 un impact plus que positif de Tasdir+ sur les exportations tunisiennes en g\u00e9n\u00e9ral et sur les entreprises appuy\u00e9es en particulier.<\/p>\n\n\n\n<div class=\"wp-block-image\"><figure class=\"aligncenter size-large is-resized\"><img decoding=\"async\" src=\"http:\/\/kapitalis.com\/tunisie\/wp-content\/uploads\/2019\/12\/Tasdir-2.jpg\" alt=\"\" class=\"wp-image-261762\" width=\"500\"\/><\/figure><\/div>\n\n\n\n<p> Selon les statistiques douani\u00e8res et les enqu\u00eates qualitatives r\u00e9alis\u00e9es aupr\u00e8s de 200 entreprises b\u00e9n\u00e9ficiaires du programme, les r\u00e9sultats ont montr\u00e9 que plus de 70% d\u2019entre-elles ont diversifi\u00e9 leurs march\u00e9s ext\u00e9rieurs, leur croissance \u00e0 l\u2019export est plus forte que la moyenne nationale de 32%, et plusieurs dizaines d\u2019entre elles sont devenus exportatrices gr\u00e2ce \u00e0 l\u2019apport de Tasdir +. Par ailleurs, les exportations additionnelles g\u00e9n\u00e9r\u00e9es par les 200 entreprises enqu\u00eat\u00e9es sur de nouveaux march\u00e9s s\u2019\u00e9l\u00e8vent \u00e0 137 millions de dinars tunisiens (MDT). <\/p>\n\n\n\n<p> Ceci d\u00e9note de la qualit\u00e9 de ce genre de programme pris comme r\u00e9f\u00e9rence par le gouvernement tunisien.  <\/p>\n\n\n\n<p class=\"has-text-align-right\"><strong> I. B.<\/strong> <em>(avec communiqu\u00e9).  <\/em><\/p>\n","protected":false},"excerpt":{"rendered":"<p>Avec son 4e appel \u00e0 candidatures lanc\u00e9 pour une dur\u00e9e de 12 mois, le Fonds de d\u00e9veloppement et de diversification des exportations (Tasdir +), qui vise \u00e0 diversifier et \u00e0 p\u00e9renniser les exportations tunisiennes sur de nouveaux march\u00e9s, prend aujourd\u2019hui le dernier virage de son mandat de 5 ans que lui a assign\u00e9 le gouvernement&#8230;<\/p>\n","protected":false},"author":8,"featured_media":261760,"comment_status":"open","ping_status":"open","sticky":false,"template":"","format":"standard","meta":{"footnotes":""},"categories":[995,2433],"tags":[365,64918,11727],"class_list":["post-261757","post","type-post","status-publish","format-standard","has-post-thumbnail","hentry","category-economie","category-tunisie","tag-exportations","tag-marches-exterieurs","tag-tasdir"],"yoast_head":"<!-- This site is optimized with the Yoast SEO plugin v26.6 - https:\/\/yoast.com\/wordpress\/plugins\/seo\/ -->\n<title>Promotion de l\u2019exportation : Le Fonds Tasdir + \u00e0 l\u2019heure du bilan - Kapitalis<\/title>\n<meta name=\"robots\" content=\"index, follow, max-snippet:-1, max-image-preview:large, max-video-preview:-1\" \/>\n<link rel=\"canonical\" href=\"https:\/\/kapitalis.com\/tunisie\/2019\/12\/06\/promotion-de-lexportation-le-fonds-tasdir-a-lheure-du-bilan\/\" \/>\n<meta property=\"og:locale\" content=\"fr_FR\" \/>\n<meta property=\"og:type\" content=\"article\" \/>\n<meta property=\"og:title\" content=\"Promotion de l\u2019exportation : Le Fonds Tasdir + \u00e0 l\u2019heure du bilan - Kapitalis\" \/>\n<meta property=\"og:description\" content=\"Avec son 4e appel \u00e0 candidatures lanc\u00e9 pour une dur\u00e9e de 12 mois, le Fonds de d\u00e9veloppement et de diversification des exportations (Tasdir +), qui vise \u00e0 diversifier et \u00e0 p\u00e9renniser les exportations tunisiennes sur de nouveaux march\u00e9s, prend aujourd\u2019hui le dernier virage de son mandat de 5 ans que lui a assign\u00e9 le gouvernement...\" \/>\n<meta property=\"og:url\" content=\"https:\/\/kapitalis.com\/tunisie\/2019\/12\/06\/promotion-de-lexportation-le-fonds-tasdir-a-lheure-du-bilan\/\" \/>\n<meta property=\"og:site_name\" content=\"Kapitalis\" \/>\n<meta property=\"article:publisher\" content=\"https:\/\/www.facebook.com\/KapitalisInfo\/\" \/>\n<meta property=\"article:published_time\" content=\"2019-12-06T11:28:46+00:00\" \/>\n<meta property=\"article:modified_time\" content=\"2019-12-06T11:28:48+00:00\" \/>\n<meta property=\"og:image\" content=\"https:\/\/kapitalis.com\/tunisie\/wp-content\/uploads\/2022\/05\/kapitalis-logo-fb.png\" \/>\n\t<meta property=\"og:image:width\" content=\"1200\" \/>\n\t<meta property=\"og:image:height\" content=\"630\" \/>\n\t<meta property=\"og:image:type\" content=\"image\/png\" \/>\n<meta name=\"author\" content=\"webmaster kapitalis\" \/>\n<meta name=\"twitter:card\" content=\"summary_large_image\" \/>\n<meta name=\"twitter:creator\" content=\"@KapitalisInfo\" \/>\n<meta name=\"twitter:site\" content=\"@KapitalisInfo\" \/>\n<meta name=\"twitter:label1\" content=\"\u00c9crit par\" \/>\n\t<meta name=\"twitter:data1\" content=\"webmaster kapitalis\" \/>\n\t<meta name=\"twitter:label2\" content=\"Dur\u00e9e de lecture estim\u00e9e\" \/>\n\t<meta name=\"twitter:data2\" content=\"2 minutes\" \/>\n<script type=\"application\/ld+json\" class=\"yoast-schema-graph\">{\"@context\":\"https:\/\/schema.org\",\"@graph\":[{\"@type\":\"Article\",\"@id\":\"https:\/\/kapitalis.com\/tunisie\/2019\/12\/06\/promotion-de-lexportation-le-fonds-tasdir-a-lheure-du-bilan\/#article\",\"isPartOf\":{\"@id\":\"https:\/\/kapitalis.com\/tunisie\/2019\/12\/06\/promotion-de-lexportation-le-fonds-tasdir-a-lheure-du-bilan\/\"},\"author\":{\"name\":\"webmaster kapitalis\",\"@id\":\"https:\/\/kapitalis.com\/tunisie\/#\/schema\/person\/d71f33a9ca44f7bad4698210b480c8e9\"},\"headline\":\"Promotion de l\u2019exportation : Le Fonds Tasdir + \u00e0 l\u2019heure du bilan\",\"datePublished\":\"2019-12-06T11:28:46+00:00\",\"dateModified\":\"2019-12-06T11:28:48+00:00\",\"mainEntityOfPage\":{\"@id\":\"https:\/\/kapitalis.com\/tunisie\/2019\/12\/06\/promotion-de-lexportation-le-fonds-tasdir-a-lheure-du-bilan\/\"},\"wordCount\":460,\"commentCount\":0,\"publisher\":{\"@id\":\"https:\/\/kapitalis.com\/tunisie\/#organization\"},\"image\":{\"@id\":\"https:\/\/kapitalis.com\/tunisie\/2019\/12\/06\/promotion-de-lexportation-le-fonds-tasdir-a-lheure-du-bilan\/#primaryimage\"},\"thumbnailUrl\":\"\",\"keywords\":[\"exportations\",\"march\u00e9s ext\u00e9rieurs\",\"Tasdir+\"],\"articleSection\":[\"ECONOMIE\",\"Tunisie\"],\"inLanguage\":\"fr-FR\",\"potentialAction\":[{\"@type\":\"CommentAction\",\"name\":\"Comment\",\"target\":[\"https:\/\/kapitalis.com\/tunisie\/2019\/12\/06\/promotion-de-lexportation-le-fonds-tasdir-a-lheure-du-bilan\/#respond\"]}]},{\"@type\":\"WebPage\",\"@id\":\"https:\/\/kapitalis.com\/tunisie\/2019\/12\/06\/promotion-de-lexportation-le-fonds-tasdir-a-lheure-du-bilan\/\",\"url\":\"https:\/\/kapitalis.com\/tunisie\/2019\/12\/06\/promotion-de-lexportation-le-fonds-tasdir-a-lheure-du-bilan\/\",\"name\":\"Promotion de l\u2019exportation : Le Fonds Tasdir + \u00e0 l\u2019heure du bilan - Kapitalis\",\"isPartOf\":{\"@id\":\"https:\/\/kapitalis.com\/tunisie\/#website\"},\"primaryImageOfPage\":{\"@id\":\"https:\/\/kapitalis.com\/tunisie\/2019\/12\/06\/promotion-de-lexportation-le-fonds-tasdir-a-lheure-du-bilan\/#primaryimage\"},\"image\":{\"@id\":\"https:\/\/kapitalis.com\/tunisie\/2019\/12\/06\/promotion-de-lexportation-le-fonds-tasdir-a-lheure-du-bilan\/#primaryimage\"},\"thumbnailUrl\":\"\",\"datePublished\":\"2019-12-06T11:28:46+00:00\",\"dateModified\":\"2019-12-06T11:28:48+00:00\",\"breadcrumb\":{\"@id\":\"https:\/\/kapitalis.com\/tunisie\/2019\/12\/06\/promotion-de-lexportation-le-fonds-tasdir-a-lheure-du-bilan\/#breadcrumb\"},\"inLanguage\":\"fr-FR\",\"potentialAction\":[{\"@type\":\"ReadAction\",\"target\":[\"https:\/\/kapitalis.com\/tunisie\/2019\/12\/06\/promotion-de-lexportation-le-fonds-tasdir-a-lheure-du-bilan\/\"]}]},{\"@type\":\"ImageObject\",\"inLanguage\":\"fr-FR\",\"@id\":\"https:\/\/kapitalis.com\/tunisie\/2019\/12\/06\/promotion-de-lexportation-le-fonds-tasdir-a-lheure-du-bilan\/#primaryimage\",\"url\":\"\",\"contentUrl\":\"\"},{\"@type\":\"BreadcrumbList\",\"@id\":\"https:\/\/kapitalis.com\/tunisie\/2019\/12\/06\/promotion-de-lexportation-le-fonds-tasdir-a-lheure-du-bilan\/#breadcrumb\",\"itemListElement\":[{\"@type\":\"ListItem\",\"position\":1,\"name\":\"Accueil\",\"item\":\"https:\/\/kapitalis.com\/tunisie\/\"},{\"@type\":\"ListItem\",\"position\":2,\"name\":\"Promotion de l\u2019exportation : Le Fonds Tasdir + \u00e0 l\u2019heure du bilan\"}]},{\"@type\":\"WebSite\",\"@id\":\"https:\/\/kapitalis.com\/tunisie\/#website\",\"url\":\"https:\/\/kapitalis.com\/tunisie\/\",\"name\":\"Kapitalis\",\"description\":\"L&#039;actualit\u00e9 en Tunisie et dans le monde\",\"publisher\":{\"@id\":\"https:\/\/kapitalis.com\/tunisie\/#organization\"},\"potentialAction\":[{\"@type\":\"SearchAction\",\"target\":{\"@type\":\"EntryPoint\",\"urlTemplate\":\"https:\/\/kapitalis.com\/tunisie\/?s={search_term_string}\"},\"query-input\":{\"@type\":\"PropertyValueSpecification\",\"valueRequired\":true,\"valueName\":\"search_term_string\"}}],\"inLanguage\":\"fr-FR\"},{\"@type\":\"Organization\",\"@id\":\"https:\/\/kapitalis.com\/tunisie\/#organization\",\"name\":\"Kapitalis\",\"url\":\"https:\/\/kapitalis.com\/tunisie\/\",\"logo\":{\"@type\":\"ImageObject\",\"inLanguage\":\"fr-FR\",\"@id\":\"https:\/\/kapitalis.com\/tunisie\/#\/schema\/logo\/image\/\",\"url\":\"https:\/\/kapitalis.com\/tunisie\/wp-content\/uploads\/2022\/05\/Kapitalis-big-size.png\",\"contentUrl\":\"https:\/\/kapitalis.com\/tunisie\/wp-content\/uploads\/2022\/05\/Kapitalis-big-size.png\",\"width\":5000,\"height\":1500,\"caption\":\"Kapitalis\"},\"image\":{\"@id\":\"https:\/\/kapitalis.com\/tunisie\/#\/schema\/logo\/image\/\"},\"sameAs\":[\"https:\/\/www.facebook.com\/KapitalisInfo\/\",\"https:\/\/x.com\/KapitalisInfo\",\"https:\/\/www.youtube.com\/channel\/UC-yDYrHyfFBWWZaOw3FPg9Q\"]},{\"@type\":\"Person\",\"@id\":\"https:\/\/kapitalis.com\/tunisie\/#\/schema\/person\/d71f33a9ca44f7bad4698210b480c8e9\",\"name\":\"webmaster kapitalis\",\"url\":\"https:\/\/kapitalis.com\/tunisie\/author\/webmaster-kapitalis\/\"}]}<\/script>\n<!-- \/ Yoast SEO plugin. -->","yoast_head_json":{"title":"Promotion de l\u2019exportation : Le Fonds Tasdir + \u00e0 l\u2019heure du bilan - Kapitalis","robots":{"index":"index","follow":"follow","max-snippet":"max-snippet:-1","max-image-preview":"max-image-preview:large","max-video-preview":"max-video-preview:-1"},"canonical":"https:\/\/kapitalis.com\/tunisie\/2019\/12\/06\/promotion-de-lexportation-le-fonds-tasdir-a-lheure-du-bilan\/","og_locale":"fr_FR","og_type":"article","og_title":"Promotion de l\u2019exportation : Le Fonds Tasdir + \u00e0 l\u2019heure du bilan - Kapitalis","og_description":"Avec son 4e appel \u00e0 candidatures lanc\u00e9 pour une dur\u00e9e de 12 mois, le Fonds de d\u00e9veloppement et de diversification des exportations (Tasdir +), qui vise \u00e0 diversifier et \u00e0 p\u00e9renniser les exportations tunisiennes sur de nouveaux march\u00e9s, prend aujourd\u2019hui le dernier virage de son mandat de 5 ans que lui a assign\u00e9 le gouvernement...","og_url":"https:\/\/kapitalis.com\/tunisie\/2019\/12\/06\/promotion-de-lexportation-le-fonds-tasdir-a-lheure-du-bilan\/","og_site_name":"Kapitalis","article_publisher":"https:\/\/www.facebook.com\/KapitalisInfo\/","article_published_time":"2019-12-06T11:28:46+00:00","article_modified_time":"2019-12-06T11:28:48+00:00","og_image":[{"width":1200,"height":630,"url":"https:\/\/kapitalis.com\/tunisie\/wp-content\/uploads\/2022\/05\/kapitalis-logo-fb.png","type":"image\/png"}],"author":"webmaster kapitalis","twitter_card":"summary_large_image","twitter_creator":"@KapitalisInfo","twitter_site":"@KapitalisInfo","twitter_misc":{"\u00c9crit par":"webmaster kapitalis","Dur\u00e9e de lecture estim\u00e9e":"2 minutes"},"schema":{"@context":"https:\/\/schema.org","@graph":[{"@type":"Article","@id":"https:\/\/kapitalis.com\/tunisie\/2019\/12\/06\/promotion-de-lexportation-le-fonds-tasdir-a-lheure-du-bilan\/#article","isPartOf":{"@id":"https:\/\/kapitalis.com\/tunisie\/2019\/12\/06\/promotion-de-lexportation-le-fonds-tasdir-a-lheure-du-bilan\/"},"author":{"name":"webmaster kapitalis","@id":"https:\/\/kapitalis.com\/tunisie\/#\/schema\/person\/d71f33a9ca44f7bad4698210b480c8e9"},"headline":"Promotion de l\u2019exportation : Le Fonds Tasdir + \u00e0 l\u2019heure du bilan","datePublished":"2019-12-06T11:28:46+00:00","dateModified":"2019-12-06T11:28:48+00:00","mainEntityOfPage":{"@id":"https:\/\/kapitalis.com\/tunisie\/2019\/12\/06\/promotion-de-lexportation-le-fonds-tasdir-a-lheure-du-bilan\/"},"wordCount":460,"commentCount":0,"publisher":{"@id":"https:\/\/kapitalis.com\/tunisie\/#organization"},"image":{"@id":"https:\/\/kapitalis.com\/tunisie\/2019\/12\/06\/promotion-de-lexportation-le-fonds-tasdir-a-lheure-du-bilan\/#primaryimage"},"thumbnailUrl":"","keywords":["exportations","march\u00e9s ext\u00e9rieurs","Tasdir+"],"articleSection":["ECONOMIE","Tunisie"],"inLanguage":"fr-FR","potentialAction":[{"@type":"CommentAction","name":"Comment","target":["https:\/\/kapitalis.com\/tunisie\/2019\/12\/06\/promotion-de-lexportation-le-fonds-tasdir-a-lheure-du-bilan\/#respond"]}]},{"@type":"WebPage","@id":"https:\/\/kapitalis.com\/tunisie\/2019\/12\/06\/promotion-de-lexportation-le-fonds-tasdir-a-lheure-du-bilan\/","url":"https:\/\/kapitalis.com\/tunisie\/2019\/12\/06\/promotion-de-lexportation-le-fonds-tasdir-a-lheure-du-bilan\/","name":"Promotion de l\u2019exportation : Le Fonds Tasdir + \u00e0 l\u2019heure du bilan - Kapitalis","isPartOf":{"@id":"https:\/\/kapitalis.com\/tunisie\/#website"},"primaryImageOfPage":{"@id":"https:\/\/kapitalis.com\/tunisie\/2019\/12\/06\/promotion-de-lexportation-le-fonds-tasdir-a-lheure-du-bilan\/#primaryimage"},"image":{"@id":"https:\/\/kapitalis.com\/tunisie\/2019\/12\/06\/promotion-de-lexportation-le-fonds-tasdir-a-lheure-du-bilan\/#primaryimage"},"thumbnailUrl":"","datePublished":"2019-12-06T11:28:46+00:00","dateModified":"2019-12-06T11:28:48+00:00","breadcrumb":{"@id":"https:\/\/kapitalis.com\/tunisie\/2019\/12\/06\/promotion-de-lexportation-le-fonds-tasdir-a-lheure-du-bilan\/#breadcrumb"},"inLanguage":"fr-FR","potentialAction":[{"@type":"ReadAction","target":["https:\/\/kapitalis.com\/tunisie\/2019\/12\/06\/promotion-de-lexportation-le-fonds-tasdir-a-lheure-du-bilan\/"]}]},{"@type":"ImageObject","inLanguage":"fr-FR","@id":"https:\/\/kapitalis.com\/tunisie\/2019\/12\/06\/promotion-de-lexportation-le-fonds-tasdir-a-lheure-du-bilan\/#primaryimage","url":"","contentUrl":""},{"@type":"BreadcrumbList","@id":"https:\/\/kapitalis.com\/tunisie\/2019\/12\/06\/promotion-de-lexportation-le-fonds-tasdir-a-lheure-du-bilan\/#breadcrumb","itemListElement":[{"@type":"ListItem","position":1,"name":"Accueil","item":"https:\/\/kapitalis.com\/tunisie\/"},{"@type":"ListItem","position":2,"name":"Promotion de l\u2019exportation : Le Fonds Tasdir + \u00e0 l\u2019heure du bilan"}]},{"@type":"WebSite","@id":"https:\/\/kapitalis.com\/tunisie\/#website","url":"https:\/\/kapitalis.com\/tunisie\/","name":"Kapitalis","description":"L&#039;actualit\u00e9 en Tunisie et dans le monde","publisher":{"@id":"https:\/\/kapitalis.com\/tunisie\/#organization"},"potentialAction":[{"@type":"SearchAction","target":{"@type":"EntryPoint","urlTemplate":"https:\/\/kapitalis.com\/tunisie\/?s={search_term_string}"},"query-input":{"@type":"PropertyValueSpecification","valueRequired":true,"valueName":"search_term_string"}}],"inLanguage":"fr-FR"},{"@type":"Organization","@id":"https:\/\/kapitalis.com\/tunisie\/#organization","name":"Kapitalis","url":"https:\/\/kapitalis.com\/tunisie\/","logo":{"@type":"ImageObject","inLanguage":"fr-FR","@id":"https:\/\/kapitalis.com\/tunisie\/#\/schema\/logo\/image\/","url":"https:\/\/kapitalis.com\/tunisie\/wp-content\/uploads\/2022\/05\/Kapitalis-big-size.png","contentUrl":"https:\/\/kapitalis.com\/tunisie\/wp-content\/uploads\/2022\/05\/Kapitalis-big-size.png","width":5000,"height":1500,"caption":"Kapitalis"},"image":{"@id":"https:\/\/kapitalis.com\/tunisie\/#\/schema\/logo\/image\/"},"sameAs":["https:\/\/www.facebook.com\/KapitalisInfo\/","https:\/\/x.com\/KapitalisInfo","https:\/\/www.youtube.com\/channel\/UC-yDYrHyfFBWWZaOw3FPg9Q"]},{"@type":"Person","@id":"https:\/\/kapitalis.com\/tunisie\/#\/schema\/person\/d71f33a9ca44f7bad4698210b480c8e9","name":"webmaster kapitalis","url":"https:\/\/kapitalis.com\/tunisie\/author\/webmaster-kapitalis\/"}]}},"_links":{"self":[{"href":"https:\/\/kapitalis.com\/tunisie\/wp-json\/wp\/v2\/posts\/261757","targetHints":{"allow":["GET"]}}],"collection":[{"href":"https:\/\/kapitalis.com\/tunisie\/wp-json\/wp\/v2\/posts"}],"about":[{"href":"https:\/\/kapitalis.com\/tunisie\/wp-json\/wp\/v2\/types\/post"}],"author":[{"embeddable":true,"href":"https:\/\/kapitalis.com\/tunisie\/wp-json\/wp\/v2\/users\/8"}],"replies":[{"embeddable":true,"href":"https:\/\/kapitalis.com\/tunisie\/wp-json\/wp\/v2\/comments?post=261757"}],"version-history":[{"count":0,"href":"https:\/\/kapitalis.com\/tunisie\/wp-json\/wp\/v2\/posts\/261757\/revisions"}],"wp:featuredmedia":[{"embeddable":true,"href":"https:\/\/kapitalis.com\/tunisie\/wp-json\/wp\/v2\/media\/261760"}],"wp:attachment":[{"href":"https:\/\/kapitalis.com\/tunisie\/wp-json\/wp\/v2\/media?parent=261757"}],"wp:term":[{"taxonomy":"category","embeddable":true,"href":"https:\/\/kapitalis.com\/tunisie\/wp-json\/wp\/v2\/categories?post=261757"},{"taxonomy":"post_tag","embeddable":true,"href":"https:\/\/kapitalis.com\/tunisie\/wp-json\/wp\/v2\/tags?post=261757"}],"curies":[{"name":"wp","href":"https:\/\/api.w.org\/{rel}","templated":true}]}}