{"id":261776,"date":"2019-12-06T13:42:16","date_gmt":"2019-12-06T12:42:16","guid":{"rendered":"http:\/\/kapitalis.com\/tunisie\/?p=261776"},"modified":"2019-12-06T14:28:45","modified_gmt":"2019-12-06T13:28:45","slug":"kelibia-anas-un-eleve-de-14-ans-retrouve-pendu","status":"publish","type":"post","link":"https:\/\/kapitalis.com\/tunisie\/2019\/12\/06\/kelibia-anas-un-eleve-de-14-ans-retrouve-pendu\/","title":{"rendered":"K\u00e9libia : Anas, un \u00e9l\u00e8ve de 14 ans retrouv\u00e9 pendu"},"content":{"rendered":"\n<figure class=\"wp-block-image size-large\"><img decoding=\"async\" src=\"http:\/\/kapitalis.com\/tunisie\/wp-content\/uploads\/2019\/12\/K\u00e9libia-anas-pendu.jpg\" alt=\"\" class=\"wp-image-261780\"\/><\/figure>\n\n\n\n<p><em><strong>Anas Ben Nasr, un \u00e9l\u00e8ve de 14 ans, a \u00e9t\u00e9 d\u00e9couvert pendu hier, jeudi 5 novembre 2019, dans la maison familiale \u00e0 K\u00e9libia (Nabeul). La piste du suicide est privil\u00e9gi\u00e9e.<\/strong><\/em><\/p>\n\n\n\n<!--more-->\n\n\n\n<p>Une enqu\u00eate a \u00e9t\u00e9 ouverte et le procureur a ordonn\u00e9 une autopsie pour d\u00e9terminer les circonstances exactes du d\u00e9c\u00e8s, indique une source s\u00e9curitaire \u00e0 Kapitalis.<\/p>\n\n\n\n<p>Anas Ben Nasr, \u00e9l\u00e8ve en 9e ann\u00e9e au coll\u00e8ge technique de K\u00e9libia, \u00e9tait un bon \u00e9l\u00e9ment, d\u00e9crit par le corps \u00e9ducatif, comme un <em>\u00abenfant respectueux, adorable et plein de vie\u00bb<\/em>. <\/p>\n\n\n\n<p>Il faisait \u00e9galement du sport de combat et avait d\u00e9croch\u00e9 plusieurs m\u00e9dailles. Il voulait m\u00eame devenir champion \u00e0 l&rsquo;\u00e9chelle internationale, disent ses camarades&#8230;<\/p>\n\n\n\n<p class=\"has-text-align-right\"><strong>Y. N.<\/strong><\/p>\n\n\n\n<figure class=\"wp-block-embed-wordpress wp-block-embed is-type-wp-embed is-provider-kapitalis\"><div class=\"wp-block-embed__wrapper\">\n<blockquote class=\"wp-embedded-content\" data-secret=\"Rnt0REvr8G\"><a href=\"https:\/\/kapitalis.com\/tunisie\/2019\/11\/30\/kef-un-eleve-de-13-ans-retrouve-pendu-a-kalaat-senan\/\">Kef : Un \u00e9l\u00e8ve de 13 ans retrouv\u00e9 pendu \u00e0 Kalaat Senane<\/a><\/blockquote><iframe loading=\"lazy\" class=\"wp-embedded-content\" sandbox=\"allow-scripts\" security=\"restricted\" style=\"position: absolute; clip: rect(1px, 1px, 1px, 1px);\" title=\"\u00ab\u00a0Kef : Un \u00e9l\u00e8ve de 13 ans retrouv\u00e9 pendu \u00e0 Kalaat Senane\u00a0\u00bb &#8212; Kapitalis\" src=\"https:\/\/kapitalis.com\/tunisie\/2019\/11\/30\/kef-un-eleve-de-13-ans-retrouve-pendu-a-kalaat-senan\/embed\/#?secret=3WhgwEOy8X#?secret=Rnt0REvr8G\" data-secret=\"Rnt0REvr8G\" width=\"600\" height=\"338\" frameborder=\"0\" marginwidth=\"0\" marginheight=\"0\" scrolling=\"no\"><\/iframe>\n<\/div><\/figure>\n\n\n\n<figure class=\"wp-block-embed-wordpress wp-block-embed is-type-wp-embed is-provider-kapitalis\"><div class=\"wp-block-embed__wrapper\">\n<blockquote class=\"wp-embedded-content\" data-secret=\"KSqclNxlAU\"><a href=\"https:\/\/kapitalis.com\/tunisie\/2019\/10\/19\/un-eleve-de-11-retrouve-pendu-a-sidi-bouzid-la-piste-du-suicide-privilegiee\/\">Un \u00e9l\u00e8ve de 11 retrouv\u00e9 pendu \u00e0 Sidi Bouzid : La piste du suicide privil\u00e9gi\u00e9e<\/a><\/blockquote><iframe loading=\"lazy\" class=\"wp-embedded-content\" sandbox=\"allow-scripts\" security=\"restricted\" style=\"position: absolute; clip: rect(1px, 1px, 1px, 1px);\" title=\"\u00ab\u00a0Un \u00e9l\u00e8ve de 11 retrouv\u00e9 pendu \u00e0 Sidi Bouzid : La piste du suicide privil\u00e9gi\u00e9e\u00a0\u00bb &#8212; Kapitalis\" src=\"https:\/\/kapitalis.com\/tunisie\/2019\/10\/19\/un-eleve-de-11-retrouve-pendu-a-sidi-bouzid-la-piste-du-suicide-privilegiee\/embed\/#?secret=GnpWryPJ1y#?secret=KSqclNxlAU\" data-secret=\"KSqclNxlAU\" width=\"600\" height=\"338\" frameborder=\"0\" marginwidth=\"0\" marginheight=\"0\" scrolling=\"no\"><\/iframe>\n<\/div><\/figure>\n","protected":false},"excerpt":{"rendered":"<p>Anas Ben Nasr, un \u00e9l\u00e8ve de 14 ans, a \u00e9t\u00e9 d\u00e9couvert pendu hier, jeudi 5 novembre 2019, dans la maison familiale \u00e0 K\u00e9libia (Nabeul). La piste du suicide est privil\u00e9gi\u00e9e.<\/p>\n","protected":false},"author":6,"featured_media":261780,"comment_status":"open","ping_status":"open","sticky":false,"template":"","format":"standard","meta":{"footnotes":""},"categories":[998,2433],"tags":[314,2975,1256,865],"class_list":["post-261776","post","type-post","status-publish","format-standard","has-post-thumbnail","hentry","category-societe","category-tunisie","tag-eleve","tag-kelibia","tag-pendaison","tag-suicide"],"yoast_head":"<!-- This site is optimized with the Yoast SEO plugin v26.6 - https:\/\/yoast.com\/wordpress\/plugins\/seo\/ -->\n<title>K\u00e9libia : Anas, un \u00e9l\u00e8ve de 14 ans retrouv\u00e9 pendu - Kapitalis<\/title>\n<meta name=\"robots\" content=\"index, follow, max-snippet:-1, max-image-preview:large, max-video-preview:-1\" \/>\n<link rel=\"canonical\" href=\"https:\/\/kapitalis.com\/tunisie\/2019\/12\/06\/kelibia-anas-un-eleve-de-14-ans-retrouve-pendu\/\" \/>\n<meta property=\"og:locale\" content=\"fr_FR\" \/>\n<meta property=\"og:type\" content=\"article\" \/>\n<meta property=\"og:title\" content=\"K\u00e9libia : Anas, un \u00e9l\u00e8ve de 14 ans retrouv\u00e9 pendu - Kapitalis\" \/>\n<meta property=\"og:description\" content=\"Anas Ben Nasr, un \u00e9l\u00e8ve de 14 ans, a \u00e9t\u00e9 d\u00e9couvert pendu hier, jeudi 5 novembre 2019, dans la maison familiale \u00e0 K\u00e9libia (Nabeul). La piste du suicide est privil\u00e9gi\u00e9e.\" \/>\n<meta property=\"og:url\" content=\"https:\/\/kapitalis.com\/tunisie\/2019\/12\/06\/kelibia-anas-un-eleve-de-14-ans-retrouve-pendu\/\" \/>\n<meta property=\"og:site_name\" content=\"Kapitalis\" \/>\n<meta property=\"article:publisher\" content=\"https:\/\/www.facebook.com\/KapitalisInfo\/\" \/>\n<meta property=\"article:published_time\" content=\"2019-12-06T12:42:16+00:00\" \/>\n<meta property=\"article:modified_time\" content=\"2019-12-06T13:28:45+00:00\" \/>\n<meta property=\"og:image\" content=\"https:\/\/kapitalis.com\/tunisie\/wp-content\/uploads\/2022\/05\/kapitalis-logo-fb.png\" \/>\n\t<meta property=\"og:image:width\" content=\"1200\" \/>\n\t<meta property=\"og:image:height\" content=\"630\" \/>\n\t<meta property=\"og:image:type\" content=\"image\/png\" \/>\n<meta name=\"author\" content=\"Yusra NY\" \/>\n<meta name=\"twitter:card\" content=\"summary_large_image\" \/>\n<meta name=\"twitter:creator\" content=\"@KapitalisInfo\" \/>\n<meta name=\"twitter:site\" content=\"@KapitalisInfo\" \/>\n<meta name=\"twitter:label1\" content=\"\u00c9crit par\" \/>\n\t<meta name=\"twitter:data1\" content=\"Yusra NY\" \/>\n\t<meta name=\"twitter:label2\" content=\"Dur\u00e9e de lecture estim\u00e9e\" \/>\n\t<meta name=\"twitter:data2\" content=\"1 minute\" \/>\n<script type=\"application\/ld+json\" class=\"yoast-schema-graph\">{\"@context\":\"https:\/\/schema.org\",\"@graph\":[{\"@type\":\"Article\",\"@id\":\"https:\/\/kapitalis.com\/tunisie\/2019\/12\/06\/kelibia-anas-un-eleve-de-14-ans-retrouve-pendu\/#article\",\"isPartOf\":{\"@id\":\"https:\/\/kapitalis.com\/tunisie\/2019\/12\/06\/kelibia-anas-un-eleve-de-14-ans-retrouve-pendu\/\"},\"author\":{\"name\":\"Yusra NY\",\"@id\":\"https:\/\/kapitalis.com\/tunisie\/#\/schema\/person\/74bbde0154d49d790a92aaeac5bc01d5\"},\"headline\":\"K\u00e9libia : Anas, un \u00e9l\u00e8ve de 14 ans retrouv\u00e9 pendu\",\"datePublished\":\"2019-12-06T12:42:16+00:00\",\"dateModified\":\"2019-12-06T13:28:45+00:00\",\"mainEntityOfPage\":{\"@id\":\"https:\/\/kapitalis.com\/tunisie\/2019\/12\/06\/kelibia-anas-un-eleve-de-14-ans-retrouve-pendu\/\"},\"wordCount\":146,\"commentCount\":0,\"publisher\":{\"@id\":\"https:\/\/kapitalis.com\/tunisie\/#organization\"},\"image\":{\"@id\":\"https:\/\/kapitalis.com\/tunisie\/2019\/12\/06\/kelibia-anas-un-eleve-de-14-ans-retrouve-pendu\/#primaryimage\"},\"thumbnailUrl\":\"\",\"keywords\":[\"\u00e9l\u00e8ve\",\"K\u00e9libia\",\"pendaison\",\"suicide\"],\"articleSection\":[\"SOCIETE\",\"Tunisie\"],\"inLanguage\":\"fr-FR\",\"potentialAction\":[{\"@type\":\"CommentAction\",\"name\":\"Comment\",\"target\":[\"https:\/\/kapitalis.com\/tunisie\/2019\/12\/06\/kelibia-anas-un-eleve-de-14-ans-retrouve-pendu\/#respond\"]}]},{\"@type\":\"WebPage\",\"@id\":\"https:\/\/kapitalis.com\/tunisie\/2019\/12\/06\/kelibia-anas-un-eleve-de-14-ans-retrouve-pendu\/\",\"url\":\"https:\/\/kapitalis.com\/tunisie\/2019\/12\/06\/kelibia-anas-un-eleve-de-14-ans-retrouve-pendu\/\",\"name\":\"K\u00e9libia : Anas, un \u00e9l\u00e8ve de 14 ans retrouv\u00e9 pendu - Kapitalis\",\"isPartOf\":{\"@id\":\"https:\/\/kapitalis.com\/tunisie\/#website\"},\"primaryImageOfPage\":{\"@id\":\"https:\/\/kapitalis.com\/tunisie\/2019\/12\/06\/kelibia-anas-un-eleve-de-14-ans-retrouve-pendu\/#primaryimage\"},\"image\":{\"@id\":\"https:\/\/kapitalis.com\/tunisie\/2019\/12\/06\/kelibia-anas-un-eleve-de-14-ans-retrouve-pendu\/#primaryimage\"},\"thumbnailUrl\":\"\",\"datePublished\":\"2019-12-06T12:42:16+00:00\",\"dateModified\":\"2019-12-06T13:28:45+00:00\",\"breadcrumb\":{\"@id\":\"https:\/\/kapitalis.com\/tunisie\/2019\/12\/06\/kelibia-anas-un-eleve-de-14-ans-retrouve-pendu\/#breadcrumb\"},\"inLanguage\":\"fr-FR\",\"potentialAction\":[{\"@type\":\"ReadAction\",\"target\":[\"https:\/\/kapitalis.com\/tunisie\/2019\/12\/06\/kelibia-anas-un-eleve-de-14-ans-retrouve-pendu\/\"]}]},{\"@type\":\"ImageObject\",\"inLanguage\":\"fr-FR\",\"@id\":\"https:\/\/kapitalis.com\/tunisie\/2019\/12\/06\/kelibia-anas-un-eleve-de-14-ans-retrouve-pendu\/#primaryimage\",\"url\":\"\",\"contentUrl\":\"\"},{\"@type\":\"BreadcrumbList\",\"@id\":\"https:\/\/kapitalis.com\/tunisie\/2019\/12\/06\/kelibia-anas-un-eleve-de-14-ans-retrouve-pendu\/#breadcrumb\",\"itemListElement\":[{\"@type\":\"ListItem\",\"position\":1,\"name\":\"Accueil\",\"item\":\"https:\/\/kapitalis.com\/tunisie\/\"},{\"@type\":\"ListItem\",\"position\":2,\"name\":\"K\u00e9libia : Anas, un \u00e9l\u00e8ve de 14 ans retrouv\u00e9 pendu\"}]},{\"@type\":\"WebSite\",\"@id\":\"https:\/\/kapitalis.com\/tunisie\/#website\",\"url\":\"https:\/\/kapitalis.com\/tunisie\/\",\"name\":\"Kapitalis\",\"description\":\"L&#039;actualit\u00e9 en Tunisie et dans le monde\",\"publisher\":{\"@id\":\"https:\/\/kapitalis.com\/tunisie\/#organization\"},\"potentialAction\":[{\"@type\":\"SearchAction\",\"target\":{\"@type\":\"EntryPoint\",\"urlTemplate\":\"https:\/\/kapitalis.com\/tunisie\/?s={search_term_string}\"},\"query-input\":{\"@type\":\"PropertyValueSpecification\",\"valueRequired\":true,\"valueName\":\"search_term_string\"}}],\"inLanguage\":\"fr-FR\"},{\"@type\":\"Organization\",\"@id\":\"https:\/\/kapitalis.com\/tunisie\/#organization\",\"name\":\"Kapitalis\",\"url\":\"https:\/\/kapitalis.com\/tunisie\/\",\"logo\":{\"@type\":\"ImageObject\",\"inLanguage\":\"fr-FR\",\"@id\":\"https:\/\/kapitalis.com\/tunisie\/#\/schema\/logo\/image\/\",\"url\":\"https:\/\/kapitalis.com\/tunisie\/wp-content\/uploads\/2022\/05\/Kapitalis-big-size.png\",\"contentUrl\":\"https:\/\/kapitalis.com\/tunisie\/wp-content\/uploads\/2022\/05\/Kapitalis-big-size.png\",\"width\":5000,\"height\":1500,\"caption\":\"Kapitalis\"},\"image\":{\"@id\":\"https:\/\/kapitalis.com\/tunisie\/#\/schema\/logo\/image\/\"},\"sameAs\":[\"https:\/\/www.facebook.com\/KapitalisInfo\/\",\"https:\/\/x.com\/KapitalisInfo\",\"https:\/\/www.youtube.com\/channel\/UC-yDYrHyfFBWWZaOw3FPg9Q\"]},{\"@type\":\"Person\",\"@id\":\"https:\/\/kapitalis.com\/tunisie\/#\/schema\/person\/74bbde0154d49d790a92aaeac5bc01d5\",\"name\":\"Yusra NY\",\"url\":\"https:\/\/kapitalis.com\/tunisie\/author\/yuza_adam\/\"}]}<\/script>\n<!-- \/ Yoast SEO plugin. -->","yoast_head_json":{"title":"K\u00e9libia : Anas, un \u00e9l\u00e8ve de 14 ans retrouv\u00e9 pendu - Kapitalis","robots":{"index":"index","follow":"follow","max-snippet":"max-snippet:-1","max-image-preview":"max-image-preview:large","max-video-preview":"max-video-preview:-1"},"canonical":"https:\/\/kapitalis.com\/tunisie\/2019\/12\/06\/kelibia-anas-un-eleve-de-14-ans-retrouve-pendu\/","og_locale":"fr_FR","og_type":"article","og_title":"K\u00e9libia : Anas, un \u00e9l\u00e8ve de 14 ans retrouv\u00e9 pendu - Kapitalis","og_description":"Anas Ben Nasr, un \u00e9l\u00e8ve de 14 ans, a \u00e9t\u00e9 d\u00e9couvert pendu hier, jeudi 5 novembre 2019, dans la maison familiale \u00e0 K\u00e9libia (Nabeul). La piste du suicide est privil\u00e9gi\u00e9e.","og_url":"https:\/\/kapitalis.com\/tunisie\/2019\/12\/06\/kelibia-anas-un-eleve-de-14-ans-retrouve-pendu\/","og_site_name":"Kapitalis","article_publisher":"https:\/\/www.facebook.com\/KapitalisInfo\/","article_published_time":"2019-12-06T12:42:16+00:00","article_modified_time":"2019-12-06T13:28:45+00:00","og_image":[{"width":1200,"height":630,"url":"https:\/\/kapitalis.com\/tunisie\/wp-content\/uploads\/2022\/05\/kapitalis-logo-fb.png","type":"image\/png"}],"author":"Yusra NY","twitter_card":"summary_large_image","twitter_creator":"@KapitalisInfo","twitter_site":"@KapitalisInfo","twitter_misc":{"\u00c9crit par":"Yusra NY","Dur\u00e9e de lecture estim\u00e9e":"1 minute"},"schema":{"@context":"https:\/\/schema.org","@graph":[{"@type":"Article","@id":"https:\/\/kapitalis.com\/tunisie\/2019\/12\/06\/kelibia-anas-un-eleve-de-14-ans-retrouve-pendu\/#article","isPartOf":{"@id":"https:\/\/kapitalis.com\/tunisie\/2019\/12\/06\/kelibia-anas-un-eleve-de-14-ans-retrouve-pendu\/"},"author":{"name":"Yusra NY","@id":"https:\/\/kapitalis.com\/tunisie\/#\/schema\/person\/74bbde0154d49d790a92aaeac5bc01d5"},"headline":"K\u00e9libia : Anas, un \u00e9l\u00e8ve de 14 ans retrouv\u00e9 pendu","datePublished":"2019-12-06T12:42:16+00:00","dateModified":"2019-12-06T13:28:45+00:00","mainEntityOfPage":{"@id":"https:\/\/kapitalis.com\/tunisie\/2019\/12\/06\/kelibia-anas-un-eleve-de-14-ans-retrouve-pendu\/"},"wordCount":146,"commentCount":0,"publisher":{"@id":"https:\/\/kapitalis.com\/tunisie\/#organization"},"image":{"@id":"https:\/\/kapitalis.com\/tunisie\/2019\/12\/06\/kelibia-anas-un-eleve-de-14-ans-retrouve-pendu\/#primaryimage"},"thumbnailUrl":"","keywords":["\u00e9l\u00e8ve","K\u00e9libia","pendaison","suicide"],"articleSection":["SOCIETE","Tunisie"],"inLanguage":"fr-FR","potentialAction":[{"@type":"CommentAction","name":"Comment","target":["https:\/\/kapitalis.com\/tunisie\/2019\/12\/06\/kelibia-anas-un-eleve-de-14-ans-retrouve-pendu\/#respond"]}]},{"@type":"WebPage","@id":"https:\/\/kapitalis.com\/tunisie\/2019\/12\/06\/kelibia-anas-un-eleve-de-14-ans-retrouve-pendu\/","url":"https:\/\/kapitalis.com\/tunisie\/2019\/12\/06\/kelibia-anas-un-eleve-de-14-ans-retrouve-pendu\/","name":"K\u00e9libia : Anas, un \u00e9l\u00e8ve de 14 ans retrouv\u00e9 pendu - Kapitalis","isPartOf":{"@id":"https:\/\/kapitalis.com\/tunisie\/#website"},"primaryImageOfPage":{"@id":"https:\/\/kapitalis.com\/tunisie\/2019\/12\/06\/kelibia-anas-un-eleve-de-14-ans-retrouve-pendu\/#primaryimage"},"image":{"@id":"https:\/\/kapitalis.com\/tunisie\/2019\/12\/06\/kelibia-anas-un-eleve-de-14-ans-retrouve-pendu\/#primaryimage"},"thumbnailUrl":"","datePublished":"2019-12-06T12:42:16+00:00","dateModified":"2019-12-06T13:28:45+00:00","breadcrumb":{"@id":"https:\/\/kapitalis.com\/tunisie\/2019\/12\/06\/kelibia-anas-un-eleve-de-14-ans-retrouve-pendu\/#breadcrumb"},"inLanguage":"fr-FR","potentialAction":[{"@type":"ReadAction","target":["https:\/\/kapitalis.com\/tunisie\/2019\/12\/06\/kelibia-anas-un-eleve-de-14-ans-retrouve-pendu\/"]}]},{"@type":"ImageObject","inLanguage":"fr-FR","@id":"https:\/\/kapitalis.com\/tunisie\/2019\/12\/06\/kelibia-anas-un-eleve-de-14-ans-retrouve-pendu\/#primaryimage","url":"","contentUrl":""},{"@type":"BreadcrumbList","@id":"https:\/\/kapitalis.com\/tunisie\/2019\/12\/06\/kelibia-anas-un-eleve-de-14-ans-retrouve-pendu\/#breadcrumb","itemListElement":[{"@type":"ListItem","position":1,"name":"Accueil","item":"https:\/\/kapitalis.com\/tunisie\/"},{"@type":"ListItem","position":2,"name":"K\u00e9libia : Anas, un \u00e9l\u00e8ve de 14 ans retrouv\u00e9 pendu"}]},{"@type":"WebSite","@id":"https:\/\/kapitalis.com\/tunisie\/#website","url":"https:\/\/kapitalis.com\/tunisie\/","name":"Kapitalis","description":"L&#039;actualit\u00e9 en Tunisie et dans le monde","publisher":{"@id":"https:\/\/kapitalis.com\/tunisie\/#organization"},"potentialAction":[{"@type":"SearchAction","target":{"@type":"EntryPoint","urlTemplate":"https:\/\/kapitalis.com\/tunisie\/?s={search_term_string}"},"query-input":{"@type":"PropertyValueSpecification","valueRequired":true,"valueName":"search_term_string"}}],"inLanguage":"fr-FR"},{"@type":"Organization","@id":"https:\/\/kapitalis.com\/tunisie\/#organization","name":"Kapitalis","url":"https:\/\/kapitalis.com\/tunisie\/","logo":{"@type":"ImageObject","inLanguage":"fr-FR","@id":"https:\/\/kapitalis.com\/tunisie\/#\/schema\/logo\/image\/","url":"https:\/\/kapitalis.com\/tunisie\/wp-content\/uploads\/2022\/05\/Kapitalis-big-size.png","contentUrl":"https:\/\/kapitalis.com\/tunisie\/wp-content\/uploads\/2022\/05\/Kapitalis-big-size.png","width":5000,"height":1500,"caption":"Kapitalis"},"image":{"@id":"https:\/\/kapitalis.com\/tunisie\/#\/schema\/logo\/image\/"},"sameAs":["https:\/\/www.facebook.com\/KapitalisInfo\/","https:\/\/x.com\/KapitalisInfo","https:\/\/www.youtube.com\/channel\/UC-yDYrHyfFBWWZaOw3FPg9Q"]},{"@type":"Person","@id":"https:\/\/kapitalis.com\/tunisie\/#\/schema\/person\/74bbde0154d49d790a92aaeac5bc01d5","name":"Yusra NY","url":"https:\/\/kapitalis.com\/tunisie\/author\/yuza_adam\/"}]}},"_links":{"self":[{"href":"https:\/\/kapitalis.com\/tunisie\/wp-json\/wp\/v2\/posts\/261776","targetHints":{"allow":["GET"]}}],"collection":[{"href":"https:\/\/kapitalis.com\/tunisie\/wp-json\/wp\/v2\/posts"}],"about":[{"href":"https:\/\/kapitalis.com\/tunisie\/wp-json\/wp\/v2\/types\/post"}],"author":[{"embeddable":true,"href":"https:\/\/kapitalis.com\/tunisie\/wp-json\/wp\/v2\/users\/6"}],"replies":[{"embeddable":true,"href":"https:\/\/kapitalis.com\/tunisie\/wp-json\/wp\/v2\/comments?post=261776"}],"version-history":[{"count":0,"href":"https:\/\/kapitalis.com\/tunisie\/wp-json\/wp\/v2\/posts\/261776\/revisions"}],"wp:featuredmedia":[{"embeddable":true,"href":"https:\/\/kapitalis.com\/tunisie\/wp-json\/wp\/v2\/media\/261780"}],"wp:attachment":[{"href":"https:\/\/kapitalis.com\/tunisie\/wp-json\/wp\/v2\/media?parent=261776"}],"wp:term":[{"taxonomy":"category","embeddable":true,"href":"https:\/\/kapitalis.com\/tunisie\/wp-json\/wp\/v2\/categories?post=261776"},{"taxonomy":"post_tag","embeddable":true,"href":"https:\/\/kapitalis.com\/tunisie\/wp-json\/wp\/v2\/tags?post=261776"}],"curies":[{"name":"wp","href":"https:\/\/api.w.org\/{rel}","templated":true}]}}