{"id":263081,"date":"2019-12-11T07:36:29","date_gmt":"2019-12-11T06:36:29","guid":{"rendered":"http:\/\/kapitalis.com\/tunisie\/?p=263081"},"modified":"2019-12-11T07:36:35","modified_gmt":"2019-12-11T06:36:35","slug":"journees-de-portes-ouvertes-avec-les-representants-du-cepex-dans-les-pays-africains","status":"publish","type":"post","link":"https:\/\/kapitalis.com\/tunisie\/2019\/12\/11\/journees-de-portes-ouvertes-avec-les-representants-du-cepex-dans-les-pays-africains\/","title":{"rendered":"Journ\u00e9es de portes ouvertes  avec les repr\u00e9sentants du Cepex dans les pays africains"},"content":{"rendered":"\n<figure class=\"wp-block-image size-large\"><img decoding=\"async\" src=\"http:\/\/kapitalis.com\/tunisie\/wp-content\/uploads\/2019\/12\/Cepex-pays-africains-subsahariens.jpg\" alt=\"\" class=\"wp-image-263082\"\/><\/figure>\n\n\n\n<p><strong><em>Le Centre de promotion des exportations (Cepex) organise une journ\u00e9e portes ouvertes, le mercredi 18 d\u00e9cembre 2019, \u00e0 la Maison de l&rsquo;Exportateur \u00e0 Tunis pour rencontrer les membres du r\u00e9seau des repr\u00e9sentations commerciales install\u00e9s dans les pays africains subsahariens. <\/em><\/strong><\/p>\n\n\n\n<!--more-->\n\n\n\n<p> La journ\u00e9e sera suivie par des rencontres BtoB, le 19 d\u00e9cembre, \u00e0 Gab\u00e8s, pr\u00e9par\u00e9es en \u00e9troite collaboration avec la Chambre de commerce et d\u2019industrie du sud-est (CCISE) et destin\u00e9s aux contacts directs entre les entreprises exportatrices tunisiennes d\u00e9sireuses de s\u2019internationaliser et les membres du r\u00e9seau des repr\u00e9sentations du Cepex en Afrique, \u00e0 savoir : au Nig\u00e9ria, au Kenya, au Cameroun, au RD Congo, et en C\u00f4te-d\u2019Ivoire.<\/p>\n\n\n\n<p> L\u2019op\u00e9ration vise \u00e0 faire conna\u00eetre, aux op\u00e9rateurs \u00e9conomiques int\u00e9ress\u00e9s par le commerce international, les opportunit\u00e9s offertes sur les march\u00e9s d\u2019accr\u00e9ditation du r\u00e9seau du Cepex en Afrique et d&rsquo;exposer les modalit\u00e9s d\u2019acc\u00e8s des entreprises et des produits tunisiens aux circuits commerciaux. <\/p>\n\n\n\n<p> Cette action vise \u00e9galement \u00e0 se rapprocher des entreprises exportatrices et \u00e0 prendre note de leurs besoins en mati\u00e8re de soutien et d\u2019assistance pour faciliter l\u2019acc\u00e8s de leurs produits aux march\u00e9s d&rsquo;exportation, les faire b\u00e9n\u00e9ficier d\u2019un meilleur \u00e9clairage sur ces march\u00e9s et leur baliser le terrain pour un \u00e9ventuel accompagnement dans une mission de prospection.<\/p>\n\n\n\n<p> A noter qu\u2019une attention particuli\u00e8re a \u00e9t\u00e9 accord\u00e9e cette ann\u00e9e \u00e0 la zone Afrique subsaharienne qui conna\u00eet une croissance soutenue, l\u2019objectif du Cepex \u00e9tant de doubler les exportations sur cette zone \u00e0 l\u2019horizon 2020<\/p>\n\n\n\n<p><strong><em> Source<\/em><\/strong> : communiqu\u00e9.<\/p>\n","protected":false},"excerpt":{"rendered":"<p>Le Centre de promotion des exportations (Cepex) organise une journ\u00e9e portes ouvertes, le mercredi 18 d\u00e9cembre 2019, \u00e0 la Maison de l&rsquo;Exportateur \u00e0 Tunis pour rencontrer les membres du r\u00e9seau des repr\u00e9sentations commerciales install\u00e9s dans les pays africains subsahariens.<\/p>\n","protected":false},"author":8,"featured_media":263082,"comment_status":"open","ping_status":"open","sticky":false,"template":"","format":"standard","meta":{"footnotes":""},"categories":[995,2433],"tags":[1575,365,406],"class_list":["post-263081","post","type-post","status-publish","format-standard","has-post-thumbnail","hentry","category-economie","category-tunisie","tag-cepex","tag-exportations","tag-gabes"],"yoast_head":"<!-- This site is optimized with the Yoast SEO plugin v26.6 - https:\/\/yoast.com\/wordpress\/plugins\/seo\/ -->\n<title>Journ\u00e9es de portes ouvertes avec les repr\u00e9sentants du Cepex dans les pays africains - Kapitalis<\/title>\n<meta name=\"robots\" content=\"index, follow, max-snippet:-1, max-image-preview:large, max-video-preview:-1\" \/>\n<link rel=\"canonical\" href=\"https:\/\/kapitalis.com\/tunisie\/2019\/12\/11\/journees-de-portes-ouvertes-avec-les-representants-du-cepex-dans-les-pays-africains\/\" \/>\n<meta property=\"og:locale\" content=\"fr_FR\" \/>\n<meta property=\"og:type\" content=\"article\" \/>\n<meta property=\"og:title\" content=\"Journ\u00e9es de portes ouvertes avec les repr\u00e9sentants du Cepex dans les pays africains - Kapitalis\" \/>\n<meta property=\"og:description\" content=\"Le Centre de promotion des exportations (Cepex) organise une journ\u00e9e portes ouvertes, le mercredi 18 d\u00e9cembre 2019, \u00e0 la Maison de l&rsquo;Exportateur \u00e0 Tunis pour rencontrer les membres du r\u00e9seau des repr\u00e9sentations commerciales install\u00e9s dans les pays africains subsahariens.\" \/>\n<meta property=\"og:url\" content=\"https:\/\/kapitalis.com\/tunisie\/2019\/12\/11\/journees-de-portes-ouvertes-avec-les-representants-du-cepex-dans-les-pays-africains\/\" \/>\n<meta property=\"og:site_name\" content=\"Kapitalis\" \/>\n<meta property=\"article:publisher\" content=\"https:\/\/www.facebook.com\/KapitalisInfo\/\" \/>\n<meta property=\"article:published_time\" content=\"2019-12-11T06:36:29+00:00\" \/>\n<meta property=\"article:modified_time\" content=\"2019-12-11T06:36:35+00:00\" \/>\n<meta property=\"og:image\" content=\"https:\/\/kapitalis.com\/tunisie\/wp-content\/uploads\/2022\/05\/kapitalis-logo-fb.png\" \/>\n\t<meta property=\"og:image:width\" content=\"1200\" \/>\n\t<meta property=\"og:image:height\" content=\"630\" \/>\n\t<meta property=\"og:image:type\" content=\"image\/png\" \/>\n<meta name=\"author\" content=\"webmaster kapitalis\" \/>\n<meta name=\"twitter:card\" content=\"summary_large_image\" \/>\n<meta name=\"twitter:creator\" content=\"@KapitalisInfo\" \/>\n<meta name=\"twitter:site\" content=\"@KapitalisInfo\" \/>\n<meta name=\"twitter:label1\" content=\"\u00c9crit par\" \/>\n\t<meta name=\"twitter:data1\" content=\"webmaster kapitalis\" \/>\n\t<meta name=\"twitter:label2\" content=\"Dur\u00e9e de lecture estim\u00e9e\" \/>\n\t<meta name=\"twitter:data2\" content=\"1 minute\" \/>\n<script type=\"application\/ld+json\" class=\"yoast-schema-graph\">{\"@context\":\"https:\/\/schema.org\",\"@graph\":[{\"@type\":\"Article\",\"@id\":\"https:\/\/kapitalis.com\/tunisie\/2019\/12\/11\/journees-de-portes-ouvertes-avec-les-representants-du-cepex-dans-les-pays-africains\/#article\",\"isPartOf\":{\"@id\":\"https:\/\/kapitalis.com\/tunisie\/2019\/12\/11\/journees-de-portes-ouvertes-avec-les-representants-du-cepex-dans-les-pays-africains\/\"},\"author\":{\"name\":\"webmaster kapitalis\",\"@id\":\"https:\/\/kapitalis.com\/tunisie\/#\/schema\/person\/d71f33a9ca44f7bad4698210b480c8e9\"},\"headline\":\"Journ\u00e9es de portes ouvertes avec les repr\u00e9sentants du Cepex dans les pays africains\",\"datePublished\":\"2019-12-11T06:36:29+00:00\",\"dateModified\":\"2019-12-11T06:36:35+00:00\",\"mainEntityOfPage\":{\"@id\":\"https:\/\/kapitalis.com\/tunisie\/2019\/12\/11\/journees-de-portes-ouvertes-avec-les-representants-du-cepex-dans-les-pays-africains\/\"},\"wordCount\":286,\"commentCount\":0,\"publisher\":{\"@id\":\"https:\/\/kapitalis.com\/tunisie\/#organization\"},\"image\":{\"@id\":\"https:\/\/kapitalis.com\/tunisie\/2019\/12\/11\/journees-de-portes-ouvertes-avec-les-representants-du-cepex-dans-les-pays-africains\/#primaryimage\"},\"thumbnailUrl\":\"\",\"keywords\":[\"Cepex\",\"exportations\",\"Gab\u00e8s\"],\"articleSection\":[\"ECONOMIE\",\"Tunisie\"],\"inLanguage\":\"fr-FR\",\"potentialAction\":[{\"@type\":\"CommentAction\",\"name\":\"Comment\",\"target\":[\"https:\/\/kapitalis.com\/tunisie\/2019\/12\/11\/journees-de-portes-ouvertes-avec-les-representants-du-cepex-dans-les-pays-africains\/#respond\"]}]},{\"@type\":\"WebPage\",\"@id\":\"https:\/\/kapitalis.com\/tunisie\/2019\/12\/11\/journees-de-portes-ouvertes-avec-les-representants-du-cepex-dans-les-pays-africains\/\",\"url\":\"https:\/\/kapitalis.com\/tunisie\/2019\/12\/11\/journees-de-portes-ouvertes-avec-les-representants-du-cepex-dans-les-pays-africains\/\",\"name\":\"Journ\u00e9es de portes ouvertes avec les repr\u00e9sentants du Cepex dans les pays africains - Kapitalis\",\"isPartOf\":{\"@id\":\"https:\/\/kapitalis.com\/tunisie\/#website\"},\"primaryImageOfPage\":{\"@id\":\"https:\/\/kapitalis.com\/tunisie\/2019\/12\/11\/journees-de-portes-ouvertes-avec-les-representants-du-cepex-dans-les-pays-africains\/#primaryimage\"},\"image\":{\"@id\":\"https:\/\/kapitalis.com\/tunisie\/2019\/12\/11\/journees-de-portes-ouvertes-avec-les-representants-du-cepex-dans-les-pays-africains\/#primaryimage\"},\"thumbnailUrl\":\"\",\"datePublished\":\"2019-12-11T06:36:29+00:00\",\"dateModified\":\"2019-12-11T06:36:35+00:00\",\"breadcrumb\":{\"@id\":\"https:\/\/kapitalis.com\/tunisie\/2019\/12\/11\/journees-de-portes-ouvertes-avec-les-representants-du-cepex-dans-les-pays-africains\/#breadcrumb\"},\"inLanguage\":\"fr-FR\",\"potentialAction\":[{\"@type\":\"ReadAction\",\"target\":[\"https:\/\/kapitalis.com\/tunisie\/2019\/12\/11\/journees-de-portes-ouvertes-avec-les-representants-du-cepex-dans-les-pays-africains\/\"]}]},{\"@type\":\"ImageObject\",\"inLanguage\":\"fr-FR\",\"@id\":\"https:\/\/kapitalis.com\/tunisie\/2019\/12\/11\/journees-de-portes-ouvertes-avec-les-representants-du-cepex-dans-les-pays-africains\/#primaryimage\",\"url\":\"\",\"contentUrl\":\"\"},{\"@type\":\"BreadcrumbList\",\"@id\":\"https:\/\/kapitalis.com\/tunisie\/2019\/12\/11\/journees-de-portes-ouvertes-avec-les-representants-du-cepex-dans-les-pays-africains\/#breadcrumb\",\"itemListElement\":[{\"@type\":\"ListItem\",\"position\":1,\"name\":\"Accueil\",\"item\":\"https:\/\/kapitalis.com\/tunisie\/\"},{\"@type\":\"ListItem\",\"position\":2,\"name\":\"Journ\u00e9es de portes ouvertes avec les repr\u00e9sentants du Cepex dans les pays africains\"}]},{\"@type\":\"WebSite\",\"@id\":\"https:\/\/kapitalis.com\/tunisie\/#website\",\"url\":\"https:\/\/kapitalis.com\/tunisie\/\",\"name\":\"Kapitalis\",\"description\":\"L&#039;actualit\u00e9 en Tunisie et dans le monde\",\"publisher\":{\"@id\":\"https:\/\/kapitalis.com\/tunisie\/#organization\"},\"potentialAction\":[{\"@type\":\"SearchAction\",\"target\":{\"@type\":\"EntryPoint\",\"urlTemplate\":\"https:\/\/kapitalis.com\/tunisie\/?s={search_term_string}\"},\"query-input\":{\"@type\":\"PropertyValueSpecification\",\"valueRequired\":true,\"valueName\":\"search_term_string\"}}],\"inLanguage\":\"fr-FR\"},{\"@type\":\"Organization\",\"@id\":\"https:\/\/kapitalis.com\/tunisie\/#organization\",\"name\":\"Kapitalis\",\"url\":\"https:\/\/kapitalis.com\/tunisie\/\",\"logo\":{\"@type\":\"ImageObject\",\"inLanguage\":\"fr-FR\",\"@id\":\"https:\/\/kapitalis.com\/tunisie\/#\/schema\/logo\/image\/\",\"url\":\"https:\/\/kapitalis.com\/tunisie\/wp-content\/uploads\/2022\/05\/Kapitalis-big-size.png\",\"contentUrl\":\"https:\/\/kapitalis.com\/tunisie\/wp-content\/uploads\/2022\/05\/Kapitalis-big-size.png\",\"width\":5000,\"height\":1500,\"caption\":\"Kapitalis\"},\"image\":{\"@id\":\"https:\/\/kapitalis.com\/tunisie\/#\/schema\/logo\/image\/\"},\"sameAs\":[\"https:\/\/www.facebook.com\/KapitalisInfo\/\",\"https:\/\/x.com\/KapitalisInfo\",\"https:\/\/www.youtube.com\/channel\/UC-yDYrHyfFBWWZaOw3FPg9Q\"]},{\"@type\":\"Person\",\"@id\":\"https:\/\/kapitalis.com\/tunisie\/#\/schema\/person\/d71f33a9ca44f7bad4698210b480c8e9\",\"name\":\"webmaster kapitalis\",\"url\":\"https:\/\/kapitalis.com\/tunisie\/author\/webmaster-kapitalis\/\"}]}<\/script>\n<!-- \/ Yoast SEO plugin. -->","yoast_head_json":{"title":"Journ\u00e9es de portes ouvertes avec les repr\u00e9sentants du Cepex dans les pays africains - Kapitalis","robots":{"index":"index","follow":"follow","max-snippet":"max-snippet:-1","max-image-preview":"max-image-preview:large","max-video-preview":"max-video-preview:-1"},"canonical":"https:\/\/kapitalis.com\/tunisie\/2019\/12\/11\/journees-de-portes-ouvertes-avec-les-representants-du-cepex-dans-les-pays-africains\/","og_locale":"fr_FR","og_type":"article","og_title":"Journ\u00e9es de portes ouvertes avec les repr\u00e9sentants du Cepex dans les pays africains - Kapitalis","og_description":"Le Centre de promotion des exportations (Cepex) organise une journ\u00e9e portes ouvertes, le mercredi 18 d\u00e9cembre 2019, \u00e0 la Maison de l&rsquo;Exportateur \u00e0 Tunis pour rencontrer les membres du r\u00e9seau des repr\u00e9sentations commerciales install\u00e9s dans les pays africains subsahariens.","og_url":"https:\/\/kapitalis.com\/tunisie\/2019\/12\/11\/journees-de-portes-ouvertes-avec-les-representants-du-cepex-dans-les-pays-africains\/","og_site_name":"Kapitalis","article_publisher":"https:\/\/www.facebook.com\/KapitalisInfo\/","article_published_time":"2019-12-11T06:36:29+00:00","article_modified_time":"2019-12-11T06:36:35+00:00","og_image":[{"width":1200,"height":630,"url":"https:\/\/kapitalis.com\/tunisie\/wp-content\/uploads\/2022\/05\/kapitalis-logo-fb.png","type":"image\/png"}],"author":"webmaster kapitalis","twitter_card":"summary_large_image","twitter_creator":"@KapitalisInfo","twitter_site":"@KapitalisInfo","twitter_misc":{"\u00c9crit par":"webmaster kapitalis","Dur\u00e9e de lecture estim\u00e9e":"1 minute"},"schema":{"@context":"https:\/\/schema.org","@graph":[{"@type":"Article","@id":"https:\/\/kapitalis.com\/tunisie\/2019\/12\/11\/journees-de-portes-ouvertes-avec-les-representants-du-cepex-dans-les-pays-africains\/#article","isPartOf":{"@id":"https:\/\/kapitalis.com\/tunisie\/2019\/12\/11\/journees-de-portes-ouvertes-avec-les-representants-du-cepex-dans-les-pays-africains\/"},"author":{"name":"webmaster kapitalis","@id":"https:\/\/kapitalis.com\/tunisie\/#\/schema\/person\/d71f33a9ca44f7bad4698210b480c8e9"},"headline":"Journ\u00e9es de portes ouvertes avec les repr\u00e9sentants du Cepex dans les pays africains","datePublished":"2019-12-11T06:36:29+00:00","dateModified":"2019-12-11T06:36:35+00:00","mainEntityOfPage":{"@id":"https:\/\/kapitalis.com\/tunisie\/2019\/12\/11\/journees-de-portes-ouvertes-avec-les-representants-du-cepex-dans-les-pays-africains\/"},"wordCount":286,"commentCount":0,"publisher":{"@id":"https:\/\/kapitalis.com\/tunisie\/#organization"},"image":{"@id":"https:\/\/kapitalis.com\/tunisie\/2019\/12\/11\/journees-de-portes-ouvertes-avec-les-representants-du-cepex-dans-les-pays-africains\/#primaryimage"},"thumbnailUrl":"","keywords":["Cepex","exportations","Gab\u00e8s"],"articleSection":["ECONOMIE","Tunisie"],"inLanguage":"fr-FR","potentialAction":[{"@type":"CommentAction","name":"Comment","target":["https:\/\/kapitalis.com\/tunisie\/2019\/12\/11\/journees-de-portes-ouvertes-avec-les-representants-du-cepex-dans-les-pays-africains\/#respond"]}]},{"@type":"WebPage","@id":"https:\/\/kapitalis.com\/tunisie\/2019\/12\/11\/journees-de-portes-ouvertes-avec-les-representants-du-cepex-dans-les-pays-africains\/","url":"https:\/\/kapitalis.com\/tunisie\/2019\/12\/11\/journees-de-portes-ouvertes-avec-les-representants-du-cepex-dans-les-pays-africains\/","name":"Journ\u00e9es de portes ouvertes avec les repr\u00e9sentants du Cepex dans les pays africains - Kapitalis","isPartOf":{"@id":"https:\/\/kapitalis.com\/tunisie\/#website"},"primaryImageOfPage":{"@id":"https:\/\/kapitalis.com\/tunisie\/2019\/12\/11\/journees-de-portes-ouvertes-avec-les-representants-du-cepex-dans-les-pays-africains\/#primaryimage"},"image":{"@id":"https:\/\/kapitalis.com\/tunisie\/2019\/12\/11\/journees-de-portes-ouvertes-avec-les-representants-du-cepex-dans-les-pays-africains\/#primaryimage"},"thumbnailUrl":"","datePublished":"2019-12-11T06:36:29+00:00","dateModified":"2019-12-11T06:36:35+00:00","breadcrumb":{"@id":"https:\/\/kapitalis.com\/tunisie\/2019\/12\/11\/journees-de-portes-ouvertes-avec-les-representants-du-cepex-dans-les-pays-africains\/#breadcrumb"},"inLanguage":"fr-FR","potentialAction":[{"@type":"ReadAction","target":["https:\/\/kapitalis.com\/tunisie\/2019\/12\/11\/journees-de-portes-ouvertes-avec-les-representants-du-cepex-dans-les-pays-africains\/"]}]},{"@type":"ImageObject","inLanguage":"fr-FR","@id":"https:\/\/kapitalis.com\/tunisie\/2019\/12\/11\/journees-de-portes-ouvertes-avec-les-representants-du-cepex-dans-les-pays-africains\/#primaryimage","url":"","contentUrl":""},{"@type":"BreadcrumbList","@id":"https:\/\/kapitalis.com\/tunisie\/2019\/12\/11\/journees-de-portes-ouvertes-avec-les-representants-du-cepex-dans-les-pays-africains\/#breadcrumb","itemListElement":[{"@type":"ListItem","position":1,"name":"Accueil","item":"https:\/\/kapitalis.com\/tunisie\/"},{"@type":"ListItem","position":2,"name":"Journ\u00e9es de portes ouvertes avec les repr\u00e9sentants du Cepex dans les pays africains"}]},{"@type":"WebSite","@id":"https:\/\/kapitalis.com\/tunisie\/#website","url":"https:\/\/kapitalis.com\/tunisie\/","name":"Kapitalis","description":"L&#039;actualit\u00e9 en Tunisie et dans le monde","publisher":{"@id":"https:\/\/kapitalis.com\/tunisie\/#organization"},"potentialAction":[{"@type":"SearchAction","target":{"@type":"EntryPoint","urlTemplate":"https:\/\/kapitalis.com\/tunisie\/?s={search_term_string}"},"query-input":{"@type":"PropertyValueSpecification","valueRequired":true,"valueName":"search_term_string"}}],"inLanguage":"fr-FR"},{"@type":"Organization","@id":"https:\/\/kapitalis.com\/tunisie\/#organization","name":"Kapitalis","url":"https:\/\/kapitalis.com\/tunisie\/","logo":{"@type":"ImageObject","inLanguage":"fr-FR","@id":"https:\/\/kapitalis.com\/tunisie\/#\/schema\/logo\/image\/","url":"https:\/\/kapitalis.com\/tunisie\/wp-content\/uploads\/2022\/05\/Kapitalis-big-size.png","contentUrl":"https:\/\/kapitalis.com\/tunisie\/wp-content\/uploads\/2022\/05\/Kapitalis-big-size.png","width":5000,"height":1500,"caption":"Kapitalis"},"image":{"@id":"https:\/\/kapitalis.com\/tunisie\/#\/schema\/logo\/image\/"},"sameAs":["https:\/\/www.facebook.com\/KapitalisInfo\/","https:\/\/x.com\/KapitalisInfo","https:\/\/www.youtube.com\/channel\/UC-yDYrHyfFBWWZaOw3FPg9Q"]},{"@type":"Person","@id":"https:\/\/kapitalis.com\/tunisie\/#\/schema\/person\/d71f33a9ca44f7bad4698210b480c8e9","name":"webmaster kapitalis","url":"https:\/\/kapitalis.com\/tunisie\/author\/webmaster-kapitalis\/"}]}},"_links":{"self":[{"href":"https:\/\/kapitalis.com\/tunisie\/wp-json\/wp\/v2\/posts\/263081","targetHints":{"allow":["GET"]}}],"collection":[{"href":"https:\/\/kapitalis.com\/tunisie\/wp-json\/wp\/v2\/posts"}],"about":[{"href":"https:\/\/kapitalis.com\/tunisie\/wp-json\/wp\/v2\/types\/post"}],"author":[{"embeddable":true,"href":"https:\/\/kapitalis.com\/tunisie\/wp-json\/wp\/v2\/users\/8"}],"replies":[{"embeddable":true,"href":"https:\/\/kapitalis.com\/tunisie\/wp-json\/wp\/v2\/comments?post=263081"}],"version-history":[{"count":0,"href":"https:\/\/kapitalis.com\/tunisie\/wp-json\/wp\/v2\/posts\/263081\/revisions"}],"wp:featuredmedia":[{"embeddable":true,"href":"https:\/\/kapitalis.com\/tunisie\/wp-json\/wp\/v2\/media\/263082"}],"wp:attachment":[{"href":"https:\/\/kapitalis.com\/tunisie\/wp-json\/wp\/v2\/media?parent=263081"}],"wp:term":[{"taxonomy":"category","embeddable":true,"href":"https:\/\/kapitalis.com\/tunisie\/wp-json\/wp\/v2\/categories?post=263081"},{"taxonomy":"post_tag","embeddable":true,"href":"https:\/\/kapitalis.com\/tunisie\/wp-json\/wp\/v2\/tags?post=263081"}],"curies":[{"name":"wp","href":"https:\/\/api.w.org\/{rel}","templated":true}]}}