{"id":263257,"date":"2019-12-11T17:16:26","date_gmt":"2019-12-11T16:16:26","guid":{"rendered":"http:\/\/kapitalis.com\/tunisie\/?p=263257"},"modified":"2019-12-11T17:16:31","modified_gmt":"2019-12-11T16:16:31","slug":"la-ville-del-fahs-alimentee-en-gaz-naturel-a-partir-de-demain-12-decembre-2019","status":"publish","type":"post","link":"https:\/\/kapitalis.com\/tunisie\/2019\/12\/11\/la-ville-del-fahs-alimentee-en-gaz-naturel-a-partir-de-demain-12-decembre-2019\/","title":{"rendered":"La ville d&rsquo;El-Fahs aliment\u00e9e en gaz naturel \u00e0 partir de demain, 12 d\u00e9cembre 2019"},"content":{"rendered":"\n<figure class=\"wp-block-image size-large\"><img decoding=\"async\" src=\"http:\/\/kapitalis.com\/tunisie\/wp-content\/uploads\/2019\/12\/El-Fahs-steg.jpg\" alt=\"\" class=\"wp-image-263284\"\/><\/figure>\n\n\n\n<p><strong><em>La Soci\u00e9t\u00e9 tunisienne d&rsquo;\u00e9lectricit\u00e9 et de gaz (<a rel=\"noreferrer noopener\" aria-label=\"Steg (s\u2019ouvre dans un nouvel onglet)\" href=\"https:\/\/www.facebook.com\/pg\/steg.tunisie\/posts\/?ref=page_internal\" target=\"_blank\">Steg<\/a>) informe, dans un communiqu\u00e9 publi\u00e9 ce mercredi 11 d\u00e9cembre 2019,\u00a0que le gazoduc d\u2019alimentation en gaz naturel de la ville d\u2019El-Fahs (Zaghouan) sera mis en gaz demain, jeudi 12 d\u00e9cembre 2019, \u00e0 10:00.<\/em><\/strong><\/p>\n\n\n\n<!--more-->\n\n\n\n<p>Le point de d\u00e9part de cette conduite de 76 bar est le poste de d\u00e9tente existant au niveau du giratoire de Bir M\u2019chergua. <\/p>\n\n\n\n<p>Cette canalisation traverse les routes r\u00e9gionales MC133 et MC134 puis longe la voie ferr\u00e9e. Le point d\u2019arriv\u00e9e est le poste de d\u00e9tente de gaz install\u00e9 \u00e0 l\u2019entr\u00e9e de la ville d\u2019El-Fahs.<\/p>\n\n\n\n<p>Tous les travaux \u00e0 proximit\u00e9 du trac\u00e9 de cette conduite doivent \u00eatre au pr\u00e9alable port\u00e9s \u00e0 la connaissance de la Steg, avertit la soci\u00e9t\u00e9 qui se d\u00e9gage de toute responsabilit\u00e9 en cas d&rsquo;accident pouvant survenir sur des chantiers \u00e0 proximit\u00e9 du gazoduc, dont elle n&rsquo;aurait pas \u00e9t\u00e9 inform\u00e9e \u00e0 l&rsquo;avance.  <\/p>\n\n\n\n<p class=\"has-text-align-right\"><strong>A.M.<\/strong><\/p>\n","protected":false},"excerpt":{"rendered":"<p>La Soci\u00e9t\u00e9 tunisienne d&rsquo;\u00e9lectricit\u00e9 et de gaz (Steg) informe, dans un communiqu\u00e9 publi\u00e9 ce mercredi 11 d\u00e9cembre 2019,\u00a0que le gazoduc d\u2019alimentation en gaz naturel de la ville d\u2019El-Fahs (Zaghouan) sera mis en gaz demain, jeudi 12 d\u00e9cembre 2019, \u00e0 10:00.<\/p>\n","protected":false},"author":22,"featured_media":263284,"comment_status":"open","ping_status":"open","sticky":false,"template":"","format":"standard","meta":{"footnotes":""},"categories":[995,2433],"tags":[70538,2089,12097,3763,2066],"class_list":["post-263257","post","type-post","status-publish","format-standard","has-post-thumbnail","hentry","category-economie","category-tunisie","tag-bir-mchergua","tag-el-fahs","tag-gaz-naturel","tag-steg","tag-zaghouan"],"yoast_head":"<!-- This site is optimized with the Yoast SEO plugin v26.6 - https:\/\/yoast.com\/wordpress\/plugins\/seo\/ -->\n<title>La ville d&#039;El-Fahs aliment\u00e9e en gaz naturel \u00e0 partir de demain, 12 d\u00e9cembre 2019 - Kapitalis<\/title>\n<meta name=\"robots\" content=\"index, follow, max-snippet:-1, max-image-preview:large, max-video-preview:-1\" \/>\n<link rel=\"canonical\" href=\"https:\/\/kapitalis.com\/tunisie\/2019\/12\/11\/la-ville-del-fahs-alimentee-en-gaz-naturel-a-partir-de-demain-12-decembre-2019\/\" \/>\n<meta property=\"og:locale\" content=\"fr_FR\" \/>\n<meta property=\"og:type\" content=\"article\" \/>\n<meta property=\"og:title\" content=\"La ville d&#039;El-Fahs aliment\u00e9e en gaz naturel \u00e0 partir de demain, 12 d\u00e9cembre 2019 - Kapitalis\" \/>\n<meta property=\"og:description\" content=\"La Soci\u00e9t\u00e9 tunisienne d&rsquo;\u00e9lectricit\u00e9 et de gaz (Steg) informe, dans un communiqu\u00e9 publi\u00e9 ce mercredi 11 d\u00e9cembre 2019,\u00a0que le gazoduc d\u2019alimentation en gaz naturel de la ville d\u2019El-Fahs (Zaghouan) sera mis en gaz demain, jeudi 12 d\u00e9cembre 2019, \u00e0 10:00.\" \/>\n<meta property=\"og:url\" content=\"https:\/\/kapitalis.com\/tunisie\/2019\/12\/11\/la-ville-del-fahs-alimentee-en-gaz-naturel-a-partir-de-demain-12-decembre-2019\/\" \/>\n<meta property=\"og:site_name\" content=\"Kapitalis\" \/>\n<meta property=\"article:publisher\" content=\"https:\/\/www.facebook.com\/KapitalisInfo\/\" \/>\n<meta property=\"article:published_time\" content=\"2019-12-11T16:16:26+00:00\" \/>\n<meta property=\"article:modified_time\" content=\"2019-12-11T16:16:31+00:00\" \/>\n<meta property=\"og:image\" content=\"https:\/\/kapitalis.com\/tunisie\/wp-content\/uploads\/2022\/05\/kapitalis-logo-fb.png\" \/>\n\t<meta property=\"og:image:width\" content=\"1200\" \/>\n\t<meta property=\"og:image:height\" content=\"630\" \/>\n\t<meta property=\"og:image:type\" content=\"image\/png\" \/>\n<meta name=\"author\" content=\"Amina Mkada\" \/>\n<meta name=\"twitter:card\" content=\"summary_large_image\" \/>\n<meta name=\"twitter:creator\" content=\"@KapitalisInfo\" \/>\n<meta name=\"twitter:site\" content=\"@KapitalisInfo\" \/>\n<meta name=\"twitter:label1\" content=\"\u00c9crit par\" \/>\n\t<meta name=\"twitter:data1\" content=\"Amina Mkada\" \/>\n\t<meta name=\"twitter:label2\" content=\"Dur\u00e9e de lecture estim\u00e9e\" \/>\n\t<meta name=\"twitter:data2\" content=\"1 minute\" \/>\n<script type=\"application\/ld+json\" class=\"yoast-schema-graph\">{\"@context\":\"https:\/\/schema.org\",\"@graph\":[{\"@type\":\"Article\",\"@id\":\"https:\/\/kapitalis.com\/tunisie\/2019\/12\/11\/la-ville-del-fahs-alimentee-en-gaz-naturel-a-partir-de-demain-12-decembre-2019\/#article\",\"isPartOf\":{\"@id\":\"https:\/\/kapitalis.com\/tunisie\/2019\/12\/11\/la-ville-del-fahs-alimentee-en-gaz-naturel-a-partir-de-demain-12-decembre-2019\/\"},\"author\":{\"name\":\"Amina Mkada\",\"@id\":\"https:\/\/kapitalis.com\/tunisie\/#\/schema\/person\/093913313d3017554cb3ad077fff3fbd\"},\"headline\":\"La ville d&rsquo;El-Fahs aliment\u00e9e en gaz naturel \u00e0 partir de demain, 12 d\u00e9cembre 2019\",\"datePublished\":\"2019-12-11T16:16:26+00:00\",\"dateModified\":\"2019-12-11T16:16:31+00:00\",\"mainEntityOfPage\":{\"@id\":\"https:\/\/kapitalis.com\/tunisie\/2019\/12\/11\/la-ville-del-fahs-alimentee-en-gaz-naturel-a-partir-de-demain-12-decembre-2019\/\"},\"wordCount\":170,\"commentCount\":1,\"publisher\":{\"@id\":\"https:\/\/kapitalis.com\/tunisie\/#organization\"},\"image\":{\"@id\":\"https:\/\/kapitalis.com\/tunisie\/2019\/12\/11\/la-ville-del-fahs-alimentee-en-gaz-naturel-a-partir-de-demain-12-decembre-2019\/#primaryimage\"},\"thumbnailUrl\":\"\",\"keywords\":[\"Bir Mchergua\",\"El-Fahs\",\"gaz naturel\",\"Steg\",\"Zaghouan\"],\"articleSection\":[\"ECONOMIE\",\"Tunisie\"],\"inLanguage\":\"fr-FR\",\"potentialAction\":[{\"@type\":\"CommentAction\",\"name\":\"Comment\",\"target\":[\"https:\/\/kapitalis.com\/tunisie\/2019\/12\/11\/la-ville-del-fahs-alimentee-en-gaz-naturel-a-partir-de-demain-12-decembre-2019\/#respond\"]}]},{\"@type\":\"WebPage\",\"@id\":\"https:\/\/kapitalis.com\/tunisie\/2019\/12\/11\/la-ville-del-fahs-alimentee-en-gaz-naturel-a-partir-de-demain-12-decembre-2019\/\",\"url\":\"https:\/\/kapitalis.com\/tunisie\/2019\/12\/11\/la-ville-del-fahs-alimentee-en-gaz-naturel-a-partir-de-demain-12-decembre-2019\/\",\"name\":\"La ville d'El-Fahs aliment\u00e9e en gaz naturel \u00e0 partir de demain, 12 d\u00e9cembre 2019 - Kapitalis\",\"isPartOf\":{\"@id\":\"https:\/\/kapitalis.com\/tunisie\/#website\"},\"primaryImageOfPage\":{\"@id\":\"https:\/\/kapitalis.com\/tunisie\/2019\/12\/11\/la-ville-del-fahs-alimentee-en-gaz-naturel-a-partir-de-demain-12-decembre-2019\/#primaryimage\"},\"image\":{\"@id\":\"https:\/\/kapitalis.com\/tunisie\/2019\/12\/11\/la-ville-del-fahs-alimentee-en-gaz-naturel-a-partir-de-demain-12-decembre-2019\/#primaryimage\"},\"thumbnailUrl\":\"\",\"datePublished\":\"2019-12-11T16:16:26+00:00\",\"dateModified\":\"2019-12-11T16:16:31+00:00\",\"breadcrumb\":{\"@id\":\"https:\/\/kapitalis.com\/tunisie\/2019\/12\/11\/la-ville-del-fahs-alimentee-en-gaz-naturel-a-partir-de-demain-12-decembre-2019\/#breadcrumb\"},\"inLanguage\":\"fr-FR\",\"potentialAction\":[{\"@type\":\"ReadAction\",\"target\":[\"https:\/\/kapitalis.com\/tunisie\/2019\/12\/11\/la-ville-del-fahs-alimentee-en-gaz-naturel-a-partir-de-demain-12-decembre-2019\/\"]}]},{\"@type\":\"ImageObject\",\"inLanguage\":\"fr-FR\",\"@id\":\"https:\/\/kapitalis.com\/tunisie\/2019\/12\/11\/la-ville-del-fahs-alimentee-en-gaz-naturel-a-partir-de-demain-12-decembre-2019\/#primaryimage\",\"url\":\"\",\"contentUrl\":\"\"},{\"@type\":\"BreadcrumbList\",\"@id\":\"https:\/\/kapitalis.com\/tunisie\/2019\/12\/11\/la-ville-del-fahs-alimentee-en-gaz-naturel-a-partir-de-demain-12-decembre-2019\/#breadcrumb\",\"itemListElement\":[{\"@type\":\"ListItem\",\"position\":1,\"name\":\"Accueil\",\"item\":\"https:\/\/kapitalis.com\/tunisie\/\"},{\"@type\":\"ListItem\",\"position\":2,\"name\":\"La ville d&rsquo;El-Fahs aliment\u00e9e en gaz naturel \u00e0 partir de demain, 12 d\u00e9cembre 2019\"}]},{\"@type\":\"WebSite\",\"@id\":\"https:\/\/kapitalis.com\/tunisie\/#website\",\"url\":\"https:\/\/kapitalis.com\/tunisie\/\",\"name\":\"Kapitalis\",\"description\":\"L&#039;actualit\u00e9 en Tunisie et dans le monde\",\"publisher\":{\"@id\":\"https:\/\/kapitalis.com\/tunisie\/#organization\"},\"potentialAction\":[{\"@type\":\"SearchAction\",\"target\":{\"@type\":\"EntryPoint\",\"urlTemplate\":\"https:\/\/kapitalis.com\/tunisie\/?s={search_term_string}\"},\"query-input\":{\"@type\":\"PropertyValueSpecification\",\"valueRequired\":true,\"valueName\":\"search_term_string\"}}],\"inLanguage\":\"fr-FR\"},{\"@type\":\"Organization\",\"@id\":\"https:\/\/kapitalis.com\/tunisie\/#organization\",\"name\":\"Kapitalis\",\"url\":\"https:\/\/kapitalis.com\/tunisie\/\",\"logo\":{\"@type\":\"ImageObject\",\"inLanguage\":\"fr-FR\",\"@id\":\"https:\/\/kapitalis.com\/tunisie\/#\/schema\/logo\/image\/\",\"url\":\"https:\/\/kapitalis.com\/tunisie\/wp-content\/uploads\/2022\/05\/Kapitalis-big-size.png\",\"contentUrl\":\"https:\/\/kapitalis.com\/tunisie\/wp-content\/uploads\/2022\/05\/Kapitalis-big-size.png\",\"width\":5000,\"height\":1500,\"caption\":\"Kapitalis\"},\"image\":{\"@id\":\"https:\/\/kapitalis.com\/tunisie\/#\/schema\/logo\/image\/\"},\"sameAs\":[\"https:\/\/www.facebook.com\/KapitalisInfo\/\",\"https:\/\/x.com\/KapitalisInfo\",\"https:\/\/www.youtube.com\/channel\/UC-yDYrHyfFBWWZaOw3FPg9Q\"]},{\"@type\":\"Person\",\"@id\":\"https:\/\/kapitalis.com\/tunisie\/#\/schema\/person\/093913313d3017554cb3ad077fff3fbd\",\"name\":\"Amina Mkada\",\"url\":\"https:\/\/kapitalis.com\/tunisie\/author\/amina\/\"}]}<\/script>\n<!-- \/ Yoast SEO plugin. -->","yoast_head_json":{"title":"La ville d'El-Fahs aliment\u00e9e en gaz naturel \u00e0 partir de demain, 12 d\u00e9cembre 2019 - Kapitalis","robots":{"index":"index","follow":"follow","max-snippet":"max-snippet:-1","max-image-preview":"max-image-preview:large","max-video-preview":"max-video-preview:-1"},"canonical":"https:\/\/kapitalis.com\/tunisie\/2019\/12\/11\/la-ville-del-fahs-alimentee-en-gaz-naturel-a-partir-de-demain-12-decembre-2019\/","og_locale":"fr_FR","og_type":"article","og_title":"La ville d'El-Fahs aliment\u00e9e en gaz naturel \u00e0 partir de demain, 12 d\u00e9cembre 2019 - Kapitalis","og_description":"La Soci\u00e9t\u00e9 tunisienne d&rsquo;\u00e9lectricit\u00e9 et de gaz (Steg) informe, dans un communiqu\u00e9 publi\u00e9 ce mercredi 11 d\u00e9cembre 2019,\u00a0que le gazoduc d\u2019alimentation en gaz naturel de la ville d\u2019El-Fahs (Zaghouan) sera mis en gaz demain, jeudi 12 d\u00e9cembre 2019, \u00e0 10:00.","og_url":"https:\/\/kapitalis.com\/tunisie\/2019\/12\/11\/la-ville-del-fahs-alimentee-en-gaz-naturel-a-partir-de-demain-12-decembre-2019\/","og_site_name":"Kapitalis","article_publisher":"https:\/\/www.facebook.com\/KapitalisInfo\/","article_published_time":"2019-12-11T16:16:26+00:00","article_modified_time":"2019-12-11T16:16:31+00:00","og_image":[{"width":1200,"height":630,"url":"https:\/\/kapitalis.com\/tunisie\/wp-content\/uploads\/2022\/05\/kapitalis-logo-fb.png","type":"image\/png"}],"author":"Amina Mkada","twitter_card":"summary_large_image","twitter_creator":"@KapitalisInfo","twitter_site":"@KapitalisInfo","twitter_misc":{"\u00c9crit par":"Amina Mkada","Dur\u00e9e de lecture estim\u00e9e":"1 minute"},"schema":{"@context":"https:\/\/schema.org","@graph":[{"@type":"Article","@id":"https:\/\/kapitalis.com\/tunisie\/2019\/12\/11\/la-ville-del-fahs-alimentee-en-gaz-naturel-a-partir-de-demain-12-decembre-2019\/#article","isPartOf":{"@id":"https:\/\/kapitalis.com\/tunisie\/2019\/12\/11\/la-ville-del-fahs-alimentee-en-gaz-naturel-a-partir-de-demain-12-decembre-2019\/"},"author":{"name":"Amina Mkada","@id":"https:\/\/kapitalis.com\/tunisie\/#\/schema\/person\/093913313d3017554cb3ad077fff3fbd"},"headline":"La ville d&rsquo;El-Fahs aliment\u00e9e en gaz naturel \u00e0 partir de demain, 12 d\u00e9cembre 2019","datePublished":"2019-12-11T16:16:26+00:00","dateModified":"2019-12-11T16:16:31+00:00","mainEntityOfPage":{"@id":"https:\/\/kapitalis.com\/tunisie\/2019\/12\/11\/la-ville-del-fahs-alimentee-en-gaz-naturel-a-partir-de-demain-12-decembre-2019\/"},"wordCount":170,"commentCount":1,"publisher":{"@id":"https:\/\/kapitalis.com\/tunisie\/#organization"},"image":{"@id":"https:\/\/kapitalis.com\/tunisie\/2019\/12\/11\/la-ville-del-fahs-alimentee-en-gaz-naturel-a-partir-de-demain-12-decembre-2019\/#primaryimage"},"thumbnailUrl":"","keywords":["Bir Mchergua","El-Fahs","gaz naturel","Steg","Zaghouan"],"articleSection":["ECONOMIE","Tunisie"],"inLanguage":"fr-FR","potentialAction":[{"@type":"CommentAction","name":"Comment","target":["https:\/\/kapitalis.com\/tunisie\/2019\/12\/11\/la-ville-del-fahs-alimentee-en-gaz-naturel-a-partir-de-demain-12-decembre-2019\/#respond"]}]},{"@type":"WebPage","@id":"https:\/\/kapitalis.com\/tunisie\/2019\/12\/11\/la-ville-del-fahs-alimentee-en-gaz-naturel-a-partir-de-demain-12-decembre-2019\/","url":"https:\/\/kapitalis.com\/tunisie\/2019\/12\/11\/la-ville-del-fahs-alimentee-en-gaz-naturel-a-partir-de-demain-12-decembre-2019\/","name":"La ville d'El-Fahs aliment\u00e9e en gaz naturel \u00e0 partir de demain, 12 d\u00e9cembre 2019 - Kapitalis","isPartOf":{"@id":"https:\/\/kapitalis.com\/tunisie\/#website"},"primaryImageOfPage":{"@id":"https:\/\/kapitalis.com\/tunisie\/2019\/12\/11\/la-ville-del-fahs-alimentee-en-gaz-naturel-a-partir-de-demain-12-decembre-2019\/#primaryimage"},"image":{"@id":"https:\/\/kapitalis.com\/tunisie\/2019\/12\/11\/la-ville-del-fahs-alimentee-en-gaz-naturel-a-partir-de-demain-12-decembre-2019\/#primaryimage"},"thumbnailUrl":"","datePublished":"2019-12-11T16:16:26+00:00","dateModified":"2019-12-11T16:16:31+00:00","breadcrumb":{"@id":"https:\/\/kapitalis.com\/tunisie\/2019\/12\/11\/la-ville-del-fahs-alimentee-en-gaz-naturel-a-partir-de-demain-12-decembre-2019\/#breadcrumb"},"inLanguage":"fr-FR","potentialAction":[{"@type":"ReadAction","target":["https:\/\/kapitalis.com\/tunisie\/2019\/12\/11\/la-ville-del-fahs-alimentee-en-gaz-naturel-a-partir-de-demain-12-decembre-2019\/"]}]},{"@type":"ImageObject","inLanguage":"fr-FR","@id":"https:\/\/kapitalis.com\/tunisie\/2019\/12\/11\/la-ville-del-fahs-alimentee-en-gaz-naturel-a-partir-de-demain-12-decembre-2019\/#primaryimage","url":"","contentUrl":""},{"@type":"BreadcrumbList","@id":"https:\/\/kapitalis.com\/tunisie\/2019\/12\/11\/la-ville-del-fahs-alimentee-en-gaz-naturel-a-partir-de-demain-12-decembre-2019\/#breadcrumb","itemListElement":[{"@type":"ListItem","position":1,"name":"Accueil","item":"https:\/\/kapitalis.com\/tunisie\/"},{"@type":"ListItem","position":2,"name":"La ville d&rsquo;El-Fahs aliment\u00e9e en gaz naturel \u00e0 partir de demain, 12 d\u00e9cembre 2019"}]},{"@type":"WebSite","@id":"https:\/\/kapitalis.com\/tunisie\/#website","url":"https:\/\/kapitalis.com\/tunisie\/","name":"Kapitalis","description":"L&#039;actualit\u00e9 en Tunisie et dans le monde","publisher":{"@id":"https:\/\/kapitalis.com\/tunisie\/#organization"},"potentialAction":[{"@type":"SearchAction","target":{"@type":"EntryPoint","urlTemplate":"https:\/\/kapitalis.com\/tunisie\/?s={search_term_string}"},"query-input":{"@type":"PropertyValueSpecification","valueRequired":true,"valueName":"search_term_string"}}],"inLanguage":"fr-FR"},{"@type":"Organization","@id":"https:\/\/kapitalis.com\/tunisie\/#organization","name":"Kapitalis","url":"https:\/\/kapitalis.com\/tunisie\/","logo":{"@type":"ImageObject","inLanguage":"fr-FR","@id":"https:\/\/kapitalis.com\/tunisie\/#\/schema\/logo\/image\/","url":"https:\/\/kapitalis.com\/tunisie\/wp-content\/uploads\/2022\/05\/Kapitalis-big-size.png","contentUrl":"https:\/\/kapitalis.com\/tunisie\/wp-content\/uploads\/2022\/05\/Kapitalis-big-size.png","width":5000,"height":1500,"caption":"Kapitalis"},"image":{"@id":"https:\/\/kapitalis.com\/tunisie\/#\/schema\/logo\/image\/"},"sameAs":["https:\/\/www.facebook.com\/KapitalisInfo\/","https:\/\/x.com\/KapitalisInfo","https:\/\/www.youtube.com\/channel\/UC-yDYrHyfFBWWZaOw3FPg9Q"]},{"@type":"Person","@id":"https:\/\/kapitalis.com\/tunisie\/#\/schema\/person\/093913313d3017554cb3ad077fff3fbd","name":"Amina Mkada","url":"https:\/\/kapitalis.com\/tunisie\/author\/amina\/"}]}},"_links":{"self":[{"href":"https:\/\/kapitalis.com\/tunisie\/wp-json\/wp\/v2\/posts\/263257","targetHints":{"allow":["GET"]}}],"collection":[{"href":"https:\/\/kapitalis.com\/tunisie\/wp-json\/wp\/v2\/posts"}],"about":[{"href":"https:\/\/kapitalis.com\/tunisie\/wp-json\/wp\/v2\/types\/post"}],"author":[{"embeddable":true,"href":"https:\/\/kapitalis.com\/tunisie\/wp-json\/wp\/v2\/users\/22"}],"replies":[{"embeddable":true,"href":"https:\/\/kapitalis.com\/tunisie\/wp-json\/wp\/v2\/comments?post=263257"}],"version-history":[{"count":0,"href":"https:\/\/kapitalis.com\/tunisie\/wp-json\/wp\/v2\/posts\/263257\/revisions"}],"wp:featuredmedia":[{"embeddable":true,"href":"https:\/\/kapitalis.com\/tunisie\/wp-json\/wp\/v2\/media\/263284"}],"wp:attachment":[{"href":"https:\/\/kapitalis.com\/tunisie\/wp-json\/wp\/v2\/media?parent=263257"}],"wp:term":[{"taxonomy":"category","embeddable":true,"href":"https:\/\/kapitalis.com\/tunisie\/wp-json\/wp\/v2\/categories?post=263257"},{"taxonomy":"post_tag","embeddable":true,"href":"https:\/\/kapitalis.com\/tunisie\/wp-json\/wp\/v2\/tags?post=263257"}],"curies":[{"name":"wp","href":"https:\/\/api.w.org\/{rel}","templated":true}]}}