{"id":263306,"date":"2019-12-11T17:23:17","date_gmt":"2019-12-11T16:23:17","guid":{"rendered":"http:\/\/kapitalis.com\/tunisie\/?p=263306"},"modified":"2019-12-11T17:34:15","modified_gmt":"2019-12-11T16:34:15","slug":"enquete-sur-le-deces-de-leleve-de-16-ans-a-jemmal-un-crime-camoufle-en-suicide","status":"publish","type":"post","link":"https:\/\/kapitalis.com\/tunisie\/2019\/12\/11\/enquete-sur-le-deces-de-leleve-de-16-ans-a-jemmal-un-crime-camoufle-en-suicide\/","title":{"rendered":"Enqu\u00eate sur le d\u00e9c\u00e8s de l&rsquo;\u00e9l\u00e8ve de 16 ans \u00e0 Jemmal : Un crime camoufl\u00e9 en suicide ?"},"content":{"rendered":"\n<figure class=\"wp-block-image size-large\"><img decoding=\"async\" src=\"http:\/\/kapitalis.com\/tunisie\/wp-content\/uploads\/2019\/12\/Jemmal-suicide-meurtre-enqu\u00eate-eleve-16-ans.jpg\" alt=\"\" class=\"wp-image-263327\"\/><\/figure>\n\n\n\n<p><em><strong>Une enqu\u00eate a \u00e9t\u00e9 ouverte hier, mardi 10 d\u00e9cembre 2019, sur la mort suspecte de M. M., une \u00e9l\u00e8ve de 16 ans, retrouv\u00e9e pendue, jeudi dernier, dans sa chambre, \u00e0 la maison parentale situ\u00e9e \u00e0 Jemmal (Monastir).<\/strong><\/em><\/p>\n\n\n\n<!--more-->\n\n\n\n<p>La famille de l&rsquo;\u00e9l\u00e8ve avait alert\u00e9 la police, en assurant que leur fille s&rsquo;est suicid\u00e9e par pendaison et son corps a \u00e9t\u00e9 transport\u00e9 \u00e0 l&rsquo;h\u00f4pital universitaire Fattouma Bourguiba de Monastir pour une autopsie ordonn\u00e9e par le procureur de la r\u00e9publique.<\/p>\n\n\n\n<p>Les r\u00e9sultats de l&rsquo;autopsie ont r\u00e9v\u00e9l\u00e9 des traces de violences sur le corps de la d\u00e9funte, ainsi que la pr\u00e9sence d&rsquo;une substance toxique qu&rsquo;elle aurait ingurgit\u00e9e, peu avant son d\u00e9c\u00e8s, selon une d\u00e9claration, aujourd&rsquo;hui aux m\u00e9dias, du porte-parole des tribunaux de Monastir et de Mahdia, Farid Ben Jha.<\/p>\n\n\n\n<p>D&rsquo;autre part, une source s\u00e9curitaire, citant des t\u00e9moignages, a indiqu\u00e9 \u00e0 Kapitalis que l&rsquo;\u00e9l\u00e8ve \u00e9tait sortie pour rencontrer des amis \u00e0 Monastir, ce qui a d\u00e9plu \u00e0 un membre de sa famille. Ce dernier l&rsquo;aurait battue et menac\u00e9 de la tuer. A-t-il joint le geste \u00e0 la parole ou l&rsquo;\u00e9l\u00e8ve, oppress\u00e9e, a mis fin \u00e0 ses jours ? C&rsquo;est ce que l&rsquo;enqu\u00eate doit r\u00e9v\u00e9ler<\/p>\n\n\n\n<p class=\"has-text-align-right\"><strong>Y. N.<\/strong><\/p>\n","protected":false},"excerpt":{"rendered":"<p>Une enqu\u00eate a \u00e9t\u00e9 ouverte hier, mardi 10 d\u00e9cembre 2019, sur la mort suspecte de M. M., une \u00e9l\u00e8ve de 16 ans, retrouv\u00e9e pendue, jeudi dernier, dans sa chambre, \u00e0 la maison parentale situ\u00e9e \u00e0 Jemmal (Monastir).<\/p>\n","protected":false},"author":6,"featured_media":263327,"comment_status":"open","ping_status":"open","sticky":false,"template":"","format":"standard","meta":{"footnotes":""},"categories":[998,2433],"tags":[247,64263,314,325,11318,633,1256,865],"class_list":["post-263306","post","type-post","status-publish","format-standard","has-post-thumbnail","hentry","category-societe","category-tunisie","tag-crime","tag-deces","tag-eleve","tag-enquete","tag-jemmal","tag-monastir","tag-pendaison","tag-suicide"],"yoast_head":"<!-- This site is optimized with the Yoast SEO plugin v26.6 - https:\/\/yoast.com\/wordpress\/plugins\/seo\/ -->\n<title>Enqu\u00eate sur le d\u00e9c\u00e8s de l&#039;\u00e9l\u00e8ve de 16 ans \u00e0 Jemmal : Un crime camoufl\u00e9 en suicide ? - Kapitalis<\/title>\n<meta name=\"robots\" content=\"index, follow, max-snippet:-1, max-image-preview:large, max-video-preview:-1\" \/>\n<link rel=\"canonical\" href=\"https:\/\/kapitalis.com\/tunisie\/2019\/12\/11\/enquete-sur-le-deces-de-leleve-de-16-ans-a-jemmal-un-crime-camoufle-en-suicide\/\" \/>\n<meta property=\"og:locale\" content=\"fr_FR\" \/>\n<meta property=\"og:type\" content=\"article\" \/>\n<meta property=\"og:title\" content=\"Enqu\u00eate sur le d\u00e9c\u00e8s de l&#039;\u00e9l\u00e8ve de 16 ans \u00e0 Jemmal : Un crime camoufl\u00e9 en suicide ? - Kapitalis\" \/>\n<meta property=\"og:description\" content=\"Une enqu\u00eate a \u00e9t\u00e9 ouverte hier, mardi 10 d\u00e9cembre 2019, sur la mort suspecte de M. M., une \u00e9l\u00e8ve de 16 ans, retrouv\u00e9e pendue, jeudi dernier, dans sa chambre, \u00e0 la maison parentale situ\u00e9e \u00e0 Jemmal (Monastir).\" \/>\n<meta property=\"og:url\" content=\"https:\/\/kapitalis.com\/tunisie\/2019\/12\/11\/enquete-sur-le-deces-de-leleve-de-16-ans-a-jemmal-un-crime-camoufle-en-suicide\/\" \/>\n<meta property=\"og:site_name\" content=\"Kapitalis\" \/>\n<meta property=\"article:publisher\" content=\"https:\/\/www.facebook.com\/KapitalisInfo\/\" \/>\n<meta property=\"article:published_time\" content=\"2019-12-11T16:23:17+00:00\" \/>\n<meta property=\"article:modified_time\" content=\"2019-12-11T16:34:15+00:00\" \/>\n<meta property=\"og:image\" content=\"https:\/\/kapitalis.com\/tunisie\/wp-content\/uploads\/2022\/05\/kapitalis-logo-fb.png\" \/>\n\t<meta property=\"og:image:width\" content=\"1200\" \/>\n\t<meta property=\"og:image:height\" content=\"630\" \/>\n\t<meta property=\"og:image:type\" content=\"image\/png\" \/>\n<meta name=\"author\" content=\"Yusra NY\" \/>\n<meta name=\"twitter:card\" content=\"summary_large_image\" \/>\n<meta name=\"twitter:creator\" content=\"@KapitalisInfo\" \/>\n<meta name=\"twitter:site\" content=\"@KapitalisInfo\" \/>\n<meta name=\"twitter:label1\" content=\"\u00c9crit par\" \/>\n\t<meta name=\"twitter:data1\" content=\"Yusra NY\" \/>\n\t<meta name=\"twitter:label2\" content=\"Dur\u00e9e de lecture estim\u00e9e\" \/>\n\t<meta name=\"twitter:data2\" content=\"1 minute\" \/>\n<script type=\"application\/ld+json\" class=\"yoast-schema-graph\">{\"@context\":\"https:\/\/schema.org\",\"@graph\":[{\"@type\":\"Article\",\"@id\":\"https:\/\/kapitalis.com\/tunisie\/2019\/12\/11\/enquete-sur-le-deces-de-leleve-de-16-ans-a-jemmal-un-crime-camoufle-en-suicide\/#article\",\"isPartOf\":{\"@id\":\"https:\/\/kapitalis.com\/tunisie\/2019\/12\/11\/enquete-sur-le-deces-de-leleve-de-16-ans-a-jemmal-un-crime-camoufle-en-suicide\/\"},\"author\":{\"name\":\"Yusra NY\",\"@id\":\"https:\/\/kapitalis.com\/tunisie\/#\/schema\/person\/74bbde0154d49d790a92aaeac5bc01d5\"},\"headline\":\"Enqu\u00eate sur le d\u00e9c\u00e8s de l&rsquo;\u00e9l\u00e8ve de 16 ans \u00e0 Jemmal : Un crime camoufl\u00e9 en suicide ?\",\"datePublished\":\"2019-12-11T16:23:17+00:00\",\"dateModified\":\"2019-12-11T16:34:15+00:00\",\"mainEntityOfPage\":{\"@id\":\"https:\/\/kapitalis.com\/tunisie\/2019\/12\/11\/enquete-sur-le-deces-de-leleve-de-16-ans-a-jemmal-un-crime-camoufle-en-suicide\/\"},\"wordCount\":230,\"commentCount\":0,\"publisher\":{\"@id\":\"https:\/\/kapitalis.com\/tunisie\/#organization\"},\"image\":{\"@id\":\"https:\/\/kapitalis.com\/tunisie\/2019\/12\/11\/enquete-sur-le-deces-de-leleve-de-16-ans-a-jemmal-un-crime-camoufle-en-suicide\/#primaryimage\"},\"thumbnailUrl\":\"\",\"keywords\":[\"crime\",\"d\u00e9c\u00e8s\",\"\u00e9l\u00e8ve\",\"enqu\u00eate\",\"Jemmal\",\"Monastir\",\"pendaison\",\"suicide\"],\"articleSection\":[\"SOCIETE\",\"Tunisie\"],\"inLanguage\":\"fr-FR\",\"potentialAction\":[{\"@type\":\"CommentAction\",\"name\":\"Comment\",\"target\":[\"https:\/\/kapitalis.com\/tunisie\/2019\/12\/11\/enquete-sur-le-deces-de-leleve-de-16-ans-a-jemmal-un-crime-camoufle-en-suicide\/#respond\"]}]},{\"@type\":\"WebPage\",\"@id\":\"https:\/\/kapitalis.com\/tunisie\/2019\/12\/11\/enquete-sur-le-deces-de-leleve-de-16-ans-a-jemmal-un-crime-camoufle-en-suicide\/\",\"url\":\"https:\/\/kapitalis.com\/tunisie\/2019\/12\/11\/enquete-sur-le-deces-de-leleve-de-16-ans-a-jemmal-un-crime-camoufle-en-suicide\/\",\"name\":\"Enqu\u00eate sur le d\u00e9c\u00e8s de l'\u00e9l\u00e8ve de 16 ans \u00e0 Jemmal : Un crime camoufl\u00e9 en suicide ? - Kapitalis\",\"isPartOf\":{\"@id\":\"https:\/\/kapitalis.com\/tunisie\/#website\"},\"primaryImageOfPage\":{\"@id\":\"https:\/\/kapitalis.com\/tunisie\/2019\/12\/11\/enquete-sur-le-deces-de-leleve-de-16-ans-a-jemmal-un-crime-camoufle-en-suicide\/#primaryimage\"},\"image\":{\"@id\":\"https:\/\/kapitalis.com\/tunisie\/2019\/12\/11\/enquete-sur-le-deces-de-leleve-de-16-ans-a-jemmal-un-crime-camoufle-en-suicide\/#primaryimage\"},\"thumbnailUrl\":\"\",\"datePublished\":\"2019-12-11T16:23:17+00:00\",\"dateModified\":\"2019-12-11T16:34:15+00:00\",\"breadcrumb\":{\"@id\":\"https:\/\/kapitalis.com\/tunisie\/2019\/12\/11\/enquete-sur-le-deces-de-leleve-de-16-ans-a-jemmal-un-crime-camoufle-en-suicide\/#breadcrumb\"},\"inLanguage\":\"fr-FR\",\"potentialAction\":[{\"@type\":\"ReadAction\",\"target\":[\"https:\/\/kapitalis.com\/tunisie\/2019\/12\/11\/enquete-sur-le-deces-de-leleve-de-16-ans-a-jemmal-un-crime-camoufle-en-suicide\/\"]}]},{\"@type\":\"ImageObject\",\"inLanguage\":\"fr-FR\",\"@id\":\"https:\/\/kapitalis.com\/tunisie\/2019\/12\/11\/enquete-sur-le-deces-de-leleve-de-16-ans-a-jemmal-un-crime-camoufle-en-suicide\/#primaryimage\",\"url\":\"\",\"contentUrl\":\"\"},{\"@type\":\"BreadcrumbList\",\"@id\":\"https:\/\/kapitalis.com\/tunisie\/2019\/12\/11\/enquete-sur-le-deces-de-leleve-de-16-ans-a-jemmal-un-crime-camoufle-en-suicide\/#breadcrumb\",\"itemListElement\":[{\"@type\":\"ListItem\",\"position\":1,\"name\":\"Accueil\",\"item\":\"https:\/\/kapitalis.com\/tunisie\/\"},{\"@type\":\"ListItem\",\"position\":2,\"name\":\"Enqu\u00eate sur le d\u00e9c\u00e8s de l&rsquo;\u00e9l\u00e8ve de 16 ans \u00e0 Jemmal : Un crime camoufl\u00e9 en suicide ?\"}]},{\"@type\":\"WebSite\",\"@id\":\"https:\/\/kapitalis.com\/tunisie\/#website\",\"url\":\"https:\/\/kapitalis.com\/tunisie\/\",\"name\":\"Kapitalis\",\"description\":\"L&#039;actualit\u00e9 en Tunisie et dans le monde\",\"publisher\":{\"@id\":\"https:\/\/kapitalis.com\/tunisie\/#organization\"},\"potentialAction\":[{\"@type\":\"SearchAction\",\"target\":{\"@type\":\"EntryPoint\",\"urlTemplate\":\"https:\/\/kapitalis.com\/tunisie\/?s={search_term_string}\"},\"query-input\":{\"@type\":\"PropertyValueSpecification\",\"valueRequired\":true,\"valueName\":\"search_term_string\"}}],\"inLanguage\":\"fr-FR\"},{\"@type\":\"Organization\",\"@id\":\"https:\/\/kapitalis.com\/tunisie\/#organization\",\"name\":\"Kapitalis\",\"url\":\"https:\/\/kapitalis.com\/tunisie\/\",\"logo\":{\"@type\":\"ImageObject\",\"inLanguage\":\"fr-FR\",\"@id\":\"https:\/\/kapitalis.com\/tunisie\/#\/schema\/logo\/image\/\",\"url\":\"https:\/\/kapitalis.com\/tunisie\/wp-content\/uploads\/2022\/05\/Kapitalis-big-size.png\",\"contentUrl\":\"https:\/\/kapitalis.com\/tunisie\/wp-content\/uploads\/2022\/05\/Kapitalis-big-size.png\",\"width\":5000,\"height\":1500,\"caption\":\"Kapitalis\"},\"image\":{\"@id\":\"https:\/\/kapitalis.com\/tunisie\/#\/schema\/logo\/image\/\"},\"sameAs\":[\"https:\/\/www.facebook.com\/KapitalisInfo\/\",\"https:\/\/x.com\/KapitalisInfo\",\"https:\/\/www.youtube.com\/channel\/UC-yDYrHyfFBWWZaOw3FPg9Q\"]},{\"@type\":\"Person\",\"@id\":\"https:\/\/kapitalis.com\/tunisie\/#\/schema\/person\/74bbde0154d49d790a92aaeac5bc01d5\",\"name\":\"Yusra NY\",\"url\":\"https:\/\/kapitalis.com\/tunisie\/author\/yuza_adam\/\"}]}<\/script>\n<!-- \/ Yoast SEO plugin. -->","yoast_head_json":{"title":"Enqu\u00eate sur le d\u00e9c\u00e8s de l'\u00e9l\u00e8ve de 16 ans \u00e0 Jemmal : Un crime camoufl\u00e9 en suicide ? - Kapitalis","robots":{"index":"index","follow":"follow","max-snippet":"max-snippet:-1","max-image-preview":"max-image-preview:large","max-video-preview":"max-video-preview:-1"},"canonical":"https:\/\/kapitalis.com\/tunisie\/2019\/12\/11\/enquete-sur-le-deces-de-leleve-de-16-ans-a-jemmal-un-crime-camoufle-en-suicide\/","og_locale":"fr_FR","og_type":"article","og_title":"Enqu\u00eate sur le d\u00e9c\u00e8s de l'\u00e9l\u00e8ve de 16 ans \u00e0 Jemmal : Un crime camoufl\u00e9 en suicide ? - Kapitalis","og_description":"Une enqu\u00eate a \u00e9t\u00e9 ouverte hier, mardi 10 d\u00e9cembre 2019, sur la mort suspecte de M. M., une \u00e9l\u00e8ve de 16 ans, retrouv\u00e9e pendue, jeudi dernier, dans sa chambre, \u00e0 la maison parentale situ\u00e9e \u00e0 Jemmal (Monastir).","og_url":"https:\/\/kapitalis.com\/tunisie\/2019\/12\/11\/enquete-sur-le-deces-de-leleve-de-16-ans-a-jemmal-un-crime-camoufle-en-suicide\/","og_site_name":"Kapitalis","article_publisher":"https:\/\/www.facebook.com\/KapitalisInfo\/","article_published_time":"2019-12-11T16:23:17+00:00","article_modified_time":"2019-12-11T16:34:15+00:00","og_image":[{"width":1200,"height":630,"url":"https:\/\/kapitalis.com\/tunisie\/wp-content\/uploads\/2022\/05\/kapitalis-logo-fb.png","type":"image\/png"}],"author":"Yusra NY","twitter_card":"summary_large_image","twitter_creator":"@KapitalisInfo","twitter_site":"@KapitalisInfo","twitter_misc":{"\u00c9crit par":"Yusra NY","Dur\u00e9e de lecture estim\u00e9e":"1 minute"},"schema":{"@context":"https:\/\/schema.org","@graph":[{"@type":"Article","@id":"https:\/\/kapitalis.com\/tunisie\/2019\/12\/11\/enquete-sur-le-deces-de-leleve-de-16-ans-a-jemmal-un-crime-camoufle-en-suicide\/#article","isPartOf":{"@id":"https:\/\/kapitalis.com\/tunisie\/2019\/12\/11\/enquete-sur-le-deces-de-leleve-de-16-ans-a-jemmal-un-crime-camoufle-en-suicide\/"},"author":{"name":"Yusra NY","@id":"https:\/\/kapitalis.com\/tunisie\/#\/schema\/person\/74bbde0154d49d790a92aaeac5bc01d5"},"headline":"Enqu\u00eate sur le d\u00e9c\u00e8s de l&rsquo;\u00e9l\u00e8ve de 16 ans \u00e0 Jemmal : Un crime camoufl\u00e9 en suicide ?","datePublished":"2019-12-11T16:23:17+00:00","dateModified":"2019-12-11T16:34:15+00:00","mainEntityOfPage":{"@id":"https:\/\/kapitalis.com\/tunisie\/2019\/12\/11\/enquete-sur-le-deces-de-leleve-de-16-ans-a-jemmal-un-crime-camoufle-en-suicide\/"},"wordCount":230,"commentCount":0,"publisher":{"@id":"https:\/\/kapitalis.com\/tunisie\/#organization"},"image":{"@id":"https:\/\/kapitalis.com\/tunisie\/2019\/12\/11\/enquete-sur-le-deces-de-leleve-de-16-ans-a-jemmal-un-crime-camoufle-en-suicide\/#primaryimage"},"thumbnailUrl":"","keywords":["crime","d\u00e9c\u00e8s","\u00e9l\u00e8ve","enqu\u00eate","Jemmal","Monastir","pendaison","suicide"],"articleSection":["SOCIETE","Tunisie"],"inLanguage":"fr-FR","potentialAction":[{"@type":"CommentAction","name":"Comment","target":["https:\/\/kapitalis.com\/tunisie\/2019\/12\/11\/enquete-sur-le-deces-de-leleve-de-16-ans-a-jemmal-un-crime-camoufle-en-suicide\/#respond"]}]},{"@type":"WebPage","@id":"https:\/\/kapitalis.com\/tunisie\/2019\/12\/11\/enquete-sur-le-deces-de-leleve-de-16-ans-a-jemmal-un-crime-camoufle-en-suicide\/","url":"https:\/\/kapitalis.com\/tunisie\/2019\/12\/11\/enquete-sur-le-deces-de-leleve-de-16-ans-a-jemmal-un-crime-camoufle-en-suicide\/","name":"Enqu\u00eate sur le d\u00e9c\u00e8s de l'\u00e9l\u00e8ve de 16 ans \u00e0 Jemmal : Un crime camoufl\u00e9 en suicide ? - Kapitalis","isPartOf":{"@id":"https:\/\/kapitalis.com\/tunisie\/#website"},"primaryImageOfPage":{"@id":"https:\/\/kapitalis.com\/tunisie\/2019\/12\/11\/enquete-sur-le-deces-de-leleve-de-16-ans-a-jemmal-un-crime-camoufle-en-suicide\/#primaryimage"},"image":{"@id":"https:\/\/kapitalis.com\/tunisie\/2019\/12\/11\/enquete-sur-le-deces-de-leleve-de-16-ans-a-jemmal-un-crime-camoufle-en-suicide\/#primaryimage"},"thumbnailUrl":"","datePublished":"2019-12-11T16:23:17+00:00","dateModified":"2019-12-11T16:34:15+00:00","breadcrumb":{"@id":"https:\/\/kapitalis.com\/tunisie\/2019\/12\/11\/enquete-sur-le-deces-de-leleve-de-16-ans-a-jemmal-un-crime-camoufle-en-suicide\/#breadcrumb"},"inLanguage":"fr-FR","potentialAction":[{"@type":"ReadAction","target":["https:\/\/kapitalis.com\/tunisie\/2019\/12\/11\/enquete-sur-le-deces-de-leleve-de-16-ans-a-jemmal-un-crime-camoufle-en-suicide\/"]}]},{"@type":"ImageObject","inLanguage":"fr-FR","@id":"https:\/\/kapitalis.com\/tunisie\/2019\/12\/11\/enquete-sur-le-deces-de-leleve-de-16-ans-a-jemmal-un-crime-camoufle-en-suicide\/#primaryimage","url":"","contentUrl":""},{"@type":"BreadcrumbList","@id":"https:\/\/kapitalis.com\/tunisie\/2019\/12\/11\/enquete-sur-le-deces-de-leleve-de-16-ans-a-jemmal-un-crime-camoufle-en-suicide\/#breadcrumb","itemListElement":[{"@type":"ListItem","position":1,"name":"Accueil","item":"https:\/\/kapitalis.com\/tunisie\/"},{"@type":"ListItem","position":2,"name":"Enqu\u00eate sur le d\u00e9c\u00e8s de l&rsquo;\u00e9l\u00e8ve de 16 ans \u00e0 Jemmal : Un crime camoufl\u00e9 en suicide ?"}]},{"@type":"WebSite","@id":"https:\/\/kapitalis.com\/tunisie\/#website","url":"https:\/\/kapitalis.com\/tunisie\/","name":"Kapitalis","description":"L&#039;actualit\u00e9 en Tunisie et dans le monde","publisher":{"@id":"https:\/\/kapitalis.com\/tunisie\/#organization"},"potentialAction":[{"@type":"SearchAction","target":{"@type":"EntryPoint","urlTemplate":"https:\/\/kapitalis.com\/tunisie\/?s={search_term_string}"},"query-input":{"@type":"PropertyValueSpecification","valueRequired":true,"valueName":"search_term_string"}}],"inLanguage":"fr-FR"},{"@type":"Organization","@id":"https:\/\/kapitalis.com\/tunisie\/#organization","name":"Kapitalis","url":"https:\/\/kapitalis.com\/tunisie\/","logo":{"@type":"ImageObject","inLanguage":"fr-FR","@id":"https:\/\/kapitalis.com\/tunisie\/#\/schema\/logo\/image\/","url":"https:\/\/kapitalis.com\/tunisie\/wp-content\/uploads\/2022\/05\/Kapitalis-big-size.png","contentUrl":"https:\/\/kapitalis.com\/tunisie\/wp-content\/uploads\/2022\/05\/Kapitalis-big-size.png","width":5000,"height":1500,"caption":"Kapitalis"},"image":{"@id":"https:\/\/kapitalis.com\/tunisie\/#\/schema\/logo\/image\/"},"sameAs":["https:\/\/www.facebook.com\/KapitalisInfo\/","https:\/\/x.com\/KapitalisInfo","https:\/\/www.youtube.com\/channel\/UC-yDYrHyfFBWWZaOw3FPg9Q"]},{"@type":"Person","@id":"https:\/\/kapitalis.com\/tunisie\/#\/schema\/person\/74bbde0154d49d790a92aaeac5bc01d5","name":"Yusra NY","url":"https:\/\/kapitalis.com\/tunisie\/author\/yuza_adam\/"}]}},"_links":{"self":[{"href":"https:\/\/kapitalis.com\/tunisie\/wp-json\/wp\/v2\/posts\/263306","targetHints":{"allow":["GET"]}}],"collection":[{"href":"https:\/\/kapitalis.com\/tunisie\/wp-json\/wp\/v2\/posts"}],"about":[{"href":"https:\/\/kapitalis.com\/tunisie\/wp-json\/wp\/v2\/types\/post"}],"author":[{"embeddable":true,"href":"https:\/\/kapitalis.com\/tunisie\/wp-json\/wp\/v2\/users\/6"}],"replies":[{"embeddable":true,"href":"https:\/\/kapitalis.com\/tunisie\/wp-json\/wp\/v2\/comments?post=263306"}],"version-history":[{"count":0,"href":"https:\/\/kapitalis.com\/tunisie\/wp-json\/wp\/v2\/posts\/263306\/revisions"}],"wp:featuredmedia":[{"embeddable":true,"href":"https:\/\/kapitalis.com\/tunisie\/wp-json\/wp\/v2\/media\/263327"}],"wp:attachment":[{"href":"https:\/\/kapitalis.com\/tunisie\/wp-json\/wp\/v2\/media?parent=263306"}],"wp:term":[{"taxonomy":"category","embeddable":true,"href":"https:\/\/kapitalis.com\/tunisie\/wp-json\/wp\/v2\/categories?post=263306"},{"taxonomy":"post_tag","embeddable":true,"href":"https:\/\/kapitalis.com\/tunisie\/wp-json\/wp\/v2\/tags?post=263306"}],"curies":[{"name":"wp","href":"https:\/\/api.w.org\/{rel}","templated":true}]}}