{"id":263889,"date":"2019-12-14T10:22:01","date_gmt":"2019-12-14T09:22:01","guid":{"rendered":"http:\/\/kapitalis.com\/tunisie\/?p=263889"},"modified":"2019-12-14T10:22:05","modified_gmt":"2019-12-14T09:22:05","slug":"le-projet-europeen-med-ina-vise-le-zero-dechet-a-la-marsa","status":"publish","type":"post","link":"https:\/\/kapitalis.com\/tunisie\/2019\/12\/14\/le-projet-europeen-med-ina-vise-le-zero-dechet-a-la-marsa\/","title":{"rendered":"Le projet europ\u00e9en MED-InA vise le \u00abZ\u00e9ro d\u00e9chet\u00bb \u00e0 La Marsa"},"content":{"rendered":"\n<figure class=\"wp-block-image size-large\"><img decoding=\"async\" src=\"http:\/\/kapitalis.com\/tunisie\/wp-content\/uploads\/2019\/12\/zero-dechet-....jpg\" alt=\"\" class=\"wp-image-263908\"\/><\/figure>\n\n\n\n<p><strong><em>Avitem et E3D-Environnement vont pr\u00e9senter \u00e0 Marseille, le 17 d\u00e9cembre 2019, le projet <a rel=\"noreferrer noopener\" aria-label=\"Med-InA (s\u2019ouvre dans un nouvel onglet)\" href=\"https:\/\/www.econostrum.info\/Le-projet-europeen-MED-InA-vise-le-zero-dechet-dans-trois-villes-mediterraneennes_a26289.html\" target=\"_blank\">Med-InA<\/a> \u00abZ\u00e9ro d\u00e9chet\u00bb qui sera implant\u00e9 \u00e0 La Marsa, en plus d&rsquo;Irbid en Jordanie et La Ribera en Espagne.<\/em><\/strong><\/p>\n\n\n\n<!--more-->\n\n\n\n<p>E3D-Environnement lance le projet MED-InA aux c\u00f4t\u00e9s de 7 partenaires m\u00e9diterran\u00e9ens, qui sont la municipalit\u00e9 de La Marsa (r\u00e9seau Megara, Tunisie), en plus de l\u2019Agence des villes et des territoires m\u00e9diterran\u00e9ens durables (Avitem, France), l\u2019Universit\u00e9 am\u00e9ricaine de Beyrouth (Liban), la municipalit\u00e9 d\u2019Irbid (Jordanie), l\u2019Universit\u00e9 jordanienne des sciences et des technologies, et le Consortium de La Ribera (Espagne). <\/p>\n\n\n\n<p>Le projet MED-InA accompagnera les citoyens vers des comportements plus responsables, les municipalit\u00e9s\u00a0vers des plans de gestion \u00ab<em>Z\u00e9ro D\u00e9chet<\/em>\u00bb, et les\u00a0start-ups\u00a0de l\u2019\u00e9conomie circulaire, pour faire \u00e9merger des solutions locales et innovantes. <\/p>\n\n\n\n<p>Cr\u00e9\u00e9e en 2012 et bas\u00e9e \u00e0 Marseille, l\u2019<a rel=\"noreferrer noopener\" aria-label=\"Avitem (s\u2019ouvre dans un nouvel onglet)\" href=\"https:\/\/www.avitem.org\/fr\/article\/pr%C3%A9sentation-3\" target=\"_blank\">Avitem<\/a> a pour objet de mettre en place un dispositif d\u2019\u00e9change d\u2019exp\u00e9riences, d\u2019expertises et de formation, permettant de promouvoir des d\u00e9marches de d\u00e9veloppement urbain et territorial en M\u00e9diterran\u00e9e.\u00a0 <\/p>\n\n\n\n<p><a href=\"https:\/\/www.e3d-environnement.com\/qui-sommes-nous-2\/\" target=\"_blank\" rel=\"noreferrer noopener\" aria-label=\"E3D-Environnement  (s\u2019ouvre dans un nouvel onglet)\">E3D-Environnement <\/a>est une soci\u00e9t\u00e9 d\u00e9di\u00e9e \u00e0 l\u2019action publique, sp\u00e9cialis\u00e9e dans l\u2019accompagnement aux changements de comportement en mati\u00e8re de d\u00e9veloppement durable, mais pas seulement. L\u2019entreprise aide les collectivit\u00e9s locales et territoriales \u00e0 atteindre leurs objectifs r\u00e9glementaires environnementaux, et \u00e0 r\u00e9duire leurs co\u00fbts de fonctionnement en agissant directement sur les comportements \u00e9co-responsables des habitants.<\/p>\n\n\n\n<p class=\"has-text-align-right\"><strong>A. M.<\/strong><\/p>\n","protected":false},"excerpt":{"rendered":"<p>Avitem et E3D-Environnement vont pr\u00e9senter \u00e0 Marseille, le 17 d\u00e9cembre 2019, le projet Med-InA \u00abZ\u00e9ro d\u00e9chet\u00bb qui sera implant\u00e9 \u00e0 La Marsa, en plus d&rsquo;Irbid en Jordanie et La Ribera en Espagne.<\/p>\n","protected":false},"author":22,"featured_media":263908,"comment_status":"open","ping_status":"open","sticky":false,"template":"","format":"standard","meta":{"footnotes":""},"categories":[998,2433],"tags":[341,3662,580],"class_list":["post-263889","post","type-post","status-publish","format-standard","has-post-thumbnail","hentry","category-societe","category-tunisie","tag-espagne","tag-jordanie","tag-marseille"],"yoast_head":"<!-- This site is optimized with the Yoast SEO plugin v26.6 - https:\/\/yoast.com\/wordpress\/plugins\/seo\/ -->\n<title>Le projet europ\u00e9en MED-InA vise le \u00abZ\u00e9ro d\u00e9chet\u00bb \u00e0 La Marsa - Kapitalis<\/title>\n<meta name=\"robots\" content=\"index, follow, max-snippet:-1, max-image-preview:large, max-video-preview:-1\" \/>\n<link rel=\"canonical\" href=\"https:\/\/kapitalis.com\/tunisie\/2019\/12\/14\/le-projet-europeen-med-ina-vise-le-zero-dechet-a-la-marsa\/\" \/>\n<meta property=\"og:locale\" content=\"fr_FR\" \/>\n<meta property=\"og:type\" content=\"article\" \/>\n<meta property=\"og:title\" content=\"Le projet europ\u00e9en MED-InA vise le \u00abZ\u00e9ro d\u00e9chet\u00bb \u00e0 La Marsa - Kapitalis\" \/>\n<meta property=\"og:description\" content=\"Avitem et E3D-Environnement vont pr\u00e9senter \u00e0 Marseille, le 17 d\u00e9cembre 2019, le projet Med-InA \u00abZ\u00e9ro d\u00e9chet\u00bb qui sera implant\u00e9 \u00e0 La Marsa, en plus d&rsquo;Irbid en Jordanie et La Ribera en Espagne.\" \/>\n<meta property=\"og:url\" content=\"https:\/\/kapitalis.com\/tunisie\/2019\/12\/14\/le-projet-europeen-med-ina-vise-le-zero-dechet-a-la-marsa\/\" \/>\n<meta property=\"og:site_name\" content=\"Kapitalis\" \/>\n<meta property=\"article:publisher\" content=\"https:\/\/www.facebook.com\/KapitalisInfo\/\" \/>\n<meta property=\"article:published_time\" content=\"2019-12-14T09:22:01+00:00\" \/>\n<meta property=\"article:modified_time\" content=\"2019-12-14T09:22:05+00:00\" \/>\n<meta property=\"og:image\" content=\"https:\/\/kapitalis.com\/tunisie\/wp-content\/uploads\/2022\/05\/kapitalis-logo-fb.png\" \/>\n\t<meta property=\"og:image:width\" content=\"1200\" \/>\n\t<meta property=\"og:image:height\" content=\"630\" \/>\n\t<meta property=\"og:image:type\" content=\"image\/png\" \/>\n<meta name=\"author\" content=\"Amina Mkada\" \/>\n<meta name=\"twitter:card\" content=\"summary_large_image\" \/>\n<meta name=\"twitter:creator\" content=\"@KapitalisInfo\" \/>\n<meta name=\"twitter:site\" content=\"@KapitalisInfo\" \/>\n<meta name=\"twitter:label1\" content=\"\u00c9crit par\" \/>\n\t<meta name=\"twitter:data1\" content=\"Amina Mkada\" \/>\n\t<meta name=\"twitter:label2\" content=\"Dur\u00e9e de lecture estim\u00e9e\" \/>\n\t<meta name=\"twitter:data2\" content=\"1 minute\" \/>\n<script type=\"application\/ld+json\" class=\"yoast-schema-graph\">{\"@context\":\"https:\/\/schema.org\",\"@graph\":[{\"@type\":\"Article\",\"@id\":\"https:\/\/kapitalis.com\/tunisie\/2019\/12\/14\/le-projet-europeen-med-ina-vise-le-zero-dechet-a-la-marsa\/#article\",\"isPartOf\":{\"@id\":\"https:\/\/kapitalis.com\/tunisie\/2019\/12\/14\/le-projet-europeen-med-ina-vise-le-zero-dechet-a-la-marsa\/\"},\"author\":{\"name\":\"Amina Mkada\",\"@id\":\"https:\/\/kapitalis.com\/tunisie\/#\/schema\/person\/093913313d3017554cb3ad077fff3fbd\"},\"headline\":\"Le projet europ\u00e9en MED-InA vise le \u00abZ\u00e9ro d\u00e9chet\u00bb \u00e0 La Marsa\",\"datePublished\":\"2019-12-14T09:22:01+00:00\",\"dateModified\":\"2019-12-14T09:22:05+00:00\",\"mainEntityOfPage\":{\"@id\":\"https:\/\/kapitalis.com\/tunisie\/2019\/12\/14\/le-projet-europeen-med-ina-vise-le-zero-dechet-a-la-marsa\/\"},\"wordCount\":263,\"commentCount\":0,\"publisher\":{\"@id\":\"https:\/\/kapitalis.com\/tunisie\/#organization\"},\"image\":{\"@id\":\"https:\/\/kapitalis.com\/tunisie\/2019\/12\/14\/le-projet-europeen-med-ina-vise-le-zero-dechet-a-la-marsa\/#primaryimage\"},\"thumbnailUrl\":\"\",\"keywords\":[\"Espagne\",\"Jordanie\",\"Marseille\"],\"articleSection\":[\"SOCIETE\",\"Tunisie\"],\"inLanguage\":\"fr-FR\",\"potentialAction\":[{\"@type\":\"CommentAction\",\"name\":\"Comment\",\"target\":[\"https:\/\/kapitalis.com\/tunisie\/2019\/12\/14\/le-projet-europeen-med-ina-vise-le-zero-dechet-a-la-marsa\/#respond\"]}]},{\"@type\":\"WebPage\",\"@id\":\"https:\/\/kapitalis.com\/tunisie\/2019\/12\/14\/le-projet-europeen-med-ina-vise-le-zero-dechet-a-la-marsa\/\",\"url\":\"https:\/\/kapitalis.com\/tunisie\/2019\/12\/14\/le-projet-europeen-med-ina-vise-le-zero-dechet-a-la-marsa\/\",\"name\":\"Le projet europ\u00e9en MED-InA vise le \u00abZ\u00e9ro d\u00e9chet\u00bb \u00e0 La Marsa - Kapitalis\",\"isPartOf\":{\"@id\":\"https:\/\/kapitalis.com\/tunisie\/#website\"},\"primaryImageOfPage\":{\"@id\":\"https:\/\/kapitalis.com\/tunisie\/2019\/12\/14\/le-projet-europeen-med-ina-vise-le-zero-dechet-a-la-marsa\/#primaryimage\"},\"image\":{\"@id\":\"https:\/\/kapitalis.com\/tunisie\/2019\/12\/14\/le-projet-europeen-med-ina-vise-le-zero-dechet-a-la-marsa\/#primaryimage\"},\"thumbnailUrl\":\"\",\"datePublished\":\"2019-12-14T09:22:01+00:00\",\"dateModified\":\"2019-12-14T09:22:05+00:00\",\"breadcrumb\":{\"@id\":\"https:\/\/kapitalis.com\/tunisie\/2019\/12\/14\/le-projet-europeen-med-ina-vise-le-zero-dechet-a-la-marsa\/#breadcrumb\"},\"inLanguage\":\"fr-FR\",\"potentialAction\":[{\"@type\":\"ReadAction\",\"target\":[\"https:\/\/kapitalis.com\/tunisie\/2019\/12\/14\/le-projet-europeen-med-ina-vise-le-zero-dechet-a-la-marsa\/\"]}]},{\"@type\":\"ImageObject\",\"inLanguage\":\"fr-FR\",\"@id\":\"https:\/\/kapitalis.com\/tunisie\/2019\/12\/14\/le-projet-europeen-med-ina-vise-le-zero-dechet-a-la-marsa\/#primaryimage\",\"url\":\"\",\"contentUrl\":\"\"},{\"@type\":\"BreadcrumbList\",\"@id\":\"https:\/\/kapitalis.com\/tunisie\/2019\/12\/14\/le-projet-europeen-med-ina-vise-le-zero-dechet-a-la-marsa\/#breadcrumb\",\"itemListElement\":[{\"@type\":\"ListItem\",\"position\":1,\"name\":\"Accueil\",\"item\":\"https:\/\/kapitalis.com\/tunisie\/\"},{\"@type\":\"ListItem\",\"position\":2,\"name\":\"Le projet europ\u00e9en MED-InA vise le \u00abZ\u00e9ro d\u00e9chet\u00bb \u00e0 La Marsa\"}]},{\"@type\":\"WebSite\",\"@id\":\"https:\/\/kapitalis.com\/tunisie\/#website\",\"url\":\"https:\/\/kapitalis.com\/tunisie\/\",\"name\":\"Kapitalis\",\"description\":\"L&#039;actualit\u00e9 en Tunisie et dans le monde\",\"publisher\":{\"@id\":\"https:\/\/kapitalis.com\/tunisie\/#organization\"},\"potentialAction\":[{\"@type\":\"SearchAction\",\"target\":{\"@type\":\"EntryPoint\",\"urlTemplate\":\"https:\/\/kapitalis.com\/tunisie\/?s={search_term_string}\"},\"query-input\":{\"@type\":\"PropertyValueSpecification\",\"valueRequired\":true,\"valueName\":\"search_term_string\"}}],\"inLanguage\":\"fr-FR\"},{\"@type\":\"Organization\",\"@id\":\"https:\/\/kapitalis.com\/tunisie\/#organization\",\"name\":\"Kapitalis\",\"url\":\"https:\/\/kapitalis.com\/tunisie\/\",\"logo\":{\"@type\":\"ImageObject\",\"inLanguage\":\"fr-FR\",\"@id\":\"https:\/\/kapitalis.com\/tunisie\/#\/schema\/logo\/image\/\",\"url\":\"https:\/\/kapitalis.com\/tunisie\/wp-content\/uploads\/2022\/05\/Kapitalis-big-size.png\",\"contentUrl\":\"https:\/\/kapitalis.com\/tunisie\/wp-content\/uploads\/2022\/05\/Kapitalis-big-size.png\",\"width\":5000,\"height\":1500,\"caption\":\"Kapitalis\"},\"image\":{\"@id\":\"https:\/\/kapitalis.com\/tunisie\/#\/schema\/logo\/image\/\"},\"sameAs\":[\"https:\/\/www.facebook.com\/KapitalisInfo\/\",\"https:\/\/x.com\/KapitalisInfo\",\"https:\/\/www.youtube.com\/channel\/UC-yDYrHyfFBWWZaOw3FPg9Q\"]},{\"@type\":\"Person\",\"@id\":\"https:\/\/kapitalis.com\/tunisie\/#\/schema\/person\/093913313d3017554cb3ad077fff3fbd\",\"name\":\"Amina Mkada\",\"url\":\"https:\/\/kapitalis.com\/tunisie\/author\/amina\/\"}]}<\/script>\n<!-- \/ Yoast SEO plugin. -->","yoast_head_json":{"title":"Le projet europ\u00e9en MED-InA vise le \u00abZ\u00e9ro d\u00e9chet\u00bb \u00e0 La Marsa - Kapitalis","robots":{"index":"index","follow":"follow","max-snippet":"max-snippet:-1","max-image-preview":"max-image-preview:large","max-video-preview":"max-video-preview:-1"},"canonical":"https:\/\/kapitalis.com\/tunisie\/2019\/12\/14\/le-projet-europeen-med-ina-vise-le-zero-dechet-a-la-marsa\/","og_locale":"fr_FR","og_type":"article","og_title":"Le projet europ\u00e9en MED-InA vise le \u00abZ\u00e9ro d\u00e9chet\u00bb \u00e0 La Marsa - Kapitalis","og_description":"Avitem et E3D-Environnement vont pr\u00e9senter \u00e0 Marseille, le 17 d\u00e9cembre 2019, le projet Med-InA \u00abZ\u00e9ro d\u00e9chet\u00bb qui sera implant\u00e9 \u00e0 La Marsa, en plus d&rsquo;Irbid en Jordanie et La Ribera en Espagne.","og_url":"https:\/\/kapitalis.com\/tunisie\/2019\/12\/14\/le-projet-europeen-med-ina-vise-le-zero-dechet-a-la-marsa\/","og_site_name":"Kapitalis","article_publisher":"https:\/\/www.facebook.com\/KapitalisInfo\/","article_published_time":"2019-12-14T09:22:01+00:00","article_modified_time":"2019-12-14T09:22:05+00:00","og_image":[{"width":1200,"height":630,"url":"https:\/\/kapitalis.com\/tunisie\/wp-content\/uploads\/2022\/05\/kapitalis-logo-fb.png","type":"image\/png"}],"author":"Amina Mkada","twitter_card":"summary_large_image","twitter_creator":"@KapitalisInfo","twitter_site":"@KapitalisInfo","twitter_misc":{"\u00c9crit par":"Amina Mkada","Dur\u00e9e de lecture estim\u00e9e":"1 minute"},"schema":{"@context":"https:\/\/schema.org","@graph":[{"@type":"Article","@id":"https:\/\/kapitalis.com\/tunisie\/2019\/12\/14\/le-projet-europeen-med-ina-vise-le-zero-dechet-a-la-marsa\/#article","isPartOf":{"@id":"https:\/\/kapitalis.com\/tunisie\/2019\/12\/14\/le-projet-europeen-med-ina-vise-le-zero-dechet-a-la-marsa\/"},"author":{"name":"Amina Mkada","@id":"https:\/\/kapitalis.com\/tunisie\/#\/schema\/person\/093913313d3017554cb3ad077fff3fbd"},"headline":"Le projet europ\u00e9en MED-InA vise le \u00abZ\u00e9ro d\u00e9chet\u00bb \u00e0 La Marsa","datePublished":"2019-12-14T09:22:01+00:00","dateModified":"2019-12-14T09:22:05+00:00","mainEntityOfPage":{"@id":"https:\/\/kapitalis.com\/tunisie\/2019\/12\/14\/le-projet-europeen-med-ina-vise-le-zero-dechet-a-la-marsa\/"},"wordCount":263,"commentCount":0,"publisher":{"@id":"https:\/\/kapitalis.com\/tunisie\/#organization"},"image":{"@id":"https:\/\/kapitalis.com\/tunisie\/2019\/12\/14\/le-projet-europeen-med-ina-vise-le-zero-dechet-a-la-marsa\/#primaryimage"},"thumbnailUrl":"","keywords":["Espagne","Jordanie","Marseille"],"articleSection":["SOCIETE","Tunisie"],"inLanguage":"fr-FR","potentialAction":[{"@type":"CommentAction","name":"Comment","target":["https:\/\/kapitalis.com\/tunisie\/2019\/12\/14\/le-projet-europeen-med-ina-vise-le-zero-dechet-a-la-marsa\/#respond"]}]},{"@type":"WebPage","@id":"https:\/\/kapitalis.com\/tunisie\/2019\/12\/14\/le-projet-europeen-med-ina-vise-le-zero-dechet-a-la-marsa\/","url":"https:\/\/kapitalis.com\/tunisie\/2019\/12\/14\/le-projet-europeen-med-ina-vise-le-zero-dechet-a-la-marsa\/","name":"Le projet europ\u00e9en MED-InA vise le \u00abZ\u00e9ro d\u00e9chet\u00bb \u00e0 La Marsa - Kapitalis","isPartOf":{"@id":"https:\/\/kapitalis.com\/tunisie\/#website"},"primaryImageOfPage":{"@id":"https:\/\/kapitalis.com\/tunisie\/2019\/12\/14\/le-projet-europeen-med-ina-vise-le-zero-dechet-a-la-marsa\/#primaryimage"},"image":{"@id":"https:\/\/kapitalis.com\/tunisie\/2019\/12\/14\/le-projet-europeen-med-ina-vise-le-zero-dechet-a-la-marsa\/#primaryimage"},"thumbnailUrl":"","datePublished":"2019-12-14T09:22:01+00:00","dateModified":"2019-12-14T09:22:05+00:00","breadcrumb":{"@id":"https:\/\/kapitalis.com\/tunisie\/2019\/12\/14\/le-projet-europeen-med-ina-vise-le-zero-dechet-a-la-marsa\/#breadcrumb"},"inLanguage":"fr-FR","potentialAction":[{"@type":"ReadAction","target":["https:\/\/kapitalis.com\/tunisie\/2019\/12\/14\/le-projet-europeen-med-ina-vise-le-zero-dechet-a-la-marsa\/"]}]},{"@type":"ImageObject","inLanguage":"fr-FR","@id":"https:\/\/kapitalis.com\/tunisie\/2019\/12\/14\/le-projet-europeen-med-ina-vise-le-zero-dechet-a-la-marsa\/#primaryimage","url":"","contentUrl":""},{"@type":"BreadcrumbList","@id":"https:\/\/kapitalis.com\/tunisie\/2019\/12\/14\/le-projet-europeen-med-ina-vise-le-zero-dechet-a-la-marsa\/#breadcrumb","itemListElement":[{"@type":"ListItem","position":1,"name":"Accueil","item":"https:\/\/kapitalis.com\/tunisie\/"},{"@type":"ListItem","position":2,"name":"Le projet europ\u00e9en MED-InA vise le \u00abZ\u00e9ro d\u00e9chet\u00bb \u00e0 La Marsa"}]},{"@type":"WebSite","@id":"https:\/\/kapitalis.com\/tunisie\/#website","url":"https:\/\/kapitalis.com\/tunisie\/","name":"Kapitalis","description":"L&#039;actualit\u00e9 en Tunisie et dans le monde","publisher":{"@id":"https:\/\/kapitalis.com\/tunisie\/#organization"},"potentialAction":[{"@type":"SearchAction","target":{"@type":"EntryPoint","urlTemplate":"https:\/\/kapitalis.com\/tunisie\/?s={search_term_string}"},"query-input":{"@type":"PropertyValueSpecification","valueRequired":true,"valueName":"search_term_string"}}],"inLanguage":"fr-FR"},{"@type":"Organization","@id":"https:\/\/kapitalis.com\/tunisie\/#organization","name":"Kapitalis","url":"https:\/\/kapitalis.com\/tunisie\/","logo":{"@type":"ImageObject","inLanguage":"fr-FR","@id":"https:\/\/kapitalis.com\/tunisie\/#\/schema\/logo\/image\/","url":"https:\/\/kapitalis.com\/tunisie\/wp-content\/uploads\/2022\/05\/Kapitalis-big-size.png","contentUrl":"https:\/\/kapitalis.com\/tunisie\/wp-content\/uploads\/2022\/05\/Kapitalis-big-size.png","width":5000,"height":1500,"caption":"Kapitalis"},"image":{"@id":"https:\/\/kapitalis.com\/tunisie\/#\/schema\/logo\/image\/"},"sameAs":["https:\/\/www.facebook.com\/KapitalisInfo\/","https:\/\/x.com\/KapitalisInfo","https:\/\/www.youtube.com\/channel\/UC-yDYrHyfFBWWZaOw3FPg9Q"]},{"@type":"Person","@id":"https:\/\/kapitalis.com\/tunisie\/#\/schema\/person\/093913313d3017554cb3ad077fff3fbd","name":"Amina Mkada","url":"https:\/\/kapitalis.com\/tunisie\/author\/amina\/"}]}},"_links":{"self":[{"href":"https:\/\/kapitalis.com\/tunisie\/wp-json\/wp\/v2\/posts\/263889","targetHints":{"allow":["GET"]}}],"collection":[{"href":"https:\/\/kapitalis.com\/tunisie\/wp-json\/wp\/v2\/posts"}],"about":[{"href":"https:\/\/kapitalis.com\/tunisie\/wp-json\/wp\/v2\/types\/post"}],"author":[{"embeddable":true,"href":"https:\/\/kapitalis.com\/tunisie\/wp-json\/wp\/v2\/users\/22"}],"replies":[{"embeddable":true,"href":"https:\/\/kapitalis.com\/tunisie\/wp-json\/wp\/v2\/comments?post=263889"}],"version-history":[{"count":0,"href":"https:\/\/kapitalis.com\/tunisie\/wp-json\/wp\/v2\/posts\/263889\/revisions"}],"wp:featuredmedia":[{"embeddable":true,"href":"https:\/\/kapitalis.com\/tunisie\/wp-json\/wp\/v2\/media\/263908"}],"wp:attachment":[{"href":"https:\/\/kapitalis.com\/tunisie\/wp-json\/wp\/v2\/media?parent=263889"}],"wp:term":[{"taxonomy":"category","embeddable":true,"href":"https:\/\/kapitalis.com\/tunisie\/wp-json\/wp\/v2\/categories?post=263889"},{"taxonomy":"post_tag","embeddable":true,"href":"https:\/\/kapitalis.com\/tunisie\/wp-json\/wp\/v2\/tags?post=263889"}],"curies":[{"name":"wp","href":"https:\/\/api.w.org\/{rel}","templated":true}]}}