{"id":264028,"date":"2019-12-13T17:34:51","date_gmt":"2019-12-13T16:34:51","guid":{"rendered":"http:\/\/kapitalis.com\/tunisie\/?p=264028"},"modified":"2019-12-13T17:35:51","modified_gmt":"2019-12-13T16:35:51","slug":"tunisie-4-membres-dune-meme-famille-perissent-asphyxies-par-le-gaz-a-douar-hicher","status":"publish","type":"post","link":"https:\/\/kapitalis.com\/tunisie\/2019\/12\/13\/tunisie-4-membres-dune-meme-famille-perissent-asphyxies-par-le-gaz-a-douar-hicher\/","title":{"rendered":"Tunisie : 4 membres d&rsquo;une m\u00eame famille p\u00e9rissent asphyxi\u00e9s par le gaz \u00e0 Douar Hicher"},"content":{"rendered":"\n<figure class=\"wp-block-image size-large\"><img decoding=\"async\" src=\"http:\/\/kapitalis.com\/tunisie\/wp-content\/uploads\/2019\/12\/douar-hicher-1.jpg\" alt=\"\" class=\"wp-image-264051\"\/><\/figure>\n\n\n\n<p><strong><em>Les 4 membres d&rsquo;une m\u00eame famille sont morts asphyxi\u00e9s ce vendredi 13 d\u00e9cembre 2019, \u00e0 la suite d&rsquo;une fuite de gaz dans leur domicile \u00e0 Douar Hicher, dans le gouvernorat de Manouba, \u00e0 l&rsquo;ouest de Tunis.<\/em><\/strong><\/p>\n\n\n\n<!--more Lire la suite-->\n\n\n\n<p>Selon les sources s\u00e9curitaires, les 4 corps inanim\u00e9s du p\u00e8re, de la m\u00e8re et de leurs 2 enfants n&rsquo;ont \u00e9t\u00e9 d\u00e9couverts qu&rsquo;apr\u00e8s avoir d\u00e9fonc\u00e9 la porte de leur domicile.<\/p>\n\n\n\n<p>En effet, ne voyant pas venir au travail le p\u00e8re -un soldat- ses coll\u00e8gues se sont inqui\u00e9t\u00e9s et ont sollicit\u00e9 l&rsquo;aide de la Garde nationale pour se rendre \u00e0 son domicile et demander apr\u00e8s lui. C&rsquo;est ainsi que les 4 corps ont \u00e9t\u00e9 d\u00e9couverts.<\/p>\n\n\n\n<p>Le Procureur de la R\u00e9publique s&rsquo;est rendu sur les lieux du drame pour constater les faits. Une enqu\u00eate a \u00e9t\u00e9 ouverte pour d\u00e9terminer les circonstances exactes de la mort des 4 personnes.<\/p>\n\n\n\n<p class=\"has-text-align-right\"><strong>A. M.<\/strong><\/p>\n","protected":false},"excerpt":{"rendered":"<p>Les 4 membres d&rsquo;une m\u00eame famille sont morts asphyxi\u00e9s ce vendredi 13 d\u00e9cembre 2019, \u00e0 la suite d&rsquo;une fuite de gaz dans leur domicile \u00e0 Douar Hicher, dans le gouvernorat de Manouba, \u00e0 l&rsquo;ouest de Tunis.<\/p>\n","protected":false},"author":22,"featured_media":264051,"comment_status":"open","ping_status":"open","sticky":false,"template":"","format":"standard","meta":{"footnotes":""},"categories":[998,2433],"tags":[4426,64560,70746,2398],"class_list":["post-264028","post","type-post","status-publish","format-standard","has-post-thumbnail","hentry","category-societe","category-tunisie","tag-douar-hicher","tag-garde-nationale","tag-gouvernorat-de-manouba","tag-procureur-de-la-republique"],"yoast_head":"<!-- This site is optimized with the Yoast SEO plugin v26.6 - https:\/\/yoast.com\/wordpress\/plugins\/seo\/ -->\n<title>Tunisie : 4 membres d&#039;une m\u00eame famille p\u00e9rissent asphyxi\u00e9s par le gaz \u00e0 Douar Hicher - Kapitalis<\/title>\n<meta name=\"robots\" content=\"index, follow, max-snippet:-1, max-image-preview:large, max-video-preview:-1\" \/>\n<link rel=\"canonical\" href=\"https:\/\/kapitalis.com\/tunisie\/2019\/12\/13\/tunisie-4-membres-dune-meme-famille-perissent-asphyxies-par-le-gaz-a-douar-hicher\/\" \/>\n<meta property=\"og:locale\" content=\"fr_FR\" \/>\n<meta property=\"og:type\" content=\"article\" \/>\n<meta property=\"og:title\" content=\"Tunisie : 4 membres d&#039;une m\u00eame famille p\u00e9rissent asphyxi\u00e9s par le gaz \u00e0 Douar Hicher - Kapitalis\" \/>\n<meta property=\"og:description\" content=\"Les 4 membres d&rsquo;une m\u00eame famille sont morts asphyxi\u00e9s ce vendredi 13 d\u00e9cembre 2019, \u00e0 la suite d&rsquo;une fuite de gaz dans leur domicile \u00e0 Douar Hicher, dans le gouvernorat de Manouba, \u00e0 l&rsquo;ouest de Tunis.\" \/>\n<meta property=\"og:url\" content=\"https:\/\/kapitalis.com\/tunisie\/2019\/12\/13\/tunisie-4-membres-dune-meme-famille-perissent-asphyxies-par-le-gaz-a-douar-hicher\/\" \/>\n<meta property=\"og:site_name\" content=\"Kapitalis\" \/>\n<meta property=\"article:publisher\" content=\"https:\/\/www.facebook.com\/KapitalisInfo\/\" \/>\n<meta property=\"article:published_time\" content=\"2019-12-13T16:34:51+00:00\" \/>\n<meta property=\"article:modified_time\" content=\"2019-12-13T16:35:51+00:00\" \/>\n<meta property=\"og:image\" content=\"https:\/\/kapitalis.com\/tunisie\/wp-content\/uploads\/2022\/05\/kapitalis-logo-fb.png\" \/>\n\t<meta property=\"og:image:width\" content=\"1200\" \/>\n\t<meta property=\"og:image:height\" content=\"630\" \/>\n\t<meta property=\"og:image:type\" content=\"image\/png\" \/>\n<meta name=\"author\" content=\"Amina Mkada\" \/>\n<meta name=\"twitter:card\" content=\"summary_large_image\" \/>\n<meta name=\"twitter:creator\" content=\"@KapitalisInfo\" \/>\n<meta name=\"twitter:site\" content=\"@KapitalisInfo\" \/>\n<meta name=\"twitter:label1\" content=\"\u00c9crit par\" \/>\n\t<meta name=\"twitter:data1\" content=\"Amina Mkada\" \/>\n\t<meta name=\"twitter:label2\" content=\"Dur\u00e9e de lecture estim\u00e9e\" \/>\n\t<meta name=\"twitter:data2\" content=\"1 minute\" \/>\n<script type=\"application\/ld+json\" class=\"yoast-schema-graph\">{\"@context\":\"https:\/\/schema.org\",\"@graph\":[{\"@type\":\"Article\",\"@id\":\"https:\/\/kapitalis.com\/tunisie\/2019\/12\/13\/tunisie-4-membres-dune-meme-famille-perissent-asphyxies-par-le-gaz-a-douar-hicher\/#article\",\"isPartOf\":{\"@id\":\"https:\/\/kapitalis.com\/tunisie\/2019\/12\/13\/tunisie-4-membres-dune-meme-famille-perissent-asphyxies-par-le-gaz-a-douar-hicher\/\"},\"author\":{\"name\":\"Amina Mkada\",\"@id\":\"https:\/\/kapitalis.com\/tunisie\/#\/schema\/person\/093913313d3017554cb3ad077fff3fbd\"},\"headline\":\"Tunisie : 4 membres d&rsquo;une m\u00eame famille p\u00e9rissent asphyxi\u00e9s par le gaz \u00e0 Douar Hicher\",\"datePublished\":\"2019-12-13T16:34:51+00:00\",\"dateModified\":\"2019-12-13T16:35:51+00:00\",\"mainEntityOfPage\":{\"@id\":\"https:\/\/kapitalis.com\/tunisie\/2019\/12\/13\/tunisie-4-membres-dune-meme-famille-perissent-asphyxies-par-le-gaz-a-douar-hicher\/\"},\"wordCount\":166,\"commentCount\":1,\"publisher\":{\"@id\":\"https:\/\/kapitalis.com\/tunisie\/#organization\"},\"image\":{\"@id\":\"https:\/\/kapitalis.com\/tunisie\/2019\/12\/13\/tunisie-4-membres-dune-meme-famille-perissent-asphyxies-par-le-gaz-a-douar-hicher\/#primaryimage\"},\"thumbnailUrl\":\"\",\"keywords\":[\"Douar Hicher\",\"garde nationale\",\"Gouvernorat de Manouba\",\"procureur de la r\u00e9publique\"],\"articleSection\":[\"SOCIETE\",\"Tunisie\"],\"inLanguage\":\"fr-FR\",\"potentialAction\":[{\"@type\":\"CommentAction\",\"name\":\"Comment\",\"target\":[\"https:\/\/kapitalis.com\/tunisie\/2019\/12\/13\/tunisie-4-membres-dune-meme-famille-perissent-asphyxies-par-le-gaz-a-douar-hicher\/#respond\"]}]},{\"@type\":\"WebPage\",\"@id\":\"https:\/\/kapitalis.com\/tunisie\/2019\/12\/13\/tunisie-4-membres-dune-meme-famille-perissent-asphyxies-par-le-gaz-a-douar-hicher\/\",\"url\":\"https:\/\/kapitalis.com\/tunisie\/2019\/12\/13\/tunisie-4-membres-dune-meme-famille-perissent-asphyxies-par-le-gaz-a-douar-hicher\/\",\"name\":\"Tunisie : 4 membres d'une m\u00eame famille p\u00e9rissent asphyxi\u00e9s par le gaz \u00e0 Douar Hicher - Kapitalis\",\"isPartOf\":{\"@id\":\"https:\/\/kapitalis.com\/tunisie\/#website\"},\"primaryImageOfPage\":{\"@id\":\"https:\/\/kapitalis.com\/tunisie\/2019\/12\/13\/tunisie-4-membres-dune-meme-famille-perissent-asphyxies-par-le-gaz-a-douar-hicher\/#primaryimage\"},\"image\":{\"@id\":\"https:\/\/kapitalis.com\/tunisie\/2019\/12\/13\/tunisie-4-membres-dune-meme-famille-perissent-asphyxies-par-le-gaz-a-douar-hicher\/#primaryimage\"},\"thumbnailUrl\":\"\",\"datePublished\":\"2019-12-13T16:34:51+00:00\",\"dateModified\":\"2019-12-13T16:35:51+00:00\",\"breadcrumb\":{\"@id\":\"https:\/\/kapitalis.com\/tunisie\/2019\/12\/13\/tunisie-4-membres-dune-meme-famille-perissent-asphyxies-par-le-gaz-a-douar-hicher\/#breadcrumb\"},\"inLanguage\":\"fr-FR\",\"potentialAction\":[{\"@type\":\"ReadAction\",\"target\":[\"https:\/\/kapitalis.com\/tunisie\/2019\/12\/13\/tunisie-4-membres-dune-meme-famille-perissent-asphyxies-par-le-gaz-a-douar-hicher\/\"]}]},{\"@type\":\"ImageObject\",\"inLanguage\":\"fr-FR\",\"@id\":\"https:\/\/kapitalis.com\/tunisie\/2019\/12\/13\/tunisie-4-membres-dune-meme-famille-perissent-asphyxies-par-le-gaz-a-douar-hicher\/#primaryimage\",\"url\":\"\",\"contentUrl\":\"\"},{\"@type\":\"BreadcrumbList\",\"@id\":\"https:\/\/kapitalis.com\/tunisie\/2019\/12\/13\/tunisie-4-membres-dune-meme-famille-perissent-asphyxies-par-le-gaz-a-douar-hicher\/#breadcrumb\",\"itemListElement\":[{\"@type\":\"ListItem\",\"position\":1,\"name\":\"Accueil\",\"item\":\"https:\/\/kapitalis.com\/tunisie\/\"},{\"@type\":\"ListItem\",\"position\":2,\"name\":\"Tunisie : 4 membres d&rsquo;une m\u00eame famille p\u00e9rissent asphyxi\u00e9s par le gaz \u00e0 Douar Hicher\"}]},{\"@type\":\"WebSite\",\"@id\":\"https:\/\/kapitalis.com\/tunisie\/#website\",\"url\":\"https:\/\/kapitalis.com\/tunisie\/\",\"name\":\"Kapitalis\",\"description\":\"L&#039;actualit\u00e9 en Tunisie et dans le monde\",\"publisher\":{\"@id\":\"https:\/\/kapitalis.com\/tunisie\/#organization\"},\"potentialAction\":[{\"@type\":\"SearchAction\",\"target\":{\"@type\":\"EntryPoint\",\"urlTemplate\":\"https:\/\/kapitalis.com\/tunisie\/?s={search_term_string}\"},\"query-input\":{\"@type\":\"PropertyValueSpecification\",\"valueRequired\":true,\"valueName\":\"search_term_string\"}}],\"inLanguage\":\"fr-FR\"},{\"@type\":\"Organization\",\"@id\":\"https:\/\/kapitalis.com\/tunisie\/#organization\",\"name\":\"Kapitalis\",\"url\":\"https:\/\/kapitalis.com\/tunisie\/\",\"logo\":{\"@type\":\"ImageObject\",\"inLanguage\":\"fr-FR\",\"@id\":\"https:\/\/kapitalis.com\/tunisie\/#\/schema\/logo\/image\/\",\"url\":\"https:\/\/kapitalis.com\/tunisie\/wp-content\/uploads\/2022\/05\/Kapitalis-big-size.png\",\"contentUrl\":\"https:\/\/kapitalis.com\/tunisie\/wp-content\/uploads\/2022\/05\/Kapitalis-big-size.png\",\"width\":5000,\"height\":1500,\"caption\":\"Kapitalis\"},\"image\":{\"@id\":\"https:\/\/kapitalis.com\/tunisie\/#\/schema\/logo\/image\/\"},\"sameAs\":[\"https:\/\/www.facebook.com\/KapitalisInfo\/\",\"https:\/\/x.com\/KapitalisInfo\",\"https:\/\/www.youtube.com\/channel\/UC-yDYrHyfFBWWZaOw3FPg9Q\"]},{\"@type\":\"Person\",\"@id\":\"https:\/\/kapitalis.com\/tunisie\/#\/schema\/person\/093913313d3017554cb3ad077fff3fbd\",\"name\":\"Amina Mkada\",\"url\":\"https:\/\/kapitalis.com\/tunisie\/author\/amina\/\"}]}<\/script>\n<!-- \/ Yoast SEO plugin. -->","yoast_head_json":{"title":"Tunisie : 4 membres d'une m\u00eame famille p\u00e9rissent asphyxi\u00e9s par le gaz \u00e0 Douar Hicher - Kapitalis","robots":{"index":"index","follow":"follow","max-snippet":"max-snippet:-1","max-image-preview":"max-image-preview:large","max-video-preview":"max-video-preview:-1"},"canonical":"https:\/\/kapitalis.com\/tunisie\/2019\/12\/13\/tunisie-4-membres-dune-meme-famille-perissent-asphyxies-par-le-gaz-a-douar-hicher\/","og_locale":"fr_FR","og_type":"article","og_title":"Tunisie : 4 membres d'une m\u00eame famille p\u00e9rissent asphyxi\u00e9s par le gaz \u00e0 Douar Hicher - Kapitalis","og_description":"Les 4 membres d&rsquo;une m\u00eame famille sont morts asphyxi\u00e9s ce vendredi 13 d\u00e9cembre 2019, \u00e0 la suite d&rsquo;une fuite de gaz dans leur domicile \u00e0 Douar Hicher, dans le gouvernorat de Manouba, \u00e0 l&rsquo;ouest de Tunis.","og_url":"https:\/\/kapitalis.com\/tunisie\/2019\/12\/13\/tunisie-4-membres-dune-meme-famille-perissent-asphyxies-par-le-gaz-a-douar-hicher\/","og_site_name":"Kapitalis","article_publisher":"https:\/\/www.facebook.com\/KapitalisInfo\/","article_published_time":"2019-12-13T16:34:51+00:00","article_modified_time":"2019-12-13T16:35:51+00:00","og_image":[{"width":1200,"height":630,"url":"https:\/\/kapitalis.com\/tunisie\/wp-content\/uploads\/2022\/05\/kapitalis-logo-fb.png","type":"image\/png"}],"author":"Amina Mkada","twitter_card":"summary_large_image","twitter_creator":"@KapitalisInfo","twitter_site":"@KapitalisInfo","twitter_misc":{"\u00c9crit par":"Amina Mkada","Dur\u00e9e de lecture estim\u00e9e":"1 minute"},"schema":{"@context":"https:\/\/schema.org","@graph":[{"@type":"Article","@id":"https:\/\/kapitalis.com\/tunisie\/2019\/12\/13\/tunisie-4-membres-dune-meme-famille-perissent-asphyxies-par-le-gaz-a-douar-hicher\/#article","isPartOf":{"@id":"https:\/\/kapitalis.com\/tunisie\/2019\/12\/13\/tunisie-4-membres-dune-meme-famille-perissent-asphyxies-par-le-gaz-a-douar-hicher\/"},"author":{"name":"Amina Mkada","@id":"https:\/\/kapitalis.com\/tunisie\/#\/schema\/person\/093913313d3017554cb3ad077fff3fbd"},"headline":"Tunisie : 4 membres d&rsquo;une m\u00eame famille p\u00e9rissent asphyxi\u00e9s par le gaz \u00e0 Douar Hicher","datePublished":"2019-12-13T16:34:51+00:00","dateModified":"2019-12-13T16:35:51+00:00","mainEntityOfPage":{"@id":"https:\/\/kapitalis.com\/tunisie\/2019\/12\/13\/tunisie-4-membres-dune-meme-famille-perissent-asphyxies-par-le-gaz-a-douar-hicher\/"},"wordCount":166,"commentCount":1,"publisher":{"@id":"https:\/\/kapitalis.com\/tunisie\/#organization"},"image":{"@id":"https:\/\/kapitalis.com\/tunisie\/2019\/12\/13\/tunisie-4-membres-dune-meme-famille-perissent-asphyxies-par-le-gaz-a-douar-hicher\/#primaryimage"},"thumbnailUrl":"","keywords":["Douar Hicher","garde nationale","Gouvernorat de Manouba","procureur de la r\u00e9publique"],"articleSection":["SOCIETE","Tunisie"],"inLanguage":"fr-FR","potentialAction":[{"@type":"CommentAction","name":"Comment","target":["https:\/\/kapitalis.com\/tunisie\/2019\/12\/13\/tunisie-4-membres-dune-meme-famille-perissent-asphyxies-par-le-gaz-a-douar-hicher\/#respond"]}]},{"@type":"WebPage","@id":"https:\/\/kapitalis.com\/tunisie\/2019\/12\/13\/tunisie-4-membres-dune-meme-famille-perissent-asphyxies-par-le-gaz-a-douar-hicher\/","url":"https:\/\/kapitalis.com\/tunisie\/2019\/12\/13\/tunisie-4-membres-dune-meme-famille-perissent-asphyxies-par-le-gaz-a-douar-hicher\/","name":"Tunisie : 4 membres d'une m\u00eame famille p\u00e9rissent asphyxi\u00e9s par le gaz \u00e0 Douar Hicher - Kapitalis","isPartOf":{"@id":"https:\/\/kapitalis.com\/tunisie\/#website"},"primaryImageOfPage":{"@id":"https:\/\/kapitalis.com\/tunisie\/2019\/12\/13\/tunisie-4-membres-dune-meme-famille-perissent-asphyxies-par-le-gaz-a-douar-hicher\/#primaryimage"},"image":{"@id":"https:\/\/kapitalis.com\/tunisie\/2019\/12\/13\/tunisie-4-membres-dune-meme-famille-perissent-asphyxies-par-le-gaz-a-douar-hicher\/#primaryimage"},"thumbnailUrl":"","datePublished":"2019-12-13T16:34:51+00:00","dateModified":"2019-12-13T16:35:51+00:00","breadcrumb":{"@id":"https:\/\/kapitalis.com\/tunisie\/2019\/12\/13\/tunisie-4-membres-dune-meme-famille-perissent-asphyxies-par-le-gaz-a-douar-hicher\/#breadcrumb"},"inLanguage":"fr-FR","potentialAction":[{"@type":"ReadAction","target":["https:\/\/kapitalis.com\/tunisie\/2019\/12\/13\/tunisie-4-membres-dune-meme-famille-perissent-asphyxies-par-le-gaz-a-douar-hicher\/"]}]},{"@type":"ImageObject","inLanguage":"fr-FR","@id":"https:\/\/kapitalis.com\/tunisie\/2019\/12\/13\/tunisie-4-membres-dune-meme-famille-perissent-asphyxies-par-le-gaz-a-douar-hicher\/#primaryimage","url":"","contentUrl":""},{"@type":"BreadcrumbList","@id":"https:\/\/kapitalis.com\/tunisie\/2019\/12\/13\/tunisie-4-membres-dune-meme-famille-perissent-asphyxies-par-le-gaz-a-douar-hicher\/#breadcrumb","itemListElement":[{"@type":"ListItem","position":1,"name":"Accueil","item":"https:\/\/kapitalis.com\/tunisie\/"},{"@type":"ListItem","position":2,"name":"Tunisie : 4 membres d&rsquo;une m\u00eame famille p\u00e9rissent asphyxi\u00e9s par le gaz \u00e0 Douar Hicher"}]},{"@type":"WebSite","@id":"https:\/\/kapitalis.com\/tunisie\/#website","url":"https:\/\/kapitalis.com\/tunisie\/","name":"Kapitalis","description":"L&#039;actualit\u00e9 en Tunisie et dans le monde","publisher":{"@id":"https:\/\/kapitalis.com\/tunisie\/#organization"},"potentialAction":[{"@type":"SearchAction","target":{"@type":"EntryPoint","urlTemplate":"https:\/\/kapitalis.com\/tunisie\/?s={search_term_string}"},"query-input":{"@type":"PropertyValueSpecification","valueRequired":true,"valueName":"search_term_string"}}],"inLanguage":"fr-FR"},{"@type":"Organization","@id":"https:\/\/kapitalis.com\/tunisie\/#organization","name":"Kapitalis","url":"https:\/\/kapitalis.com\/tunisie\/","logo":{"@type":"ImageObject","inLanguage":"fr-FR","@id":"https:\/\/kapitalis.com\/tunisie\/#\/schema\/logo\/image\/","url":"https:\/\/kapitalis.com\/tunisie\/wp-content\/uploads\/2022\/05\/Kapitalis-big-size.png","contentUrl":"https:\/\/kapitalis.com\/tunisie\/wp-content\/uploads\/2022\/05\/Kapitalis-big-size.png","width":5000,"height":1500,"caption":"Kapitalis"},"image":{"@id":"https:\/\/kapitalis.com\/tunisie\/#\/schema\/logo\/image\/"},"sameAs":["https:\/\/www.facebook.com\/KapitalisInfo\/","https:\/\/x.com\/KapitalisInfo","https:\/\/www.youtube.com\/channel\/UC-yDYrHyfFBWWZaOw3FPg9Q"]},{"@type":"Person","@id":"https:\/\/kapitalis.com\/tunisie\/#\/schema\/person\/093913313d3017554cb3ad077fff3fbd","name":"Amina Mkada","url":"https:\/\/kapitalis.com\/tunisie\/author\/amina\/"}]}},"_links":{"self":[{"href":"https:\/\/kapitalis.com\/tunisie\/wp-json\/wp\/v2\/posts\/264028","targetHints":{"allow":["GET"]}}],"collection":[{"href":"https:\/\/kapitalis.com\/tunisie\/wp-json\/wp\/v2\/posts"}],"about":[{"href":"https:\/\/kapitalis.com\/tunisie\/wp-json\/wp\/v2\/types\/post"}],"author":[{"embeddable":true,"href":"https:\/\/kapitalis.com\/tunisie\/wp-json\/wp\/v2\/users\/22"}],"replies":[{"embeddable":true,"href":"https:\/\/kapitalis.com\/tunisie\/wp-json\/wp\/v2\/comments?post=264028"}],"version-history":[{"count":0,"href":"https:\/\/kapitalis.com\/tunisie\/wp-json\/wp\/v2\/posts\/264028\/revisions"}],"wp:featuredmedia":[{"embeddable":true,"href":"https:\/\/kapitalis.com\/tunisie\/wp-json\/wp\/v2\/media\/264051"}],"wp:attachment":[{"href":"https:\/\/kapitalis.com\/tunisie\/wp-json\/wp\/v2\/media?parent=264028"}],"wp:term":[{"taxonomy":"category","embeddable":true,"href":"https:\/\/kapitalis.com\/tunisie\/wp-json\/wp\/v2\/categories?post=264028"},{"taxonomy":"post_tag","embeddable":true,"href":"https:\/\/kapitalis.com\/tunisie\/wp-json\/wp\/v2\/tags?post=264028"}],"curies":[{"name":"wp","href":"https:\/\/api.w.org\/{rel}","templated":true}]}}