{"id":264208,"date":"2019-12-14T11:21:02","date_gmt":"2019-12-14T10:21:02","guid":{"rendered":"http:\/\/kapitalis.com\/tunisie\/?p=264208"},"modified":"2019-12-14T11:21:19","modified_gmt":"2019-12-14T10:21:19","slug":"interrogations-sur-la-disparition-tres-opportune-de-sami-fehri","status":"publish","type":"post","link":"https:\/\/kapitalis.com\/tunisie\/2019\/12\/14\/interrogations-sur-la-disparition-tres-opportune-de-sami-fehri\/","title":{"rendered":"Interrogations sur la \u00abdisparition\u00bb tr\u00e8s opportune de Sami Fehri"},"content":{"rendered":"\n<figure class=\"wp-block-image size-large\"><img decoding=\"async\" src=\"http:\/\/kapitalis.com\/tunisie\/wp-content\/uploads\/2019\/11\/Sami-Fehri.jpg\" alt=\"\" class=\"wp-image-252068\"\/><\/figure>\n\n\n\n<p><strong><em> Ce n\u2019est pas pour faire le buzz et doper l\u2019audience de sa cha\u00eene de t\u00e9l\u00e9vision, comme il en a l\u2019habitude, mais pour fuir la justice : Sami Fehri a disparu depuis mercredi 11 d\u00e9cembre 2019, date de l\u2019\u00e9mission par le P\u00f4le judiciaire financier d\u2019un mandat de d\u00e9p\u00f4t \u00e0 son encontre. Une \u00abdisparition\u00bb qui interpelle la justice tunisienne\u2026 <\/em><\/strong><\/p>\n\n\n\n<p> Par<strong> Imed Bahri<\/strong><\/p>\n\n\n\n<!--more-->\n\n\n\n<p> Un mandat de d\u00e9p\u00f4t similaire a \u00e9t\u00e9 \u00e9mis, le m\u00eame jour et dans la m\u00eame affaire de corruption et d\u2019abus de biens publics, \u00e0 l\u2019encontre de l\u2019administratrice judiciaire et du  g\u00e9rant de la soci\u00e9t\u00e9 <a href=\"http:\/\/kapitalis.com\/tunisie\/2019\/11\/06\/affaire-cactus-prod-et-sami-fehri-plainte-deposee-du-charge-du-contentieux-de-letat\/\" target=\"_blank\" rel=\"noreferrer noopener\" aria-label=\"Cactus Prod (s\u2019ouvre dans un nouvel onglet)\">Cactus Prod<\/a>, la soci\u00e9t\u00e9 fond\u00e9e en 2003 par Sami Fehri et son ex-associ\u00e9, Belhassen Trabelsi, beau-fr\u00e8re de l\u2019ancien pr\u00e9sident Zine El-Abidine Ben Ali, laquelle, rappelons-le, a \u00e9t\u00e9 confisqu\u00e9e apr\u00e8s la r\u00e9volution de janvier 2011. <\/p>\n\n\n\n<h3 class=\"wp-block-heading\"> Des \u00abdisparitions\u00bb qui posent probl\u00e8me <\/h3>\n\n\n\n<p>Une source s\u00e9curitaire a confirm\u00e9 \u00e0 Kapitalis que le magnat de t\u00e9l\u00e9vision, poursuivi dans plusieurs affaires judiciaires, toutes pour corruption et malversations financi\u00e8res, est toujours introuvable aujourd\u2019hui, samedi 14 d\u00e9cembre 2019. Il a donc du se cacher pour \u00e9viter le retour en prison, sachant qu\u2019il avait \u00e9t\u00e9 mis en d\u00e9tention \u00e0 plusieurs reprises depuis 2011 et la derni\u00e8re fois le 6 novembre dernier avant d\u2019\u00eatre rel\u00e2ch\u00e9 cinq jours apr\u00e8s et de reprendre ses activit\u00e9s d\u2019animateur t\u00e9l\u00e9vis\u00e9. <\/p>\n\n\n\n<p> Cette disparition rappelle celle d\u2019un autre magnat de la t\u00e9l\u00e9vision,<a href=\"http:\/\/kapitalis.com\/tunisie\/2019\/11\/14\/ghazi-karoui-sort-enfin-de-sa-cachette\/\" target=\"_blank\" rel=\"noreferrer noopener\" aria-label=\" Ghazi Karoui, (s\u2019ouvre dans un nouvel onglet)\"> Ghazi Karoui,<\/a> poursuivi lui aussi en justice avec son fr\u00e8re Nabil Karoui, dans des affaires d\u2019\u00e9vasion fiscale et de blanchiment d\u2019argent, perdu de vue depuis le 23 ao\u00fbt dernier, date de l\u2019\u00e9mission d\u2019un mandat de d\u00e9p\u00f4t \u00e0 son encontre, jusqu\u2019\u00e0 sa r\u00e9apparition le jour m\u00eame de son entr\u00e9e \u00e0 l\u2019Assembl\u00e9e des repr\u00e9sentants du peuple (ARP), le 13 novembre dernier, fort de son immunit\u00e9 parlementaire. Elle rappelle \u00e9galement la disparition de l\u2019affairiste <a href=\"http:\/\/kapitalis.com\/tunisie\/2019\/12\/12\/corruption-slim-riahi-condamne-a-11-ans-de-prison\/\" target=\"_blank\" rel=\"noreferrer noopener\" aria-label=\"Slim Riahi (s\u2019ouvre dans un nouvel onglet)\">Slim Riahi<\/a>, poursuivi lui aussi pour corruption et blanchiment d\u2019argent, qui a quitt\u00e9 la Tunisie en janvier 2019, pour fuir la justice, laquelle vient de le condamner, le 12 d\u00e9cembre courant, \u00e0 11 ans de prison ferme\u2026 Une condamnation pour la forme, puisque le concern\u00e9 est en fuite et il y a peu de chance qu\u2019il revienne un jour en Tunisie\u2026 <\/p>\n\n\n\n<h3 class=\"wp-block-heading\"> Interrogations sur le fonctionnement de la justice tunisienne<\/h3>\n\n\n\n<p> Ces disparitions, \u00f4 combien opportunes, posent de s\u00e9rieuses questions sur le fonctionnement de la justice tunisienne qui par ses atermoiements, ses petits calculs et\/ou sa manque de fermet\u00e9 (d\u00e9lib\u00e9r\u00e9e ou dict\u00e9e par des consid\u00e9rations politiques ?) permet aux barons de la corruption de passer entre les mailles du filet et contourner la loi. <\/p>\n\n\n\n<p> Cette situation devient pour le moins grotesque et enl\u00e8ve toute cr\u00e9dibilit\u00e9 aux institutions d\u2019un Etat qui se dit d\u00e9mocratique et de droit. Mais de quel droit parle-t-on ? Celui des hors-la-loi qui ach\u00e8tent tout avec l\u2019argent sale, y compris les dirigeants politiques ? Et les institutions de la r\u00e9publique, puisqu\u2019il suffit  de devenir chef de parti ou gendre d\u2019un chef de parti, ou encore se faire \u00e9lire \u00e0 l\u2019Assembl\u00e9e pour gagner l\u2019impunit\u00e9.<\/p>\n\n\n\n<figure class=\"wp-block-embed-wordpress wp-block-embed is-type-wp-embed is-provider-kapitalis\"><div class=\"wp-block-embed__wrapper\">\n<blockquote class=\"wp-embedded-content\" data-secret=\"A7LIQG9FvB\"><a href=\"https:\/\/kapitalis.com\/tunisie\/2019\/11\/06\/affaire-cactus-prod-et-sami-fehri-plainte-deposee-du-charge-du-contentieux-de-letat\/\">Affaire Cactus Prod et Sami Fehri : le contentieux de l&rsquo;Etat porte plainte contre deux nouveaux suspects<\/a><\/blockquote><iframe loading=\"lazy\" class=\"wp-embedded-content\" sandbox=\"allow-scripts\" security=\"restricted\" style=\"position: absolute; clip: rect(1px, 1px, 1px, 1px);\" title=\"\u00ab\u00a0Affaire Cactus Prod et Sami Fehri : le contentieux de l&rsquo;Etat porte plainte contre deux nouveaux suspects\u00a0\u00bb &#8212; Kapitalis\" src=\"https:\/\/kapitalis.com\/tunisie\/2019\/11\/06\/affaire-cactus-prod-et-sami-fehri-plainte-deposee-du-charge-du-contentieux-de-letat\/embed\/#?secret=bLmpav55TK#?secret=A7LIQG9FvB\" data-secret=\"A7LIQG9FvB\" width=\"600\" height=\"338\" frameborder=\"0\" marginwidth=\"0\" marginheight=\"0\" scrolling=\"no\"><\/iframe>\n<\/div><\/figure>\n\n\n\n<figure class=\"wp-block-embed-wordpress wp-block-embed is-type-wp-embed is-provider-kapitalis\"><div class=\"wp-block-embed__wrapper\">\n<blockquote class=\"wp-embedded-content\" data-secret=\"lVkKalxRrC\"><a href=\"https:\/\/kapitalis.com\/tunisie\/2019\/11\/06\/la-relation-entre-sami-fehri-et-nabil-karoui-concurrence-coups-bas-et-interets-personnels\/\">L&rsquo;\u00e9volution de la relation entre Sami Fehri et Nabil Karoui : Concurrence, coups bas et int\u00e9r\u00eats personnels<\/a><\/blockquote><iframe loading=\"lazy\" class=\"wp-embedded-content\" sandbox=\"allow-scripts\" security=\"restricted\" style=\"position: absolute; clip: rect(1px, 1px, 1px, 1px);\" title=\"\u00ab\u00a0L&rsquo;\u00e9volution de la relation entre Sami Fehri et Nabil Karoui : Concurrence, coups bas et int\u00e9r\u00eats personnels\u00a0\u00bb &#8212; Kapitalis\" src=\"https:\/\/kapitalis.com\/tunisie\/2019\/11\/06\/la-relation-entre-sami-fehri-et-nabil-karoui-concurrence-coups-bas-et-interets-personnels\/embed\/#?secret=7K5aSJQbvN#?secret=lVkKalxRrC\" data-secret=\"lVkKalxRrC\" width=\"600\" height=\"338\" frameborder=\"0\" marginwidth=\"0\" marginheight=\"0\" scrolling=\"no\"><\/iframe>\n<\/div><\/figure>\n","protected":false},"excerpt":{"rendered":"<p>Ce n\u2019est pas pour faire le buzz et doper l\u2019audience de sa cha\u00eene de t\u00e9l\u00e9vision, comme il en a l\u2019habitude, mais pour fuir la justice : Sami Fehri a disparu depuis mercredi 11 d\u00e9cembre 2019, date de l\u2019\u00e9mission par le P\u00f4le judiciaire financier d\u2019un mandat de d\u00e9p\u00f4t \u00e0 son encontre. Une \u00abdisparition\u00bb qui interpelle la&#8230;<\/p>\n","protected":false},"author":8,"featured_media":0,"comment_status":"open","ping_status":"open","sticky":false,"template":"","format":"standard","meta":{"footnotes":""},"categories":[992,996,997,2433],"tags":[5532,65459,9065,64355,651,3348,1642],"class_list":["post-264208","post","type-post","status-publish","format-standard","hentry","category-a-la-une","category-media","category-politique","category-tunisie","tag-cactus-prod","tag-ghazi-karoui","tag-impunite","tag-justice","tag-nabil-karoui","tag-sami-fehri","tag-slim-riahi"],"yoast_head":"<!-- This site is optimized with the Yoast SEO plugin v26.6 - https:\/\/yoast.com\/wordpress\/plugins\/seo\/ -->\n<title>Interrogations sur la \u00abdisparition\u00bb tr\u00e8s opportune de Sami Fehri - Kapitalis<\/title>\n<meta name=\"robots\" content=\"index, follow, max-snippet:-1, max-image-preview:large, max-video-preview:-1\" \/>\n<link rel=\"canonical\" href=\"https:\/\/kapitalis.com\/tunisie\/2019\/12\/14\/interrogations-sur-la-disparition-tres-opportune-de-sami-fehri\/\" \/>\n<meta property=\"og:locale\" content=\"fr_FR\" \/>\n<meta property=\"og:type\" content=\"article\" \/>\n<meta property=\"og:title\" content=\"Interrogations sur la \u00abdisparition\u00bb tr\u00e8s opportune de Sami Fehri - Kapitalis\" \/>\n<meta property=\"og:description\" content=\"Ce n\u2019est pas pour faire le buzz et doper l\u2019audience de sa cha\u00eene de t\u00e9l\u00e9vision, comme il en a l\u2019habitude, mais pour fuir la justice : Sami Fehri a disparu depuis mercredi 11 d\u00e9cembre 2019, date de l\u2019\u00e9mission par le P\u00f4le judiciaire financier d\u2019un mandat de d\u00e9p\u00f4t \u00e0 son encontre. Une \u00abdisparition\u00bb qui interpelle la...\" \/>\n<meta property=\"og:url\" content=\"https:\/\/kapitalis.com\/tunisie\/2019\/12\/14\/interrogations-sur-la-disparition-tres-opportune-de-sami-fehri\/\" \/>\n<meta property=\"og:site_name\" content=\"Kapitalis\" \/>\n<meta property=\"article:publisher\" content=\"https:\/\/www.facebook.com\/KapitalisInfo\/\" \/>\n<meta property=\"article:published_time\" content=\"2019-12-14T10:21:02+00:00\" \/>\n<meta property=\"article:modified_time\" content=\"2019-12-14T10:21:19+00:00\" \/>\n<meta property=\"og:image\" content=\"http:\/\/kapitalis.com\/tunisie\/wp-content\/uploads\/2019\/11\/Sami-Fehri.jpg\" \/>\n<meta name=\"author\" content=\"webmaster kapitalis\" \/>\n<meta name=\"twitter:card\" content=\"summary_large_image\" \/>\n<meta name=\"twitter:creator\" content=\"@KapitalisInfo\" \/>\n<meta name=\"twitter:site\" content=\"@KapitalisInfo\" \/>\n<meta name=\"twitter:label1\" content=\"\u00c9crit par\" \/>\n\t<meta name=\"twitter:data1\" content=\"webmaster kapitalis\" \/>\n\t<meta name=\"twitter:label2\" content=\"Dur\u00e9e de lecture estim\u00e9e\" \/>\n\t<meta name=\"twitter:data2\" content=\"3 minutes\" \/>\n<script type=\"application\/ld+json\" class=\"yoast-schema-graph\">{\"@context\":\"https:\/\/schema.org\",\"@graph\":[{\"@type\":\"Article\",\"@id\":\"https:\/\/kapitalis.com\/tunisie\/2019\/12\/14\/interrogations-sur-la-disparition-tres-opportune-de-sami-fehri\/#article\",\"isPartOf\":{\"@id\":\"https:\/\/kapitalis.com\/tunisie\/2019\/12\/14\/interrogations-sur-la-disparition-tres-opportune-de-sami-fehri\/\"},\"author\":{\"name\":\"webmaster kapitalis\",\"@id\":\"https:\/\/kapitalis.com\/tunisie\/#\/schema\/person\/d71f33a9ca44f7bad4698210b480c8e9\"},\"headline\":\"Interrogations sur la \u00abdisparition\u00bb tr\u00e8s opportune de Sami Fehri\",\"datePublished\":\"2019-12-14T10:21:02+00:00\",\"dateModified\":\"2019-12-14T10:21:19+00:00\",\"mainEntityOfPage\":{\"@id\":\"https:\/\/kapitalis.com\/tunisie\/2019\/12\/14\/interrogations-sur-la-disparition-tres-opportune-de-sami-fehri\/\"},\"wordCount\":564,\"commentCount\":10,\"publisher\":{\"@id\":\"https:\/\/kapitalis.com\/tunisie\/#organization\"},\"image\":{\"@id\":\"https:\/\/kapitalis.com\/tunisie\/2019\/12\/14\/interrogations-sur-la-disparition-tres-opportune-de-sami-fehri\/#primaryimage\"},\"thumbnailUrl\":\"http:\/\/kapitalis.com\/tunisie\/wp-content\/uploads\/2019\/11\/Sami-Fehri.jpg\",\"keywords\":[\"Cactus Prod\",\"Ghazi Karoui\",\"impunit\u00e9\",\"justice\",\"Nabil Karoui\",\"Sami Fehri\",\"Slim Riahi\"],\"articleSection\":[\"A LA UNE\",\"MEDIA\",\"POLITIQUE\",\"Tunisie\"],\"inLanguage\":\"fr-FR\",\"potentialAction\":[{\"@type\":\"CommentAction\",\"name\":\"Comment\",\"target\":[\"https:\/\/kapitalis.com\/tunisie\/2019\/12\/14\/interrogations-sur-la-disparition-tres-opportune-de-sami-fehri\/#respond\"]}]},{\"@type\":\"WebPage\",\"@id\":\"https:\/\/kapitalis.com\/tunisie\/2019\/12\/14\/interrogations-sur-la-disparition-tres-opportune-de-sami-fehri\/\",\"url\":\"https:\/\/kapitalis.com\/tunisie\/2019\/12\/14\/interrogations-sur-la-disparition-tres-opportune-de-sami-fehri\/\",\"name\":\"Interrogations sur la \u00abdisparition\u00bb tr\u00e8s opportune de Sami Fehri - Kapitalis\",\"isPartOf\":{\"@id\":\"https:\/\/kapitalis.com\/tunisie\/#website\"},\"primaryImageOfPage\":{\"@id\":\"https:\/\/kapitalis.com\/tunisie\/2019\/12\/14\/interrogations-sur-la-disparition-tres-opportune-de-sami-fehri\/#primaryimage\"},\"image\":{\"@id\":\"https:\/\/kapitalis.com\/tunisie\/2019\/12\/14\/interrogations-sur-la-disparition-tres-opportune-de-sami-fehri\/#primaryimage\"},\"thumbnailUrl\":\"http:\/\/kapitalis.com\/tunisie\/wp-content\/uploads\/2019\/11\/Sami-Fehri.jpg\",\"datePublished\":\"2019-12-14T10:21:02+00:00\",\"dateModified\":\"2019-12-14T10:21:19+00:00\",\"breadcrumb\":{\"@id\":\"https:\/\/kapitalis.com\/tunisie\/2019\/12\/14\/interrogations-sur-la-disparition-tres-opportune-de-sami-fehri\/#breadcrumb\"},\"inLanguage\":\"fr-FR\",\"potentialAction\":[{\"@type\":\"ReadAction\",\"target\":[\"https:\/\/kapitalis.com\/tunisie\/2019\/12\/14\/interrogations-sur-la-disparition-tres-opportune-de-sami-fehri\/\"]}]},{\"@type\":\"ImageObject\",\"inLanguage\":\"fr-FR\",\"@id\":\"https:\/\/kapitalis.com\/tunisie\/2019\/12\/14\/interrogations-sur-la-disparition-tres-opportune-de-sami-fehri\/#primaryimage\",\"url\":\"\",\"contentUrl\":\"\"},{\"@type\":\"BreadcrumbList\",\"@id\":\"https:\/\/kapitalis.com\/tunisie\/2019\/12\/14\/interrogations-sur-la-disparition-tres-opportune-de-sami-fehri\/#breadcrumb\",\"itemListElement\":[{\"@type\":\"ListItem\",\"position\":1,\"name\":\"Accueil\",\"item\":\"https:\/\/kapitalis.com\/tunisie\/\"},{\"@type\":\"ListItem\",\"position\":2,\"name\":\"Interrogations sur la \u00abdisparition\u00bb tr\u00e8s opportune de Sami Fehri\"}]},{\"@type\":\"WebSite\",\"@id\":\"https:\/\/kapitalis.com\/tunisie\/#website\",\"url\":\"https:\/\/kapitalis.com\/tunisie\/\",\"name\":\"Kapitalis\",\"description\":\"L&#039;actualit\u00e9 en Tunisie et dans le monde\",\"publisher\":{\"@id\":\"https:\/\/kapitalis.com\/tunisie\/#organization\"},\"potentialAction\":[{\"@type\":\"SearchAction\",\"target\":{\"@type\":\"EntryPoint\",\"urlTemplate\":\"https:\/\/kapitalis.com\/tunisie\/?s={search_term_string}\"},\"query-input\":{\"@type\":\"PropertyValueSpecification\",\"valueRequired\":true,\"valueName\":\"search_term_string\"}}],\"inLanguage\":\"fr-FR\"},{\"@type\":\"Organization\",\"@id\":\"https:\/\/kapitalis.com\/tunisie\/#organization\",\"name\":\"Kapitalis\",\"url\":\"https:\/\/kapitalis.com\/tunisie\/\",\"logo\":{\"@type\":\"ImageObject\",\"inLanguage\":\"fr-FR\",\"@id\":\"https:\/\/kapitalis.com\/tunisie\/#\/schema\/logo\/image\/\",\"url\":\"https:\/\/kapitalis.com\/tunisie\/wp-content\/uploads\/2022\/05\/Kapitalis-big-size.png\",\"contentUrl\":\"https:\/\/kapitalis.com\/tunisie\/wp-content\/uploads\/2022\/05\/Kapitalis-big-size.png\",\"width\":5000,\"height\":1500,\"caption\":\"Kapitalis\"},\"image\":{\"@id\":\"https:\/\/kapitalis.com\/tunisie\/#\/schema\/logo\/image\/\"},\"sameAs\":[\"https:\/\/www.facebook.com\/KapitalisInfo\/\",\"https:\/\/x.com\/KapitalisInfo\",\"https:\/\/www.youtube.com\/channel\/UC-yDYrHyfFBWWZaOw3FPg9Q\"]},{\"@type\":\"Person\",\"@id\":\"https:\/\/kapitalis.com\/tunisie\/#\/schema\/person\/d71f33a9ca44f7bad4698210b480c8e9\",\"name\":\"webmaster kapitalis\",\"url\":\"https:\/\/kapitalis.com\/tunisie\/author\/webmaster-kapitalis\/\"}]}<\/script>\n<!-- \/ Yoast SEO plugin. -->","yoast_head_json":{"title":"Interrogations sur la \u00abdisparition\u00bb tr\u00e8s opportune de Sami Fehri - Kapitalis","robots":{"index":"index","follow":"follow","max-snippet":"max-snippet:-1","max-image-preview":"max-image-preview:large","max-video-preview":"max-video-preview:-1"},"canonical":"https:\/\/kapitalis.com\/tunisie\/2019\/12\/14\/interrogations-sur-la-disparition-tres-opportune-de-sami-fehri\/","og_locale":"fr_FR","og_type":"article","og_title":"Interrogations sur la \u00abdisparition\u00bb tr\u00e8s opportune de Sami Fehri - Kapitalis","og_description":"Ce n\u2019est pas pour faire le buzz et doper l\u2019audience de sa cha\u00eene de t\u00e9l\u00e9vision, comme il en a l\u2019habitude, mais pour fuir la justice : Sami Fehri a disparu depuis mercredi 11 d\u00e9cembre 2019, date de l\u2019\u00e9mission par le P\u00f4le judiciaire financier d\u2019un mandat de d\u00e9p\u00f4t \u00e0 son encontre. Une \u00abdisparition\u00bb qui interpelle la...","og_url":"https:\/\/kapitalis.com\/tunisie\/2019\/12\/14\/interrogations-sur-la-disparition-tres-opportune-de-sami-fehri\/","og_site_name":"Kapitalis","article_publisher":"https:\/\/www.facebook.com\/KapitalisInfo\/","article_published_time":"2019-12-14T10:21:02+00:00","article_modified_time":"2019-12-14T10:21:19+00:00","og_image":[{"url":"http:\/\/kapitalis.com\/tunisie\/wp-content\/uploads\/2019\/11\/Sami-Fehri.jpg","type":"","width":"","height":""}],"author":"webmaster kapitalis","twitter_card":"summary_large_image","twitter_creator":"@KapitalisInfo","twitter_site":"@KapitalisInfo","twitter_misc":{"\u00c9crit par":"webmaster kapitalis","Dur\u00e9e de lecture estim\u00e9e":"3 minutes"},"schema":{"@context":"https:\/\/schema.org","@graph":[{"@type":"Article","@id":"https:\/\/kapitalis.com\/tunisie\/2019\/12\/14\/interrogations-sur-la-disparition-tres-opportune-de-sami-fehri\/#article","isPartOf":{"@id":"https:\/\/kapitalis.com\/tunisie\/2019\/12\/14\/interrogations-sur-la-disparition-tres-opportune-de-sami-fehri\/"},"author":{"name":"webmaster kapitalis","@id":"https:\/\/kapitalis.com\/tunisie\/#\/schema\/person\/d71f33a9ca44f7bad4698210b480c8e9"},"headline":"Interrogations sur la \u00abdisparition\u00bb tr\u00e8s opportune de Sami Fehri","datePublished":"2019-12-14T10:21:02+00:00","dateModified":"2019-12-14T10:21:19+00:00","mainEntityOfPage":{"@id":"https:\/\/kapitalis.com\/tunisie\/2019\/12\/14\/interrogations-sur-la-disparition-tres-opportune-de-sami-fehri\/"},"wordCount":564,"commentCount":10,"publisher":{"@id":"https:\/\/kapitalis.com\/tunisie\/#organization"},"image":{"@id":"https:\/\/kapitalis.com\/tunisie\/2019\/12\/14\/interrogations-sur-la-disparition-tres-opportune-de-sami-fehri\/#primaryimage"},"thumbnailUrl":"http:\/\/kapitalis.com\/tunisie\/wp-content\/uploads\/2019\/11\/Sami-Fehri.jpg","keywords":["Cactus Prod","Ghazi Karoui","impunit\u00e9","justice","Nabil Karoui","Sami Fehri","Slim Riahi"],"articleSection":["A LA UNE","MEDIA","POLITIQUE","Tunisie"],"inLanguage":"fr-FR","potentialAction":[{"@type":"CommentAction","name":"Comment","target":["https:\/\/kapitalis.com\/tunisie\/2019\/12\/14\/interrogations-sur-la-disparition-tres-opportune-de-sami-fehri\/#respond"]}]},{"@type":"WebPage","@id":"https:\/\/kapitalis.com\/tunisie\/2019\/12\/14\/interrogations-sur-la-disparition-tres-opportune-de-sami-fehri\/","url":"https:\/\/kapitalis.com\/tunisie\/2019\/12\/14\/interrogations-sur-la-disparition-tres-opportune-de-sami-fehri\/","name":"Interrogations sur la \u00abdisparition\u00bb tr\u00e8s opportune de Sami Fehri - Kapitalis","isPartOf":{"@id":"https:\/\/kapitalis.com\/tunisie\/#website"},"primaryImageOfPage":{"@id":"https:\/\/kapitalis.com\/tunisie\/2019\/12\/14\/interrogations-sur-la-disparition-tres-opportune-de-sami-fehri\/#primaryimage"},"image":{"@id":"https:\/\/kapitalis.com\/tunisie\/2019\/12\/14\/interrogations-sur-la-disparition-tres-opportune-de-sami-fehri\/#primaryimage"},"thumbnailUrl":"http:\/\/kapitalis.com\/tunisie\/wp-content\/uploads\/2019\/11\/Sami-Fehri.jpg","datePublished":"2019-12-14T10:21:02+00:00","dateModified":"2019-12-14T10:21:19+00:00","breadcrumb":{"@id":"https:\/\/kapitalis.com\/tunisie\/2019\/12\/14\/interrogations-sur-la-disparition-tres-opportune-de-sami-fehri\/#breadcrumb"},"inLanguage":"fr-FR","potentialAction":[{"@type":"ReadAction","target":["https:\/\/kapitalis.com\/tunisie\/2019\/12\/14\/interrogations-sur-la-disparition-tres-opportune-de-sami-fehri\/"]}]},{"@type":"ImageObject","inLanguage":"fr-FR","@id":"https:\/\/kapitalis.com\/tunisie\/2019\/12\/14\/interrogations-sur-la-disparition-tres-opportune-de-sami-fehri\/#primaryimage","url":"","contentUrl":""},{"@type":"BreadcrumbList","@id":"https:\/\/kapitalis.com\/tunisie\/2019\/12\/14\/interrogations-sur-la-disparition-tres-opportune-de-sami-fehri\/#breadcrumb","itemListElement":[{"@type":"ListItem","position":1,"name":"Accueil","item":"https:\/\/kapitalis.com\/tunisie\/"},{"@type":"ListItem","position":2,"name":"Interrogations sur la \u00abdisparition\u00bb tr\u00e8s opportune de Sami Fehri"}]},{"@type":"WebSite","@id":"https:\/\/kapitalis.com\/tunisie\/#website","url":"https:\/\/kapitalis.com\/tunisie\/","name":"Kapitalis","description":"L&#039;actualit\u00e9 en Tunisie et dans le monde","publisher":{"@id":"https:\/\/kapitalis.com\/tunisie\/#organization"},"potentialAction":[{"@type":"SearchAction","target":{"@type":"EntryPoint","urlTemplate":"https:\/\/kapitalis.com\/tunisie\/?s={search_term_string}"},"query-input":{"@type":"PropertyValueSpecification","valueRequired":true,"valueName":"search_term_string"}}],"inLanguage":"fr-FR"},{"@type":"Organization","@id":"https:\/\/kapitalis.com\/tunisie\/#organization","name":"Kapitalis","url":"https:\/\/kapitalis.com\/tunisie\/","logo":{"@type":"ImageObject","inLanguage":"fr-FR","@id":"https:\/\/kapitalis.com\/tunisie\/#\/schema\/logo\/image\/","url":"https:\/\/kapitalis.com\/tunisie\/wp-content\/uploads\/2022\/05\/Kapitalis-big-size.png","contentUrl":"https:\/\/kapitalis.com\/tunisie\/wp-content\/uploads\/2022\/05\/Kapitalis-big-size.png","width":5000,"height":1500,"caption":"Kapitalis"},"image":{"@id":"https:\/\/kapitalis.com\/tunisie\/#\/schema\/logo\/image\/"},"sameAs":["https:\/\/www.facebook.com\/KapitalisInfo\/","https:\/\/x.com\/KapitalisInfo","https:\/\/www.youtube.com\/channel\/UC-yDYrHyfFBWWZaOw3FPg9Q"]},{"@type":"Person","@id":"https:\/\/kapitalis.com\/tunisie\/#\/schema\/person\/d71f33a9ca44f7bad4698210b480c8e9","name":"webmaster kapitalis","url":"https:\/\/kapitalis.com\/tunisie\/author\/webmaster-kapitalis\/"}]}},"_links":{"self":[{"href":"https:\/\/kapitalis.com\/tunisie\/wp-json\/wp\/v2\/posts\/264208","targetHints":{"allow":["GET"]}}],"collection":[{"href":"https:\/\/kapitalis.com\/tunisie\/wp-json\/wp\/v2\/posts"}],"about":[{"href":"https:\/\/kapitalis.com\/tunisie\/wp-json\/wp\/v2\/types\/post"}],"author":[{"embeddable":true,"href":"https:\/\/kapitalis.com\/tunisie\/wp-json\/wp\/v2\/users\/8"}],"replies":[{"embeddable":true,"href":"https:\/\/kapitalis.com\/tunisie\/wp-json\/wp\/v2\/comments?post=264208"}],"version-history":[{"count":0,"href":"https:\/\/kapitalis.com\/tunisie\/wp-json\/wp\/v2\/posts\/264208\/revisions"}],"wp:attachment":[{"href":"https:\/\/kapitalis.com\/tunisie\/wp-json\/wp\/v2\/media?parent=264208"}],"wp:term":[{"taxonomy":"category","embeddable":true,"href":"https:\/\/kapitalis.com\/tunisie\/wp-json\/wp\/v2\/categories?post=264208"},{"taxonomy":"post_tag","embeddable":true,"href":"https:\/\/kapitalis.com\/tunisie\/wp-json\/wp\/v2\/tags?post=264208"}],"curies":[{"name":"wp","href":"https:\/\/api.w.org\/{rel}","templated":true}]}}