{"id":26428,"date":"2015-11-21T11:48:46","date_gmt":"2015-11-21T10:48:46","guid":{"rendered":"http:\/\/kapitalis.com\/tunisie\/?p=26428"},"modified":"2015-11-21T13:06:31","modified_gmt":"2015-11-21T12:06:31","slug":"arabie-saoudite-un-poete-palestinien-condamne-a-mort-pour-apostasie","status":"publish","type":"post","link":"https:\/\/kapitalis.com\/tunisie\/2015\/11\/21\/arabie-saoudite-un-poete-palestinien-condamne-a-mort-pour-apostasie\/","title":{"rendered":"Arabie Saoudite : Un po\u00e8te palestinien condamn\u00e9 \u00e0 mort pour apostasie"},"content":{"rendered":"<p><img loading=\"lazy\" decoding=\"async\" class=\"alignnone size-full wp-image-26430 aligncenter\" src=\"http:\/\/kapitalis.com\/tunisie\/wp-content\/uploads\/2015\/11\/ashraf-Fayad.jpg\" alt=\"ashraf Fayad\" width=\"626\" height=\"380\" \/><\/p>\n<p><em><strong>Ashraf Fayad, un po\u00e8te palestinien r\u00e9fugi\u00e9 en Arabie Saoudite, a \u00e9t\u00e9 condamn\u00e9 \u00e0 mort pour apostasie.<\/strong> <\/em><!--more--><\/p>\n<p>Adam Coogle, repr\u00e9sentant de Human Rights Watch (HRW) au Moyen-Orient, a annonc\u00e9 qu&rsquo;un tribunal religieux saoudien a condamn\u00e9 en appel, vendredi, Ashraf Fayad \u00e0 la peine capitale.<\/p>\n<p>Arr\u00eat\u00e9 en 2013, le po\u00e8te palestinien a \u00e9t\u00e9 condamn\u00e9 en 2014 \u00e0 4 ans de prison ferme et 800 coups de fouets, une peine, d\u00e9j\u00e0 assez lourde mais qui a d\u00e9plu au procureur qui en a fait appel.<\/p>\n<p>La peine d\u2019Ashraf Fayad a \u00e9t\u00e9 aggrav\u00e9e suite \u00e0 un t\u00e9moignage de la partie plaignante, affirmant l\u2019avoir entendu maudire Dieu, Mohammed le proph\u00e8te de l&rsquo;islam, ainsi que l&rsquo;Arabie saoudite.<\/p>\n<p><img loading=\"lazy\" decoding=\"async\" class=\"alignnone size-full wp-image-26431 aligncenter\" src=\"http:\/\/kapitalis.com\/tunisie\/wp-content\/uploads\/2015\/11\/ashraf-Fayad-2.jpg\" alt=\"ashraf Fayad 2\" width=\"500\" height=\"300\" \/><\/p>\n<p>Un recueil de po\u00e8mes, \u00e9crit 10 ans plus t\u00f4t, n&rsquo;a pas plaid\u00e9 en sa faveur, puisqu\u2019il y indiquait clairement avoir reni\u00e9 l&rsquo;islam.<\/p>\n<p>Rappelons qu&rsquo;en septembre dernier, l&rsquo;Arabie saoudite, un pays souvent critiqu\u00e9 pour ses atteintes aux droits de l&rsquo;homme, qui peine \u00e0 concevoir les libert\u00e9s personnelles et l\u2019\u00e9galit\u00e9 homme-femme, et dont les lois sont inspir\u00e9es de la charia, a pris la t\u00eate du Conseil des Droits de l&rsquo;Homme de l&rsquo;Organisation des Nations unies (Onu).<\/p>\n<p style=\"text-align: right;\"><strong>Y. N.<\/strong><\/p>\n<p>&nbsp;<\/p>\n","protected":false},"excerpt":{"rendered":"<p>Ashraf Fayad, un po\u00e8te palestinien r\u00e9fugi\u00e9 en Arabie Saoudite, a \u00e9t\u00e9 condamn\u00e9 \u00e0 mort pour apostasie.<\/p>\n","protected":false},"author":11,"featured_media":26430,"comment_status":"open","ping_status":"open","sticky":false,"template":"","format":"standard","meta":{"footnotes":""},"categories":[994,2433],"tags":[2638,3194],"class_list":["post-26428","post","type-post","status-publish","format-standard","has-post-thumbnail","hentry","category-culture","category-tunisie","tag-arabie-saoudite","tag-onu"],"yoast_head":"<!-- This site is optimized with the Yoast SEO plugin v26.6 - https:\/\/yoast.com\/wordpress\/plugins\/seo\/ -->\n<title>Arabie Saoudite : Un po\u00e8te palestinien condamn\u00e9 \u00e0 mort pour apostasie - Kapitalis<\/title>\n<meta name=\"robots\" content=\"index, follow, max-snippet:-1, max-image-preview:large, max-video-preview:-1\" \/>\n<link rel=\"canonical\" href=\"https:\/\/kapitalis.com\/tunisie\/2015\/11\/21\/arabie-saoudite-un-poete-palestinien-condamne-a-mort-pour-apostasie\/\" \/>\n<meta property=\"og:locale\" content=\"fr_FR\" \/>\n<meta property=\"og:type\" content=\"article\" \/>\n<meta property=\"og:title\" content=\"Arabie Saoudite : Un po\u00e8te palestinien condamn\u00e9 \u00e0 mort pour apostasie - Kapitalis\" \/>\n<meta property=\"og:description\" content=\"Ashraf Fayad, un po\u00e8te palestinien r\u00e9fugi\u00e9 en Arabie Saoudite, a \u00e9t\u00e9 condamn\u00e9 \u00e0 mort pour apostasie.\" \/>\n<meta property=\"og:url\" content=\"https:\/\/kapitalis.com\/tunisie\/2015\/11\/21\/arabie-saoudite-un-poete-palestinien-condamne-a-mort-pour-apostasie\/\" \/>\n<meta property=\"og:site_name\" content=\"Kapitalis\" \/>\n<meta property=\"article:publisher\" content=\"https:\/\/www.facebook.com\/KapitalisInfo\/\" \/>\n<meta property=\"article:published_time\" content=\"2015-11-21T10:48:46+00:00\" \/>\n<meta property=\"article:modified_time\" content=\"2015-11-21T12:06:31+00:00\" \/>\n<meta property=\"og:image\" content=\"https:\/\/kapitalis.com\/tunisie\/wp-content\/uploads\/2022\/05\/kapitalis-logo-fb.png\" \/>\n\t<meta property=\"og:image:width\" content=\"1200\" \/>\n\t<meta property=\"og:image:height\" content=\"630\" \/>\n\t<meta property=\"og:image:type\" content=\"image\/png\" \/>\n<meta name=\"author\" content=\"benmansour3 benmansour\" \/>\n<meta name=\"twitter:card\" content=\"summary_large_image\" \/>\n<meta name=\"twitter:creator\" content=\"@KapitalisInfo\" \/>\n<meta name=\"twitter:site\" content=\"@KapitalisInfo\" \/>\n<meta name=\"twitter:label1\" content=\"\u00c9crit par\" \/>\n\t<meta name=\"twitter:data1\" content=\"benmansour3 benmansour\" \/>\n\t<meta name=\"twitter:label2\" content=\"Dur\u00e9e de lecture estim\u00e9e\" \/>\n\t<meta name=\"twitter:data2\" content=\"1 minute\" \/>\n<script type=\"application\/ld+json\" class=\"yoast-schema-graph\">{\"@context\":\"https:\/\/schema.org\",\"@graph\":[{\"@type\":\"Article\",\"@id\":\"https:\/\/kapitalis.com\/tunisie\/2015\/11\/21\/arabie-saoudite-un-poete-palestinien-condamne-a-mort-pour-apostasie\/#article\",\"isPartOf\":{\"@id\":\"https:\/\/kapitalis.com\/tunisie\/2015\/11\/21\/arabie-saoudite-un-poete-palestinien-condamne-a-mort-pour-apostasie\/\"},\"author\":{\"name\":\"benmansour3 benmansour\",\"@id\":\"https:\/\/kapitalis.com\/tunisie\/#\/schema\/person\/035372e645ad321edc01006468cd4c8b\"},\"headline\":\"Arabie Saoudite : Un po\u00e8te palestinien condamn\u00e9 \u00e0 mort pour apostasie\",\"datePublished\":\"2015-11-21T10:48:46+00:00\",\"dateModified\":\"2015-11-21T12:06:31+00:00\",\"mainEntityOfPage\":{\"@id\":\"https:\/\/kapitalis.com\/tunisie\/2015\/11\/21\/arabie-saoudite-un-poete-palestinien-condamne-a-mort-pour-apostasie\/\"},\"wordCount\":206,\"commentCount\":3,\"publisher\":{\"@id\":\"https:\/\/kapitalis.com\/tunisie\/#organization\"},\"image\":{\"@id\":\"https:\/\/kapitalis.com\/tunisie\/2015\/11\/21\/arabie-saoudite-un-poete-palestinien-condamne-a-mort-pour-apostasie\/#primaryimage\"},\"thumbnailUrl\":\"\",\"keywords\":[\"Arabie saoudite\",\"Onu\"],\"articleSection\":[\"CULTURE\",\"Tunisie\"],\"inLanguage\":\"fr-FR\",\"potentialAction\":[{\"@type\":\"CommentAction\",\"name\":\"Comment\",\"target\":[\"https:\/\/kapitalis.com\/tunisie\/2015\/11\/21\/arabie-saoudite-un-poete-palestinien-condamne-a-mort-pour-apostasie\/#respond\"]}]},{\"@type\":\"WebPage\",\"@id\":\"https:\/\/kapitalis.com\/tunisie\/2015\/11\/21\/arabie-saoudite-un-poete-palestinien-condamne-a-mort-pour-apostasie\/\",\"url\":\"https:\/\/kapitalis.com\/tunisie\/2015\/11\/21\/arabie-saoudite-un-poete-palestinien-condamne-a-mort-pour-apostasie\/\",\"name\":\"Arabie Saoudite : Un po\u00e8te palestinien condamn\u00e9 \u00e0 mort pour apostasie - Kapitalis\",\"isPartOf\":{\"@id\":\"https:\/\/kapitalis.com\/tunisie\/#website\"},\"primaryImageOfPage\":{\"@id\":\"https:\/\/kapitalis.com\/tunisie\/2015\/11\/21\/arabie-saoudite-un-poete-palestinien-condamne-a-mort-pour-apostasie\/#primaryimage\"},\"image\":{\"@id\":\"https:\/\/kapitalis.com\/tunisie\/2015\/11\/21\/arabie-saoudite-un-poete-palestinien-condamne-a-mort-pour-apostasie\/#primaryimage\"},\"thumbnailUrl\":\"\",\"datePublished\":\"2015-11-21T10:48:46+00:00\",\"dateModified\":\"2015-11-21T12:06:31+00:00\",\"breadcrumb\":{\"@id\":\"https:\/\/kapitalis.com\/tunisie\/2015\/11\/21\/arabie-saoudite-un-poete-palestinien-condamne-a-mort-pour-apostasie\/#breadcrumb\"},\"inLanguage\":\"fr-FR\",\"potentialAction\":[{\"@type\":\"ReadAction\",\"target\":[\"https:\/\/kapitalis.com\/tunisie\/2015\/11\/21\/arabie-saoudite-un-poete-palestinien-condamne-a-mort-pour-apostasie\/\"]}]},{\"@type\":\"ImageObject\",\"inLanguage\":\"fr-FR\",\"@id\":\"https:\/\/kapitalis.com\/tunisie\/2015\/11\/21\/arabie-saoudite-un-poete-palestinien-condamne-a-mort-pour-apostasie\/#primaryimage\",\"url\":\"\",\"contentUrl\":\"\"},{\"@type\":\"BreadcrumbList\",\"@id\":\"https:\/\/kapitalis.com\/tunisie\/2015\/11\/21\/arabie-saoudite-un-poete-palestinien-condamne-a-mort-pour-apostasie\/#breadcrumb\",\"itemListElement\":[{\"@type\":\"ListItem\",\"position\":1,\"name\":\"Accueil\",\"item\":\"https:\/\/kapitalis.com\/tunisie\/\"},{\"@type\":\"ListItem\",\"position\":2,\"name\":\"Arabie Saoudite : Un po\u00e8te palestinien condamn\u00e9 \u00e0 mort pour apostasie\"}]},{\"@type\":\"WebSite\",\"@id\":\"https:\/\/kapitalis.com\/tunisie\/#website\",\"url\":\"https:\/\/kapitalis.com\/tunisie\/\",\"name\":\"Kapitalis\",\"description\":\"L&#039;actualit\u00e9 en Tunisie et dans le monde\",\"publisher\":{\"@id\":\"https:\/\/kapitalis.com\/tunisie\/#organization\"},\"potentialAction\":[{\"@type\":\"SearchAction\",\"target\":{\"@type\":\"EntryPoint\",\"urlTemplate\":\"https:\/\/kapitalis.com\/tunisie\/?s={search_term_string}\"},\"query-input\":{\"@type\":\"PropertyValueSpecification\",\"valueRequired\":true,\"valueName\":\"search_term_string\"}}],\"inLanguage\":\"fr-FR\"},{\"@type\":\"Organization\",\"@id\":\"https:\/\/kapitalis.com\/tunisie\/#organization\",\"name\":\"Kapitalis\",\"url\":\"https:\/\/kapitalis.com\/tunisie\/\",\"logo\":{\"@type\":\"ImageObject\",\"inLanguage\":\"fr-FR\",\"@id\":\"https:\/\/kapitalis.com\/tunisie\/#\/schema\/logo\/image\/\",\"url\":\"https:\/\/kapitalis.com\/tunisie\/wp-content\/uploads\/2022\/05\/Kapitalis-big-size.png\",\"contentUrl\":\"https:\/\/kapitalis.com\/tunisie\/wp-content\/uploads\/2022\/05\/Kapitalis-big-size.png\",\"width\":5000,\"height\":1500,\"caption\":\"Kapitalis\"},\"image\":{\"@id\":\"https:\/\/kapitalis.com\/tunisie\/#\/schema\/logo\/image\/\"},\"sameAs\":[\"https:\/\/www.facebook.com\/KapitalisInfo\/\",\"https:\/\/x.com\/KapitalisInfo\",\"https:\/\/www.youtube.com\/channel\/UC-yDYrHyfFBWWZaOw3FPg9Q\"]},{\"@type\":\"Person\",\"@id\":\"https:\/\/kapitalis.com\/tunisie\/#\/schema\/person\/035372e645ad321edc01006468cd4c8b\",\"name\":\"benmansour3 benmansour\",\"url\":\"https:\/\/kapitalis.com\/tunisie\/author\/benmansour3\/\"}]}<\/script>\n<!-- \/ Yoast SEO plugin. -->","yoast_head_json":{"title":"Arabie Saoudite : Un po\u00e8te palestinien condamn\u00e9 \u00e0 mort pour apostasie - Kapitalis","robots":{"index":"index","follow":"follow","max-snippet":"max-snippet:-1","max-image-preview":"max-image-preview:large","max-video-preview":"max-video-preview:-1"},"canonical":"https:\/\/kapitalis.com\/tunisie\/2015\/11\/21\/arabie-saoudite-un-poete-palestinien-condamne-a-mort-pour-apostasie\/","og_locale":"fr_FR","og_type":"article","og_title":"Arabie Saoudite : Un po\u00e8te palestinien condamn\u00e9 \u00e0 mort pour apostasie - Kapitalis","og_description":"Ashraf Fayad, un po\u00e8te palestinien r\u00e9fugi\u00e9 en Arabie Saoudite, a \u00e9t\u00e9 condamn\u00e9 \u00e0 mort pour apostasie.","og_url":"https:\/\/kapitalis.com\/tunisie\/2015\/11\/21\/arabie-saoudite-un-poete-palestinien-condamne-a-mort-pour-apostasie\/","og_site_name":"Kapitalis","article_publisher":"https:\/\/www.facebook.com\/KapitalisInfo\/","article_published_time":"2015-11-21T10:48:46+00:00","article_modified_time":"2015-11-21T12:06:31+00:00","og_image":[{"width":1200,"height":630,"url":"https:\/\/kapitalis.com\/tunisie\/wp-content\/uploads\/2022\/05\/kapitalis-logo-fb.png","type":"image\/png"}],"author":"benmansour3 benmansour","twitter_card":"summary_large_image","twitter_creator":"@KapitalisInfo","twitter_site":"@KapitalisInfo","twitter_misc":{"\u00c9crit par":"benmansour3 benmansour","Dur\u00e9e de lecture estim\u00e9e":"1 minute"},"schema":{"@context":"https:\/\/schema.org","@graph":[{"@type":"Article","@id":"https:\/\/kapitalis.com\/tunisie\/2015\/11\/21\/arabie-saoudite-un-poete-palestinien-condamne-a-mort-pour-apostasie\/#article","isPartOf":{"@id":"https:\/\/kapitalis.com\/tunisie\/2015\/11\/21\/arabie-saoudite-un-poete-palestinien-condamne-a-mort-pour-apostasie\/"},"author":{"name":"benmansour3 benmansour","@id":"https:\/\/kapitalis.com\/tunisie\/#\/schema\/person\/035372e645ad321edc01006468cd4c8b"},"headline":"Arabie Saoudite : Un po\u00e8te palestinien condamn\u00e9 \u00e0 mort pour apostasie","datePublished":"2015-11-21T10:48:46+00:00","dateModified":"2015-11-21T12:06:31+00:00","mainEntityOfPage":{"@id":"https:\/\/kapitalis.com\/tunisie\/2015\/11\/21\/arabie-saoudite-un-poete-palestinien-condamne-a-mort-pour-apostasie\/"},"wordCount":206,"commentCount":3,"publisher":{"@id":"https:\/\/kapitalis.com\/tunisie\/#organization"},"image":{"@id":"https:\/\/kapitalis.com\/tunisie\/2015\/11\/21\/arabie-saoudite-un-poete-palestinien-condamne-a-mort-pour-apostasie\/#primaryimage"},"thumbnailUrl":"","keywords":["Arabie saoudite","Onu"],"articleSection":["CULTURE","Tunisie"],"inLanguage":"fr-FR","potentialAction":[{"@type":"CommentAction","name":"Comment","target":["https:\/\/kapitalis.com\/tunisie\/2015\/11\/21\/arabie-saoudite-un-poete-palestinien-condamne-a-mort-pour-apostasie\/#respond"]}]},{"@type":"WebPage","@id":"https:\/\/kapitalis.com\/tunisie\/2015\/11\/21\/arabie-saoudite-un-poete-palestinien-condamne-a-mort-pour-apostasie\/","url":"https:\/\/kapitalis.com\/tunisie\/2015\/11\/21\/arabie-saoudite-un-poete-palestinien-condamne-a-mort-pour-apostasie\/","name":"Arabie Saoudite : Un po\u00e8te palestinien condamn\u00e9 \u00e0 mort pour apostasie - Kapitalis","isPartOf":{"@id":"https:\/\/kapitalis.com\/tunisie\/#website"},"primaryImageOfPage":{"@id":"https:\/\/kapitalis.com\/tunisie\/2015\/11\/21\/arabie-saoudite-un-poete-palestinien-condamne-a-mort-pour-apostasie\/#primaryimage"},"image":{"@id":"https:\/\/kapitalis.com\/tunisie\/2015\/11\/21\/arabie-saoudite-un-poete-palestinien-condamne-a-mort-pour-apostasie\/#primaryimage"},"thumbnailUrl":"","datePublished":"2015-11-21T10:48:46+00:00","dateModified":"2015-11-21T12:06:31+00:00","breadcrumb":{"@id":"https:\/\/kapitalis.com\/tunisie\/2015\/11\/21\/arabie-saoudite-un-poete-palestinien-condamne-a-mort-pour-apostasie\/#breadcrumb"},"inLanguage":"fr-FR","potentialAction":[{"@type":"ReadAction","target":["https:\/\/kapitalis.com\/tunisie\/2015\/11\/21\/arabie-saoudite-un-poete-palestinien-condamne-a-mort-pour-apostasie\/"]}]},{"@type":"ImageObject","inLanguage":"fr-FR","@id":"https:\/\/kapitalis.com\/tunisie\/2015\/11\/21\/arabie-saoudite-un-poete-palestinien-condamne-a-mort-pour-apostasie\/#primaryimage","url":"","contentUrl":""},{"@type":"BreadcrumbList","@id":"https:\/\/kapitalis.com\/tunisie\/2015\/11\/21\/arabie-saoudite-un-poete-palestinien-condamne-a-mort-pour-apostasie\/#breadcrumb","itemListElement":[{"@type":"ListItem","position":1,"name":"Accueil","item":"https:\/\/kapitalis.com\/tunisie\/"},{"@type":"ListItem","position":2,"name":"Arabie Saoudite : Un po\u00e8te palestinien condamn\u00e9 \u00e0 mort pour apostasie"}]},{"@type":"WebSite","@id":"https:\/\/kapitalis.com\/tunisie\/#website","url":"https:\/\/kapitalis.com\/tunisie\/","name":"Kapitalis","description":"L&#039;actualit\u00e9 en Tunisie et dans le monde","publisher":{"@id":"https:\/\/kapitalis.com\/tunisie\/#organization"},"potentialAction":[{"@type":"SearchAction","target":{"@type":"EntryPoint","urlTemplate":"https:\/\/kapitalis.com\/tunisie\/?s={search_term_string}"},"query-input":{"@type":"PropertyValueSpecification","valueRequired":true,"valueName":"search_term_string"}}],"inLanguage":"fr-FR"},{"@type":"Organization","@id":"https:\/\/kapitalis.com\/tunisie\/#organization","name":"Kapitalis","url":"https:\/\/kapitalis.com\/tunisie\/","logo":{"@type":"ImageObject","inLanguage":"fr-FR","@id":"https:\/\/kapitalis.com\/tunisie\/#\/schema\/logo\/image\/","url":"https:\/\/kapitalis.com\/tunisie\/wp-content\/uploads\/2022\/05\/Kapitalis-big-size.png","contentUrl":"https:\/\/kapitalis.com\/tunisie\/wp-content\/uploads\/2022\/05\/Kapitalis-big-size.png","width":5000,"height":1500,"caption":"Kapitalis"},"image":{"@id":"https:\/\/kapitalis.com\/tunisie\/#\/schema\/logo\/image\/"},"sameAs":["https:\/\/www.facebook.com\/KapitalisInfo\/","https:\/\/x.com\/KapitalisInfo","https:\/\/www.youtube.com\/channel\/UC-yDYrHyfFBWWZaOw3FPg9Q"]},{"@type":"Person","@id":"https:\/\/kapitalis.com\/tunisie\/#\/schema\/person\/035372e645ad321edc01006468cd4c8b","name":"benmansour3 benmansour","url":"https:\/\/kapitalis.com\/tunisie\/author\/benmansour3\/"}]}},"_links":{"self":[{"href":"https:\/\/kapitalis.com\/tunisie\/wp-json\/wp\/v2\/posts\/26428","targetHints":{"allow":["GET"]}}],"collection":[{"href":"https:\/\/kapitalis.com\/tunisie\/wp-json\/wp\/v2\/posts"}],"about":[{"href":"https:\/\/kapitalis.com\/tunisie\/wp-json\/wp\/v2\/types\/post"}],"author":[{"embeddable":true,"href":"https:\/\/kapitalis.com\/tunisie\/wp-json\/wp\/v2\/users\/11"}],"replies":[{"embeddable":true,"href":"https:\/\/kapitalis.com\/tunisie\/wp-json\/wp\/v2\/comments?post=26428"}],"version-history":[{"count":0,"href":"https:\/\/kapitalis.com\/tunisie\/wp-json\/wp\/v2\/posts\/26428\/revisions"}],"wp:featuredmedia":[{"embeddable":true,"href":"https:\/\/kapitalis.com\/tunisie\/wp-json\/wp\/v2\/media\/26430"}],"wp:attachment":[{"href":"https:\/\/kapitalis.com\/tunisie\/wp-json\/wp\/v2\/media?parent=26428"}],"wp:term":[{"taxonomy":"category","embeddable":true,"href":"https:\/\/kapitalis.com\/tunisie\/wp-json\/wp\/v2\/categories?post=26428"},{"taxonomy":"post_tag","embeddable":true,"href":"https:\/\/kapitalis.com\/tunisie\/wp-json\/wp\/v2\/tags?post=26428"}],"curies":[{"name":"wp","href":"https:\/\/api.w.org\/{rel}","templated":true}]}}