{"id":2645070,"date":"2022-07-31T10:26:13","date_gmt":"2022-07-31T09:26:13","guid":{"rendered":"https:\/\/kapitalis.com\/tunisie\/?p=2645070"},"modified":"2022-07-31T10:26:15","modified_gmt":"2022-07-31T09:26:15","slug":"la-tunisie-aux-prises-avec-un-nationalisme-suicidaire","status":"publish","type":"post","link":"https:\/\/kapitalis.com\/tunisie\/2022\/07\/31\/la-tunisie-aux-prises-avec-un-nationalisme-suicidaire\/","title":{"rendered":"La Tunisie\u00a0aux prises avec un nationalisme suicidaire"},"content":{"rendered":"\n<p><strong><em>Ceux qui s\u2019\u00e9l\u00e8vent aujourd\u2019hui contre ce qu\u2019ils consid\u00e8rent comme une ing\u00e9rence inacceptable de la part des pays occidentaux dans les affaires int\u00e9rieures de la Tunisie et une atteinte \u00e0 sa souverainet\u00e9 semblent perdre de vue qu\u2019il y a peu de chances de voir un plan de sauvetage de l\u2019\u00e9conomie tunisienne se mettre en place dans une situation d\u2019animosit\u00e9 avec l\u2019Europe et les Etats-Unis d\u2019Am\u00e9rique.<\/em><\/strong> <em>(Illustration : le nationalisme \u00e9triqu\u00e9, conjugu\u00e9 au culte de la personnalit\u00e9, peut mener \u00e0 de graves d\u00e9rapages). <\/em><\/p>\n\n\n\n<p>Par <strong>Elyes Kasri<\/strong> * \u00a0\u00a0<\/p>\n\n\n\n<!--more-->\n\n\n<div class=\"wp-block-image\">\n<figure class=\"alignleft size-full\"><img decoding=\"async\" src=\"http:\/\/kapitalis.com\/tunisie\/wp-content\/uploads\/2021\/06\/Elyes-Kasri.jpg\" alt=\"\" class=\"wp-image-352204\"\/><\/figure>\n<\/div>\n\n\n<p>Il est quand m\u00eame inqui\u00e9tant de voir deux ph\u00e9nom\u00e8nes d\u00e9cha\u00eener les passions et m\u00eame une certaine hargne en Tunisie contre tout ce qui a trait \u00e0 la d\u00e9mocratie et \u00e0 l\u2019Europe et aux Etats Unis d&rsquo;Am\u00e9rique.<\/p>\n\n\n\n<p>Par un \u00e9trange concours de circonstances et un amalgame proprement tunisien, le parti islamiste Ennahdha semble en d\u00e9pit de tout associ\u00e9 \u00e0 la d\u00e9mocratie balbutiante dont certains veulent emp\u00eacher le retour quitte \u00e0 cautionner un r\u00e9gime aux relents apparemment pr\u00e9sidentialistes, selon certains experts, plus verrouill\u00e9, tout du moins dans les textes, en attendant de voir la pratique, que du temps de feu Ben Ali, p\u00e9riode pourtant consid\u00e9r\u00e9e comme une dictature impopulaire et honnie.<\/p>\n\n\n\n<h2 class=\"wp-block-heading\">La responsabilit\u00e9 des Tunisiens<\/h2>\n\n\n\n<p>Beaucoup, y compris certains responsables, semblent perdre de vue qu\u2019il y a peu de chances de voir un plan de sauvetage de l\u2019\u00e9conomie tunisienne dans une situation d\u2019animosit\u00e9 avec l\u2019Europe et les Etats-Unis d\u2019Am\u00e9rique.<\/p>\n\n\n\n<figure class=\"wp-block-embed is-type-wp-embed is-provider-kapitalis wp-block-embed-kapitalis\"><div class=\"wp-block-embed__wrapper\">\n<blockquote class=\"wp-embedded-content\" data-secret=\"x58rVfdrb8\"><a href=\"https:\/\/kapitalis.com\/tunisie\/2022\/07\/30\/tunisie-kais-saied-soffre-une-crise-diplomatique-avec-les-etats-unis\/\">Tunisie\u00a0: Ka\u00efs Sa\u00efed s\u2019offre une crise diplomatique avec les \u00c9tats-Unis<\/a><\/blockquote><iframe loading=\"lazy\" class=\"wp-embedded-content\" sandbox=\"allow-scripts\" security=\"restricted\" style=\"position: absolute; clip: rect(1px, 1px, 1px, 1px);\" title=\"\u00ab\u00a0Tunisie\u00a0: Ka\u00efs Sa\u00efed s\u2019offre une crise diplomatique avec les \u00c9tats-Unis\u00a0\u00bb &#8212; Kapitalis\" src=\"https:\/\/kapitalis.com\/tunisie\/2022\/07\/30\/tunisie-kais-saied-soffre-une-crise-diplomatique-avec-les-etats-unis\/embed\/#?secret=evP7TaZksY#?secret=x58rVfdrb8\" data-secret=\"x58rVfdrb8\" width=\"600\" height=\"338\" frameborder=\"0\" marginwidth=\"0\" marginheight=\"0\" scrolling=\"no\"><\/iframe>\n<\/div><\/figure>\n\n\n\n<p>Ceux qui invoquent la souverainet\u00e9 nationale gagneraient \u00e0 prendre conscience de la gravit\u00e9 de la situation de l\u2019\u00e9conomie tunisienne et de la responsabilit\u00e9 des Tunisiens, toutes cat\u00e9gories confondues, dans ce marasme \u00e9conomique malgr\u00e9 la manne financi\u00e8re consid\u00e9rable dont a b\u00e9n\u00e9fici\u00e9 la Tunisie depuis 2011 et qui a \u00e9t\u00e9 dilapid\u00e9e dans une euphorie revendicatrice et d\u00e9pensi\u00e8re collective.<\/p>\n\n\n\n<p>Les responsables tunisiens ont longtemps utilis\u00e9 le slogan de <em>\u00abla Tunisie, berceau du printemps arabe\u00bb<\/em> et <em>\u00abinvest in democracy\u00bb<\/em>. Les Europ\u00e9ens et les Am\u00e9ricains se consid\u00e8rent en droit de les prendre au mot.<\/p>\n\n\n\n<figure class=\"wp-block-embed is-type-wp-embed is-provider-kapitalis wp-block-embed-kapitalis\"><div class=\"wp-block-embed__wrapper\">\n<blockquote class=\"wp-embedded-content\" data-secret=\"4vS9kSD8Se\"><a href=\"https:\/\/kapitalis.com\/tunisie\/2022\/07\/30\/la-tunisie-et-sa-souverainete-nationale-postures-et-impostures\/\">La Tunisie et sa \u00absouverainet\u00e9 nationale\u00bb\u00a0: Postures et impostures<\/a><\/blockquote><iframe loading=\"lazy\" class=\"wp-embedded-content\" sandbox=\"allow-scripts\" security=\"restricted\" style=\"position: absolute; clip: rect(1px, 1px, 1px, 1px);\" title=\"\u00ab\u00a0La Tunisie et sa \u00absouverainet\u00e9 nationale\u00bb\u00a0: Postures et impostures\u00a0\u00bb &#8212; Kapitalis\" src=\"https:\/\/kapitalis.com\/tunisie\/2022\/07\/30\/la-tunisie-et-sa-souverainete-nationale-postures-et-impostures\/embed\/#?secret=EBa5GpBzQh#?secret=4vS9kSD8Se\" data-secret=\"4vS9kSD8Se\" width=\"600\" height=\"338\" frameborder=\"0\" marginwidth=\"0\" marginheight=\"0\" scrolling=\"no\"><\/iframe>\n<\/div><\/figure>\n\n\n\n<h2 class=\"wp-block-heading\">Un nationalisme \u00e9triqu\u00e9<\/h2>\n\n\n\n<p>D\u2019autre part, ceux qui par exp\u00e9dient politique ravivent les flammes d\u2019un nationalisme \u00e9triqu\u00e9, devraient s\u00e9rieusement m\u00e9diter l\u2019incendie qui risque d\u2019\u00e9chapper \u00e0 tout contr\u00f4le et le pr\u00e9c\u00e9dent regrettable de l\u2019attaque contre l\u2019ambassade am\u00e9ricaine \u00e0 Tunis un certain 14 septembre 2012.<\/p>\n\n\n\n<p>Ceux qui pr\u00f4nent la d\u00e9fiance et l\u2019autarcie devraient avoir l\u2019honn\u00eatet\u00e9 de pr\u00e9senter un plan de sortie de crise convaincant et pr\u00e9servant la souverainet\u00e9 nationale telle qu\u2019ils la con\u00e7oivent. Ce serait tant mieux s\u2019ils pouvaient le faire avec suffisamment de gages de succ\u00e8s car il vaut toujours mieux compter sur soi-m\u00eame que sur les autres. <\/p>\n\n\n\n<p><em>Ancien ambassadeur.<\/em> \u00a0<\/p>\n","protected":false},"excerpt":{"rendered":"<p>En Tunisie, comme partout, le nationalisme \u00e9triqu\u00e9, conjugu\u00e9 au culte de la personnalit\u00e9, peut mener \u00e0 de graves d\u00e9rapages.<\/p>\n","protected":false},"author":8,"featured_media":2646350,"comment_status":"open","ping_status":"open","sticky":false,"template":"","format":"standard","meta":{"footnotes":""},"categories":[992,997,1000,2433],"tags":[82931,75918,62643,937],"class_list":["post-2645070","post","type-post","status-publish","format-standard","has-post-thumbnail","hentry","category-a-la-une","category-politique","category-tribune","category-tunisie","tag-elyes-kasri-2","tag-etats-unis-2","tag-tunisie","tag-union-europeenne"],"yoast_head":"<!-- This site is optimized with the Yoast SEO plugin v26.6 - https:\/\/yoast.com\/wordpress\/plugins\/seo\/ -->\n<title>La Tunisie\u00a0aux prises avec un nationalisme suicidaire - Kapitalis<\/title>\n<meta name=\"robots\" content=\"index, follow, max-snippet:-1, max-image-preview:large, max-video-preview:-1\" \/>\n<link rel=\"canonical\" href=\"https:\/\/kapitalis.com\/tunisie\/2022\/07\/31\/la-tunisie-aux-prises-avec-un-nationalisme-suicidaire\/\" \/>\n<meta property=\"og:locale\" content=\"fr_FR\" \/>\n<meta property=\"og:type\" content=\"article\" \/>\n<meta property=\"og:title\" content=\"La Tunisie\u00a0aux prises avec un nationalisme suicidaire - Kapitalis\" \/>\n<meta property=\"og:description\" content=\"En Tunisie, comme partout, le nationalisme \u00e9triqu\u00e9, conjugu\u00e9 au culte de la personnalit\u00e9, peut mener \u00e0 de graves d\u00e9rapages.\" \/>\n<meta property=\"og:url\" content=\"https:\/\/kapitalis.com\/tunisie\/2022\/07\/31\/la-tunisie-aux-prises-avec-un-nationalisme-suicidaire\/\" \/>\n<meta property=\"og:site_name\" content=\"Kapitalis\" \/>\n<meta property=\"article:publisher\" content=\"https:\/\/www.facebook.com\/KapitalisInfo\/\" \/>\n<meta property=\"article:published_time\" content=\"2022-07-31T09:26:13+00:00\" \/>\n<meta property=\"article:modified_time\" content=\"2022-07-31T09:26:15+00:00\" \/>\n<meta property=\"og:image\" content=\"https:\/\/kapitalis.com\/tunisie\/wp-content\/uploads\/2022\/07\/Manifestation-Pro-Saied.jpg\" \/>\n\t<meta property=\"og:image:width\" content=\"1200\" \/>\n\t<meta property=\"og:image:height\" content=\"630\" \/>\n\t<meta property=\"og:image:type\" content=\"image\/jpeg\" \/>\n<meta name=\"author\" content=\"webmaster kapitalis\" \/>\n<meta name=\"twitter:card\" content=\"summary_large_image\" \/>\n<meta name=\"twitter:creator\" content=\"@KapitalisInfo\" \/>\n<meta name=\"twitter:site\" content=\"@KapitalisInfo\" \/>\n<meta name=\"twitter:label1\" content=\"\u00c9crit par\" \/>\n\t<meta name=\"twitter:data1\" content=\"webmaster kapitalis\" \/>\n\t<meta name=\"twitter:label2\" content=\"Dur\u00e9e de lecture estim\u00e9e\" \/>\n\t<meta name=\"twitter:data2\" content=\"3 minutes\" \/>\n<script type=\"application\/ld+json\" class=\"yoast-schema-graph\">{\"@context\":\"https:\/\/schema.org\",\"@graph\":[{\"@type\":\"Article\",\"@id\":\"https:\/\/kapitalis.com\/tunisie\/2022\/07\/31\/la-tunisie-aux-prises-avec-un-nationalisme-suicidaire\/#article\",\"isPartOf\":{\"@id\":\"https:\/\/kapitalis.com\/tunisie\/2022\/07\/31\/la-tunisie-aux-prises-avec-un-nationalisme-suicidaire\/\"},\"author\":{\"name\":\"webmaster kapitalis\",\"@id\":\"https:\/\/kapitalis.com\/tunisie\/#\/schema\/person\/d71f33a9ca44f7bad4698210b480c8e9\"},\"headline\":\"La Tunisie\u00a0aux prises avec un nationalisme suicidaire\",\"datePublished\":\"2022-07-31T09:26:13+00:00\",\"dateModified\":\"2022-07-31T09:26:15+00:00\",\"mainEntityOfPage\":{\"@id\":\"https:\/\/kapitalis.com\/tunisie\/2022\/07\/31\/la-tunisie-aux-prises-avec-un-nationalisme-suicidaire\/\"},\"wordCount\":498,\"commentCount\":3,\"publisher\":{\"@id\":\"https:\/\/kapitalis.com\/tunisie\/#organization\"},\"image\":{\"@id\":\"https:\/\/kapitalis.com\/tunisie\/2022\/07\/31\/la-tunisie-aux-prises-avec-un-nationalisme-suicidaire\/#primaryimage\"},\"thumbnailUrl\":\"https:\/\/kapitalis.com\/tunisie\/wp-content\/uploads\/2022\/07\/Manifestation-Pro-Saied.jpg\",\"keywords\":[\"Elyes Kasri\",\"Etats-Unis\",\"Tunisie\",\"Union europ\u00e9enne\"],\"articleSection\":[\"A LA UNE\",\"POLITIQUE\",\"TRIBUNE\",\"Tunisie\"],\"inLanguage\":\"fr-FR\",\"potentialAction\":[{\"@type\":\"CommentAction\",\"name\":\"Comment\",\"target\":[\"https:\/\/kapitalis.com\/tunisie\/2022\/07\/31\/la-tunisie-aux-prises-avec-un-nationalisme-suicidaire\/#respond\"]}]},{\"@type\":\"WebPage\",\"@id\":\"https:\/\/kapitalis.com\/tunisie\/2022\/07\/31\/la-tunisie-aux-prises-avec-un-nationalisme-suicidaire\/\",\"url\":\"https:\/\/kapitalis.com\/tunisie\/2022\/07\/31\/la-tunisie-aux-prises-avec-un-nationalisme-suicidaire\/\",\"name\":\"La Tunisie\u00a0aux prises avec un nationalisme suicidaire - Kapitalis\",\"isPartOf\":{\"@id\":\"https:\/\/kapitalis.com\/tunisie\/#website\"},\"primaryImageOfPage\":{\"@id\":\"https:\/\/kapitalis.com\/tunisie\/2022\/07\/31\/la-tunisie-aux-prises-avec-un-nationalisme-suicidaire\/#primaryimage\"},\"image\":{\"@id\":\"https:\/\/kapitalis.com\/tunisie\/2022\/07\/31\/la-tunisie-aux-prises-avec-un-nationalisme-suicidaire\/#primaryimage\"},\"thumbnailUrl\":\"https:\/\/kapitalis.com\/tunisie\/wp-content\/uploads\/2022\/07\/Manifestation-Pro-Saied.jpg\",\"datePublished\":\"2022-07-31T09:26:13+00:00\",\"dateModified\":\"2022-07-31T09:26:15+00:00\",\"breadcrumb\":{\"@id\":\"https:\/\/kapitalis.com\/tunisie\/2022\/07\/31\/la-tunisie-aux-prises-avec-un-nationalisme-suicidaire\/#breadcrumb\"},\"inLanguage\":\"fr-FR\",\"potentialAction\":[{\"@type\":\"ReadAction\",\"target\":[\"https:\/\/kapitalis.com\/tunisie\/2022\/07\/31\/la-tunisie-aux-prises-avec-un-nationalisme-suicidaire\/\"]}]},{\"@type\":\"ImageObject\",\"inLanguage\":\"fr-FR\",\"@id\":\"https:\/\/kapitalis.com\/tunisie\/2022\/07\/31\/la-tunisie-aux-prises-avec-un-nationalisme-suicidaire\/#primaryimage\",\"url\":\"https:\/\/kapitalis.com\/tunisie\/wp-content\/uploads\/2022\/07\/Manifestation-Pro-Saied.jpg\",\"contentUrl\":\"https:\/\/kapitalis.com\/tunisie\/wp-content\/uploads\/2022\/07\/Manifestation-Pro-Saied.jpg\",\"width\":1200,\"height\":630},{\"@type\":\"BreadcrumbList\",\"@id\":\"https:\/\/kapitalis.com\/tunisie\/2022\/07\/31\/la-tunisie-aux-prises-avec-un-nationalisme-suicidaire\/#breadcrumb\",\"itemListElement\":[{\"@type\":\"ListItem\",\"position\":1,\"name\":\"Accueil\",\"item\":\"https:\/\/kapitalis.com\/tunisie\/\"},{\"@type\":\"ListItem\",\"position\":2,\"name\":\"La Tunisie\u00a0aux prises avec un nationalisme suicidaire\"}]},{\"@type\":\"WebSite\",\"@id\":\"https:\/\/kapitalis.com\/tunisie\/#website\",\"url\":\"https:\/\/kapitalis.com\/tunisie\/\",\"name\":\"Kapitalis\",\"description\":\"L&#039;actualit\u00e9 en Tunisie et dans le monde\",\"publisher\":{\"@id\":\"https:\/\/kapitalis.com\/tunisie\/#organization\"},\"potentialAction\":[{\"@type\":\"SearchAction\",\"target\":{\"@type\":\"EntryPoint\",\"urlTemplate\":\"https:\/\/kapitalis.com\/tunisie\/?s={search_term_string}\"},\"query-input\":{\"@type\":\"PropertyValueSpecification\",\"valueRequired\":true,\"valueName\":\"search_term_string\"}}],\"inLanguage\":\"fr-FR\"},{\"@type\":\"Organization\",\"@id\":\"https:\/\/kapitalis.com\/tunisie\/#organization\",\"name\":\"Kapitalis\",\"url\":\"https:\/\/kapitalis.com\/tunisie\/\",\"logo\":{\"@type\":\"ImageObject\",\"inLanguage\":\"fr-FR\",\"@id\":\"https:\/\/kapitalis.com\/tunisie\/#\/schema\/logo\/image\/\",\"url\":\"https:\/\/kapitalis.com\/tunisie\/wp-content\/uploads\/2022\/05\/Kapitalis-big-size.png\",\"contentUrl\":\"https:\/\/kapitalis.com\/tunisie\/wp-content\/uploads\/2022\/05\/Kapitalis-big-size.png\",\"width\":5000,\"height\":1500,\"caption\":\"Kapitalis\"},\"image\":{\"@id\":\"https:\/\/kapitalis.com\/tunisie\/#\/schema\/logo\/image\/\"},\"sameAs\":[\"https:\/\/www.facebook.com\/KapitalisInfo\/\",\"https:\/\/x.com\/KapitalisInfo\",\"https:\/\/www.youtube.com\/channel\/UC-yDYrHyfFBWWZaOw3FPg9Q\"]},{\"@type\":\"Person\",\"@id\":\"https:\/\/kapitalis.com\/tunisie\/#\/schema\/person\/d71f33a9ca44f7bad4698210b480c8e9\",\"name\":\"webmaster kapitalis\",\"url\":\"https:\/\/kapitalis.com\/tunisie\/author\/webmaster-kapitalis\/\"}]}<\/script>\n<!-- \/ Yoast SEO plugin. -->","yoast_head_json":{"title":"La Tunisie\u00a0aux prises avec un nationalisme suicidaire - Kapitalis","robots":{"index":"index","follow":"follow","max-snippet":"max-snippet:-1","max-image-preview":"max-image-preview:large","max-video-preview":"max-video-preview:-1"},"canonical":"https:\/\/kapitalis.com\/tunisie\/2022\/07\/31\/la-tunisie-aux-prises-avec-un-nationalisme-suicidaire\/","og_locale":"fr_FR","og_type":"article","og_title":"La Tunisie\u00a0aux prises avec un nationalisme suicidaire - Kapitalis","og_description":"En Tunisie, comme partout, le nationalisme \u00e9triqu\u00e9, conjugu\u00e9 au culte de la personnalit\u00e9, peut mener \u00e0 de graves d\u00e9rapages.","og_url":"https:\/\/kapitalis.com\/tunisie\/2022\/07\/31\/la-tunisie-aux-prises-avec-un-nationalisme-suicidaire\/","og_site_name":"Kapitalis","article_publisher":"https:\/\/www.facebook.com\/KapitalisInfo\/","article_published_time":"2022-07-31T09:26:13+00:00","article_modified_time":"2022-07-31T09:26:15+00:00","og_image":[{"width":1200,"height":630,"url":"https:\/\/kapitalis.com\/tunisie\/wp-content\/uploads\/2022\/07\/Manifestation-Pro-Saied.jpg","type":"image\/jpeg"}],"author":"webmaster kapitalis","twitter_card":"summary_large_image","twitter_creator":"@KapitalisInfo","twitter_site":"@KapitalisInfo","twitter_misc":{"\u00c9crit par":"webmaster kapitalis","Dur\u00e9e de lecture estim\u00e9e":"3 minutes"},"schema":{"@context":"https:\/\/schema.org","@graph":[{"@type":"Article","@id":"https:\/\/kapitalis.com\/tunisie\/2022\/07\/31\/la-tunisie-aux-prises-avec-un-nationalisme-suicidaire\/#article","isPartOf":{"@id":"https:\/\/kapitalis.com\/tunisie\/2022\/07\/31\/la-tunisie-aux-prises-avec-un-nationalisme-suicidaire\/"},"author":{"name":"webmaster kapitalis","@id":"https:\/\/kapitalis.com\/tunisie\/#\/schema\/person\/d71f33a9ca44f7bad4698210b480c8e9"},"headline":"La Tunisie\u00a0aux prises avec un nationalisme suicidaire","datePublished":"2022-07-31T09:26:13+00:00","dateModified":"2022-07-31T09:26:15+00:00","mainEntityOfPage":{"@id":"https:\/\/kapitalis.com\/tunisie\/2022\/07\/31\/la-tunisie-aux-prises-avec-un-nationalisme-suicidaire\/"},"wordCount":498,"commentCount":3,"publisher":{"@id":"https:\/\/kapitalis.com\/tunisie\/#organization"},"image":{"@id":"https:\/\/kapitalis.com\/tunisie\/2022\/07\/31\/la-tunisie-aux-prises-avec-un-nationalisme-suicidaire\/#primaryimage"},"thumbnailUrl":"https:\/\/kapitalis.com\/tunisie\/wp-content\/uploads\/2022\/07\/Manifestation-Pro-Saied.jpg","keywords":["Elyes Kasri","Etats-Unis","Tunisie","Union europ\u00e9enne"],"articleSection":["A LA UNE","POLITIQUE","TRIBUNE","Tunisie"],"inLanguage":"fr-FR","potentialAction":[{"@type":"CommentAction","name":"Comment","target":["https:\/\/kapitalis.com\/tunisie\/2022\/07\/31\/la-tunisie-aux-prises-avec-un-nationalisme-suicidaire\/#respond"]}]},{"@type":"WebPage","@id":"https:\/\/kapitalis.com\/tunisie\/2022\/07\/31\/la-tunisie-aux-prises-avec-un-nationalisme-suicidaire\/","url":"https:\/\/kapitalis.com\/tunisie\/2022\/07\/31\/la-tunisie-aux-prises-avec-un-nationalisme-suicidaire\/","name":"La Tunisie\u00a0aux prises avec un nationalisme suicidaire - Kapitalis","isPartOf":{"@id":"https:\/\/kapitalis.com\/tunisie\/#website"},"primaryImageOfPage":{"@id":"https:\/\/kapitalis.com\/tunisie\/2022\/07\/31\/la-tunisie-aux-prises-avec-un-nationalisme-suicidaire\/#primaryimage"},"image":{"@id":"https:\/\/kapitalis.com\/tunisie\/2022\/07\/31\/la-tunisie-aux-prises-avec-un-nationalisme-suicidaire\/#primaryimage"},"thumbnailUrl":"https:\/\/kapitalis.com\/tunisie\/wp-content\/uploads\/2022\/07\/Manifestation-Pro-Saied.jpg","datePublished":"2022-07-31T09:26:13+00:00","dateModified":"2022-07-31T09:26:15+00:00","breadcrumb":{"@id":"https:\/\/kapitalis.com\/tunisie\/2022\/07\/31\/la-tunisie-aux-prises-avec-un-nationalisme-suicidaire\/#breadcrumb"},"inLanguage":"fr-FR","potentialAction":[{"@type":"ReadAction","target":["https:\/\/kapitalis.com\/tunisie\/2022\/07\/31\/la-tunisie-aux-prises-avec-un-nationalisme-suicidaire\/"]}]},{"@type":"ImageObject","inLanguage":"fr-FR","@id":"https:\/\/kapitalis.com\/tunisie\/2022\/07\/31\/la-tunisie-aux-prises-avec-un-nationalisme-suicidaire\/#primaryimage","url":"https:\/\/kapitalis.com\/tunisie\/wp-content\/uploads\/2022\/07\/Manifestation-Pro-Saied.jpg","contentUrl":"https:\/\/kapitalis.com\/tunisie\/wp-content\/uploads\/2022\/07\/Manifestation-Pro-Saied.jpg","width":1200,"height":630},{"@type":"BreadcrumbList","@id":"https:\/\/kapitalis.com\/tunisie\/2022\/07\/31\/la-tunisie-aux-prises-avec-un-nationalisme-suicidaire\/#breadcrumb","itemListElement":[{"@type":"ListItem","position":1,"name":"Accueil","item":"https:\/\/kapitalis.com\/tunisie\/"},{"@type":"ListItem","position":2,"name":"La Tunisie\u00a0aux prises avec un nationalisme suicidaire"}]},{"@type":"WebSite","@id":"https:\/\/kapitalis.com\/tunisie\/#website","url":"https:\/\/kapitalis.com\/tunisie\/","name":"Kapitalis","description":"L&#039;actualit\u00e9 en Tunisie et dans le monde","publisher":{"@id":"https:\/\/kapitalis.com\/tunisie\/#organization"},"potentialAction":[{"@type":"SearchAction","target":{"@type":"EntryPoint","urlTemplate":"https:\/\/kapitalis.com\/tunisie\/?s={search_term_string}"},"query-input":{"@type":"PropertyValueSpecification","valueRequired":true,"valueName":"search_term_string"}}],"inLanguage":"fr-FR"},{"@type":"Organization","@id":"https:\/\/kapitalis.com\/tunisie\/#organization","name":"Kapitalis","url":"https:\/\/kapitalis.com\/tunisie\/","logo":{"@type":"ImageObject","inLanguage":"fr-FR","@id":"https:\/\/kapitalis.com\/tunisie\/#\/schema\/logo\/image\/","url":"https:\/\/kapitalis.com\/tunisie\/wp-content\/uploads\/2022\/05\/Kapitalis-big-size.png","contentUrl":"https:\/\/kapitalis.com\/tunisie\/wp-content\/uploads\/2022\/05\/Kapitalis-big-size.png","width":5000,"height":1500,"caption":"Kapitalis"},"image":{"@id":"https:\/\/kapitalis.com\/tunisie\/#\/schema\/logo\/image\/"},"sameAs":["https:\/\/www.facebook.com\/KapitalisInfo\/","https:\/\/x.com\/KapitalisInfo","https:\/\/www.youtube.com\/channel\/UC-yDYrHyfFBWWZaOw3FPg9Q"]},{"@type":"Person","@id":"https:\/\/kapitalis.com\/tunisie\/#\/schema\/person\/d71f33a9ca44f7bad4698210b480c8e9","name":"webmaster kapitalis","url":"https:\/\/kapitalis.com\/tunisie\/author\/webmaster-kapitalis\/"}]}},"_links":{"self":[{"href":"https:\/\/kapitalis.com\/tunisie\/wp-json\/wp\/v2\/posts\/2645070","targetHints":{"allow":["GET"]}}],"collection":[{"href":"https:\/\/kapitalis.com\/tunisie\/wp-json\/wp\/v2\/posts"}],"about":[{"href":"https:\/\/kapitalis.com\/tunisie\/wp-json\/wp\/v2\/types\/post"}],"author":[{"embeddable":true,"href":"https:\/\/kapitalis.com\/tunisie\/wp-json\/wp\/v2\/users\/8"}],"replies":[{"embeddable":true,"href":"https:\/\/kapitalis.com\/tunisie\/wp-json\/wp\/v2\/comments?post=2645070"}],"version-history":[{"count":0,"href":"https:\/\/kapitalis.com\/tunisie\/wp-json\/wp\/v2\/posts\/2645070\/revisions"}],"wp:featuredmedia":[{"embeddable":true,"href":"https:\/\/kapitalis.com\/tunisie\/wp-json\/wp\/v2\/media\/2646350"}],"wp:attachment":[{"href":"https:\/\/kapitalis.com\/tunisie\/wp-json\/wp\/v2\/media?parent=2645070"}],"wp:term":[{"taxonomy":"category","embeddable":true,"href":"https:\/\/kapitalis.com\/tunisie\/wp-json\/wp\/v2\/categories?post=2645070"},{"taxonomy":"post_tag","embeddable":true,"href":"https:\/\/kapitalis.com\/tunisie\/wp-json\/wp\/v2\/tags?post=2645070"}],"curies":[{"name":"wp","href":"https:\/\/api.w.org\/{rel}","templated":true}]}}