{"id":264636,"date":"2019-12-16T16:32:18","date_gmt":"2019-12-16T15:32:18","guid":{"rendered":"http:\/\/kapitalis.com\/tunisie\/?p=264636"},"modified":"2019-12-16T16:32:23","modified_gmt":"2019-12-16T15:32:23","slug":"tourisme-debat-a-tunis-sur-les-opportunites-du-marche-hollandais-en-2020","status":"publish","type":"post","link":"https:\/\/kapitalis.com\/tunisie\/2019\/12\/16\/tourisme-debat-a-tunis-sur-les-opportunites-du-marche-hollandais-en-2020\/","title":{"rendered":"Tourisme : d\u00e9bat \u00e0 Tunis sur les opportunit\u00e9s du march\u00e9 hollandais en 2020"},"content":{"rendered":"\n<figure class=\"wp-block-image size-large\"><img decoding=\"async\" src=\"http:\/\/kapitalis.com\/tunisie\/wp-content\/uploads\/2018\/06\/Tourisme-Sidi-Bou-Said.jpg\" alt=\"\" class=\"wp-image-158948\"\/><\/figure>\n\n\n\n<p><strong><em>L\u2019Observatoire du Tourisme organise un s\u00e9minaire sur le th\u00e8me : \u00able march\u00e9 hollandais\u00a0: quelles opportunit\u00e9s en 2020\u00a0?\u00bb, le\u00a0jeudi 19 d\u00e9cembre\u00a02019, au si\u00e8ge du minist\u00e8re du Tourisme et de l\u2019Artisanat \u00e0 Tunis. <\/em><\/strong><\/p>\n\n\n\n<!--more-->\n\n\n\n<p>Le s\u00e9minaire est plac\u00e9 sous le patronage de Ren\u00e9 Trabelsi, ministre du Tourisme, de l\u2019Artisanat et du Transport par int\u00e9rim, qui en pr\u00e9sidera l\u2019ouverture. Il sera cl\u00f4tur\u00e9 par Nabil Bziouech, directeur g\u00e9n\u00e9ral de l&rsquo;Office national du tourisme tunisien (ONTT) qui le parraine. <\/p>\n\n\n\n<p>La manifestation vient en pr\u00e9paration \u00e0 la prochaine participation tunisienne au salon du tourisme n\u00e9\u00e9rlandais <a rel=\"noreferrer noopener\" aria-label=\"Vakantiebeurs Utrecht 2020 (s\u2019ouvre dans un nouvel onglet)\" href=\"https:\/\/www.vakantiebeurs.nl\/\" target=\"_blank\"><em>Vakantiebeurs<\/em> <em>Utrecht 2020<\/em><\/a> qui se d\u00e9roulera du 16 au 19 janvier\u00a02020\u00a0\u00e0 Utrecht,\u00a0aux Pays-Bas.<\/p>\n\n\n\n<p>Le programme comportera des interventions du repr\u00e9sentant de l\u2019ambassade des Pays Bas en Tunisie, de Mongi Goaied, secr\u00e9taire g\u00e9n\u00e9ral de la Chambre tuniso-n\u00e9erlandaise pour le commerce et l\u2019industrie (CTNCI), et de Jabeur Ben Attouch, pr\u00e9sident de la F\u00e9d\u00e9ration tunisienne des agences de voyages et de tourisme (FTAV).<br> \u00a0\u00a0\u00a0\u00a0\u00a0\u00a0\u00a0 <\/p>\n\n\n\n<p>Il y aura aussi des allocutions de Houssem Ben Azzouz, pr\u00e9sident de la F\u00e9d\u00e9ration interprofessionnelle du tourisme de Tunisie\u00a0(FI2T), de Rached Chebil, secr\u00e9taire g\u00e9n\u00e9ral du Syndicat national de l&rsquo;industrie h\u00f4teli\u00e8re (UNIH), de Mohamed Attia, directeur de l&rsquo;ONTT pour la Hollande, des repr\u00e9sentants de Tunisair, Nouvelair et Air France KLM, et du Centre de promotion des exportations (Cepex).\u00a0\u00a0\u00a0\u00a0<\/p>\n\n\n\n<p class=\"has-text-align-right\"><strong>A. M.<\/strong><\/p>\n","protected":false},"excerpt":{"rendered":"<p>L\u2019Observatoire du Tourisme organise un s\u00e9minaire sur le th\u00e8me : \u00able march\u00e9 hollandais\u00a0: quelles opportunit\u00e9s en 2020\u00a0?\u00bb, le\u00a0jeudi 19 d\u00e9cembre\u00a02019, au si\u00e8ge du minist\u00e8re du Tourisme et de l\u2019Artisanat \u00e0 Tunis.<\/p>\n","protected":false},"author":22,"featured_media":0,"comment_status":"open","ping_status":"open","sticky":false,"template":"","format":"standard","meta":{"footnotes":""},"categories":[995,2433],"tags":[70909,1575,70908,70910,400,2394,4938,1501,70911],"class_list":["post-264636","post","type-post","status-publish","format-standard","hentry","category-economie","category-tunisie","tag-air-france-klm","tag-cepex","tag-ctnci","tag-fi2t","tag-ftav","tag-ontt","tag-rene-trabelsi","tag-tunisair","tag-unih"],"yoast_head":"<!-- This site is optimized with the Yoast SEO plugin v26.6 - https:\/\/yoast.com\/wordpress\/plugins\/seo\/ -->\n<title>Tourisme : d\u00e9bat \u00e0 Tunis sur les opportunit\u00e9s du march\u00e9 hollandais en 2020 - Kapitalis<\/title>\n<meta name=\"robots\" content=\"index, follow, max-snippet:-1, max-image-preview:large, max-video-preview:-1\" \/>\n<link rel=\"canonical\" href=\"https:\/\/kapitalis.com\/tunisie\/2019\/12\/16\/tourisme-debat-a-tunis-sur-les-opportunites-du-marche-hollandais-en-2020\/\" \/>\n<meta property=\"og:locale\" content=\"fr_FR\" \/>\n<meta property=\"og:type\" content=\"article\" \/>\n<meta property=\"og:title\" content=\"Tourisme : d\u00e9bat \u00e0 Tunis sur les opportunit\u00e9s du march\u00e9 hollandais en 2020 - Kapitalis\" \/>\n<meta property=\"og:description\" content=\"L\u2019Observatoire du Tourisme organise un s\u00e9minaire sur le th\u00e8me : \u00able march\u00e9 hollandais\u00a0: quelles opportunit\u00e9s en 2020\u00a0?\u00bb, le\u00a0jeudi 19 d\u00e9cembre\u00a02019, au si\u00e8ge du minist\u00e8re du Tourisme et de l\u2019Artisanat \u00e0 Tunis.\" \/>\n<meta property=\"og:url\" content=\"https:\/\/kapitalis.com\/tunisie\/2019\/12\/16\/tourisme-debat-a-tunis-sur-les-opportunites-du-marche-hollandais-en-2020\/\" \/>\n<meta property=\"og:site_name\" content=\"Kapitalis\" \/>\n<meta property=\"article:publisher\" content=\"https:\/\/www.facebook.com\/KapitalisInfo\/\" \/>\n<meta property=\"article:published_time\" content=\"2019-12-16T15:32:18+00:00\" \/>\n<meta property=\"article:modified_time\" content=\"2019-12-16T15:32:23+00:00\" \/>\n<meta property=\"og:image\" content=\"http:\/\/kapitalis.com\/tunisie\/wp-content\/uploads\/2018\/06\/Tourisme-Sidi-Bou-Said.jpg\" \/>\n<meta name=\"author\" content=\"Amina Mkada\" \/>\n<meta name=\"twitter:card\" content=\"summary_large_image\" \/>\n<meta name=\"twitter:creator\" content=\"@KapitalisInfo\" \/>\n<meta name=\"twitter:site\" content=\"@KapitalisInfo\" \/>\n<meta name=\"twitter:label1\" content=\"\u00c9crit par\" \/>\n\t<meta name=\"twitter:data1\" content=\"Amina Mkada\" \/>\n\t<meta name=\"twitter:label2\" content=\"Dur\u00e9e de lecture estim\u00e9e\" \/>\n\t<meta name=\"twitter:data2\" content=\"1 minute\" \/>\n<script type=\"application\/ld+json\" class=\"yoast-schema-graph\">{\"@context\":\"https:\/\/schema.org\",\"@graph\":[{\"@type\":\"Article\",\"@id\":\"https:\/\/kapitalis.com\/tunisie\/2019\/12\/16\/tourisme-debat-a-tunis-sur-les-opportunites-du-marche-hollandais-en-2020\/#article\",\"isPartOf\":{\"@id\":\"https:\/\/kapitalis.com\/tunisie\/2019\/12\/16\/tourisme-debat-a-tunis-sur-les-opportunites-du-marche-hollandais-en-2020\/\"},\"author\":{\"name\":\"Amina Mkada\",\"@id\":\"https:\/\/kapitalis.com\/tunisie\/#\/schema\/person\/093913313d3017554cb3ad077fff3fbd\"},\"headline\":\"Tourisme : d\u00e9bat \u00e0 Tunis sur les opportunit\u00e9s du march\u00e9 hollandais en 2020\",\"datePublished\":\"2019-12-16T15:32:18+00:00\",\"dateModified\":\"2019-12-16T15:32:23+00:00\",\"mainEntityOfPage\":{\"@id\":\"https:\/\/kapitalis.com\/tunisie\/2019\/12\/16\/tourisme-debat-a-tunis-sur-les-opportunites-du-marche-hollandais-en-2020\/\"},\"wordCount\":253,\"commentCount\":1,\"publisher\":{\"@id\":\"https:\/\/kapitalis.com\/tunisie\/#organization\"},\"image\":{\"@id\":\"https:\/\/kapitalis.com\/tunisie\/2019\/12\/16\/tourisme-debat-a-tunis-sur-les-opportunites-du-marche-hollandais-en-2020\/#primaryimage\"},\"thumbnailUrl\":\"http:\/\/kapitalis.com\/tunisie\/wp-content\/uploads\/2018\/06\/Tourisme-Sidi-Bou-Said.jpg\",\"keywords\":[\"Air France Klm\",\"Cepex\",\"CTNCI\",\"FI2T\",\"FTAV\",\"ONTT\",\"Ren\u00e9 Trabelsi\",\"Tunisair\",\"UNIH\"],\"articleSection\":[\"ECONOMIE\",\"Tunisie\"],\"inLanguage\":\"fr-FR\",\"potentialAction\":[{\"@type\":\"CommentAction\",\"name\":\"Comment\",\"target\":[\"https:\/\/kapitalis.com\/tunisie\/2019\/12\/16\/tourisme-debat-a-tunis-sur-les-opportunites-du-marche-hollandais-en-2020\/#respond\"]}]},{\"@type\":\"WebPage\",\"@id\":\"https:\/\/kapitalis.com\/tunisie\/2019\/12\/16\/tourisme-debat-a-tunis-sur-les-opportunites-du-marche-hollandais-en-2020\/\",\"url\":\"https:\/\/kapitalis.com\/tunisie\/2019\/12\/16\/tourisme-debat-a-tunis-sur-les-opportunites-du-marche-hollandais-en-2020\/\",\"name\":\"Tourisme : d\u00e9bat \u00e0 Tunis sur les opportunit\u00e9s du march\u00e9 hollandais en 2020 - Kapitalis\",\"isPartOf\":{\"@id\":\"https:\/\/kapitalis.com\/tunisie\/#website\"},\"primaryImageOfPage\":{\"@id\":\"https:\/\/kapitalis.com\/tunisie\/2019\/12\/16\/tourisme-debat-a-tunis-sur-les-opportunites-du-marche-hollandais-en-2020\/#primaryimage\"},\"image\":{\"@id\":\"https:\/\/kapitalis.com\/tunisie\/2019\/12\/16\/tourisme-debat-a-tunis-sur-les-opportunites-du-marche-hollandais-en-2020\/#primaryimage\"},\"thumbnailUrl\":\"http:\/\/kapitalis.com\/tunisie\/wp-content\/uploads\/2018\/06\/Tourisme-Sidi-Bou-Said.jpg\",\"datePublished\":\"2019-12-16T15:32:18+00:00\",\"dateModified\":\"2019-12-16T15:32:23+00:00\",\"breadcrumb\":{\"@id\":\"https:\/\/kapitalis.com\/tunisie\/2019\/12\/16\/tourisme-debat-a-tunis-sur-les-opportunites-du-marche-hollandais-en-2020\/#breadcrumb\"},\"inLanguage\":\"fr-FR\",\"potentialAction\":[{\"@type\":\"ReadAction\",\"target\":[\"https:\/\/kapitalis.com\/tunisie\/2019\/12\/16\/tourisme-debat-a-tunis-sur-les-opportunites-du-marche-hollandais-en-2020\/\"]}]},{\"@type\":\"ImageObject\",\"inLanguage\":\"fr-FR\",\"@id\":\"https:\/\/kapitalis.com\/tunisie\/2019\/12\/16\/tourisme-debat-a-tunis-sur-les-opportunites-du-marche-hollandais-en-2020\/#primaryimage\",\"url\":\"http:\/\/kapitalis.com\/tunisie\/wp-content\/uploads\/2018\/06\/Tourisme-Sidi-Bou-Said.jpg\",\"contentUrl\":\"http:\/\/kapitalis.com\/tunisie\/wp-content\/uploads\/2018\/06\/Tourisme-Sidi-Bou-Said.jpg\"},{\"@type\":\"BreadcrumbList\",\"@id\":\"https:\/\/kapitalis.com\/tunisie\/2019\/12\/16\/tourisme-debat-a-tunis-sur-les-opportunites-du-marche-hollandais-en-2020\/#breadcrumb\",\"itemListElement\":[{\"@type\":\"ListItem\",\"position\":1,\"name\":\"Accueil\",\"item\":\"https:\/\/kapitalis.com\/tunisie\/\"},{\"@type\":\"ListItem\",\"position\":2,\"name\":\"Tourisme : d\u00e9bat \u00e0 Tunis sur les opportunit\u00e9s du march\u00e9 hollandais en 2020\"}]},{\"@type\":\"WebSite\",\"@id\":\"https:\/\/kapitalis.com\/tunisie\/#website\",\"url\":\"https:\/\/kapitalis.com\/tunisie\/\",\"name\":\"Kapitalis\",\"description\":\"L&#039;actualit\u00e9 en Tunisie et dans le monde\",\"publisher\":{\"@id\":\"https:\/\/kapitalis.com\/tunisie\/#organization\"},\"potentialAction\":[{\"@type\":\"SearchAction\",\"target\":{\"@type\":\"EntryPoint\",\"urlTemplate\":\"https:\/\/kapitalis.com\/tunisie\/?s={search_term_string}\"},\"query-input\":{\"@type\":\"PropertyValueSpecification\",\"valueRequired\":true,\"valueName\":\"search_term_string\"}}],\"inLanguage\":\"fr-FR\"},{\"@type\":\"Organization\",\"@id\":\"https:\/\/kapitalis.com\/tunisie\/#organization\",\"name\":\"Kapitalis\",\"url\":\"https:\/\/kapitalis.com\/tunisie\/\",\"logo\":{\"@type\":\"ImageObject\",\"inLanguage\":\"fr-FR\",\"@id\":\"https:\/\/kapitalis.com\/tunisie\/#\/schema\/logo\/image\/\",\"url\":\"https:\/\/kapitalis.com\/tunisie\/wp-content\/uploads\/2022\/05\/Kapitalis-big-size.png\",\"contentUrl\":\"https:\/\/kapitalis.com\/tunisie\/wp-content\/uploads\/2022\/05\/Kapitalis-big-size.png\",\"width\":5000,\"height\":1500,\"caption\":\"Kapitalis\"},\"image\":{\"@id\":\"https:\/\/kapitalis.com\/tunisie\/#\/schema\/logo\/image\/\"},\"sameAs\":[\"https:\/\/www.facebook.com\/KapitalisInfo\/\",\"https:\/\/x.com\/KapitalisInfo\",\"https:\/\/www.youtube.com\/channel\/UC-yDYrHyfFBWWZaOw3FPg9Q\"]},{\"@type\":\"Person\",\"@id\":\"https:\/\/kapitalis.com\/tunisie\/#\/schema\/person\/093913313d3017554cb3ad077fff3fbd\",\"name\":\"Amina Mkada\",\"url\":\"https:\/\/kapitalis.com\/tunisie\/author\/amina\/\"}]}<\/script>\n<!-- \/ Yoast SEO plugin. -->","yoast_head_json":{"title":"Tourisme : d\u00e9bat \u00e0 Tunis sur les opportunit\u00e9s du march\u00e9 hollandais en 2020 - Kapitalis","robots":{"index":"index","follow":"follow","max-snippet":"max-snippet:-1","max-image-preview":"max-image-preview:large","max-video-preview":"max-video-preview:-1"},"canonical":"https:\/\/kapitalis.com\/tunisie\/2019\/12\/16\/tourisme-debat-a-tunis-sur-les-opportunites-du-marche-hollandais-en-2020\/","og_locale":"fr_FR","og_type":"article","og_title":"Tourisme : d\u00e9bat \u00e0 Tunis sur les opportunit\u00e9s du march\u00e9 hollandais en 2020 - Kapitalis","og_description":"L\u2019Observatoire du Tourisme organise un s\u00e9minaire sur le th\u00e8me : \u00able march\u00e9 hollandais\u00a0: quelles opportunit\u00e9s en 2020\u00a0?\u00bb, le\u00a0jeudi 19 d\u00e9cembre\u00a02019, au si\u00e8ge du minist\u00e8re du Tourisme et de l\u2019Artisanat \u00e0 Tunis.","og_url":"https:\/\/kapitalis.com\/tunisie\/2019\/12\/16\/tourisme-debat-a-tunis-sur-les-opportunites-du-marche-hollandais-en-2020\/","og_site_name":"Kapitalis","article_publisher":"https:\/\/www.facebook.com\/KapitalisInfo\/","article_published_time":"2019-12-16T15:32:18+00:00","article_modified_time":"2019-12-16T15:32:23+00:00","og_image":[{"url":"http:\/\/kapitalis.com\/tunisie\/wp-content\/uploads\/2018\/06\/Tourisme-Sidi-Bou-Said.jpg","type":"","width":"","height":""}],"author":"Amina Mkada","twitter_card":"summary_large_image","twitter_creator":"@KapitalisInfo","twitter_site":"@KapitalisInfo","twitter_misc":{"\u00c9crit par":"Amina Mkada","Dur\u00e9e de lecture estim\u00e9e":"1 minute"},"schema":{"@context":"https:\/\/schema.org","@graph":[{"@type":"Article","@id":"https:\/\/kapitalis.com\/tunisie\/2019\/12\/16\/tourisme-debat-a-tunis-sur-les-opportunites-du-marche-hollandais-en-2020\/#article","isPartOf":{"@id":"https:\/\/kapitalis.com\/tunisie\/2019\/12\/16\/tourisme-debat-a-tunis-sur-les-opportunites-du-marche-hollandais-en-2020\/"},"author":{"name":"Amina Mkada","@id":"https:\/\/kapitalis.com\/tunisie\/#\/schema\/person\/093913313d3017554cb3ad077fff3fbd"},"headline":"Tourisme : d\u00e9bat \u00e0 Tunis sur les opportunit\u00e9s du march\u00e9 hollandais en 2020","datePublished":"2019-12-16T15:32:18+00:00","dateModified":"2019-12-16T15:32:23+00:00","mainEntityOfPage":{"@id":"https:\/\/kapitalis.com\/tunisie\/2019\/12\/16\/tourisme-debat-a-tunis-sur-les-opportunites-du-marche-hollandais-en-2020\/"},"wordCount":253,"commentCount":1,"publisher":{"@id":"https:\/\/kapitalis.com\/tunisie\/#organization"},"image":{"@id":"https:\/\/kapitalis.com\/tunisie\/2019\/12\/16\/tourisme-debat-a-tunis-sur-les-opportunites-du-marche-hollandais-en-2020\/#primaryimage"},"thumbnailUrl":"http:\/\/kapitalis.com\/tunisie\/wp-content\/uploads\/2018\/06\/Tourisme-Sidi-Bou-Said.jpg","keywords":["Air France Klm","Cepex","CTNCI","FI2T","FTAV","ONTT","Ren\u00e9 Trabelsi","Tunisair","UNIH"],"articleSection":["ECONOMIE","Tunisie"],"inLanguage":"fr-FR","potentialAction":[{"@type":"CommentAction","name":"Comment","target":["https:\/\/kapitalis.com\/tunisie\/2019\/12\/16\/tourisme-debat-a-tunis-sur-les-opportunites-du-marche-hollandais-en-2020\/#respond"]}]},{"@type":"WebPage","@id":"https:\/\/kapitalis.com\/tunisie\/2019\/12\/16\/tourisme-debat-a-tunis-sur-les-opportunites-du-marche-hollandais-en-2020\/","url":"https:\/\/kapitalis.com\/tunisie\/2019\/12\/16\/tourisme-debat-a-tunis-sur-les-opportunites-du-marche-hollandais-en-2020\/","name":"Tourisme : d\u00e9bat \u00e0 Tunis sur les opportunit\u00e9s du march\u00e9 hollandais en 2020 - Kapitalis","isPartOf":{"@id":"https:\/\/kapitalis.com\/tunisie\/#website"},"primaryImageOfPage":{"@id":"https:\/\/kapitalis.com\/tunisie\/2019\/12\/16\/tourisme-debat-a-tunis-sur-les-opportunites-du-marche-hollandais-en-2020\/#primaryimage"},"image":{"@id":"https:\/\/kapitalis.com\/tunisie\/2019\/12\/16\/tourisme-debat-a-tunis-sur-les-opportunites-du-marche-hollandais-en-2020\/#primaryimage"},"thumbnailUrl":"http:\/\/kapitalis.com\/tunisie\/wp-content\/uploads\/2018\/06\/Tourisme-Sidi-Bou-Said.jpg","datePublished":"2019-12-16T15:32:18+00:00","dateModified":"2019-12-16T15:32:23+00:00","breadcrumb":{"@id":"https:\/\/kapitalis.com\/tunisie\/2019\/12\/16\/tourisme-debat-a-tunis-sur-les-opportunites-du-marche-hollandais-en-2020\/#breadcrumb"},"inLanguage":"fr-FR","potentialAction":[{"@type":"ReadAction","target":["https:\/\/kapitalis.com\/tunisie\/2019\/12\/16\/tourisme-debat-a-tunis-sur-les-opportunites-du-marche-hollandais-en-2020\/"]}]},{"@type":"ImageObject","inLanguage":"fr-FR","@id":"https:\/\/kapitalis.com\/tunisie\/2019\/12\/16\/tourisme-debat-a-tunis-sur-les-opportunites-du-marche-hollandais-en-2020\/#primaryimage","url":"http:\/\/kapitalis.com\/tunisie\/wp-content\/uploads\/2018\/06\/Tourisme-Sidi-Bou-Said.jpg","contentUrl":"http:\/\/kapitalis.com\/tunisie\/wp-content\/uploads\/2018\/06\/Tourisme-Sidi-Bou-Said.jpg"},{"@type":"BreadcrumbList","@id":"https:\/\/kapitalis.com\/tunisie\/2019\/12\/16\/tourisme-debat-a-tunis-sur-les-opportunites-du-marche-hollandais-en-2020\/#breadcrumb","itemListElement":[{"@type":"ListItem","position":1,"name":"Accueil","item":"https:\/\/kapitalis.com\/tunisie\/"},{"@type":"ListItem","position":2,"name":"Tourisme : d\u00e9bat \u00e0 Tunis sur les opportunit\u00e9s du march\u00e9 hollandais en 2020"}]},{"@type":"WebSite","@id":"https:\/\/kapitalis.com\/tunisie\/#website","url":"https:\/\/kapitalis.com\/tunisie\/","name":"Kapitalis","description":"L&#039;actualit\u00e9 en Tunisie et dans le monde","publisher":{"@id":"https:\/\/kapitalis.com\/tunisie\/#organization"},"potentialAction":[{"@type":"SearchAction","target":{"@type":"EntryPoint","urlTemplate":"https:\/\/kapitalis.com\/tunisie\/?s={search_term_string}"},"query-input":{"@type":"PropertyValueSpecification","valueRequired":true,"valueName":"search_term_string"}}],"inLanguage":"fr-FR"},{"@type":"Organization","@id":"https:\/\/kapitalis.com\/tunisie\/#organization","name":"Kapitalis","url":"https:\/\/kapitalis.com\/tunisie\/","logo":{"@type":"ImageObject","inLanguage":"fr-FR","@id":"https:\/\/kapitalis.com\/tunisie\/#\/schema\/logo\/image\/","url":"https:\/\/kapitalis.com\/tunisie\/wp-content\/uploads\/2022\/05\/Kapitalis-big-size.png","contentUrl":"https:\/\/kapitalis.com\/tunisie\/wp-content\/uploads\/2022\/05\/Kapitalis-big-size.png","width":5000,"height":1500,"caption":"Kapitalis"},"image":{"@id":"https:\/\/kapitalis.com\/tunisie\/#\/schema\/logo\/image\/"},"sameAs":["https:\/\/www.facebook.com\/KapitalisInfo\/","https:\/\/x.com\/KapitalisInfo","https:\/\/www.youtube.com\/channel\/UC-yDYrHyfFBWWZaOw3FPg9Q"]},{"@type":"Person","@id":"https:\/\/kapitalis.com\/tunisie\/#\/schema\/person\/093913313d3017554cb3ad077fff3fbd","name":"Amina Mkada","url":"https:\/\/kapitalis.com\/tunisie\/author\/amina\/"}]}},"_links":{"self":[{"href":"https:\/\/kapitalis.com\/tunisie\/wp-json\/wp\/v2\/posts\/264636","targetHints":{"allow":["GET"]}}],"collection":[{"href":"https:\/\/kapitalis.com\/tunisie\/wp-json\/wp\/v2\/posts"}],"about":[{"href":"https:\/\/kapitalis.com\/tunisie\/wp-json\/wp\/v2\/types\/post"}],"author":[{"embeddable":true,"href":"https:\/\/kapitalis.com\/tunisie\/wp-json\/wp\/v2\/users\/22"}],"replies":[{"embeddable":true,"href":"https:\/\/kapitalis.com\/tunisie\/wp-json\/wp\/v2\/comments?post=264636"}],"version-history":[{"count":0,"href":"https:\/\/kapitalis.com\/tunisie\/wp-json\/wp\/v2\/posts\/264636\/revisions"}],"wp:attachment":[{"href":"https:\/\/kapitalis.com\/tunisie\/wp-json\/wp\/v2\/media?parent=264636"}],"wp:term":[{"taxonomy":"category","embeddable":true,"href":"https:\/\/kapitalis.com\/tunisie\/wp-json\/wp\/v2\/categories?post=264636"},{"taxonomy":"post_tag","embeddable":true,"href":"https:\/\/kapitalis.com\/tunisie\/wp-json\/wp\/v2\/tags?post=264636"}],"curies":[{"name":"wp","href":"https:\/\/api.w.org\/{rel}","templated":true}]}}