{"id":264727,"date":"2019-12-16T18:37:00","date_gmt":"2019-12-16T17:37:00","guid":{"rendered":"http:\/\/kapitalis.com\/tunisie\/?p=264727"},"modified":"2019-12-16T18:37:04","modified_gmt":"2019-12-16T17:37:04","slug":"en-tunisie-21-des-migrants-illegaux-sont-mineurs-et-98-des-femmes","status":"publish","type":"post","link":"https:\/\/kapitalis.com\/tunisie\/2019\/12\/16\/en-tunisie-21-des-migrants-illegaux-sont-mineurs-et-98-des-femmes\/","title":{"rendered":"En Tunisie, 21% des migrants ill\u00e9gaux sont mineurs et 9,8% des femmes"},"content":{"rendered":"\n<figure class=\"wp-block-image size-large\"><img decoding=\"async\" src=\"http:\/\/kapitalis.com\/tunisie\/wp-content\/uploads\/2015\/09\/immigres-clandestin.jpg\" alt=\"\" class=\"wp-image-12861\"\/><\/figure>\n\n\n\n<p><strong><em>Le responsable de la communication du Forum tunisien pour les droits \u00e9conomiques et sociaux (FTDES) Romdhane Ben Amor a annonc\u00e9, lors d&rsquo;une r\u00e9union avec les m\u00e9dias, ce lundi 16 d\u00e9cembre 2019 \u00e0 Tunis, que 21% des migrants ill\u00e9gaux en Tunisie en 2019 sont mineurs et 9,8% des femmes. <\/em><\/strong><\/p>\n\n\n\n<!--more-->\n\n\n\n<p>L&rsquo;activiste a aussi pr\u00e9cis\u00e9 que les migrants ill\u00e9gaux tunisiens ayant r\u00e9ussi \u00e0 atteindre les c\u00f4tes italiennes en 2019 sont au nombre de 3.545, ajoutant que 4.625 tentatives de migration ill\u00e9gale vers l&rsquo;Europe ont \u00e9t\u00e9 d\u00e9jou\u00e9es en 2019.<\/p>\n\n\n\n<p>Il semble, selon Ben Amor, que la destination de choix, qui \u00e9tait l&rsquo;Italie, s&rsquo;est orient\u00e9e cette ann\u00e9e vers l&rsquo;Espagne, et que la plupart des tentatives de <em>harqa<\/em> (migration ill\u00e9gale), qui prenaient Sfax comme point de d\u00e9part, ont chang\u00e9 pour \u00e9lire domicile \u00e0 M\u00e9denine, plus au sud \u00e0 la c\u00f4te orientale du pays.<\/p>\n\n\n\n<p class=\"has-text-align-right\"><strong>A. M.<\/strong><\/p>\n","protected":false},"excerpt":{"rendered":"<p>Le responsable de la communication du Forum tunisien pour les droits \u00e9conomiques et sociaux (FTDES) Romdhane Ben Amor a annonc\u00e9, lors d&rsquo;une r\u00e9union avec les m\u00e9dias, ce lundi 16 d\u00e9cembre 2019 \u00e0 Tunis, que 21% des migrants ill\u00e9gaux en Tunisie en 2019 sont mineurs et 9,8% des femmes.<\/p>\n","protected":false},"author":22,"featured_media":0,"comment_status":"open","ping_status":"open","sticky":false,"template":"","format":"standard","meta":{"footnotes":""},"categories":[998,2433],"tags":[341,401,591,70890,823],"class_list":["post-264727","post","type-post","status-publish","format-standard","hentry","category-societe","category-tunisie","tag-espagne","tag-ftdes","tag-medenine","tag-romdhane-ben-amor","tag-sfax"],"yoast_head":"<!-- This site is optimized with the Yoast SEO plugin v26.6 - https:\/\/yoast.com\/wordpress\/plugins\/seo\/ -->\n<title>En Tunisie, 21% des migrants ill\u00e9gaux sont mineurs et 9,8% des femmes - Kapitalis<\/title>\n<meta name=\"robots\" content=\"index, follow, max-snippet:-1, max-image-preview:large, max-video-preview:-1\" \/>\n<link rel=\"canonical\" href=\"https:\/\/kapitalis.com\/tunisie\/2019\/12\/16\/en-tunisie-21-des-migrants-illegaux-sont-mineurs-et-98-des-femmes\/\" \/>\n<meta property=\"og:locale\" content=\"fr_FR\" \/>\n<meta property=\"og:type\" content=\"article\" \/>\n<meta property=\"og:title\" content=\"En Tunisie, 21% des migrants ill\u00e9gaux sont mineurs et 9,8% des femmes - Kapitalis\" \/>\n<meta property=\"og:description\" content=\"Le responsable de la communication du Forum tunisien pour les droits \u00e9conomiques et sociaux (FTDES) Romdhane Ben Amor a annonc\u00e9, lors d&rsquo;une r\u00e9union avec les m\u00e9dias, ce lundi 16 d\u00e9cembre 2019 \u00e0 Tunis, que 21% des migrants ill\u00e9gaux en Tunisie en 2019 sont mineurs et 9,8% des femmes.\" \/>\n<meta property=\"og:url\" content=\"https:\/\/kapitalis.com\/tunisie\/2019\/12\/16\/en-tunisie-21-des-migrants-illegaux-sont-mineurs-et-98-des-femmes\/\" \/>\n<meta property=\"og:site_name\" content=\"Kapitalis\" \/>\n<meta property=\"article:publisher\" content=\"https:\/\/www.facebook.com\/KapitalisInfo\/\" \/>\n<meta property=\"article:published_time\" content=\"2019-12-16T17:37:00+00:00\" \/>\n<meta property=\"article:modified_time\" content=\"2019-12-16T17:37:04+00:00\" \/>\n<meta property=\"og:image\" content=\"http:\/\/kapitalis.com\/tunisie\/wp-content\/uploads\/2015\/09\/immigres-clandestin.jpg\" \/>\n<meta name=\"author\" content=\"Amina Mkada\" \/>\n<meta name=\"twitter:card\" content=\"summary_large_image\" \/>\n<meta name=\"twitter:creator\" content=\"@KapitalisInfo\" \/>\n<meta name=\"twitter:site\" content=\"@KapitalisInfo\" \/>\n<meta name=\"twitter:label1\" content=\"\u00c9crit par\" \/>\n\t<meta name=\"twitter:data1\" content=\"Amina Mkada\" \/>\n\t<meta name=\"twitter:label2\" content=\"Dur\u00e9e de lecture estim\u00e9e\" \/>\n\t<meta name=\"twitter:data2\" content=\"1 minute\" \/>\n<script type=\"application\/ld+json\" class=\"yoast-schema-graph\">{\"@context\":\"https:\/\/schema.org\",\"@graph\":[{\"@type\":\"Article\",\"@id\":\"https:\/\/kapitalis.com\/tunisie\/2019\/12\/16\/en-tunisie-21-des-migrants-illegaux-sont-mineurs-et-98-des-femmes\/#article\",\"isPartOf\":{\"@id\":\"https:\/\/kapitalis.com\/tunisie\/2019\/12\/16\/en-tunisie-21-des-migrants-illegaux-sont-mineurs-et-98-des-femmes\/\"},\"author\":{\"name\":\"Amina Mkada\",\"@id\":\"https:\/\/kapitalis.com\/tunisie\/#\/schema\/person\/093913313d3017554cb3ad077fff3fbd\"},\"headline\":\"En Tunisie, 21% des migrants ill\u00e9gaux sont mineurs et 9,8% des femmes\",\"datePublished\":\"2019-12-16T17:37:00+00:00\",\"dateModified\":\"2019-12-16T17:37:04+00:00\",\"mainEntityOfPage\":{\"@id\":\"https:\/\/kapitalis.com\/tunisie\/2019\/12\/16\/en-tunisie-21-des-migrants-illegaux-sont-mineurs-et-98-des-femmes\/\"},\"wordCount\":154,\"commentCount\":1,\"publisher\":{\"@id\":\"https:\/\/kapitalis.com\/tunisie\/#organization\"},\"image\":{\"@id\":\"https:\/\/kapitalis.com\/tunisie\/2019\/12\/16\/en-tunisie-21-des-migrants-illegaux-sont-mineurs-et-98-des-femmes\/#primaryimage\"},\"thumbnailUrl\":\"http:\/\/kapitalis.com\/tunisie\/wp-content\/uploads\/2015\/09\/immigres-clandestin.jpg\",\"keywords\":[\"Espagne\",\"FTDES\",\"Medenine\",\"Romdhane Ben Amor\",\"Sfax\"],\"articleSection\":[\"SOCIETE\",\"Tunisie\"],\"inLanguage\":\"fr-FR\",\"potentialAction\":[{\"@type\":\"CommentAction\",\"name\":\"Comment\",\"target\":[\"https:\/\/kapitalis.com\/tunisie\/2019\/12\/16\/en-tunisie-21-des-migrants-illegaux-sont-mineurs-et-98-des-femmes\/#respond\"]}]},{\"@type\":\"WebPage\",\"@id\":\"https:\/\/kapitalis.com\/tunisie\/2019\/12\/16\/en-tunisie-21-des-migrants-illegaux-sont-mineurs-et-98-des-femmes\/\",\"url\":\"https:\/\/kapitalis.com\/tunisie\/2019\/12\/16\/en-tunisie-21-des-migrants-illegaux-sont-mineurs-et-98-des-femmes\/\",\"name\":\"En Tunisie, 21% des migrants ill\u00e9gaux sont mineurs et 9,8% des femmes - Kapitalis\",\"isPartOf\":{\"@id\":\"https:\/\/kapitalis.com\/tunisie\/#website\"},\"primaryImageOfPage\":{\"@id\":\"https:\/\/kapitalis.com\/tunisie\/2019\/12\/16\/en-tunisie-21-des-migrants-illegaux-sont-mineurs-et-98-des-femmes\/#primaryimage\"},\"image\":{\"@id\":\"https:\/\/kapitalis.com\/tunisie\/2019\/12\/16\/en-tunisie-21-des-migrants-illegaux-sont-mineurs-et-98-des-femmes\/#primaryimage\"},\"thumbnailUrl\":\"http:\/\/kapitalis.com\/tunisie\/wp-content\/uploads\/2015\/09\/immigres-clandestin.jpg\",\"datePublished\":\"2019-12-16T17:37:00+00:00\",\"dateModified\":\"2019-12-16T17:37:04+00:00\",\"breadcrumb\":{\"@id\":\"https:\/\/kapitalis.com\/tunisie\/2019\/12\/16\/en-tunisie-21-des-migrants-illegaux-sont-mineurs-et-98-des-femmes\/#breadcrumb\"},\"inLanguage\":\"fr-FR\",\"potentialAction\":[{\"@type\":\"ReadAction\",\"target\":[\"https:\/\/kapitalis.com\/tunisie\/2019\/12\/16\/en-tunisie-21-des-migrants-illegaux-sont-mineurs-et-98-des-femmes\/\"]}]},{\"@type\":\"ImageObject\",\"inLanguage\":\"fr-FR\",\"@id\":\"https:\/\/kapitalis.com\/tunisie\/2019\/12\/16\/en-tunisie-21-des-migrants-illegaux-sont-mineurs-et-98-des-femmes\/#primaryimage\",\"url\":\"http:\/\/kapitalis.com\/tunisie\/wp-content\/uploads\/2015\/09\/immigres-clandestin.jpg\",\"contentUrl\":\"http:\/\/kapitalis.com\/tunisie\/wp-content\/uploads\/2015\/09\/immigres-clandestin.jpg\"},{\"@type\":\"BreadcrumbList\",\"@id\":\"https:\/\/kapitalis.com\/tunisie\/2019\/12\/16\/en-tunisie-21-des-migrants-illegaux-sont-mineurs-et-98-des-femmes\/#breadcrumb\",\"itemListElement\":[{\"@type\":\"ListItem\",\"position\":1,\"name\":\"Accueil\",\"item\":\"https:\/\/kapitalis.com\/tunisie\/\"},{\"@type\":\"ListItem\",\"position\":2,\"name\":\"En Tunisie, 21% des migrants ill\u00e9gaux sont mineurs et 9,8% des femmes\"}]},{\"@type\":\"WebSite\",\"@id\":\"https:\/\/kapitalis.com\/tunisie\/#website\",\"url\":\"https:\/\/kapitalis.com\/tunisie\/\",\"name\":\"Kapitalis\",\"description\":\"L&#039;actualit\u00e9 en Tunisie et dans le monde\",\"publisher\":{\"@id\":\"https:\/\/kapitalis.com\/tunisie\/#organization\"},\"potentialAction\":[{\"@type\":\"SearchAction\",\"target\":{\"@type\":\"EntryPoint\",\"urlTemplate\":\"https:\/\/kapitalis.com\/tunisie\/?s={search_term_string}\"},\"query-input\":{\"@type\":\"PropertyValueSpecification\",\"valueRequired\":true,\"valueName\":\"search_term_string\"}}],\"inLanguage\":\"fr-FR\"},{\"@type\":\"Organization\",\"@id\":\"https:\/\/kapitalis.com\/tunisie\/#organization\",\"name\":\"Kapitalis\",\"url\":\"https:\/\/kapitalis.com\/tunisie\/\",\"logo\":{\"@type\":\"ImageObject\",\"inLanguage\":\"fr-FR\",\"@id\":\"https:\/\/kapitalis.com\/tunisie\/#\/schema\/logo\/image\/\",\"url\":\"https:\/\/kapitalis.com\/tunisie\/wp-content\/uploads\/2022\/05\/Kapitalis-big-size.png\",\"contentUrl\":\"https:\/\/kapitalis.com\/tunisie\/wp-content\/uploads\/2022\/05\/Kapitalis-big-size.png\",\"width\":5000,\"height\":1500,\"caption\":\"Kapitalis\"},\"image\":{\"@id\":\"https:\/\/kapitalis.com\/tunisie\/#\/schema\/logo\/image\/\"},\"sameAs\":[\"https:\/\/www.facebook.com\/KapitalisInfo\/\",\"https:\/\/x.com\/KapitalisInfo\",\"https:\/\/www.youtube.com\/channel\/UC-yDYrHyfFBWWZaOw3FPg9Q\"]},{\"@type\":\"Person\",\"@id\":\"https:\/\/kapitalis.com\/tunisie\/#\/schema\/person\/093913313d3017554cb3ad077fff3fbd\",\"name\":\"Amina Mkada\",\"url\":\"https:\/\/kapitalis.com\/tunisie\/author\/amina\/\"}]}<\/script>\n<!-- \/ Yoast SEO plugin. -->","yoast_head_json":{"title":"En Tunisie, 21% des migrants ill\u00e9gaux sont mineurs et 9,8% des femmes - Kapitalis","robots":{"index":"index","follow":"follow","max-snippet":"max-snippet:-1","max-image-preview":"max-image-preview:large","max-video-preview":"max-video-preview:-1"},"canonical":"https:\/\/kapitalis.com\/tunisie\/2019\/12\/16\/en-tunisie-21-des-migrants-illegaux-sont-mineurs-et-98-des-femmes\/","og_locale":"fr_FR","og_type":"article","og_title":"En Tunisie, 21% des migrants ill\u00e9gaux sont mineurs et 9,8% des femmes - Kapitalis","og_description":"Le responsable de la communication du Forum tunisien pour les droits \u00e9conomiques et sociaux (FTDES) Romdhane Ben Amor a annonc\u00e9, lors d&rsquo;une r\u00e9union avec les m\u00e9dias, ce lundi 16 d\u00e9cembre 2019 \u00e0 Tunis, que 21% des migrants ill\u00e9gaux en Tunisie en 2019 sont mineurs et 9,8% des femmes.","og_url":"https:\/\/kapitalis.com\/tunisie\/2019\/12\/16\/en-tunisie-21-des-migrants-illegaux-sont-mineurs-et-98-des-femmes\/","og_site_name":"Kapitalis","article_publisher":"https:\/\/www.facebook.com\/KapitalisInfo\/","article_published_time":"2019-12-16T17:37:00+00:00","article_modified_time":"2019-12-16T17:37:04+00:00","og_image":[{"url":"http:\/\/kapitalis.com\/tunisie\/wp-content\/uploads\/2015\/09\/immigres-clandestin.jpg","type":"","width":"","height":""}],"author":"Amina Mkada","twitter_card":"summary_large_image","twitter_creator":"@KapitalisInfo","twitter_site":"@KapitalisInfo","twitter_misc":{"\u00c9crit par":"Amina Mkada","Dur\u00e9e de lecture estim\u00e9e":"1 minute"},"schema":{"@context":"https:\/\/schema.org","@graph":[{"@type":"Article","@id":"https:\/\/kapitalis.com\/tunisie\/2019\/12\/16\/en-tunisie-21-des-migrants-illegaux-sont-mineurs-et-98-des-femmes\/#article","isPartOf":{"@id":"https:\/\/kapitalis.com\/tunisie\/2019\/12\/16\/en-tunisie-21-des-migrants-illegaux-sont-mineurs-et-98-des-femmes\/"},"author":{"name":"Amina Mkada","@id":"https:\/\/kapitalis.com\/tunisie\/#\/schema\/person\/093913313d3017554cb3ad077fff3fbd"},"headline":"En Tunisie, 21% des migrants ill\u00e9gaux sont mineurs et 9,8% des femmes","datePublished":"2019-12-16T17:37:00+00:00","dateModified":"2019-12-16T17:37:04+00:00","mainEntityOfPage":{"@id":"https:\/\/kapitalis.com\/tunisie\/2019\/12\/16\/en-tunisie-21-des-migrants-illegaux-sont-mineurs-et-98-des-femmes\/"},"wordCount":154,"commentCount":1,"publisher":{"@id":"https:\/\/kapitalis.com\/tunisie\/#organization"},"image":{"@id":"https:\/\/kapitalis.com\/tunisie\/2019\/12\/16\/en-tunisie-21-des-migrants-illegaux-sont-mineurs-et-98-des-femmes\/#primaryimage"},"thumbnailUrl":"http:\/\/kapitalis.com\/tunisie\/wp-content\/uploads\/2015\/09\/immigres-clandestin.jpg","keywords":["Espagne","FTDES","Medenine","Romdhane Ben Amor","Sfax"],"articleSection":["SOCIETE","Tunisie"],"inLanguage":"fr-FR","potentialAction":[{"@type":"CommentAction","name":"Comment","target":["https:\/\/kapitalis.com\/tunisie\/2019\/12\/16\/en-tunisie-21-des-migrants-illegaux-sont-mineurs-et-98-des-femmes\/#respond"]}]},{"@type":"WebPage","@id":"https:\/\/kapitalis.com\/tunisie\/2019\/12\/16\/en-tunisie-21-des-migrants-illegaux-sont-mineurs-et-98-des-femmes\/","url":"https:\/\/kapitalis.com\/tunisie\/2019\/12\/16\/en-tunisie-21-des-migrants-illegaux-sont-mineurs-et-98-des-femmes\/","name":"En Tunisie, 21% des migrants ill\u00e9gaux sont mineurs et 9,8% des femmes - Kapitalis","isPartOf":{"@id":"https:\/\/kapitalis.com\/tunisie\/#website"},"primaryImageOfPage":{"@id":"https:\/\/kapitalis.com\/tunisie\/2019\/12\/16\/en-tunisie-21-des-migrants-illegaux-sont-mineurs-et-98-des-femmes\/#primaryimage"},"image":{"@id":"https:\/\/kapitalis.com\/tunisie\/2019\/12\/16\/en-tunisie-21-des-migrants-illegaux-sont-mineurs-et-98-des-femmes\/#primaryimage"},"thumbnailUrl":"http:\/\/kapitalis.com\/tunisie\/wp-content\/uploads\/2015\/09\/immigres-clandestin.jpg","datePublished":"2019-12-16T17:37:00+00:00","dateModified":"2019-12-16T17:37:04+00:00","breadcrumb":{"@id":"https:\/\/kapitalis.com\/tunisie\/2019\/12\/16\/en-tunisie-21-des-migrants-illegaux-sont-mineurs-et-98-des-femmes\/#breadcrumb"},"inLanguage":"fr-FR","potentialAction":[{"@type":"ReadAction","target":["https:\/\/kapitalis.com\/tunisie\/2019\/12\/16\/en-tunisie-21-des-migrants-illegaux-sont-mineurs-et-98-des-femmes\/"]}]},{"@type":"ImageObject","inLanguage":"fr-FR","@id":"https:\/\/kapitalis.com\/tunisie\/2019\/12\/16\/en-tunisie-21-des-migrants-illegaux-sont-mineurs-et-98-des-femmes\/#primaryimage","url":"http:\/\/kapitalis.com\/tunisie\/wp-content\/uploads\/2015\/09\/immigres-clandestin.jpg","contentUrl":"http:\/\/kapitalis.com\/tunisie\/wp-content\/uploads\/2015\/09\/immigres-clandestin.jpg"},{"@type":"BreadcrumbList","@id":"https:\/\/kapitalis.com\/tunisie\/2019\/12\/16\/en-tunisie-21-des-migrants-illegaux-sont-mineurs-et-98-des-femmes\/#breadcrumb","itemListElement":[{"@type":"ListItem","position":1,"name":"Accueil","item":"https:\/\/kapitalis.com\/tunisie\/"},{"@type":"ListItem","position":2,"name":"En Tunisie, 21% des migrants ill\u00e9gaux sont mineurs et 9,8% des femmes"}]},{"@type":"WebSite","@id":"https:\/\/kapitalis.com\/tunisie\/#website","url":"https:\/\/kapitalis.com\/tunisie\/","name":"Kapitalis","description":"L&#039;actualit\u00e9 en Tunisie et dans le monde","publisher":{"@id":"https:\/\/kapitalis.com\/tunisie\/#organization"},"potentialAction":[{"@type":"SearchAction","target":{"@type":"EntryPoint","urlTemplate":"https:\/\/kapitalis.com\/tunisie\/?s={search_term_string}"},"query-input":{"@type":"PropertyValueSpecification","valueRequired":true,"valueName":"search_term_string"}}],"inLanguage":"fr-FR"},{"@type":"Organization","@id":"https:\/\/kapitalis.com\/tunisie\/#organization","name":"Kapitalis","url":"https:\/\/kapitalis.com\/tunisie\/","logo":{"@type":"ImageObject","inLanguage":"fr-FR","@id":"https:\/\/kapitalis.com\/tunisie\/#\/schema\/logo\/image\/","url":"https:\/\/kapitalis.com\/tunisie\/wp-content\/uploads\/2022\/05\/Kapitalis-big-size.png","contentUrl":"https:\/\/kapitalis.com\/tunisie\/wp-content\/uploads\/2022\/05\/Kapitalis-big-size.png","width":5000,"height":1500,"caption":"Kapitalis"},"image":{"@id":"https:\/\/kapitalis.com\/tunisie\/#\/schema\/logo\/image\/"},"sameAs":["https:\/\/www.facebook.com\/KapitalisInfo\/","https:\/\/x.com\/KapitalisInfo","https:\/\/www.youtube.com\/channel\/UC-yDYrHyfFBWWZaOw3FPg9Q"]},{"@type":"Person","@id":"https:\/\/kapitalis.com\/tunisie\/#\/schema\/person\/093913313d3017554cb3ad077fff3fbd","name":"Amina Mkada","url":"https:\/\/kapitalis.com\/tunisie\/author\/amina\/"}]}},"_links":{"self":[{"href":"https:\/\/kapitalis.com\/tunisie\/wp-json\/wp\/v2\/posts\/264727","targetHints":{"allow":["GET"]}}],"collection":[{"href":"https:\/\/kapitalis.com\/tunisie\/wp-json\/wp\/v2\/posts"}],"about":[{"href":"https:\/\/kapitalis.com\/tunisie\/wp-json\/wp\/v2\/types\/post"}],"author":[{"embeddable":true,"href":"https:\/\/kapitalis.com\/tunisie\/wp-json\/wp\/v2\/users\/22"}],"replies":[{"embeddable":true,"href":"https:\/\/kapitalis.com\/tunisie\/wp-json\/wp\/v2\/comments?post=264727"}],"version-history":[{"count":0,"href":"https:\/\/kapitalis.com\/tunisie\/wp-json\/wp\/v2\/posts\/264727\/revisions"}],"wp:attachment":[{"href":"https:\/\/kapitalis.com\/tunisie\/wp-json\/wp\/v2\/media?parent=264727"}],"wp:term":[{"taxonomy":"category","embeddable":true,"href":"https:\/\/kapitalis.com\/tunisie\/wp-json\/wp\/v2\/categories?post=264727"},{"taxonomy":"post_tag","embeddable":true,"href":"https:\/\/kapitalis.com\/tunisie\/wp-json\/wp\/v2\/tags?post=264727"}],"curies":[{"name":"wp","href":"https:\/\/api.w.org\/{rel}","templated":true}]}}