{"id":264839,"date":"2019-12-17T10:22:42","date_gmt":"2019-12-17T09:22:42","guid":{"rendered":"http:\/\/kapitalis.com\/tunisie\/?p=264839"},"modified":"2019-12-17T11:27:08","modified_gmt":"2019-12-17T10:27:08","slug":"lindependance-du-pouvoir-judiciaire-au-centre-de-la-rencontre-de-kais-saied-avec-les-magistrats","status":"publish","type":"post","link":"https:\/\/kapitalis.com\/tunisie\/2019\/12\/17\/lindependance-du-pouvoir-judiciaire-au-centre-de-la-rencontre-de-kais-saied-avec-les-magistrats\/","title":{"rendered":"Que peut faire Ka\u00efs Sa\u00efed pour garantir l&rsquo;ind\u00e9pendance du pouvoir judiciaire ?"},"content":{"rendered":"\n<figure class=\"wp-block-image size-large\"><img decoding=\"async\" src=\"http:\/\/kapitalis.com\/tunisie\/wp-content\/uploads\/2019\/12\/r\u00e9union-saied-magistrats.jpg\" alt=\"\" class=\"wp-image-264876\"\/><\/figure>\n\n\n\n<p><strong><em>\u00abLorsque la politique s&rsquo;infiltre dans les palais de la justice, alors la justice quitte ces palais\u00bb. C&rsquo;est notamment \u00e0 travers ces mots que le pr\u00e9sident de la R\u00e9publique, Ka\u00efs Sa\u00efed, a choisi de mettre l&rsquo;accent sur l&rsquo;importance &#8211; dans une d\u00e9mocratie &#8211;  de garantir l&rsquo;ind\u00e9pendance du pouvoir judiciaire, lors de sa r\u00e9ception, hier, 16 d\u00e9cembre 2019, au palais pr\u00e9sidentiel de Carthage, des repr\u00e9sentants des Conseils judiciaires, du pr\u00e9sident de l&rsquo;Association des magistrats tunisiens (AMT), Anas Hma\u00efdi, et de celui du Syndicat des magistrats tunisiens (SMT), Brahim Bouslah.<\/em><\/strong><\/p>\n\n\n\n<!--more-->\n\n\n\n<p>Une rencontre qui a \u00e9galement connu la pr\u00e9sence du chef du gouvernement sortant, charg\u00e9 de la gestion des affaires courantes, Youssef Chahed, ainsi que le ministre de la Justice, Mohamed Karim Jamoussi. <\/p>\n\n\n\n<p>Rappelons que la semaine pass\u00e9e, l&rsquo;Assembl\u00e9e des repr\u00e9sentants du peuple (ARP) avait rejet\u00e9 un article, propos\u00e9 dans le cadre de la Loi de finances 2020, disposant de la cr\u00e9ation d&rsquo;un fonds pour le soutien de la justice. Un rejet qui a notamment suscit\u00e9 <a href=\"http:\/\/kapitalis.com\/tunisie\/2019\/12\/11\/lassociation-des-magistrats-craint-laffaiblissement-du-pouvoir-judiciaire-pour-mieux-lexploiter-par-les-politiciens\/\">l&rsquo;indignation d&rsquo;Anas Hma\u00efdi<\/a>, pr\u00e9sent hier \u00e0 la r\u00e9union.<\/p>\n\n\n\n<p>Le fonds \u00e9tait, en effet, cens\u00e9 am\u00e9liorer les conditions de travail des juges, greffiers et avocats, en vue d&rsquo;augmenter l&rsquo;efficience de la justice tunisienne, et son rejet a \u00e9t\u00e9, par cons\u00e9quent, difficilement justifiable.<\/p>\n\n\n\n<p> La non-adoption de cet article tant esp\u00e9r\u00e9 par les repr\u00e9sentants du pouvoir judiciaire pourrait refl\u00e9ter, surtout, une volont\u00e9 politique de s&rsquo;opposer \u00e0 cette \u00e9volution, afin de faciliter l&rsquo;instrumentalisation de ce pouvoir.<\/p>\n\n\n\n<p>C&rsquo;est donc dans ce contexte que ces magistrats ont demand\u00e9 de rencontrer Ka\u00efs Sa\u00efed, notamment du fait de son statut &#8211; symbolique &#8211; de \u00ab<em>magistrat supr\u00eame<\/em>\u00bb, m\u00eame si ses pr\u00e9rogatives ne lui permettent pas de prendre des mesures effectives de r\u00e9forme. <\/p>\n\n\n\n<p> D&rsquo;apr\u00e8s la page Facebook de la pr\u00e9sidence de la R\u00e9publique, la r\u00e9union a \u00e9t\u00e9 \u00e9galement consacr\u00e9e \u00e0 \u00ab<em>discuter des probl\u00e8mes li\u00e9s au retard dans la publication du mouvement annuel des magistrats, des questions relatives au r\u00f4le du Conseil sup\u00e9rieur de la magistrature (CSM), ainsi que des limites de l&rsquo;autorit\u00e9 r\u00e9glementaire qui lui est conf\u00e9r\u00e9e.<\/em>\u00bb  <\/p>\n\n\n\n<p>Cette r\u00e9union a eu lieu au moment o\u00f9 des voix s&rsquo;\u00e9l\u00e8vent pour d\u00e9plorer la lenteur de la justice et son manque de r\u00e9activit\u00e9 et d&rsquo;efficience, avec, surtout, l&rsquo;impunit\u00e9 dont b\u00e9n\u00e9ficient de nombreuses personnalit\u00e9s publiques, actives au sein des partis ou dans le paysage audiovisuel. Certains si\u00e8gent m\u00eame \u00e0 l&rsquo;Assembl\u00e9e o\u00f9 ils b\u00e9n\u00e9ficient de l&rsquo;immunit\u00e9 parlementaire. Certains d&rsquo;entre eux ont du s\u00fbrement s&rsquo;opposer au fameux article de la loi de finances devant cr\u00e9er un fonds de soutien \u00e0 la justice. L&rsquo;ind\u00e9pendance de la justice n&rsquo;est pas leur principale pr\u00e9occupation, au contraire.  <\/p>\n\n\n\n<p class=\"has-text-align-right\"><strong>C. B. Y.<\/strong><\/p>\n\n\n\n<figure class=\"wp-block-embed-wordpress wp-block-embed is-type-wp-embed is-provider-kapitalis\"><div class=\"wp-block-embed__wrapper\">\n<blockquote class=\"wp-embedded-content\" data-secret=\"muZmthOhhi\"><a href=\"https:\/\/kapitalis.com\/tunisie\/2019\/12\/11\/lassociation-des-magistrats-craint-laffaiblissement-du-pouvoir-judiciaire-pour-mieux-lexploiter-par-les-politiciens\/\">L&rsquo;Association des magistrats craint l&rsquo;affaiblissement du pouvoir judiciaire par l&rsquo;ARP pour faciliter son instrumentalisation<\/a><\/blockquote><iframe loading=\"lazy\" class=\"wp-embedded-content\" sandbox=\"allow-scripts\" security=\"restricted\" style=\"position: absolute; clip: rect(1px, 1px, 1px, 1px);\" title=\"\u00ab\u00a0L&rsquo;Association des magistrats craint l&rsquo;affaiblissement du pouvoir judiciaire par l&rsquo;ARP pour faciliter son instrumentalisation\u00a0\u00bb &#8212; Kapitalis\" src=\"https:\/\/kapitalis.com\/tunisie\/2019\/12\/11\/lassociation-des-magistrats-craint-laffaiblissement-du-pouvoir-judiciaire-pour-mieux-lexploiter-par-les-politiciens\/embed\/#?secret=FIoHlODZup#?secret=muZmthOhhi\" data-secret=\"muZmthOhhi\" width=\"600\" height=\"338\" frameborder=\"0\" marginwidth=\"0\" marginheight=\"0\" scrolling=\"no\"><\/iframe>\n<\/div><\/figure>\n","protected":false},"excerpt":{"rendered":"<p>\u00abLorsque la politique s&rsquo;infiltre dans les palais de la justice, alors la justice quitte ces palais\u00bb. C&rsquo;est notamment \u00e0 travers ces mots que le pr\u00e9sident de la R\u00e9publique, Ka\u00efs Sa\u00efed, a choisi de mettre l&rsquo;accent sur l&rsquo;importance &#8211; dans une d\u00e9mocratie &#8211; de garantir l&rsquo;ind\u00e9pendance du pouvoir judiciaire, lors de sa r\u00e9ception, hier, 16 d\u00e9cembre&#8230;<\/p>\n","protected":false},"author":24,"featured_media":264876,"comment_status":"open","ping_status":"open","sticky":false,"template":"","format":"standard","meta":{"footnotes":""},"categories":[997,2433],"tags":[71,65936,12235,65696,11246],"class_list":["post-264839","post","type-post","status-publish","format-standard","has-post-thumbnail","hentry","category-politique","category-tunisie","tag-amt","tag-anas-hmaidi","tag-kais-saied","tag-mohamed-karim-jamoussi","tag-youssef-chahed"],"yoast_head":"<!-- This site is optimized with the Yoast SEO plugin v26.6 - https:\/\/yoast.com\/wordpress\/plugins\/seo\/ -->\n<title>Que peut faire Ka\u00efs Sa\u00efed pour garantir l&#039;ind\u00e9pendance du pouvoir judiciaire ? - Kapitalis<\/title>\n<meta name=\"robots\" content=\"index, follow, max-snippet:-1, max-image-preview:large, max-video-preview:-1\" \/>\n<link rel=\"canonical\" href=\"https:\/\/kapitalis.com\/tunisie\/2019\/12\/17\/lindependance-du-pouvoir-judiciaire-au-centre-de-la-rencontre-de-kais-saied-avec-les-magistrats\/\" \/>\n<meta property=\"og:locale\" content=\"fr_FR\" \/>\n<meta property=\"og:type\" content=\"article\" \/>\n<meta property=\"og:title\" content=\"Que peut faire Ka\u00efs Sa\u00efed pour garantir l&#039;ind\u00e9pendance du pouvoir judiciaire ? - Kapitalis\" \/>\n<meta property=\"og:description\" content=\"\u00abLorsque la politique s&rsquo;infiltre dans les palais de la justice, alors la justice quitte ces palais\u00bb. C&rsquo;est notamment \u00e0 travers ces mots que le pr\u00e9sident de la R\u00e9publique, Ka\u00efs Sa\u00efed, a choisi de mettre l&rsquo;accent sur l&rsquo;importance &#8211; dans une d\u00e9mocratie &#8211; de garantir l&rsquo;ind\u00e9pendance du pouvoir judiciaire, lors de sa r\u00e9ception, hier, 16 d\u00e9cembre...\" \/>\n<meta property=\"og:url\" content=\"https:\/\/kapitalis.com\/tunisie\/2019\/12\/17\/lindependance-du-pouvoir-judiciaire-au-centre-de-la-rencontre-de-kais-saied-avec-les-magistrats\/\" \/>\n<meta property=\"og:site_name\" content=\"Kapitalis\" \/>\n<meta property=\"article:publisher\" content=\"https:\/\/www.facebook.com\/KapitalisInfo\/\" \/>\n<meta property=\"article:published_time\" content=\"2019-12-17T09:22:42+00:00\" \/>\n<meta property=\"article:modified_time\" content=\"2019-12-17T10:27:08+00:00\" \/>\n<meta property=\"og:image\" content=\"https:\/\/kapitalis.com\/tunisie\/wp-content\/uploads\/2022\/05\/kapitalis-logo-fb.png\" \/>\n\t<meta property=\"og:image:width\" content=\"1200\" \/>\n\t<meta property=\"og:image:height\" content=\"630\" \/>\n\t<meta property=\"og:image:type\" content=\"image\/png\" \/>\n<meta name=\"author\" content=\"Cherif Benyounes\" \/>\n<meta name=\"twitter:card\" content=\"summary_large_image\" \/>\n<meta name=\"twitter:creator\" content=\"@KapitalisInfo\" \/>\n<meta name=\"twitter:site\" content=\"@KapitalisInfo\" \/>\n<meta name=\"twitter:label1\" content=\"\u00c9crit par\" \/>\n\t<meta name=\"twitter:data1\" content=\"Cherif Benyounes\" \/>\n\t<meta name=\"twitter:label2\" content=\"Dur\u00e9e de lecture estim\u00e9e\" \/>\n\t<meta name=\"twitter:data2\" content=\"2 minutes\" \/>\n<script type=\"application\/ld+json\" class=\"yoast-schema-graph\">{\"@context\":\"https:\/\/schema.org\",\"@graph\":[{\"@type\":\"Article\",\"@id\":\"https:\/\/kapitalis.com\/tunisie\/2019\/12\/17\/lindependance-du-pouvoir-judiciaire-au-centre-de-la-rencontre-de-kais-saied-avec-les-magistrats\/#article\",\"isPartOf\":{\"@id\":\"https:\/\/kapitalis.com\/tunisie\/2019\/12\/17\/lindependance-du-pouvoir-judiciaire-au-centre-de-la-rencontre-de-kais-saied-avec-les-magistrats\/\"},\"author\":{\"name\":\"Cherif Benyounes\",\"@id\":\"https:\/\/kapitalis.com\/tunisie\/#\/schema\/person\/b35b8d631961131107263178aeb8019e\"},\"headline\":\"Que peut faire Ka\u00efs Sa\u00efed pour garantir l&rsquo;ind\u00e9pendance du pouvoir judiciaire ?\",\"datePublished\":\"2019-12-17T09:22:42+00:00\",\"dateModified\":\"2019-12-17T10:27:08+00:00\",\"mainEntityOfPage\":{\"@id\":\"https:\/\/kapitalis.com\/tunisie\/2019\/12\/17\/lindependance-du-pouvoir-judiciaire-au-centre-de-la-rencontre-de-kais-saied-avec-les-magistrats\/\"},\"wordCount\":492,\"commentCount\":0,\"publisher\":{\"@id\":\"https:\/\/kapitalis.com\/tunisie\/#organization\"},\"image\":{\"@id\":\"https:\/\/kapitalis.com\/tunisie\/2019\/12\/17\/lindependance-du-pouvoir-judiciaire-au-centre-de-la-rencontre-de-kais-saied-avec-les-magistrats\/#primaryimage\"},\"thumbnailUrl\":\"\",\"keywords\":[\"AMT\",\"Anas Hmaidi\",\"Ka\u00efs Saied\",\"Mohamed Karim Jamoussi\",\"Youssef Chahed\"],\"articleSection\":[\"POLITIQUE\",\"Tunisie\"],\"inLanguage\":\"fr-FR\",\"potentialAction\":[{\"@type\":\"CommentAction\",\"name\":\"Comment\",\"target\":[\"https:\/\/kapitalis.com\/tunisie\/2019\/12\/17\/lindependance-du-pouvoir-judiciaire-au-centre-de-la-rencontre-de-kais-saied-avec-les-magistrats\/#respond\"]}]},{\"@type\":\"WebPage\",\"@id\":\"https:\/\/kapitalis.com\/tunisie\/2019\/12\/17\/lindependance-du-pouvoir-judiciaire-au-centre-de-la-rencontre-de-kais-saied-avec-les-magistrats\/\",\"url\":\"https:\/\/kapitalis.com\/tunisie\/2019\/12\/17\/lindependance-du-pouvoir-judiciaire-au-centre-de-la-rencontre-de-kais-saied-avec-les-magistrats\/\",\"name\":\"Que peut faire Ka\u00efs Sa\u00efed pour garantir l'ind\u00e9pendance du pouvoir judiciaire ? - Kapitalis\",\"isPartOf\":{\"@id\":\"https:\/\/kapitalis.com\/tunisie\/#website\"},\"primaryImageOfPage\":{\"@id\":\"https:\/\/kapitalis.com\/tunisie\/2019\/12\/17\/lindependance-du-pouvoir-judiciaire-au-centre-de-la-rencontre-de-kais-saied-avec-les-magistrats\/#primaryimage\"},\"image\":{\"@id\":\"https:\/\/kapitalis.com\/tunisie\/2019\/12\/17\/lindependance-du-pouvoir-judiciaire-au-centre-de-la-rencontre-de-kais-saied-avec-les-magistrats\/#primaryimage\"},\"thumbnailUrl\":\"\",\"datePublished\":\"2019-12-17T09:22:42+00:00\",\"dateModified\":\"2019-12-17T10:27:08+00:00\",\"breadcrumb\":{\"@id\":\"https:\/\/kapitalis.com\/tunisie\/2019\/12\/17\/lindependance-du-pouvoir-judiciaire-au-centre-de-la-rencontre-de-kais-saied-avec-les-magistrats\/#breadcrumb\"},\"inLanguage\":\"fr-FR\",\"potentialAction\":[{\"@type\":\"ReadAction\",\"target\":[\"https:\/\/kapitalis.com\/tunisie\/2019\/12\/17\/lindependance-du-pouvoir-judiciaire-au-centre-de-la-rencontre-de-kais-saied-avec-les-magistrats\/\"]}]},{\"@type\":\"ImageObject\",\"inLanguage\":\"fr-FR\",\"@id\":\"https:\/\/kapitalis.com\/tunisie\/2019\/12\/17\/lindependance-du-pouvoir-judiciaire-au-centre-de-la-rencontre-de-kais-saied-avec-les-magistrats\/#primaryimage\",\"url\":\"\",\"contentUrl\":\"\"},{\"@type\":\"BreadcrumbList\",\"@id\":\"https:\/\/kapitalis.com\/tunisie\/2019\/12\/17\/lindependance-du-pouvoir-judiciaire-au-centre-de-la-rencontre-de-kais-saied-avec-les-magistrats\/#breadcrumb\",\"itemListElement\":[{\"@type\":\"ListItem\",\"position\":1,\"name\":\"Accueil\",\"item\":\"https:\/\/kapitalis.com\/tunisie\/\"},{\"@type\":\"ListItem\",\"position\":2,\"name\":\"Que peut faire Ka\u00efs Sa\u00efed pour garantir l&rsquo;ind\u00e9pendance du pouvoir judiciaire ?\"}]},{\"@type\":\"WebSite\",\"@id\":\"https:\/\/kapitalis.com\/tunisie\/#website\",\"url\":\"https:\/\/kapitalis.com\/tunisie\/\",\"name\":\"Kapitalis\",\"description\":\"L&#039;actualit\u00e9 en Tunisie et dans le monde\",\"publisher\":{\"@id\":\"https:\/\/kapitalis.com\/tunisie\/#organization\"},\"potentialAction\":[{\"@type\":\"SearchAction\",\"target\":{\"@type\":\"EntryPoint\",\"urlTemplate\":\"https:\/\/kapitalis.com\/tunisie\/?s={search_term_string}\"},\"query-input\":{\"@type\":\"PropertyValueSpecification\",\"valueRequired\":true,\"valueName\":\"search_term_string\"}}],\"inLanguage\":\"fr-FR\"},{\"@type\":\"Organization\",\"@id\":\"https:\/\/kapitalis.com\/tunisie\/#organization\",\"name\":\"Kapitalis\",\"url\":\"https:\/\/kapitalis.com\/tunisie\/\",\"logo\":{\"@type\":\"ImageObject\",\"inLanguage\":\"fr-FR\",\"@id\":\"https:\/\/kapitalis.com\/tunisie\/#\/schema\/logo\/image\/\",\"url\":\"https:\/\/kapitalis.com\/tunisie\/wp-content\/uploads\/2022\/05\/Kapitalis-big-size.png\",\"contentUrl\":\"https:\/\/kapitalis.com\/tunisie\/wp-content\/uploads\/2022\/05\/Kapitalis-big-size.png\",\"width\":5000,\"height\":1500,\"caption\":\"Kapitalis\"},\"image\":{\"@id\":\"https:\/\/kapitalis.com\/tunisie\/#\/schema\/logo\/image\/\"},\"sameAs\":[\"https:\/\/www.facebook.com\/KapitalisInfo\/\",\"https:\/\/x.com\/KapitalisInfo\",\"https:\/\/www.youtube.com\/channel\/UC-yDYrHyfFBWWZaOw3FPg9Q\"]},{\"@type\":\"Person\",\"@id\":\"https:\/\/kapitalis.com\/tunisie\/#\/schema\/person\/b35b8d631961131107263178aeb8019e\",\"name\":\"Cherif Benyounes\",\"url\":\"https:\/\/kapitalis.com\/tunisie\/author\/cherif\/\"}]}<\/script>\n<!-- \/ Yoast SEO plugin. -->","yoast_head_json":{"title":"Que peut faire Ka\u00efs Sa\u00efed pour garantir l'ind\u00e9pendance du pouvoir judiciaire ? - Kapitalis","robots":{"index":"index","follow":"follow","max-snippet":"max-snippet:-1","max-image-preview":"max-image-preview:large","max-video-preview":"max-video-preview:-1"},"canonical":"https:\/\/kapitalis.com\/tunisie\/2019\/12\/17\/lindependance-du-pouvoir-judiciaire-au-centre-de-la-rencontre-de-kais-saied-avec-les-magistrats\/","og_locale":"fr_FR","og_type":"article","og_title":"Que peut faire Ka\u00efs Sa\u00efed pour garantir l'ind\u00e9pendance du pouvoir judiciaire ? - Kapitalis","og_description":"\u00abLorsque la politique s&rsquo;infiltre dans les palais de la justice, alors la justice quitte ces palais\u00bb. C&rsquo;est notamment \u00e0 travers ces mots que le pr\u00e9sident de la R\u00e9publique, Ka\u00efs Sa\u00efed, a choisi de mettre l&rsquo;accent sur l&rsquo;importance &#8211; dans une d\u00e9mocratie &#8211; de garantir l&rsquo;ind\u00e9pendance du pouvoir judiciaire, lors de sa r\u00e9ception, hier, 16 d\u00e9cembre...","og_url":"https:\/\/kapitalis.com\/tunisie\/2019\/12\/17\/lindependance-du-pouvoir-judiciaire-au-centre-de-la-rencontre-de-kais-saied-avec-les-magistrats\/","og_site_name":"Kapitalis","article_publisher":"https:\/\/www.facebook.com\/KapitalisInfo\/","article_published_time":"2019-12-17T09:22:42+00:00","article_modified_time":"2019-12-17T10:27:08+00:00","og_image":[{"width":1200,"height":630,"url":"https:\/\/kapitalis.com\/tunisie\/wp-content\/uploads\/2022\/05\/kapitalis-logo-fb.png","type":"image\/png"}],"author":"Cherif Benyounes","twitter_card":"summary_large_image","twitter_creator":"@KapitalisInfo","twitter_site":"@KapitalisInfo","twitter_misc":{"\u00c9crit par":"Cherif Benyounes","Dur\u00e9e de lecture estim\u00e9e":"2 minutes"},"schema":{"@context":"https:\/\/schema.org","@graph":[{"@type":"Article","@id":"https:\/\/kapitalis.com\/tunisie\/2019\/12\/17\/lindependance-du-pouvoir-judiciaire-au-centre-de-la-rencontre-de-kais-saied-avec-les-magistrats\/#article","isPartOf":{"@id":"https:\/\/kapitalis.com\/tunisie\/2019\/12\/17\/lindependance-du-pouvoir-judiciaire-au-centre-de-la-rencontre-de-kais-saied-avec-les-magistrats\/"},"author":{"name":"Cherif Benyounes","@id":"https:\/\/kapitalis.com\/tunisie\/#\/schema\/person\/b35b8d631961131107263178aeb8019e"},"headline":"Que peut faire Ka\u00efs Sa\u00efed pour garantir l&rsquo;ind\u00e9pendance du pouvoir judiciaire ?","datePublished":"2019-12-17T09:22:42+00:00","dateModified":"2019-12-17T10:27:08+00:00","mainEntityOfPage":{"@id":"https:\/\/kapitalis.com\/tunisie\/2019\/12\/17\/lindependance-du-pouvoir-judiciaire-au-centre-de-la-rencontre-de-kais-saied-avec-les-magistrats\/"},"wordCount":492,"commentCount":0,"publisher":{"@id":"https:\/\/kapitalis.com\/tunisie\/#organization"},"image":{"@id":"https:\/\/kapitalis.com\/tunisie\/2019\/12\/17\/lindependance-du-pouvoir-judiciaire-au-centre-de-la-rencontre-de-kais-saied-avec-les-magistrats\/#primaryimage"},"thumbnailUrl":"","keywords":["AMT","Anas Hmaidi","Ka\u00efs Saied","Mohamed Karim Jamoussi","Youssef Chahed"],"articleSection":["POLITIQUE","Tunisie"],"inLanguage":"fr-FR","potentialAction":[{"@type":"CommentAction","name":"Comment","target":["https:\/\/kapitalis.com\/tunisie\/2019\/12\/17\/lindependance-du-pouvoir-judiciaire-au-centre-de-la-rencontre-de-kais-saied-avec-les-magistrats\/#respond"]}]},{"@type":"WebPage","@id":"https:\/\/kapitalis.com\/tunisie\/2019\/12\/17\/lindependance-du-pouvoir-judiciaire-au-centre-de-la-rencontre-de-kais-saied-avec-les-magistrats\/","url":"https:\/\/kapitalis.com\/tunisie\/2019\/12\/17\/lindependance-du-pouvoir-judiciaire-au-centre-de-la-rencontre-de-kais-saied-avec-les-magistrats\/","name":"Que peut faire Ka\u00efs Sa\u00efed pour garantir l'ind\u00e9pendance du pouvoir judiciaire ? - Kapitalis","isPartOf":{"@id":"https:\/\/kapitalis.com\/tunisie\/#website"},"primaryImageOfPage":{"@id":"https:\/\/kapitalis.com\/tunisie\/2019\/12\/17\/lindependance-du-pouvoir-judiciaire-au-centre-de-la-rencontre-de-kais-saied-avec-les-magistrats\/#primaryimage"},"image":{"@id":"https:\/\/kapitalis.com\/tunisie\/2019\/12\/17\/lindependance-du-pouvoir-judiciaire-au-centre-de-la-rencontre-de-kais-saied-avec-les-magistrats\/#primaryimage"},"thumbnailUrl":"","datePublished":"2019-12-17T09:22:42+00:00","dateModified":"2019-12-17T10:27:08+00:00","breadcrumb":{"@id":"https:\/\/kapitalis.com\/tunisie\/2019\/12\/17\/lindependance-du-pouvoir-judiciaire-au-centre-de-la-rencontre-de-kais-saied-avec-les-magistrats\/#breadcrumb"},"inLanguage":"fr-FR","potentialAction":[{"@type":"ReadAction","target":["https:\/\/kapitalis.com\/tunisie\/2019\/12\/17\/lindependance-du-pouvoir-judiciaire-au-centre-de-la-rencontre-de-kais-saied-avec-les-magistrats\/"]}]},{"@type":"ImageObject","inLanguage":"fr-FR","@id":"https:\/\/kapitalis.com\/tunisie\/2019\/12\/17\/lindependance-du-pouvoir-judiciaire-au-centre-de-la-rencontre-de-kais-saied-avec-les-magistrats\/#primaryimage","url":"","contentUrl":""},{"@type":"BreadcrumbList","@id":"https:\/\/kapitalis.com\/tunisie\/2019\/12\/17\/lindependance-du-pouvoir-judiciaire-au-centre-de-la-rencontre-de-kais-saied-avec-les-magistrats\/#breadcrumb","itemListElement":[{"@type":"ListItem","position":1,"name":"Accueil","item":"https:\/\/kapitalis.com\/tunisie\/"},{"@type":"ListItem","position":2,"name":"Que peut faire Ka\u00efs Sa\u00efed pour garantir l&rsquo;ind\u00e9pendance du pouvoir judiciaire ?"}]},{"@type":"WebSite","@id":"https:\/\/kapitalis.com\/tunisie\/#website","url":"https:\/\/kapitalis.com\/tunisie\/","name":"Kapitalis","description":"L&#039;actualit\u00e9 en Tunisie et dans le monde","publisher":{"@id":"https:\/\/kapitalis.com\/tunisie\/#organization"},"potentialAction":[{"@type":"SearchAction","target":{"@type":"EntryPoint","urlTemplate":"https:\/\/kapitalis.com\/tunisie\/?s={search_term_string}"},"query-input":{"@type":"PropertyValueSpecification","valueRequired":true,"valueName":"search_term_string"}}],"inLanguage":"fr-FR"},{"@type":"Organization","@id":"https:\/\/kapitalis.com\/tunisie\/#organization","name":"Kapitalis","url":"https:\/\/kapitalis.com\/tunisie\/","logo":{"@type":"ImageObject","inLanguage":"fr-FR","@id":"https:\/\/kapitalis.com\/tunisie\/#\/schema\/logo\/image\/","url":"https:\/\/kapitalis.com\/tunisie\/wp-content\/uploads\/2022\/05\/Kapitalis-big-size.png","contentUrl":"https:\/\/kapitalis.com\/tunisie\/wp-content\/uploads\/2022\/05\/Kapitalis-big-size.png","width":5000,"height":1500,"caption":"Kapitalis"},"image":{"@id":"https:\/\/kapitalis.com\/tunisie\/#\/schema\/logo\/image\/"},"sameAs":["https:\/\/www.facebook.com\/KapitalisInfo\/","https:\/\/x.com\/KapitalisInfo","https:\/\/www.youtube.com\/channel\/UC-yDYrHyfFBWWZaOw3FPg9Q"]},{"@type":"Person","@id":"https:\/\/kapitalis.com\/tunisie\/#\/schema\/person\/b35b8d631961131107263178aeb8019e","name":"Cherif Benyounes","url":"https:\/\/kapitalis.com\/tunisie\/author\/cherif\/"}]}},"_links":{"self":[{"href":"https:\/\/kapitalis.com\/tunisie\/wp-json\/wp\/v2\/posts\/264839","targetHints":{"allow":["GET"]}}],"collection":[{"href":"https:\/\/kapitalis.com\/tunisie\/wp-json\/wp\/v2\/posts"}],"about":[{"href":"https:\/\/kapitalis.com\/tunisie\/wp-json\/wp\/v2\/types\/post"}],"author":[{"embeddable":true,"href":"https:\/\/kapitalis.com\/tunisie\/wp-json\/wp\/v2\/users\/24"}],"replies":[{"embeddable":true,"href":"https:\/\/kapitalis.com\/tunisie\/wp-json\/wp\/v2\/comments?post=264839"}],"version-history":[{"count":0,"href":"https:\/\/kapitalis.com\/tunisie\/wp-json\/wp\/v2\/posts\/264839\/revisions"}],"wp:featuredmedia":[{"embeddable":true,"href":"https:\/\/kapitalis.com\/tunisie\/wp-json\/wp\/v2\/media\/264876"}],"wp:attachment":[{"href":"https:\/\/kapitalis.com\/tunisie\/wp-json\/wp\/v2\/media?parent=264839"}],"wp:term":[{"taxonomy":"category","embeddable":true,"href":"https:\/\/kapitalis.com\/tunisie\/wp-json\/wp\/v2\/categories?post=264839"},{"taxonomy":"post_tag","embeddable":true,"href":"https:\/\/kapitalis.com\/tunisie\/wp-json\/wp\/v2\/tags?post=264839"}],"curies":[{"name":"wp","href":"https:\/\/api.w.org\/{rel}","templated":true}]}}