{"id":265836,"date":"2019-12-19T16:45:42","date_gmt":"2019-12-19T15:45:42","guid":{"rendered":"http:\/\/kapitalis.com\/tunisie\/?p=265836"},"modified":"2019-12-19T16:49:26","modified_gmt":"2019-12-19T15:49:26","slug":"des-manifestants-investissent-le-siege-du-gouvernorat-de-tataouine-video","status":"publish","type":"post","link":"https:\/\/kapitalis.com\/tunisie\/2019\/12\/19\/des-manifestants-investissent-le-siege-du-gouvernorat-de-tataouine-video\/","title":{"rendered":"Des manifestants investissent le si\u00e8ge du gouvernorat de Tataouine (Vid\u00e9o)"},"content":{"rendered":"\n<figure class=\"wp-block-image size-large\"><img decoding=\"async\" src=\"http:\/\/kapitalis.com\/tunisie\/wp-content\/uploads\/2019\/12\/Tatatouine-siege-gvt.jpg\" alt=\"\" class=\"wp-image-265873\"\/><\/figure>\n\n\n\n<p><strong><em>Des manifestants ont organis\u00e9 une marche \u00e0 Tataouine ce matin, jeudi 19 d\u00e9cembre 2019, avant d\u2019investir le si\u00e8ge du gouvernorat o\u00f9 ils observent un sit-in, appelant au d\u00e9veloppement dans leur r\u00e9gion.<\/em><\/strong><\/p>\n\n\n\n<!--more-->\n\n\n\n<p>La manifestation men\u00e9e, par Tarek Haddad , le porte-parole du sit-in El-Kamour (2017 et 2018), vise aussi \u00e0 faire limoger le gouverneur Adel Ouerghi, en poste depuis juin 2017.<\/p>\n\n\n\n<figure class=\"wp-block-embed-facebook wp-block-embed is-type-video is-provider-facebook\"><div class=\"wp-block-embed__wrapper\">\nhttps:\/\/www.facebook.com\/tataouineelen\/videos\/456427331697412\/?__tn__=%2CdkC-R&#038;eid=ARDysigLurY6cgx61VLzcs4JqUdPfqqocPbtuyhhbSWKnqeuNsLjH8ox0xWrtM0b0KeqL6lV9losBmPm&#038;hc_ref=ART9s3XDMCfxNCYfnorvtPRQae4dXeqsjgzPem3aefnIo3FJJ11EmqVrE4gC0LkqDG8&#038;fref=tag\n<\/div><\/figure>\n\n\n\n<p>\u00ab<em>Adel Ouerghi est \u00e0 responsable de la non-application des accords d&rsquo;El-Kamour et il a entrav\u00e9 plusieurs projets de d\u00e9veloppement \u00e0 cause de sa politique de laxisme<\/em>\u00bb, accuse Tarek Haddad.<\/p>\n\n\n\n<p>D&rsquo;autre part, les manifestants ont appel\u00e9 le pr\u00e9sident de la r\u00e9publique, Ka\u00efs Sa\u00efed, \u00e0 s&rsquo;opposer \u00e0 la corruption et aux d\u00e9cisions injustes prises, selon eux, pour l\u2019int\u00e9r\u00eat de partis politiques et non en faveur du peuple.<\/p>\n\n\n\n<p>\u00ab<em>Nous ne sommes pas l\u00e0 pour faire de la casse mais plut\u00f4t pour remettre de l&rsquo;ordre<\/em>\u00bb a ajout\u00e9 Haddad.<\/p>\n\n\n\n<p>Rappelons que des habitants de Tatatouine ont observ\u00e9, en 2017, un si-tin de 2 mois \u00e0 El-Kamour qui a \u00e9t\u00e9 lev\u00e9 apr\u00e8s des accords sign\u00e9s avec le gouvernement et l&rsquo;Union g\u00e9n\u00e9rale tunisienne du travail (UGTT) avait alors jou\u00e9 le r\u00f4le de m\u00e9diateur.<\/p>\n\n\n\n<p>En 2018, de vives tensions ont \u00e9t\u00e9 enregistr\u00e9es dans la ville, et de violentes manifestations avaient \u00e9t\u00e9 men\u00e9es pour appeler \u00e0 l&rsquo;application de ces accords.<\/p>\n\n\n\n<p>Selon Tarek Haddad, l&rsquo;UGTT n&rsquo;a pas tenu ses promesses et a jou\u00e9 un r\u00f4le de m\u00e9diateur devant les cam\u00e9ras et s&rsquo;est ensuite faufil\u00e9e : \u00ab<em>Noureddine Taboubi <\/em>(SG de l&rsquo;UGTT)<em> se fait passer pur ce qu&rsquo;il n&rsquo;est pas, et a fait jouer ses int\u00e9r\u00eats personnels<\/em>\u00bb, avait-il accus\u00e9, en avril dernier.<\/p>\n\n\n\n<p class=\"has-text-align-right\"><strong>Y. N.<\/strong><\/p>\n\n\n\n<figure class=\"wp-block-embed-wordpress wp-block-embed is-type-wp-embed is-provider-kapitalis\"><div class=\"wp-block-embed__wrapper\">\n<blockquote class=\"wp-embedded-content\" data-secret=\"v00AmmWypw\"><a href=\"https:\/\/kapitalis.com\/tunisie\/2019\/12\/18\/au-bardo-scenes-de-chaos-devant-lassemblee\/\">Au Bardo : Sc\u00e8nes de chaos devant l\u2019Assembl\u00e9e<\/a><\/blockquote><iframe loading=\"lazy\" class=\"wp-embedded-content\" sandbox=\"allow-scripts\" security=\"restricted\" style=\"position: absolute; clip: rect(1px, 1px, 1px, 1px);\" title=\"\u00ab\u00a0Au Bardo : Sc\u00e8nes de chaos devant l\u2019Assembl\u00e9e\u00a0\u00bb &#8212; Kapitalis\" src=\"https:\/\/kapitalis.com\/tunisie\/2019\/12\/18\/au-bardo-scenes-de-chaos-devant-lassemblee\/embed\/#?secret=GtHI1YhCv0#?secret=v00AmmWypw\" data-secret=\"v00AmmWypw\" width=\"600\" height=\"338\" frameborder=\"0\" marginwidth=\"0\" marginheight=\"0\" scrolling=\"no\"><\/iframe>\n<\/div><\/figure>\n\n\n\n<figure class=\"wp-block-embed-wordpress wp-block-embed is-type-wp-embed is-provider-kapitalis\"><div class=\"wp-block-embed__wrapper\">\n<blockquote class=\"wp-embedded-content\" data-secret=\"aJDoJi2iFV\"><a href=\"https:\/\/kapitalis.com\/tunisie\/2018\/04\/02\/le-sit-in-del-kamour-levee-par-la-police-tensions-a-tataouine\/\">Le sit-in d\u2019El-Kamour lev\u00e9e par la police, tensions \u00e0 Tataouine<\/a><\/blockquote><iframe loading=\"lazy\" class=\"wp-embedded-content\" sandbox=\"allow-scripts\" security=\"restricted\" style=\"position: absolute; clip: rect(1px, 1px, 1px, 1px);\" title=\"\u00ab\u00a0Le sit-in d\u2019El-Kamour lev\u00e9e par la police, tensions \u00e0 Tataouine\u00a0\u00bb &#8212; Kapitalis\" src=\"https:\/\/kapitalis.com\/tunisie\/2018\/04\/02\/le-sit-in-del-kamour-levee-par-la-police-tensions-a-tataouine\/embed\/#?secret=TP430rUloF#?secret=aJDoJi2iFV\" data-secret=\"aJDoJi2iFV\" width=\"600\" height=\"338\" frameborder=\"0\" marginwidth=\"0\" marginheight=\"0\" scrolling=\"no\"><\/iframe>\n<\/div><\/figure>\n","protected":false},"excerpt":{"rendered":"<p>Des manifestants ont organis\u00e9 une marche \u00e0 Tataouine ce matin, jeudi 19 d\u00e9cembre 2019, avant d\u2019investir le si\u00e8ge du gouvernorat o\u00f9 ils observent un sit-in, appelant au d\u00e9veloppement dans leur r\u00e9gion.<\/p>\n","protected":false},"author":6,"featured_media":265873,"comment_status":"open","ping_status":"open","sticky":false,"template":"","format":"standard","meta":{"footnotes":""},"categories":[997,998,2433],"tags":[71205,275,30512,70520,1362,7569,832,1126,936],"class_list":["post-265836","post","type-post","status-publish","format-standard","has-post-thumbnail","hentry","category-politique","category-societe","category-tunisie","tag-adel-ouerghi","tag-developpement","tag-el-kamour","tag-kais-saied-3","tag-president","tag-siege-gouvernorat","tag-sit-in","tag-tataouine","tag-ugtt"],"yoast_head":"<!-- This site is optimized with the Yoast SEO plugin v26.6 - https:\/\/yoast.com\/wordpress\/plugins\/seo\/ -->\n<title>Des manifestants investissent le si\u00e8ge du gouvernorat de Tataouine (Vid\u00e9o) - Kapitalis<\/title>\n<meta name=\"robots\" content=\"index, follow, max-snippet:-1, max-image-preview:large, max-video-preview:-1\" \/>\n<link rel=\"canonical\" href=\"https:\/\/kapitalis.com\/tunisie\/2019\/12\/19\/des-manifestants-investissent-le-siege-du-gouvernorat-de-tataouine-video\/\" \/>\n<meta property=\"og:locale\" content=\"fr_FR\" \/>\n<meta property=\"og:type\" content=\"article\" \/>\n<meta property=\"og:title\" content=\"Des manifestants investissent le si\u00e8ge du gouvernorat de Tataouine (Vid\u00e9o) - Kapitalis\" \/>\n<meta property=\"og:description\" content=\"Des manifestants ont organis\u00e9 une marche \u00e0 Tataouine ce matin, jeudi 19 d\u00e9cembre 2019, avant d\u2019investir le si\u00e8ge du gouvernorat o\u00f9 ils observent un sit-in, appelant au d\u00e9veloppement dans leur r\u00e9gion.\" \/>\n<meta property=\"og:url\" content=\"https:\/\/kapitalis.com\/tunisie\/2019\/12\/19\/des-manifestants-investissent-le-siege-du-gouvernorat-de-tataouine-video\/\" \/>\n<meta property=\"og:site_name\" content=\"Kapitalis\" \/>\n<meta property=\"article:publisher\" content=\"https:\/\/www.facebook.com\/KapitalisInfo\/\" \/>\n<meta property=\"article:published_time\" content=\"2019-12-19T15:45:42+00:00\" \/>\n<meta property=\"article:modified_time\" content=\"2019-12-19T15:49:26+00:00\" \/>\n<meta property=\"og:image\" content=\"https:\/\/kapitalis.com\/tunisie\/wp-content\/uploads\/2022\/05\/kapitalis-logo-fb.png\" \/>\n\t<meta property=\"og:image:width\" content=\"1200\" \/>\n\t<meta property=\"og:image:height\" content=\"630\" \/>\n\t<meta property=\"og:image:type\" content=\"image\/png\" \/>\n<meta name=\"author\" content=\"Yusra NY\" \/>\n<meta name=\"twitter:card\" content=\"summary_large_image\" \/>\n<meta name=\"twitter:creator\" content=\"@KapitalisInfo\" \/>\n<meta name=\"twitter:site\" content=\"@KapitalisInfo\" \/>\n<meta name=\"twitter:label1\" content=\"\u00c9crit par\" \/>\n\t<meta name=\"twitter:data1\" content=\"Yusra NY\" \/>\n\t<meta name=\"twitter:label2\" content=\"Dur\u00e9e de lecture estim\u00e9e\" \/>\n\t<meta name=\"twitter:data2\" content=\"2 minutes\" \/>\n<script type=\"application\/ld+json\" class=\"yoast-schema-graph\">{\"@context\":\"https:\/\/schema.org\",\"@graph\":[{\"@type\":\"Article\",\"@id\":\"https:\/\/kapitalis.com\/tunisie\/2019\/12\/19\/des-manifestants-investissent-le-siege-du-gouvernorat-de-tataouine-video\/#article\",\"isPartOf\":{\"@id\":\"https:\/\/kapitalis.com\/tunisie\/2019\/12\/19\/des-manifestants-investissent-le-siege-du-gouvernorat-de-tataouine-video\/\"},\"author\":{\"name\":\"Yusra NY\",\"@id\":\"https:\/\/kapitalis.com\/tunisie\/#\/schema\/person\/74bbde0154d49d790a92aaeac5bc01d5\"},\"headline\":\"Des manifestants investissent le si\u00e8ge du gouvernorat de Tataouine (Vid\u00e9o)\",\"datePublished\":\"2019-12-19T15:45:42+00:00\",\"dateModified\":\"2019-12-19T15:49:26+00:00\",\"mainEntityOfPage\":{\"@id\":\"https:\/\/kapitalis.com\/tunisie\/2019\/12\/19\/des-manifestants-investissent-le-siege-du-gouvernorat-de-tataouine-video\/\"},\"wordCount\":331,\"commentCount\":2,\"publisher\":{\"@id\":\"https:\/\/kapitalis.com\/tunisie\/#organization\"},\"image\":{\"@id\":\"https:\/\/kapitalis.com\/tunisie\/2019\/12\/19\/des-manifestants-investissent-le-siege-du-gouvernorat-de-tataouine-video\/#primaryimage\"},\"thumbnailUrl\":\"\",\"keywords\":[\"Adel Ouerghi\",\"d\u00e9veloppement\",\"El-Kamour\",\"Kais Saied\",\"pr\u00e9sident\",\"si\u00e8ge gouvernorat\",\"sit-in\",\"Tataouine\",\"UGTT\"],\"articleSection\":[\"POLITIQUE\",\"SOCIETE\",\"Tunisie\"],\"inLanguage\":\"fr-FR\",\"potentialAction\":[{\"@type\":\"CommentAction\",\"name\":\"Comment\",\"target\":[\"https:\/\/kapitalis.com\/tunisie\/2019\/12\/19\/des-manifestants-investissent-le-siege-du-gouvernorat-de-tataouine-video\/#respond\"]}]},{\"@type\":\"WebPage\",\"@id\":\"https:\/\/kapitalis.com\/tunisie\/2019\/12\/19\/des-manifestants-investissent-le-siege-du-gouvernorat-de-tataouine-video\/\",\"url\":\"https:\/\/kapitalis.com\/tunisie\/2019\/12\/19\/des-manifestants-investissent-le-siege-du-gouvernorat-de-tataouine-video\/\",\"name\":\"Des manifestants investissent le si\u00e8ge du gouvernorat de Tataouine (Vid\u00e9o) - Kapitalis\",\"isPartOf\":{\"@id\":\"https:\/\/kapitalis.com\/tunisie\/#website\"},\"primaryImageOfPage\":{\"@id\":\"https:\/\/kapitalis.com\/tunisie\/2019\/12\/19\/des-manifestants-investissent-le-siege-du-gouvernorat-de-tataouine-video\/#primaryimage\"},\"image\":{\"@id\":\"https:\/\/kapitalis.com\/tunisie\/2019\/12\/19\/des-manifestants-investissent-le-siege-du-gouvernorat-de-tataouine-video\/#primaryimage\"},\"thumbnailUrl\":\"\",\"datePublished\":\"2019-12-19T15:45:42+00:00\",\"dateModified\":\"2019-12-19T15:49:26+00:00\",\"breadcrumb\":{\"@id\":\"https:\/\/kapitalis.com\/tunisie\/2019\/12\/19\/des-manifestants-investissent-le-siege-du-gouvernorat-de-tataouine-video\/#breadcrumb\"},\"inLanguage\":\"fr-FR\",\"potentialAction\":[{\"@type\":\"ReadAction\",\"target\":[\"https:\/\/kapitalis.com\/tunisie\/2019\/12\/19\/des-manifestants-investissent-le-siege-du-gouvernorat-de-tataouine-video\/\"]}]},{\"@type\":\"ImageObject\",\"inLanguage\":\"fr-FR\",\"@id\":\"https:\/\/kapitalis.com\/tunisie\/2019\/12\/19\/des-manifestants-investissent-le-siege-du-gouvernorat-de-tataouine-video\/#primaryimage\",\"url\":\"\",\"contentUrl\":\"\"},{\"@type\":\"BreadcrumbList\",\"@id\":\"https:\/\/kapitalis.com\/tunisie\/2019\/12\/19\/des-manifestants-investissent-le-siege-du-gouvernorat-de-tataouine-video\/#breadcrumb\",\"itemListElement\":[{\"@type\":\"ListItem\",\"position\":1,\"name\":\"Accueil\",\"item\":\"https:\/\/kapitalis.com\/tunisie\/\"},{\"@type\":\"ListItem\",\"position\":2,\"name\":\"Des manifestants investissent le si\u00e8ge du gouvernorat de Tataouine (Vid\u00e9o)\"}]},{\"@type\":\"WebSite\",\"@id\":\"https:\/\/kapitalis.com\/tunisie\/#website\",\"url\":\"https:\/\/kapitalis.com\/tunisie\/\",\"name\":\"Kapitalis\",\"description\":\"L&#039;actualit\u00e9 en Tunisie et dans le monde\",\"publisher\":{\"@id\":\"https:\/\/kapitalis.com\/tunisie\/#organization\"},\"potentialAction\":[{\"@type\":\"SearchAction\",\"target\":{\"@type\":\"EntryPoint\",\"urlTemplate\":\"https:\/\/kapitalis.com\/tunisie\/?s={search_term_string}\"},\"query-input\":{\"@type\":\"PropertyValueSpecification\",\"valueRequired\":true,\"valueName\":\"search_term_string\"}}],\"inLanguage\":\"fr-FR\"},{\"@type\":\"Organization\",\"@id\":\"https:\/\/kapitalis.com\/tunisie\/#organization\",\"name\":\"Kapitalis\",\"url\":\"https:\/\/kapitalis.com\/tunisie\/\",\"logo\":{\"@type\":\"ImageObject\",\"inLanguage\":\"fr-FR\",\"@id\":\"https:\/\/kapitalis.com\/tunisie\/#\/schema\/logo\/image\/\",\"url\":\"https:\/\/kapitalis.com\/tunisie\/wp-content\/uploads\/2022\/05\/Kapitalis-big-size.png\",\"contentUrl\":\"https:\/\/kapitalis.com\/tunisie\/wp-content\/uploads\/2022\/05\/Kapitalis-big-size.png\",\"width\":5000,\"height\":1500,\"caption\":\"Kapitalis\"},\"image\":{\"@id\":\"https:\/\/kapitalis.com\/tunisie\/#\/schema\/logo\/image\/\"},\"sameAs\":[\"https:\/\/www.facebook.com\/KapitalisInfo\/\",\"https:\/\/x.com\/KapitalisInfo\",\"https:\/\/www.youtube.com\/channel\/UC-yDYrHyfFBWWZaOw3FPg9Q\"]},{\"@type\":\"Person\",\"@id\":\"https:\/\/kapitalis.com\/tunisie\/#\/schema\/person\/74bbde0154d49d790a92aaeac5bc01d5\",\"name\":\"Yusra NY\",\"url\":\"https:\/\/kapitalis.com\/tunisie\/author\/yuza_adam\/\"}]}<\/script>\n<!-- \/ Yoast SEO plugin. -->","yoast_head_json":{"title":"Des manifestants investissent le si\u00e8ge du gouvernorat de Tataouine (Vid\u00e9o) - Kapitalis","robots":{"index":"index","follow":"follow","max-snippet":"max-snippet:-1","max-image-preview":"max-image-preview:large","max-video-preview":"max-video-preview:-1"},"canonical":"https:\/\/kapitalis.com\/tunisie\/2019\/12\/19\/des-manifestants-investissent-le-siege-du-gouvernorat-de-tataouine-video\/","og_locale":"fr_FR","og_type":"article","og_title":"Des manifestants investissent le si\u00e8ge du gouvernorat de Tataouine (Vid\u00e9o) - Kapitalis","og_description":"Des manifestants ont organis\u00e9 une marche \u00e0 Tataouine ce matin, jeudi 19 d\u00e9cembre 2019, avant d\u2019investir le si\u00e8ge du gouvernorat o\u00f9 ils observent un sit-in, appelant au d\u00e9veloppement dans leur r\u00e9gion.","og_url":"https:\/\/kapitalis.com\/tunisie\/2019\/12\/19\/des-manifestants-investissent-le-siege-du-gouvernorat-de-tataouine-video\/","og_site_name":"Kapitalis","article_publisher":"https:\/\/www.facebook.com\/KapitalisInfo\/","article_published_time":"2019-12-19T15:45:42+00:00","article_modified_time":"2019-12-19T15:49:26+00:00","og_image":[{"width":1200,"height":630,"url":"https:\/\/kapitalis.com\/tunisie\/wp-content\/uploads\/2022\/05\/kapitalis-logo-fb.png","type":"image\/png"}],"author":"Yusra NY","twitter_card":"summary_large_image","twitter_creator":"@KapitalisInfo","twitter_site":"@KapitalisInfo","twitter_misc":{"\u00c9crit par":"Yusra NY","Dur\u00e9e de lecture estim\u00e9e":"2 minutes"},"schema":{"@context":"https:\/\/schema.org","@graph":[{"@type":"Article","@id":"https:\/\/kapitalis.com\/tunisie\/2019\/12\/19\/des-manifestants-investissent-le-siege-du-gouvernorat-de-tataouine-video\/#article","isPartOf":{"@id":"https:\/\/kapitalis.com\/tunisie\/2019\/12\/19\/des-manifestants-investissent-le-siege-du-gouvernorat-de-tataouine-video\/"},"author":{"name":"Yusra NY","@id":"https:\/\/kapitalis.com\/tunisie\/#\/schema\/person\/74bbde0154d49d790a92aaeac5bc01d5"},"headline":"Des manifestants investissent le si\u00e8ge du gouvernorat de Tataouine (Vid\u00e9o)","datePublished":"2019-12-19T15:45:42+00:00","dateModified":"2019-12-19T15:49:26+00:00","mainEntityOfPage":{"@id":"https:\/\/kapitalis.com\/tunisie\/2019\/12\/19\/des-manifestants-investissent-le-siege-du-gouvernorat-de-tataouine-video\/"},"wordCount":331,"commentCount":2,"publisher":{"@id":"https:\/\/kapitalis.com\/tunisie\/#organization"},"image":{"@id":"https:\/\/kapitalis.com\/tunisie\/2019\/12\/19\/des-manifestants-investissent-le-siege-du-gouvernorat-de-tataouine-video\/#primaryimage"},"thumbnailUrl":"","keywords":["Adel Ouerghi","d\u00e9veloppement","El-Kamour","Kais Saied","pr\u00e9sident","si\u00e8ge gouvernorat","sit-in","Tataouine","UGTT"],"articleSection":["POLITIQUE","SOCIETE","Tunisie"],"inLanguage":"fr-FR","potentialAction":[{"@type":"CommentAction","name":"Comment","target":["https:\/\/kapitalis.com\/tunisie\/2019\/12\/19\/des-manifestants-investissent-le-siege-du-gouvernorat-de-tataouine-video\/#respond"]}]},{"@type":"WebPage","@id":"https:\/\/kapitalis.com\/tunisie\/2019\/12\/19\/des-manifestants-investissent-le-siege-du-gouvernorat-de-tataouine-video\/","url":"https:\/\/kapitalis.com\/tunisie\/2019\/12\/19\/des-manifestants-investissent-le-siege-du-gouvernorat-de-tataouine-video\/","name":"Des manifestants investissent le si\u00e8ge du gouvernorat de Tataouine (Vid\u00e9o) - Kapitalis","isPartOf":{"@id":"https:\/\/kapitalis.com\/tunisie\/#website"},"primaryImageOfPage":{"@id":"https:\/\/kapitalis.com\/tunisie\/2019\/12\/19\/des-manifestants-investissent-le-siege-du-gouvernorat-de-tataouine-video\/#primaryimage"},"image":{"@id":"https:\/\/kapitalis.com\/tunisie\/2019\/12\/19\/des-manifestants-investissent-le-siege-du-gouvernorat-de-tataouine-video\/#primaryimage"},"thumbnailUrl":"","datePublished":"2019-12-19T15:45:42+00:00","dateModified":"2019-12-19T15:49:26+00:00","breadcrumb":{"@id":"https:\/\/kapitalis.com\/tunisie\/2019\/12\/19\/des-manifestants-investissent-le-siege-du-gouvernorat-de-tataouine-video\/#breadcrumb"},"inLanguage":"fr-FR","potentialAction":[{"@type":"ReadAction","target":["https:\/\/kapitalis.com\/tunisie\/2019\/12\/19\/des-manifestants-investissent-le-siege-du-gouvernorat-de-tataouine-video\/"]}]},{"@type":"ImageObject","inLanguage":"fr-FR","@id":"https:\/\/kapitalis.com\/tunisie\/2019\/12\/19\/des-manifestants-investissent-le-siege-du-gouvernorat-de-tataouine-video\/#primaryimage","url":"","contentUrl":""},{"@type":"BreadcrumbList","@id":"https:\/\/kapitalis.com\/tunisie\/2019\/12\/19\/des-manifestants-investissent-le-siege-du-gouvernorat-de-tataouine-video\/#breadcrumb","itemListElement":[{"@type":"ListItem","position":1,"name":"Accueil","item":"https:\/\/kapitalis.com\/tunisie\/"},{"@type":"ListItem","position":2,"name":"Des manifestants investissent le si\u00e8ge du gouvernorat de Tataouine (Vid\u00e9o)"}]},{"@type":"WebSite","@id":"https:\/\/kapitalis.com\/tunisie\/#website","url":"https:\/\/kapitalis.com\/tunisie\/","name":"Kapitalis","description":"L&#039;actualit\u00e9 en Tunisie et dans le monde","publisher":{"@id":"https:\/\/kapitalis.com\/tunisie\/#organization"},"potentialAction":[{"@type":"SearchAction","target":{"@type":"EntryPoint","urlTemplate":"https:\/\/kapitalis.com\/tunisie\/?s={search_term_string}"},"query-input":{"@type":"PropertyValueSpecification","valueRequired":true,"valueName":"search_term_string"}}],"inLanguage":"fr-FR"},{"@type":"Organization","@id":"https:\/\/kapitalis.com\/tunisie\/#organization","name":"Kapitalis","url":"https:\/\/kapitalis.com\/tunisie\/","logo":{"@type":"ImageObject","inLanguage":"fr-FR","@id":"https:\/\/kapitalis.com\/tunisie\/#\/schema\/logo\/image\/","url":"https:\/\/kapitalis.com\/tunisie\/wp-content\/uploads\/2022\/05\/Kapitalis-big-size.png","contentUrl":"https:\/\/kapitalis.com\/tunisie\/wp-content\/uploads\/2022\/05\/Kapitalis-big-size.png","width":5000,"height":1500,"caption":"Kapitalis"},"image":{"@id":"https:\/\/kapitalis.com\/tunisie\/#\/schema\/logo\/image\/"},"sameAs":["https:\/\/www.facebook.com\/KapitalisInfo\/","https:\/\/x.com\/KapitalisInfo","https:\/\/www.youtube.com\/channel\/UC-yDYrHyfFBWWZaOw3FPg9Q"]},{"@type":"Person","@id":"https:\/\/kapitalis.com\/tunisie\/#\/schema\/person\/74bbde0154d49d790a92aaeac5bc01d5","name":"Yusra NY","url":"https:\/\/kapitalis.com\/tunisie\/author\/yuza_adam\/"}]}},"_links":{"self":[{"href":"https:\/\/kapitalis.com\/tunisie\/wp-json\/wp\/v2\/posts\/265836","targetHints":{"allow":["GET"]}}],"collection":[{"href":"https:\/\/kapitalis.com\/tunisie\/wp-json\/wp\/v2\/posts"}],"about":[{"href":"https:\/\/kapitalis.com\/tunisie\/wp-json\/wp\/v2\/types\/post"}],"author":[{"embeddable":true,"href":"https:\/\/kapitalis.com\/tunisie\/wp-json\/wp\/v2\/users\/6"}],"replies":[{"embeddable":true,"href":"https:\/\/kapitalis.com\/tunisie\/wp-json\/wp\/v2\/comments?post=265836"}],"version-history":[{"count":0,"href":"https:\/\/kapitalis.com\/tunisie\/wp-json\/wp\/v2\/posts\/265836\/revisions"}],"wp:featuredmedia":[{"embeddable":true,"href":"https:\/\/kapitalis.com\/tunisie\/wp-json\/wp\/v2\/media\/265873"}],"wp:attachment":[{"href":"https:\/\/kapitalis.com\/tunisie\/wp-json\/wp\/v2\/media?parent=265836"}],"wp:term":[{"taxonomy":"category","embeddable":true,"href":"https:\/\/kapitalis.com\/tunisie\/wp-json\/wp\/v2\/categories?post=265836"},{"taxonomy":"post_tag","embeddable":true,"href":"https:\/\/kapitalis.com\/tunisie\/wp-json\/wp\/v2\/tags?post=265836"}],"curies":[{"name":"wp","href":"https:\/\/api.w.org\/{rel}","templated":true}]}}