{"id":267262,"date":"2019-12-24T16:03:34","date_gmt":"2019-12-24T15:03:34","guid":{"rendered":"http:\/\/kapitalis.com\/tunisie\/?p=267262"},"modified":"2019-12-24T16:08:14","modified_gmt":"2019-12-24T15:08:14","slug":"en-tunisie-la-politique-est-devenue-un-handicap-pour-leconomie","status":"publish","type":"post","link":"https:\/\/kapitalis.com\/tunisie\/2019\/12\/24\/en-tunisie-la-politique-est-devenue-un-handicap-pour-leconomie\/","title":{"rendered":"En Tunisie, la politique est devenue un handicap pour l&rsquo;\u00e9conomie"},"content":{"rendered":"\n<figure class=\"wp-block-image size-large\"><img decoding=\"async\" src=\"http:\/\/kapitalis.com\/tunisie\/wp-content\/uploads\/2019\/12\/Crise-recession.jpg\" alt=\"\" class=\"wp-image-267272\"\/><\/figure>\n\n\n\n<p> <strong><em>Quel que soit le gouvernement que se donnera la Tunisie dans les jours \u00e0 venir, qu\u2019il soit technocratique ou politique, il se heurtera \u00e0 des probl\u00e8mes \u00e9conomiques et financiers difficiles \u00e0 r\u00e9soudre.<\/em><\/strong><\/p>\n\n\n\n<p> Par <strong>Amine Ben Gamra<\/strong> *<\/p>\n\n\n\n<!--more-->\n\n\n\n<div class=\"wp-block-image\"><figure class=\"alignleft size-large\"><img decoding=\"async\" src=\"http:\/\/kapitalis.com\/tunisie\/wp-content\/uploads\/2019\/10\/Mohamed-Amine-Ben-Gamra.jpg\" alt=\"\" class=\"wp-image-250347\"\/><\/figure><\/div>\n\n\n\n<p> La situation de la Tunisie reste contrast\u00e9e : si d\u2019importants progr\u00e8s ont \u00e9t\u00e9 r\u00e9alis\u00e9s sur le front du processus de transition politique vers un syst\u00e8me de gouvernance ouvert et d\u00e9mocratique, la transition \u00e9conomique n\u2019a pas suivi le m\u00eame rythme.<\/p>\n\n\n\n<p> Nos probl\u00e8mes \u00e9conomiques sont en train de s\u2019aggraver de plus en plus chaque jour. Mais jusqu\u2019\u00e0 aujourd\u2019hui, la Tunisie ne semble pas encore retrouver la stabilit\u00e9 n\u00e9cessaire \u00e0 la reprise de la croissance. Visiblement, les calculs politiciens priment syst\u00e9matiquement sur le bon sens \u00e9conomique amenant les partis, incapables de pr\u00e9senter un plan de redressement \u00e9conomique, \u00e0 faire valoir leurs int\u00e9r\u00eats partisans au d\u00e9triment de l\u2019int\u00e9r\u00eat g\u00e9n\u00e9ral. Et ce qui n\u2019arrange rien, l\u2019Assembl\u00e9e des repr\u00e9sentants du peuple (ARP), d\u00e9sormais centre n\u00e9vralgique  du pouvoir, est plus fragment\u00e9e que jamais.<\/p>\n\n\n\n<h3 class=\"wp-block-heading\"> Des probl\u00e8mes \u00e9conomiques et financiers difficiles \u00e0 r\u00e9soudre<\/h3>\n\n\n\n<p> De nombreux Tunisiens ont vu leur niveau de vie baiss\u00e9 : 45% survivent avec un revenu mensuel de 500 dinars, 35% avec 500-1000 dinars, 10% avec 1000-1500 dinars, 5% avec 1500-2500 dinars et 5% avec plus de 2500 dinars.<\/p>\n\n\n\n<p> Quant au pr\u00e9sident de la r\u00e9publique, en dehors de la diplomatie et de la d\u00e9fense, il n\u2019a aucune responsabilit\u00e9 ex\u00e9cutive. En tout cas, l\u2019\u00e9conomie ne fait pas partie de ses pr\u00e9rogatives. Et il ne peut \u00eatre d\u2019un grand secours. <\/p>\n\n\n\n<p> Quel que soit le gouvernement que se donnera la Tunisie dans les jours \u00e0 venir, qu\u2019il soit technocratique ou politique, il se heurtera \u00e0 des probl\u00e8mes \u00e9conomiques et financiers difficiles \u00e0 r\u00e9soudre. Ni la distribution d\u2019aides alimentaires aux pauvres, ni les dettes ext\u00e9rieures croissantes qui garantissent des augmentations successives de salaires aux fonctionnaires, ni les conf\u00e9rences internationale pour faire miroiter des avantages aux \u00e9trangers pour les inciter \u00e0 investir en Tunisie, ni le jeu du chat et de la souris avec le Fonds mon\u00e9taire international (FMI), l\u2019Union europ\u00e9enne (UE) et les autres bailleurs de fonds ne pourront longtemps cacher une r\u00e9alit\u00e9 bien simple : financi\u00e8rement, la marge de man\u0153uvre est tr\u00e8s \u00e9triqu\u00e9e. <\/p>\n\n\n\n<h3 class=\"wp-block-heading\"> Une population aux attentes \u00e9normes et jusque-l\u00e0 d\u00e9\u00e7ues<\/h3>\n\n\n\n<p> Reste \u00e0 esp\u00e9rer que les n\u00e9gociations politiques actuelles permettront de former rapidement le gouvernement et de se doter d\u2019un ex\u00e9cutif qui se mettra rapidement au travail et relancera la machine de production dans le pays. Car le temps presse et ce qui attend le prochain gouvernement, c\u2019est un pays en profonde crise \u00e9conomique et sociale, avec un lourd fardeau de la dette, un ch\u00f4mage et une inflation \u00e9lev\u00e9s alimentant la grogne d\u2019une population aux attentes \u00e9normes et jusque-l\u00e0 d\u00e9\u00e7ues par les gouvernements successifs.<\/p>\n\n\n\n<p><em>* Expert comptable, commissaire aux comptes, membre de l&rsquo;Ordre des experts comptables de Tunisie.<\/em><\/p>\n\n\n\n<h3 class=\"wp-block-heading\"><em>Articles du m\u00eame auteur dans Kapitalis : <\/em><\/h3>\n\n\n\n<figure class=\"wp-block-embed-wordpress wp-block-embed is-type-wp-embed is-provider-kapitalis\"><div class=\"wp-block-embed__wrapper\">\n<blockquote class=\"wp-embedded-content\" data-secret=\"5VukfRi5tN\"><a href=\"https:\/\/kapitalis.com\/tunisie\/2019\/12\/19\/la-tunisie-desservie-par-sa-meconnaissance-du-systeme-darbitrage-international\/\">La Tunisie desservie par sa m\u00e9connaissance du syst\u00e8me d\u2019arbitrage international<\/a><\/blockquote><iframe loading=\"lazy\" class=\"wp-embedded-content\" sandbox=\"allow-scripts\" security=\"restricted\" style=\"position: absolute; clip: rect(1px, 1px, 1px, 1px);\" title=\"\u00ab\u00a0La Tunisie desservie par sa m\u00e9connaissance du syst\u00e8me d\u2019arbitrage international\u00a0\u00bb &#8212; Kapitalis\" src=\"https:\/\/kapitalis.com\/tunisie\/2019\/12\/19\/la-tunisie-desservie-par-sa-meconnaissance-du-systeme-darbitrage-international\/embed\/#?secret=wy2T7KyF9n#?secret=5VukfRi5tN\" data-secret=\"5VukfRi5tN\" width=\"600\" height=\"338\" frameborder=\"0\" marginwidth=\"0\" marginheight=\"0\" scrolling=\"no\"><\/iframe>\n<\/div><\/figure>\n\n\n\n<figure class=\"wp-block-embed-wordpress wp-block-embed is-type-wp-embed is-provider-kapitalis\"><div class=\"wp-block-embed__wrapper\">\n<blockquote class=\"wp-embedded-content\" data-secret=\"Gb6TcPwawv\"><a href=\"https:\/\/kapitalis.com\/tunisie\/2019\/12\/04\/la-lfc2019-traduit-les-carences-structurels-de-leconomie-tunisienne\/\">La LFC2019 traduit les carences structurelles de l\u2019\u00e9conomie tunisienne<\/a><\/blockquote><iframe loading=\"lazy\" class=\"wp-embedded-content\" sandbox=\"allow-scripts\" security=\"restricted\" style=\"position: absolute; clip: rect(1px, 1px, 1px, 1px);\" title=\"\u00ab\u00a0La LFC2019 traduit les carences structurelles de l\u2019\u00e9conomie tunisienne\u00a0\u00bb &#8212; Kapitalis\" src=\"https:\/\/kapitalis.com\/tunisie\/2019\/12\/04\/la-lfc2019-traduit-les-carences-structurels-de-leconomie-tunisienne\/embed\/#?secret=xn79p3dA4k#?secret=Gb6TcPwawv\" data-secret=\"Gb6TcPwawv\" width=\"600\" height=\"338\" frameborder=\"0\" marginwidth=\"0\" marginheight=\"0\" scrolling=\"no\"><\/iframe>\n<\/div><\/figure>\n\n\n\n<figure class=\"wp-block-embed-wordpress wp-block-embed is-type-wp-embed is-provider-kapitalis\"><div class=\"wp-block-embed__wrapper\">\n<blockquote class=\"wp-embedded-content\" data-secret=\"pBVYjqxAIo\"><a href=\"https:\/\/kapitalis.com\/tunisie\/2019\/11\/25\/tunisie-les-financements-existent-mais-la-rentabilite-nest-souvent-pas-au-rendez-vous\/\">Tunisie : Les financements existent, mais la rentabilit\u00e9 n\u2019est souvent pas au rendez-vous<\/a><\/blockquote><iframe loading=\"lazy\" class=\"wp-embedded-content\" sandbox=\"allow-scripts\" security=\"restricted\" style=\"position: absolute; clip: rect(1px, 1px, 1px, 1px);\" title=\"\u00ab\u00a0Tunisie : Les financements existent, mais la rentabilit\u00e9 n\u2019est souvent pas au rendez-vous\u00a0\u00bb &#8212; Kapitalis\" src=\"https:\/\/kapitalis.com\/tunisie\/2019\/11\/25\/tunisie-les-financements-existent-mais-la-rentabilite-nest-souvent-pas-au-rendez-vous\/embed\/#?secret=1cRn0GPqoh#?secret=pBVYjqxAIo\" data-secret=\"pBVYjqxAIo\" width=\"600\" height=\"338\" frameborder=\"0\" marginwidth=\"0\" marginheight=\"0\" scrolling=\"no\"><\/iframe>\n<\/div><\/figure>\n","protected":false},"excerpt":{"rendered":"<p>Quel que soit le gouvernement que se donnera la Tunisie dans les jours \u00e0 venir, qu\u2019il soit technocratique ou politique, il se heurtera \u00e0 des probl\u00e8mes \u00e9conomiques et financiers difficiles \u00e0 r\u00e9soudre. Par Amine Ben Gamra *<\/p>\n","protected":false},"author":8,"featured_media":267272,"comment_status":"open","ping_status":"open","sticky":false,"template":"","format":"standard","meta":{"footnotes":""},"categories":[992,995,1000,2433],"tags":[1868,301,1057,478,731],"class_list":["post-267262","post","type-post","status-publish","format-standard","has-post-thumbnail","hentry","category-a-la-une","category-economie","category-tribune","category-tunisie","tag-chomage","tag-economie","tag-endettement","tag-inflation","tag-politique"],"yoast_head":"<!-- This site is optimized with the Yoast SEO plugin v26.6 - https:\/\/yoast.com\/wordpress\/plugins\/seo\/ -->\n<title>En Tunisie, la politique est devenue un handicap pour l&#039;\u00e9conomie - Kapitalis<\/title>\n<meta name=\"robots\" content=\"index, follow, max-snippet:-1, max-image-preview:large, max-video-preview:-1\" \/>\n<link rel=\"canonical\" href=\"https:\/\/kapitalis.com\/tunisie\/2019\/12\/24\/en-tunisie-la-politique-est-devenue-un-handicap-pour-leconomie\/\" \/>\n<meta property=\"og:locale\" content=\"fr_FR\" \/>\n<meta property=\"og:type\" content=\"article\" \/>\n<meta property=\"og:title\" content=\"En Tunisie, la politique est devenue un handicap pour l&#039;\u00e9conomie - Kapitalis\" \/>\n<meta property=\"og:description\" content=\"Quel que soit le gouvernement que se donnera la Tunisie dans les jours \u00e0 venir, qu\u2019il soit technocratique ou politique, il se heurtera \u00e0 des probl\u00e8mes \u00e9conomiques et financiers difficiles \u00e0 r\u00e9soudre. Par Amine Ben Gamra *\" \/>\n<meta property=\"og:url\" content=\"https:\/\/kapitalis.com\/tunisie\/2019\/12\/24\/en-tunisie-la-politique-est-devenue-un-handicap-pour-leconomie\/\" \/>\n<meta property=\"og:site_name\" content=\"Kapitalis\" \/>\n<meta property=\"article:publisher\" content=\"https:\/\/www.facebook.com\/KapitalisInfo\/\" \/>\n<meta property=\"article:published_time\" content=\"2019-12-24T15:03:34+00:00\" \/>\n<meta property=\"article:modified_time\" content=\"2019-12-24T15:08:14+00:00\" \/>\n<meta property=\"og:image\" content=\"https:\/\/kapitalis.com\/tunisie\/wp-content\/uploads\/2022\/05\/kapitalis-logo-fb.png\" \/>\n\t<meta property=\"og:image:width\" content=\"1200\" \/>\n\t<meta property=\"og:image:height\" content=\"630\" \/>\n\t<meta property=\"og:image:type\" content=\"image\/png\" \/>\n<meta name=\"author\" content=\"webmaster kapitalis\" \/>\n<meta name=\"twitter:card\" content=\"summary_large_image\" \/>\n<meta name=\"twitter:creator\" content=\"@KapitalisInfo\" \/>\n<meta name=\"twitter:site\" content=\"@KapitalisInfo\" \/>\n<meta name=\"twitter:label1\" content=\"\u00c9crit par\" \/>\n\t<meta name=\"twitter:data1\" content=\"webmaster kapitalis\" \/>\n\t<meta name=\"twitter:label2\" content=\"Dur\u00e9e de lecture estim\u00e9e\" \/>\n\t<meta name=\"twitter:data2\" content=\"3 minutes\" \/>\n<script type=\"application\/ld+json\" class=\"yoast-schema-graph\">{\"@context\":\"https:\/\/schema.org\",\"@graph\":[{\"@type\":\"Article\",\"@id\":\"https:\/\/kapitalis.com\/tunisie\/2019\/12\/24\/en-tunisie-la-politique-est-devenue-un-handicap-pour-leconomie\/#article\",\"isPartOf\":{\"@id\":\"https:\/\/kapitalis.com\/tunisie\/2019\/12\/24\/en-tunisie-la-politique-est-devenue-un-handicap-pour-leconomie\/\"},\"author\":{\"name\":\"webmaster kapitalis\",\"@id\":\"https:\/\/kapitalis.com\/tunisie\/#\/schema\/person\/d71f33a9ca44f7bad4698210b480c8e9\"},\"headline\":\"En Tunisie, la politique est devenue un handicap pour l&rsquo;\u00e9conomie\",\"datePublished\":\"2019-12-24T15:03:34+00:00\",\"dateModified\":\"2019-12-24T15:08:14+00:00\",\"mainEntityOfPage\":{\"@id\":\"https:\/\/kapitalis.com\/tunisie\/2019\/12\/24\/en-tunisie-la-politique-est-devenue-un-handicap-pour-leconomie\/\"},\"wordCount\":544,\"commentCount\":4,\"publisher\":{\"@id\":\"https:\/\/kapitalis.com\/tunisie\/#organization\"},\"image\":{\"@id\":\"https:\/\/kapitalis.com\/tunisie\/2019\/12\/24\/en-tunisie-la-politique-est-devenue-un-handicap-pour-leconomie\/#primaryimage\"},\"thumbnailUrl\":\"\",\"keywords\":[\"ch\u00f4mage\",\"\u00e9conomie\",\"endettement\",\"inflation\",\"politique\"],\"articleSection\":[\"A LA UNE\",\"ECONOMIE\",\"TRIBUNE\",\"Tunisie\"],\"inLanguage\":\"fr-FR\",\"potentialAction\":[{\"@type\":\"CommentAction\",\"name\":\"Comment\",\"target\":[\"https:\/\/kapitalis.com\/tunisie\/2019\/12\/24\/en-tunisie-la-politique-est-devenue-un-handicap-pour-leconomie\/#respond\"]}]},{\"@type\":\"WebPage\",\"@id\":\"https:\/\/kapitalis.com\/tunisie\/2019\/12\/24\/en-tunisie-la-politique-est-devenue-un-handicap-pour-leconomie\/\",\"url\":\"https:\/\/kapitalis.com\/tunisie\/2019\/12\/24\/en-tunisie-la-politique-est-devenue-un-handicap-pour-leconomie\/\",\"name\":\"En Tunisie, la politique est devenue un handicap pour l'\u00e9conomie - Kapitalis\",\"isPartOf\":{\"@id\":\"https:\/\/kapitalis.com\/tunisie\/#website\"},\"primaryImageOfPage\":{\"@id\":\"https:\/\/kapitalis.com\/tunisie\/2019\/12\/24\/en-tunisie-la-politique-est-devenue-un-handicap-pour-leconomie\/#primaryimage\"},\"image\":{\"@id\":\"https:\/\/kapitalis.com\/tunisie\/2019\/12\/24\/en-tunisie-la-politique-est-devenue-un-handicap-pour-leconomie\/#primaryimage\"},\"thumbnailUrl\":\"\",\"datePublished\":\"2019-12-24T15:03:34+00:00\",\"dateModified\":\"2019-12-24T15:08:14+00:00\",\"breadcrumb\":{\"@id\":\"https:\/\/kapitalis.com\/tunisie\/2019\/12\/24\/en-tunisie-la-politique-est-devenue-un-handicap-pour-leconomie\/#breadcrumb\"},\"inLanguage\":\"fr-FR\",\"potentialAction\":[{\"@type\":\"ReadAction\",\"target\":[\"https:\/\/kapitalis.com\/tunisie\/2019\/12\/24\/en-tunisie-la-politique-est-devenue-un-handicap-pour-leconomie\/\"]}]},{\"@type\":\"ImageObject\",\"inLanguage\":\"fr-FR\",\"@id\":\"https:\/\/kapitalis.com\/tunisie\/2019\/12\/24\/en-tunisie-la-politique-est-devenue-un-handicap-pour-leconomie\/#primaryimage\",\"url\":\"\",\"contentUrl\":\"\"},{\"@type\":\"BreadcrumbList\",\"@id\":\"https:\/\/kapitalis.com\/tunisie\/2019\/12\/24\/en-tunisie-la-politique-est-devenue-un-handicap-pour-leconomie\/#breadcrumb\",\"itemListElement\":[{\"@type\":\"ListItem\",\"position\":1,\"name\":\"Accueil\",\"item\":\"https:\/\/kapitalis.com\/tunisie\/\"},{\"@type\":\"ListItem\",\"position\":2,\"name\":\"En Tunisie, la politique est devenue un handicap pour l&rsquo;\u00e9conomie\"}]},{\"@type\":\"WebSite\",\"@id\":\"https:\/\/kapitalis.com\/tunisie\/#website\",\"url\":\"https:\/\/kapitalis.com\/tunisie\/\",\"name\":\"Kapitalis\",\"description\":\"L&#039;actualit\u00e9 en Tunisie et dans le monde\",\"publisher\":{\"@id\":\"https:\/\/kapitalis.com\/tunisie\/#organization\"},\"potentialAction\":[{\"@type\":\"SearchAction\",\"target\":{\"@type\":\"EntryPoint\",\"urlTemplate\":\"https:\/\/kapitalis.com\/tunisie\/?s={search_term_string}\"},\"query-input\":{\"@type\":\"PropertyValueSpecification\",\"valueRequired\":true,\"valueName\":\"search_term_string\"}}],\"inLanguage\":\"fr-FR\"},{\"@type\":\"Organization\",\"@id\":\"https:\/\/kapitalis.com\/tunisie\/#organization\",\"name\":\"Kapitalis\",\"url\":\"https:\/\/kapitalis.com\/tunisie\/\",\"logo\":{\"@type\":\"ImageObject\",\"inLanguage\":\"fr-FR\",\"@id\":\"https:\/\/kapitalis.com\/tunisie\/#\/schema\/logo\/image\/\",\"url\":\"https:\/\/kapitalis.com\/tunisie\/wp-content\/uploads\/2022\/05\/Kapitalis-big-size.png\",\"contentUrl\":\"https:\/\/kapitalis.com\/tunisie\/wp-content\/uploads\/2022\/05\/Kapitalis-big-size.png\",\"width\":5000,\"height\":1500,\"caption\":\"Kapitalis\"},\"image\":{\"@id\":\"https:\/\/kapitalis.com\/tunisie\/#\/schema\/logo\/image\/\"},\"sameAs\":[\"https:\/\/www.facebook.com\/KapitalisInfo\/\",\"https:\/\/x.com\/KapitalisInfo\",\"https:\/\/www.youtube.com\/channel\/UC-yDYrHyfFBWWZaOw3FPg9Q\"]},{\"@type\":\"Person\",\"@id\":\"https:\/\/kapitalis.com\/tunisie\/#\/schema\/person\/d71f33a9ca44f7bad4698210b480c8e9\",\"name\":\"webmaster kapitalis\",\"url\":\"https:\/\/kapitalis.com\/tunisie\/author\/webmaster-kapitalis\/\"}]}<\/script>\n<!-- \/ Yoast SEO plugin. -->","yoast_head_json":{"title":"En Tunisie, la politique est devenue un handicap pour l'\u00e9conomie - Kapitalis","robots":{"index":"index","follow":"follow","max-snippet":"max-snippet:-1","max-image-preview":"max-image-preview:large","max-video-preview":"max-video-preview:-1"},"canonical":"https:\/\/kapitalis.com\/tunisie\/2019\/12\/24\/en-tunisie-la-politique-est-devenue-un-handicap-pour-leconomie\/","og_locale":"fr_FR","og_type":"article","og_title":"En Tunisie, la politique est devenue un handicap pour l'\u00e9conomie - Kapitalis","og_description":"Quel que soit le gouvernement que se donnera la Tunisie dans les jours \u00e0 venir, qu\u2019il soit technocratique ou politique, il se heurtera \u00e0 des probl\u00e8mes \u00e9conomiques et financiers difficiles \u00e0 r\u00e9soudre. Par Amine Ben Gamra *","og_url":"https:\/\/kapitalis.com\/tunisie\/2019\/12\/24\/en-tunisie-la-politique-est-devenue-un-handicap-pour-leconomie\/","og_site_name":"Kapitalis","article_publisher":"https:\/\/www.facebook.com\/KapitalisInfo\/","article_published_time":"2019-12-24T15:03:34+00:00","article_modified_time":"2019-12-24T15:08:14+00:00","og_image":[{"width":1200,"height":630,"url":"https:\/\/kapitalis.com\/tunisie\/wp-content\/uploads\/2022\/05\/kapitalis-logo-fb.png","type":"image\/png"}],"author":"webmaster kapitalis","twitter_card":"summary_large_image","twitter_creator":"@KapitalisInfo","twitter_site":"@KapitalisInfo","twitter_misc":{"\u00c9crit par":"webmaster kapitalis","Dur\u00e9e de lecture estim\u00e9e":"3 minutes"},"schema":{"@context":"https:\/\/schema.org","@graph":[{"@type":"Article","@id":"https:\/\/kapitalis.com\/tunisie\/2019\/12\/24\/en-tunisie-la-politique-est-devenue-un-handicap-pour-leconomie\/#article","isPartOf":{"@id":"https:\/\/kapitalis.com\/tunisie\/2019\/12\/24\/en-tunisie-la-politique-est-devenue-un-handicap-pour-leconomie\/"},"author":{"name":"webmaster kapitalis","@id":"https:\/\/kapitalis.com\/tunisie\/#\/schema\/person\/d71f33a9ca44f7bad4698210b480c8e9"},"headline":"En Tunisie, la politique est devenue un handicap pour l&rsquo;\u00e9conomie","datePublished":"2019-12-24T15:03:34+00:00","dateModified":"2019-12-24T15:08:14+00:00","mainEntityOfPage":{"@id":"https:\/\/kapitalis.com\/tunisie\/2019\/12\/24\/en-tunisie-la-politique-est-devenue-un-handicap-pour-leconomie\/"},"wordCount":544,"commentCount":4,"publisher":{"@id":"https:\/\/kapitalis.com\/tunisie\/#organization"},"image":{"@id":"https:\/\/kapitalis.com\/tunisie\/2019\/12\/24\/en-tunisie-la-politique-est-devenue-un-handicap-pour-leconomie\/#primaryimage"},"thumbnailUrl":"","keywords":["ch\u00f4mage","\u00e9conomie","endettement","inflation","politique"],"articleSection":["A LA UNE","ECONOMIE","TRIBUNE","Tunisie"],"inLanguage":"fr-FR","potentialAction":[{"@type":"CommentAction","name":"Comment","target":["https:\/\/kapitalis.com\/tunisie\/2019\/12\/24\/en-tunisie-la-politique-est-devenue-un-handicap-pour-leconomie\/#respond"]}]},{"@type":"WebPage","@id":"https:\/\/kapitalis.com\/tunisie\/2019\/12\/24\/en-tunisie-la-politique-est-devenue-un-handicap-pour-leconomie\/","url":"https:\/\/kapitalis.com\/tunisie\/2019\/12\/24\/en-tunisie-la-politique-est-devenue-un-handicap-pour-leconomie\/","name":"En Tunisie, la politique est devenue un handicap pour l'\u00e9conomie - Kapitalis","isPartOf":{"@id":"https:\/\/kapitalis.com\/tunisie\/#website"},"primaryImageOfPage":{"@id":"https:\/\/kapitalis.com\/tunisie\/2019\/12\/24\/en-tunisie-la-politique-est-devenue-un-handicap-pour-leconomie\/#primaryimage"},"image":{"@id":"https:\/\/kapitalis.com\/tunisie\/2019\/12\/24\/en-tunisie-la-politique-est-devenue-un-handicap-pour-leconomie\/#primaryimage"},"thumbnailUrl":"","datePublished":"2019-12-24T15:03:34+00:00","dateModified":"2019-12-24T15:08:14+00:00","breadcrumb":{"@id":"https:\/\/kapitalis.com\/tunisie\/2019\/12\/24\/en-tunisie-la-politique-est-devenue-un-handicap-pour-leconomie\/#breadcrumb"},"inLanguage":"fr-FR","potentialAction":[{"@type":"ReadAction","target":["https:\/\/kapitalis.com\/tunisie\/2019\/12\/24\/en-tunisie-la-politique-est-devenue-un-handicap-pour-leconomie\/"]}]},{"@type":"ImageObject","inLanguage":"fr-FR","@id":"https:\/\/kapitalis.com\/tunisie\/2019\/12\/24\/en-tunisie-la-politique-est-devenue-un-handicap-pour-leconomie\/#primaryimage","url":"","contentUrl":""},{"@type":"BreadcrumbList","@id":"https:\/\/kapitalis.com\/tunisie\/2019\/12\/24\/en-tunisie-la-politique-est-devenue-un-handicap-pour-leconomie\/#breadcrumb","itemListElement":[{"@type":"ListItem","position":1,"name":"Accueil","item":"https:\/\/kapitalis.com\/tunisie\/"},{"@type":"ListItem","position":2,"name":"En Tunisie, la politique est devenue un handicap pour l&rsquo;\u00e9conomie"}]},{"@type":"WebSite","@id":"https:\/\/kapitalis.com\/tunisie\/#website","url":"https:\/\/kapitalis.com\/tunisie\/","name":"Kapitalis","description":"L&#039;actualit\u00e9 en Tunisie et dans le monde","publisher":{"@id":"https:\/\/kapitalis.com\/tunisie\/#organization"},"potentialAction":[{"@type":"SearchAction","target":{"@type":"EntryPoint","urlTemplate":"https:\/\/kapitalis.com\/tunisie\/?s={search_term_string}"},"query-input":{"@type":"PropertyValueSpecification","valueRequired":true,"valueName":"search_term_string"}}],"inLanguage":"fr-FR"},{"@type":"Organization","@id":"https:\/\/kapitalis.com\/tunisie\/#organization","name":"Kapitalis","url":"https:\/\/kapitalis.com\/tunisie\/","logo":{"@type":"ImageObject","inLanguage":"fr-FR","@id":"https:\/\/kapitalis.com\/tunisie\/#\/schema\/logo\/image\/","url":"https:\/\/kapitalis.com\/tunisie\/wp-content\/uploads\/2022\/05\/Kapitalis-big-size.png","contentUrl":"https:\/\/kapitalis.com\/tunisie\/wp-content\/uploads\/2022\/05\/Kapitalis-big-size.png","width":5000,"height":1500,"caption":"Kapitalis"},"image":{"@id":"https:\/\/kapitalis.com\/tunisie\/#\/schema\/logo\/image\/"},"sameAs":["https:\/\/www.facebook.com\/KapitalisInfo\/","https:\/\/x.com\/KapitalisInfo","https:\/\/www.youtube.com\/channel\/UC-yDYrHyfFBWWZaOw3FPg9Q"]},{"@type":"Person","@id":"https:\/\/kapitalis.com\/tunisie\/#\/schema\/person\/d71f33a9ca44f7bad4698210b480c8e9","name":"webmaster kapitalis","url":"https:\/\/kapitalis.com\/tunisie\/author\/webmaster-kapitalis\/"}]}},"_links":{"self":[{"href":"https:\/\/kapitalis.com\/tunisie\/wp-json\/wp\/v2\/posts\/267262","targetHints":{"allow":["GET"]}}],"collection":[{"href":"https:\/\/kapitalis.com\/tunisie\/wp-json\/wp\/v2\/posts"}],"about":[{"href":"https:\/\/kapitalis.com\/tunisie\/wp-json\/wp\/v2\/types\/post"}],"author":[{"embeddable":true,"href":"https:\/\/kapitalis.com\/tunisie\/wp-json\/wp\/v2\/users\/8"}],"replies":[{"embeddable":true,"href":"https:\/\/kapitalis.com\/tunisie\/wp-json\/wp\/v2\/comments?post=267262"}],"version-history":[{"count":0,"href":"https:\/\/kapitalis.com\/tunisie\/wp-json\/wp\/v2\/posts\/267262\/revisions"}],"wp:featuredmedia":[{"embeddable":true,"href":"https:\/\/kapitalis.com\/tunisie\/wp-json\/wp\/v2\/media\/267272"}],"wp:attachment":[{"href":"https:\/\/kapitalis.com\/tunisie\/wp-json\/wp\/v2\/media?parent=267262"}],"wp:term":[{"taxonomy":"category","embeddable":true,"href":"https:\/\/kapitalis.com\/tunisie\/wp-json\/wp\/v2\/categories?post=267262"},{"taxonomy":"post_tag","embeddable":true,"href":"https:\/\/kapitalis.com\/tunisie\/wp-json\/wp\/v2\/tags?post=267262"}],"curies":[{"name":"wp","href":"https:\/\/api.w.org\/{rel}","templated":true}]}}