{"id":267561,"date":"2019-12-25T15:16:05","date_gmt":"2019-12-25T14:16:05","guid":{"rendered":"http:\/\/kapitalis.com\/tunisie\/?p=267561"},"modified":"2019-12-25T20:48:20","modified_gmt":"2019-12-25T19:48:20","slug":"kais-saied-avec-erdogan-nous-navons-pas-evoque-le-dernier-accord-turco-libyen","status":"publish","type":"post","link":"https:\/\/kapitalis.com\/tunisie\/2019\/12\/25\/kais-saied-avec-erdogan-nous-navons-pas-evoque-le-dernier-accord-turco-libyen\/","title":{"rendered":"Ka\u00efs Sa\u00efed : Avec Erdo\u011fan, nous n&rsquo;avons pas \u00e9voqu\u00e9 le dernier accord turco-libyen"},"content":{"rendered":"\n<figure class=\"wp-block-image size-large\"><img decoding=\"async\" src=\"http:\/\/kapitalis.com\/tunisie\/wp-content\/uploads\/2019\/12\/saied-erdogan.jpg\" alt=\"\" class=\"wp-image-267573\"\/><\/figure>\n\n\n\n<p><em><strong>Vivement critiqu\u00e9 pour avoir <a href=\"http:\/\/kapitalis.com\/tunisie\/2019\/12\/25\/visite-surprise-derdogan-en-tunisie-la-crise-libyenne-en-toile-de-fond\/\">re\u00e7u, sans l&rsquo;avoir pr\u00e9alablement annonc\u00e9<\/a>, le pr\u00e9sident turc Recep Tayyip Erdo\u011fan, Ka\u00efs Sa\u00efed, pr\u00e9sident de la R\u00e9publique tunisienne a tenu \u00e0 pr\u00e9ciser, aujourd&rsquo;hui, mercredi, 25 d\u00e9cembre 2019, lors d&rsquo;une conf\u00e9rence de presse au palais pr\u00e9sidentiel de Carthage, que cette rencontre n&rsquo;a pas port\u00e9 sur l&rsquo;accord turco-libyen sign\u00e9 le 27 novembre dernier.<\/strong><\/em><\/p>\n\n\n\n<!--more-->\n\n\n\n<p>L&rsquo;accord en question consiste en  une entente controvers\u00e9e, sign\u00e9e entre  Erdo\u011fan et Fayez Sarraj, pr\u00e9sident du Conseil pr\u00e9sidentiel du gouvernement d&rsquo;union nationale de l&rsquo;\u00c9tat de Libye, et relative \u00e0 la d\u00e9limitation maritime entre la Libye et la Turquie et \u00e0 la coop\u00e9ration s\u00e9curitaire autorisant l&rsquo;envoi d&rsquo;une \u00e9ventuelle aide militaire turque en Libye.  <\/p>\n\n\n\n<p>Ka\u00efs Sa\u00efed a, en revanche, pr\u00e9cis\u00e9 que la situation en Libye a \u00e9t\u00e9 abord\u00e9e sous tous ses aspects, assurant toutefois que les questions qui n&rsquo;affectent pas la Tunisie ni ne concernent ses fronti\u00e8res n&rsquo;ont pas \u00e9t\u00e9 soulev\u00e9es, par allusion \u00e0 l&rsquo;accord turco-libyen.<\/p>\n\n\n\n<p>Il a, par ailleurs, soulign\u00e9 que les discussions \u00e9taient ax\u00e9es sur la n\u00e9cessit\u00e9 de d\u00e9velopper la coop\u00e9ration avec la Turquie et de trouver des solutions \u00e0 certaines questions en suspens, sans les pr\u00e9ciser.<\/p>\n\n\n\n<p>Notons que le pr\u00e9sident turc effectue une visite d&rsquo;une journ\u00e9e en Tunisie, accompagn\u00e9 d&rsquo;une forte d\u00e9l\u00e9gation comprenant les ministres de la D\u00e9fense et des Affaires \u00e9trang\u00e8res, ainsi  que le patron du service des Renseignement, ce qui prouve que la visite a eu, au regard des h\u00f4tes turcs, plus d&rsquo;importance que n&rsquo;a sembl\u00e9 lui accorder la partie tunisienne.<\/p>\n\n\n\n<p class=\"has-text-align-right\"><strong>C. B. Y.<\/strong><\/p>\n\n\n\n<figure class=\"wp-block-embed-wordpress wp-block-embed is-type-wp-embed is-provider-kapitalis\"><div class=\"wp-block-embed__wrapper\">\n<blockquote class=\"wp-embedded-content\" data-secret=\"qSYrfsPxfn\"><a href=\"https:\/\/kapitalis.com\/tunisie\/2019\/12\/25\/visite-surprise-derdogan-en-tunisie-la-crise-libyenne-en-toile-de-fond\/\">Visite surprise d\u2019Erdogan en Tunisie: la crise libyenne en toile de fond<\/a><\/blockquote><iframe loading=\"lazy\" class=\"wp-embedded-content\" sandbox=\"allow-scripts\" security=\"restricted\" style=\"position: absolute; clip: rect(1px, 1px, 1px, 1px);\" title=\"\u00ab\u00a0Visite surprise d\u2019Erdogan en Tunisie: la crise libyenne en toile de fond\u00a0\u00bb &#8212; Kapitalis\" src=\"https:\/\/kapitalis.com\/tunisie\/2019\/12\/25\/visite-surprise-derdogan-en-tunisie-la-crise-libyenne-en-toile-de-fond\/embed\/#?secret=l8pAABFGik#?secret=qSYrfsPxfn\" data-secret=\"qSYrfsPxfn\" width=\"600\" height=\"338\" frameborder=\"0\" marginwidth=\"0\" marginheight=\"0\" scrolling=\"no\"><\/iframe>\n<\/div><\/figure>\n","protected":false},"excerpt":{"rendered":"<p>Vivement critiqu\u00e9 pour avoir re\u00e7u, sans l&rsquo;avoir pr\u00e9alablement annonc\u00e9, le pr\u00e9sident turc Recep Tayyip Erdo\u011fan, Ka\u00efs Sa\u00efed, pr\u00e9sident de la R\u00e9publique tunisienne a tenu \u00e0 pr\u00e9ciser, aujourd&rsquo;hui, mercredi, 25 d\u00e9cembre 2019, lors d&rsquo;une conf\u00e9rence de presse au palais pr\u00e9sidentiel de Carthage, que cette rencontre n&rsquo;a pas port\u00e9 sur l&rsquo;accord turco-libyen sign\u00e9 le 27 novembre dernier.<\/p>\n","protected":false},"author":24,"featured_media":267573,"comment_status":"open","ping_status":"open","sticky":false,"template":"","format":"standard","meta":{"footnotes":""},"categories":[997,2433],"tags":[1857,12235,71588],"class_list":["post-267561","post","type-post","status-publish","format-standard","has-post-thumbnail","hentry","category-politique","category-tunisie","tag-erdogan","tag-kais-saied","tag-sarraj"],"yoast_head":"<!-- This site is optimized with the Yoast SEO plugin v26.6 - https:\/\/yoast.com\/wordpress\/plugins\/seo\/ -->\n<title>Ka\u00efs Sa\u00efed : Avec Erdo\u011fan, nous n&#039;avons pas \u00e9voqu\u00e9 le dernier accord turco-libyen - Kapitalis<\/title>\n<meta name=\"robots\" content=\"index, follow, max-snippet:-1, max-image-preview:large, max-video-preview:-1\" \/>\n<link rel=\"canonical\" href=\"https:\/\/kapitalis.com\/tunisie\/2019\/12\/25\/kais-saied-avec-erdogan-nous-navons-pas-evoque-le-dernier-accord-turco-libyen\/\" \/>\n<meta property=\"og:locale\" content=\"fr_FR\" \/>\n<meta property=\"og:type\" content=\"article\" \/>\n<meta property=\"og:title\" content=\"Ka\u00efs Sa\u00efed : Avec Erdo\u011fan, nous n&#039;avons pas \u00e9voqu\u00e9 le dernier accord turco-libyen - Kapitalis\" \/>\n<meta property=\"og:description\" content=\"Vivement critiqu\u00e9 pour avoir re\u00e7u, sans l&rsquo;avoir pr\u00e9alablement annonc\u00e9, le pr\u00e9sident turc Recep Tayyip Erdo\u011fan, Ka\u00efs Sa\u00efed, pr\u00e9sident de la R\u00e9publique tunisienne a tenu \u00e0 pr\u00e9ciser, aujourd&rsquo;hui, mercredi, 25 d\u00e9cembre 2019, lors d&rsquo;une conf\u00e9rence de presse au palais pr\u00e9sidentiel de Carthage, que cette rencontre n&rsquo;a pas port\u00e9 sur l&rsquo;accord turco-libyen sign\u00e9 le 27 novembre dernier.\" \/>\n<meta property=\"og:url\" content=\"https:\/\/kapitalis.com\/tunisie\/2019\/12\/25\/kais-saied-avec-erdogan-nous-navons-pas-evoque-le-dernier-accord-turco-libyen\/\" \/>\n<meta property=\"og:site_name\" content=\"Kapitalis\" \/>\n<meta property=\"article:publisher\" content=\"https:\/\/www.facebook.com\/KapitalisInfo\/\" \/>\n<meta property=\"article:published_time\" content=\"2019-12-25T14:16:05+00:00\" \/>\n<meta property=\"article:modified_time\" content=\"2019-12-25T19:48:20+00:00\" \/>\n<meta property=\"og:image\" content=\"https:\/\/kapitalis.com\/tunisie\/wp-content\/uploads\/2022\/05\/kapitalis-logo-fb.png\" \/>\n\t<meta property=\"og:image:width\" content=\"1200\" \/>\n\t<meta property=\"og:image:height\" content=\"630\" \/>\n\t<meta property=\"og:image:type\" content=\"image\/png\" \/>\n<meta name=\"author\" content=\"Cherif Benyounes\" \/>\n<meta name=\"twitter:card\" content=\"summary_large_image\" \/>\n<meta name=\"twitter:creator\" content=\"@KapitalisInfo\" \/>\n<meta name=\"twitter:site\" content=\"@KapitalisInfo\" \/>\n<meta name=\"twitter:label1\" content=\"\u00c9crit par\" \/>\n\t<meta name=\"twitter:data1\" content=\"Cherif Benyounes\" \/>\n\t<meta name=\"twitter:label2\" content=\"Dur\u00e9e de lecture estim\u00e9e\" \/>\n\t<meta name=\"twitter:data2\" content=\"1 minute\" \/>\n<script type=\"application\/ld+json\" class=\"yoast-schema-graph\">{\"@context\":\"https:\/\/schema.org\",\"@graph\":[{\"@type\":\"Article\",\"@id\":\"https:\/\/kapitalis.com\/tunisie\/2019\/12\/25\/kais-saied-avec-erdogan-nous-navons-pas-evoque-le-dernier-accord-turco-libyen\/#article\",\"isPartOf\":{\"@id\":\"https:\/\/kapitalis.com\/tunisie\/2019\/12\/25\/kais-saied-avec-erdogan-nous-navons-pas-evoque-le-dernier-accord-turco-libyen\/\"},\"author\":{\"name\":\"Cherif Benyounes\",\"@id\":\"https:\/\/kapitalis.com\/tunisie\/#\/schema\/person\/b35b8d631961131107263178aeb8019e\"},\"headline\":\"Ka\u00efs Sa\u00efed : Avec Erdo\u011fan, nous n&rsquo;avons pas \u00e9voqu\u00e9 le dernier accord turco-libyen\",\"datePublished\":\"2019-12-25T14:16:05+00:00\",\"dateModified\":\"2019-12-25T19:48:20+00:00\",\"mainEntityOfPage\":{\"@id\":\"https:\/\/kapitalis.com\/tunisie\/2019\/12\/25\/kais-saied-avec-erdogan-nous-navons-pas-evoque-le-dernier-accord-turco-libyen\/\"},\"wordCount\":293,\"commentCount\":22,\"publisher\":{\"@id\":\"https:\/\/kapitalis.com\/tunisie\/#organization\"},\"image\":{\"@id\":\"https:\/\/kapitalis.com\/tunisie\/2019\/12\/25\/kais-saied-avec-erdogan-nous-navons-pas-evoque-le-dernier-accord-turco-libyen\/#primaryimage\"},\"thumbnailUrl\":\"\",\"keywords\":[\"Erdogan\",\"Ka\u00efs Saied\",\"Sarraj\"],\"articleSection\":[\"POLITIQUE\",\"Tunisie\"],\"inLanguage\":\"fr-FR\",\"potentialAction\":[{\"@type\":\"CommentAction\",\"name\":\"Comment\",\"target\":[\"https:\/\/kapitalis.com\/tunisie\/2019\/12\/25\/kais-saied-avec-erdogan-nous-navons-pas-evoque-le-dernier-accord-turco-libyen\/#respond\"]}]},{\"@type\":\"WebPage\",\"@id\":\"https:\/\/kapitalis.com\/tunisie\/2019\/12\/25\/kais-saied-avec-erdogan-nous-navons-pas-evoque-le-dernier-accord-turco-libyen\/\",\"url\":\"https:\/\/kapitalis.com\/tunisie\/2019\/12\/25\/kais-saied-avec-erdogan-nous-navons-pas-evoque-le-dernier-accord-turco-libyen\/\",\"name\":\"Ka\u00efs Sa\u00efed : Avec Erdo\u011fan, nous n'avons pas \u00e9voqu\u00e9 le dernier accord turco-libyen - Kapitalis\",\"isPartOf\":{\"@id\":\"https:\/\/kapitalis.com\/tunisie\/#website\"},\"primaryImageOfPage\":{\"@id\":\"https:\/\/kapitalis.com\/tunisie\/2019\/12\/25\/kais-saied-avec-erdogan-nous-navons-pas-evoque-le-dernier-accord-turco-libyen\/#primaryimage\"},\"image\":{\"@id\":\"https:\/\/kapitalis.com\/tunisie\/2019\/12\/25\/kais-saied-avec-erdogan-nous-navons-pas-evoque-le-dernier-accord-turco-libyen\/#primaryimage\"},\"thumbnailUrl\":\"\",\"datePublished\":\"2019-12-25T14:16:05+00:00\",\"dateModified\":\"2019-12-25T19:48:20+00:00\",\"breadcrumb\":{\"@id\":\"https:\/\/kapitalis.com\/tunisie\/2019\/12\/25\/kais-saied-avec-erdogan-nous-navons-pas-evoque-le-dernier-accord-turco-libyen\/#breadcrumb\"},\"inLanguage\":\"fr-FR\",\"potentialAction\":[{\"@type\":\"ReadAction\",\"target\":[\"https:\/\/kapitalis.com\/tunisie\/2019\/12\/25\/kais-saied-avec-erdogan-nous-navons-pas-evoque-le-dernier-accord-turco-libyen\/\"]}]},{\"@type\":\"ImageObject\",\"inLanguage\":\"fr-FR\",\"@id\":\"https:\/\/kapitalis.com\/tunisie\/2019\/12\/25\/kais-saied-avec-erdogan-nous-navons-pas-evoque-le-dernier-accord-turco-libyen\/#primaryimage\",\"url\":\"\",\"contentUrl\":\"\"},{\"@type\":\"BreadcrumbList\",\"@id\":\"https:\/\/kapitalis.com\/tunisie\/2019\/12\/25\/kais-saied-avec-erdogan-nous-navons-pas-evoque-le-dernier-accord-turco-libyen\/#breadcrumb\",\"itemListElement\":[{\"@type\":\"ListItem\",\"position\":1,\"name\":\"Accueil\",\"item\":\"https:\/\/kapitalis.com\/tunisie\/\"},{\"@type\":\"ListItem\",\"position\":2,\"name\":\"Ka\u00efs Sa\u00efed : Avec Erdo\u011fan, nous n&rsquo;avons pas \u00e9voqu\u00e9 le dernier accord turco-libyen\"}]},{\"@type\":\"WebSite\",\"@id\":\"https:\/\/kapitalis.com\/tunisie\/#website\",\"url\":\"https:\/\/kapitalis.com\/tunisie\/\",\"name\":\"Kapitalis\",\"description\":\"L&#039;actualit\u00e9 en Tunisie et dans le monde\",\"publisher\":{\"@id\":\"https:\/\/kapitalis.com\/tunisie\/#organization\"},\"potentialAction\":[{\"@type\":\"SearchAction\",\"target\":{\"@type\":\"EntryPoint\",\"urlTemplate\":\"https:\/\/kapitalis.com\/tunisie\/?s={search_term_string}\"},\"query-input\":{\"@type\":\"PropertyValueSpecification\",\"valueRequired\":true,\"valueName\":\"search_term_string\"}}],\"inLanguage\":\"fr-FR\"},{\"@type\":\"Organization\",\"@id\":\"https:\/\/kapitalis.com\/tunisie\/#organization\",\"name\":\"Kapitalis\",\"url\":\"https:\/\/kapitalis.com\/tunisie\/\",\"logo\":{\"@type\":\"ImageObject\",\"inLanguage\":\"fr-FR\",\"@id\":\"https:\/\/kapitalis.com\/tunisie\/#\/schema\/logo\/image\/\",\"url\":\"https:\/\/kapitalis.com\/tunisie\/wp-content\/uploads\/2022\/05\/Kapitalis-big-size.png\",\"contentUrl\":\"https:\/\/kapitalis.com\/tunisie\/wp-content\/uploads\/2022\/05\/Kapitalis-big-size.png\",\"width\":5000,\"height\":1500,\"caption\":\"Kapitalis\"},\"image\":{\"@id\":\"https:\/\/kapitalis.com\/tunisie\/#\/schema\/logo\/image\/\"},\"sameAs\":[\"https:\/\/www.facebook.com\/KapitalisInfo\/\",\"https:\/\/x.com\/KapitalisInfo\",\"https:\/\/www.youtube.com\/channel\/UC-yDYrHyfFBWWZaOw3FPg9Q\"]},{\"@type\":\"Person\",\"@id\":\"https:\/\/kapitalis.com\/tunisie\/#\/schema\/person\/b35b8d631961131107263178aeb8019e\",\"name\":\"Cherif Benyounes\",\"url\":\"https:\/\/kapitalis.com\/tunisie\/author\/cherif\/\"}]}<\/script>\n<!-- \/ Yoast SEO plugin. -->","yoast_head_json":{"title":"Ka\u00efs Sa\u00efed : Avec Erdo\u011fan, nous n'avons pas \u00e9voqu\u00e9 le dernier accord turco-libyen - Kapitalis","robots":{"index":"index","follow":"follow","max-snippet":"max-snippet:-1","max-image-preview":"max-image-preview:large","max-video-preview":"max-video-preview:-1"},"canonical":"https:\/\/kapitalis.com\/tunisie\/2019\/12\/25\/kais-saied-avec-erdogan-nous-navons-pas-evoque-le-dernier-accord-turco-libyen\/","og_locale":"fr_FR","og_type":"article","og_title":"Ka\u00efs Sa\u00efed : Avec Erdo\u011fan, nous n'avons pas \u00e9voqu\u00e9 le dernier accord turco-libyen - Kapitalis","og_description":"Vivement critiqu\u00e9 pour avoir re\u00e7u, sans l&rsquo;avoir pr\u00e9alablement annonc\u00e9, le pr\u00e9sident turc Recep Tayyip Erdo\u011fan, Ka\u00efs Sa\u00efed, pr\u00e9sident de la R\u00e9publique tunisienne a tenu \u00e0 pr\u00e9ciser, aujourd&rsquo;hui, mercredi, 25 d\u00e9cembre 2019, lors d&rsquo;une conf\u00e9rence de presse au palais pr\u00e9sidentiel de Carthage, que cette rencontre n&rsquo;a pas port\u00e9 sur l&rsquo;accord turco-libyen sign\u00e9 le 27 novembre dernier.","og_url":"https:\/\/kapitalis.com\/tunisie\/2019\/12\/25\/kais-saied-avec-erdogan-nous-navons-pas-evoque-le-dernier-accord-turco-libyen\/","og_site_name":"Kapitalis","article_publisher":"https:\/\/www.facebook.com\/KapitalisInfo\/","article_published_time":"2019-12-25T14:16:05+00:00","article_modified_time":"2019-12-25T19:48:20+00:00","og_image":[{"width":1200,"height":630,"url":"https:\/\/kapitalis.com\/tunisie\/wp-content\/uploads\/2022\/05\/kapitalis-logo-fb.png","type":"image\/png"}],"author":"Cherif Benyounes","twitter_card":"summary_large_image","twitter_creator":"@KapitalisInfo","twitter_site":"@KapitalisInfo","twitter_misc":{"\u00c9crit par":"Cherif Benyounes","Dur\u00e9e de lecture estim\u00e9e":"1 minute"},"schema":{"@context":"https:\/\/schema.org","@graph":[{"@type":"Article","@id":"https:\/\/kapitalis.com\/tunisie\/2019\/12\/25\/kais-saied-avec-erdogan-nous-navons-pas-evoque-le-dernier-accord-turco-libyen\/#article","isPartOf":{"@id":"https:\/\/kapitalis.com\/tunisie\/2019\/12\/25\/kais-saied-avec-erdogan-nous-navons-pas-evoque-le-dernier-accord-turco-libyen\/"},"author":{"name":"Cherif Benyounes","@id":"https:\/\/kapitalis.com\/tunisie\/#\/schema\/person\/b35b8d631961131107263178aeb8019e"},"headline":"Ka\u00efs Sa\u00efed : Avec Erdo\u011fan, nous n&rsquo;avons pas \u00e9voqu\u00e9 le dernier accord turco-libyen","datePublished":"2019-12-25T14:16:05+00:00","dateModified":"2019-12-25T19:48:20+00:00","mainEntityOfPage":{"@id":"https:\/\/kapitalis.com\/tunisie\/2019\/12\/25\/kais-saied-avec-erdogan-nous-navons-pas-evoque-le-dernier-accord-turco-libyen\/"},"wordCount":293,"commentCount":22,"publisher":{"@id":"https:\/\/kapitalis.com\/tunisie\/#organization"},"image":{"@id":"https:\/\/kapitalis.com\/tunisie\/2019\/12\/25\/kais-saied-avec-erdogan-nous-navons-pas-evoque-le-dernier-accord-turco-libyen\/#primaryimage"},"thumbnailUrl":"","keywords":["Erdogan","Ka\u00efs Saied","Sarraj"],"articleSection":["POLITIQUE","Tunisie"],"inLanguage":"fr-FR","potentialAction":[{"@type":"CommentAction","name":"Comment","target":["https:\/\/kapitalis.com\/tunisie\/2019\/12\/25\/kais-saied-avec-erdogan-nous-navons-pas-evoque-le-dernier-accord-turco-libyen\/#respond"]}]},{"@type":"WebPage","@id":"https:\/\/kapitalis.com\/tunisie\/2019\/12\/25\/kais-saied-avec-erdogan-nous-navons-pas-evoque-le-dernier-accord-turco-libyen\/","url":"https:\/\/kapitalis.com\/tunisie\/2019\/12\/25\/kais-saied-avec-erdogan-nous-navons-pas-evoque-le-dernier-accord-turco-libyen\/","name":"Ka\u00efs Sa\u00efed : Avec Erdo\u011fan, nous n'avons pas \u00e9voqu\u00e9 le dernier accord turco-libyen - Kapitalis","isPartOf":{"@id":"https:\/\/kapitalis.com\/tunisie\/#website"},"primaryImageOfPage":{"@id":"https:\/\/kapitalis.com\/tunisie\/2019\/12\/25\/kais-saied-avec-erdogan-nous-navons-pas-evoque-le-dernier-accord-turco-libyen\/#primaryimage"},"image":{"@id":"https:\/\/kapitalis.com\/tunisie\/2019\/12\/25\/kais-saied-avec-erdogan-nous-navons-pas-evoque-le-dernier-accord-turco-libyen\/#primaryimage"},"thumbnailUrl":"","datePublished":"2019-12-25T14:16:05+00:00","dateModified":"2019-12-25T19:48:20+00:00","breadcrumb":{"@id":"https:\/\/kapitalis.com\/tunisie\/2019\/12\/25\/kais-saied-avec-erdogan-nous-navons-pas-evoque-le-dernier-accord-turco-libyen\/#breadcrumb"},"inLanguage":"fr-FR","potentialAction":[{"@type":"ReadAction","target":["https:\/\/kapitalis.com\/tunisie\/2019\/12\/25\/kais-saied-avec-erdogan-nous-navons-pas-evoque-le-dernier-accord-turco-libyen\/"]}]},{"@type":"ImageObject","inLanguage":"fr-FR","@id":"https:\/\/kapitalis.com\/tunisie\/2019\/12\/25\/kais-saied-avec-erdogan-nous-navons-pas-evoque-le-dernier-accord-turco-libyen\/#primaryimage","url":"","contentUrl":""},{"@type":"BreadcrumbList","@id":"https:\/\/kapitalis.com\/tunisie\/2019\/12\/25\/kais-saied-avec-erdogan-nous-navons-pas-evoque-le-dernier-accord-turco-libyen\/#breadcrumb","itemListElement":[{"@type":"ListItem","position":1,"name":"Accueil","item":"https:\/\/kapitalis.com\/tunisie\/"},{"@type":"ListItem","position":2,"name":"Ka\u00efs Sa\u00efed : Avec Erdo\u011fan, nous n&rsquo;avons pas \u00e9voqu\u00e9 le dernier accord turco-libyen"}]},{"@type":"WebSite","@id":"https:\/\/kapitalis.com\/tunisie\/#website","url":"https:\/\/kapitalis.com\/tunisie\/","name":"Kapitalis","description":"L&#039;actualit\u00e9 en Tunisie et dans le monde","publisher":{"@id":"https:\/\/kapitalis.com\/tunisie\/#organization"},"potentialAction":[{"@type":"SearchAction","target":{"@type":"EntryPoint","urlTemplate":"https:\/\/kapitalis.com\/tunisie\/?s={search_term_string}"},"query-input":{"@type":"PropertyValueSpecification","valueRequired":true,"valueName":"search_term_string"}}],"inLanguage":"fr-FR"},{"@type":"Organization","@id":"https:\/\/kapitalis.com\/tunisie\/#organization","name":"Kapitalis","url":"https:\/\/kapitalis.com\/tunisie\/","logo":{"@type":"ImageObject","inLanguage":"fr-FR","@id":"https:\/\/kapitalis.com\/tunisie\/#\/schema\/logo\/image\/","url":"https:\/\/kapitalis.com\/tunisie\/wp-content\/uploads\/2022\/05\/Kapitalis-big-size.png","contentUrl":"https:\/\/kapitalis.com\/tunisie\/wp-content\/uploads\/2022\/05\/Kapitalis-big-size.png","width":5000,"height":1500,"caption":"Kapitalis"},"image":{"@id":"https:\/\/kapitalis.com\/tunisie\/#\/schema\/logo\/image\/"},"sameAs":["https:\/\/www.facebook.com\/KapitalisInfo\/","https:\/\/x.com\/KapitalisInfo","https:\/\/www.youtube.com\/channel\/UC-yDYrHyfFBWWZaOw3FPg9Q"]},{"@type":"Person","@id":"https:\/\/kapitalis.com\/tunisie\/#\/schema\/person\/b35b8d631961131107263178aeb8019e","name":"Cherif Benyounes","url":"https:\/\/kapitalis.com\/tunisie\/author\/cherif\/"}]}},"_links":{"self":[{"href":"https:\/\/kapitalis.com\/tunisie\/wp-json\/wp\/v2\/posts\/267561","targetHints":{"allow":["GET"]}}],"collection":[{"href":"https:\/\/kapitalis.com\/tunisie\/wp-json\/wp\/v2\/posts"}],"about":[{"href":"https:\/\/kapitalis.com\/tunisie\/wp-json\/wp\/v2\/types\/post"}],"author":[{"embeddable":true,"href":"https:\/\/kapitalis.com\/tunisie\/wp-json\/wp\/v2\/users\/24"}],"replies":[{"embeddable":true,"href":"https:\/\/kapitalis.com\/tunisie\/wp-json\/wp\/v2\/comments?post=267561"}],"version-history":[{"count":0,"href":"https:\/\/kapitalis.com\/tunisie\/wp-json\/wp\/v2\/posts\/267561\/revisions"}],"wp:featuredmedia":[{"embeddable":true,"href":"https:\/\/kapitalis.com\/tunisie\/wp-json\/wp\/v2\/media\/267573"}],"wp:attachment":[{"href":"https:\/\/kapitalis.com\/tunisie\/wp-json\/wp\/v2\/media?parent=267561"}],"wp:term":[{"taxonomy":"category","embeddable":true,"href":"https:\/\/kapitalis.com\/tunisie\/wp-json\/wp\/v2\/categories?post=267561"},{"taxonomy":"post_tag","embeddable":true,"href":"https:\/\/kapitalis.com\/tunisie\/wp-json\/wp\/v2\/tags?post=267561"}],"curies":[{"name":"wp","href":"https:\/\/api.w.org\/{rel}","templated":true}]}}