{"id":267678,"date":"2019-12-26T09:49:37","date_gmt":"2019-12-26T08:49:37","guid":{"rendered":"http:\/\/kapitalis.com\/tunisie\/?p=267678"},"modified":"2019-12-26T10:00:59","modified_gmt":"2019-12-26T09:00:59","slug":"apres-avoir-annule-leur-greve-les-magistrats-commencent-ils-a-voir-le-bout-du-tunnel","status":"publish","type":"post","link":"https:\/\/kapitalis.com\/tunisie\/2019\/12\/26\/apres-avoir-annule-leur-greve-les-magistrats-commencent-ils-a-voir-le-bout-du-tunnel\/","title":{"rendered":"Apr\u00e8s avoir annul\u00e9 leur gr\u00e8ve, les magistrats commencent-ils \u00e0 voir le bout du tunnel ?"},"content":{"rendered":"\n<figure class=\"wp-block-image size-large\"><img decoding=\"async\" src=\"http:\/\/kapitalis.com\/tunisie\/wp-content\/uploads\/2016\/10\/Magistrats-tunisie.jpg\" alt=\"\" class=\"wp-image-69724\"\/><\/figure>\n\n\n\n<p><em><strong>La signature par le pr\u00e9sident Ka\u00efs Sa\u00efed du d\u00e9cret relatif au mouvement des magistrats a convaincu ces derniers d&rsquo;annuler leur gr\u00e8ve. Mais est-ce que cela suffira pour rem\u00e9dier aux maux de ce corps dont l&rsquo;impact se fait ressentir \u00e0 l&rsquo;\u00e9chelle nationale ?<\/strong><\/em><\/p>\n\n\n\n<!--more-->\n\n\n\n<p>Initialement pr\u00e9vue pour aujourd&rsquo;hui, jeudi, 26 d\u00e9cembre 2019, la gr\u00e8ve des magistrats annonc\u00e9e par l&rsquo;Association des magistrats tunisiens (AMT) a finalement \u00e9t\u00e9 annul\u00e9e, d&rsquo;apr\u00e8s un communiqu\u00e9 rendu public hier soir par son bureau ex\u00e9cutif. <\/p>\n\n\n\n<p>C&rsquo;est la ratification du d\u00e9cret relatif au mouvement annuel dans le corps des magistrats au titre de l\u2019ann\u00e9e 2019-2020, sign\u00e9e hier par le pr\u00e9sident de la R\u00e9publique, Ka\u00efs Sa\u00efed, qui a satisfait les revendications de l&rsquo;association et l&rsquo;a convaincue de renoncer \u00e0 ce mouvement de protestation.<\/p>\n\n\n\n<p>L&rsquo;AMT a, par ailleurs, appel\u00e9, via ledit communiqu\u00e9, \u00e0 publier ce d\u00e9cret dans les plus brefs d\u00e9lais dans le journal officiel du mouvement judiciaire, et ce afin de \u00ab<em>stabiliser les conditions des juges, des tribunaux et des affaires judiciaires<\/em>\u00bb et mettre ainsi fin \u00e0 \u00ab<em>la crise de la magistrature<\/em>\u00bb.<\/p>\n\n\n\n<p> Pour rappel, il y a 10 jours, Ka\u00efs Sa\u00efed <a href=\"http:\/\/kapitalis.com\/tunisie\/2019\/12\/17\/lindependance-du-pouvoir-judiciaire-au-centre-de-la-rencontre-de-kais-saied-avec-les-magistrats\/\">a re\u00e7u<\/a>, au palais pr\u00e9sidentiel de Carthage, le pr\u00e9sident de l&rsquo;AMT, Anas Hma\u00efdi, ainsi que d&rsquo;autres repr\u00e9sentants de la magistrature tunisienne, notamment pour d\u00e9battre des probl\u00e8mes \u00e9voqu\u00e9s par le d\u00e9cret en question, ainsi que le <a href=\"http:\/\/kapitalis.com\/tunisie\/2019\/12\/11\/lassociation-des-magistrats-craint-laffaiblissement-du-pouvoir-judiciaire-pour-mieux-lexploiter-par-les-politiciens\/\">rejet<\/a>, \u00e0 l&rsquo;Assembl\u00e9e des repr\u00e9sentants du peuple (ARP), d&rsquo;un article, propos\u00e9 dans le cadre de la loi de finances 2020, disposant de cr\u00e9er un fonds de soutien au corps des magistrats. <\/p>\n\n\n\n<p>Un rejet qui a suscit\u00e9 l&rsquo;indignation des juges tunisiens, dont l&rsquo;am\u00e9lioration des conditions de travail ne repr\u00e9sente pas un luxe \u00e0 leurs yeux, dans un contexte g\u00e9n\u00e9ral marqu\u00e9 par des critiques r\u00e9guli\u00e8res \u00e0 leur encontre, du fait de leur lenteur, de leur manque d&rsquo;efficience et surtout de l&rsquo;impunit\u00e9 dont b\u00e9n\u00e9ficient certaines personnalit\u00e9s influentes dans le pays, dont les affaires tra\u00eenent en longueur dans les m\u00e9andres de la justice, souvent accus\u00e9e d&rsquo;assujettissement \u00e0 certains partis politiques, notamment Ennahdha, au pouvoir depuis 2012.<\/p>\n\n\n\n<p class=\"has-text-align-right\"><strong>C. B. Y.<\/strong><\/p>\n\n\n\n<figure class=\"wp-block-embed-wordpress wp-block-embed is-type-wp-embed is-provider-kapitalis\"><div class=\"wp-block-embed__wrapper\">\n<blockquote class=\"wp-embedded-content\" data-secret=\"O7Malolbno\"><a href=\"https:\/\/kapitalis.com\/tunisie\/2019\/12\/11\/lassociation-des-magistrats-craint-laffaiblissement-du-pouvoir-judiciaire-pour-mieux-lexploiter-par-les-politiciens\/\">L&rsquo;Association des magistrats craint l&rsquo;affaiblissement du pouvoir judiciaire par l&rsquo;ARP pour faciliter son instrumentalisation<\/a><\/blockquote><iframe loading=\"lazy\" class=\"wp-embedded-content\" sandbox=\"allow-scripts\" security=\"restricted\" style=\"position: absolute; clip: rect(1px, 1px, 1px, 1px);\" title=\"\u00ab\u00a0L&rsquo;Association des magistrats craint l&rsquo;affaiblissement du pouvoir judiciaire par l&rsquo;ARP pour faciliter son instrumentalisation\u00a0\u00bb &#8212; Kapitalis\" src=\"https:\/\/kapitalis.com\/tunisie\/2019\/12\/11\/lassociation-des-magistrats-craint-laffaiblissement-du-pouvoir-judiciaire-pour-mieux-lexploiter-par-les-politiciens\/embed\/#?secret=Gl4YPgbGOY#?secret=O7Malolbno\" data-secret=\"O7Malolbno\" width=\"600\" height=\"338\" frameborder=\"0\" marginwidth=\"0\" marginheight=\"0\" scrolling=\"no\"><\/iframe>\n<\/div><\/figure>\n\n\n\n<figure class=\"wp-block-embed-wordpress wp-block-embed is-type-wp-embed is-provider-kapitalis\"><div class=\"wp-block-embed__wrapper\">\n<blockquote class=\"wp-embedded-content\" data-secret=\"U4hly5FGMD\"><a href=\"https:\/\/kapitalis.com\/tunisie\/2019\/12\/17\/lindependance-du-pouvoir-judiciaire-au-centre-de-la-rencontre-de-kais-saied-avec-les-magistrats\/\">Que peut faire Ka\u00efs Sa\u00efed pour garantir l&rsquo;ind\u00e9pendance du pouvoir judiciaire ?<\/a><\/blockquote><iframe loading=\"lazy\" class=\"wp-embedded-content\" sandbox=\"allow-scripts\" security=\"restricted\" style=\"position: absolute; clip: rect(1px, 1px, 1px, 1px);\" title=\"\u00ab\u00a0Que peut faire Ka\u00efs Sa\u00efed pour garantir l&rsquo;ind\u00e9pendance du pouvoir judiciaire ?\u00a0\u00bb &#8212; Kapitalis\" src=\"https:\/\/kapitalis.com\/tunisie\/2019\/12\/17\/lindependance-du-pouvoir-judiciaire-au-centre-de-la-rencontre-de-kais-saied-avec-les-magistrats\/embed\/#?secret=G9KwQzHdEF#?secret=U4hly5FGMD\" data-secret=\"U4hly5FGMD\" width=\"600\" height=\"338\" frameborder=\"0\" marginwidth=\"0\" marginheight=\"0\" scrolling=\"no\"><\/iframe>\n<\/div><\/figure>\n","protected":false},"excerpt":{"rendered":"<p>La signature par le pr\u00e9sident Ka\u00efs Sa\u00efed du d\u00e9cret relatif au mouvement des magistrats a convaincu ces derniers d&rsquo;annuler leur gr\u00e8ve. Mais est-ce que cela suffira pour rem\u00e9dier aux maux de ce corps dont l&rsquo;impact se fait ressentir \u00e0 l&rsquo;\u00e9chelle nationale ?<\/p>\n","protected":false},"author":24,"featured_media":0,"comment_status":"open","ping_status":"open","sticky":false,"template":"","format":"standard","meta":{"footnotes":""},"categories":[997,998,2433],"tags":[71,65936,12235],"class_list":["post-267678","post","type-post","status-publish","format-standard","hentry","category-politique","category-societe","category-tunisie","tag-amt","tag-anas-hmaidi","tag-kais-saied"],"yoast_head":"<!-- This site is optimized with the Yoast SEO plugin v26.6 - https:\/\/yoast.com\/wordpress\/plugins\/seo\/ -->\n<title>Apr\u00e8s avoir annul\u00e9 leur gr\u00e8ve, les magistrats commencent-ils \u00e0 voir le bout du tunnel ? - Kapitalis<\/title>\n<meta name=\"robots\" content=\"index, follow, max-snippet:-1, max-image-preview:large, max-video-preview:-1\" \/>\n<link rel=\"canonical\" href=\"https:\/\/kapitalis.com\/tunisie\/2019\/12\/26\/apres-avoir-annule-leur-greve-les-magistrats-commencent-ils-a-voir-le-bout-du-tunnel\/\" \/>\n<meta property=\"og:locale\" content=\"fr_FR\" \/>\n<meta property=\"og:type\" content=\"article\" \/>\n<meta property=\"og:title\" content=\"Apr\u00e8s avoir annul\u00e9 leur gr\u00e8ve, les magistrats commencent-ils \u00e0 voir le bout du tunnel ? - Kapitalis\" \/>\n<meta property=\"og:description\" content=\"La signature par le pr\u00e9sident Ka\u00efs Sa\u00efed du d\u00e9cret relatif au mouvement des magistrats a convaincu ces derniers d&rsquo;annuler leur gr\u00e8ve. Mais est-ce que cela suffira pour rem\u00e9dier aux maux de ce corps dont l&rsquo;impact se fait ressentir \u00e0 l&rsquo;\u00e9chelle nationale ?\" \/>\n<meta property=\"og:url\" content=\"https:\/\/kapitalis.com\/tunisie\/2019\/12\/26\/apres-avoir-annule-leur-greve-les-magistrats-commencent-ils-a-voir-le-bout-du-tunnel\/\" \/>\n<meta property=\"og:site_name\" content=\"Kapitalis\" \/>\n<meta property=\"article:publisher\" content=\"https:\/\/www.facebook.com\/KapitalisInfo\/\" \/>\n<meta property=\"article:published_time\" content=\"2019-12-26T08:49:37+00:00\" \/>\n<meta property=\"article:modified_time\" content=\"2019-12-26T09:00:59+00:00\" \/>\n<meta property=\"og:image\" content=\"http:\/\/kapitalis.com\/tunisie\/wp-content\/uploads\/2016\/10\/Magistrats-tunisie.jpg\" \/>\n<meta name=\"author\" content=\"Cherif Benyounes\" \/>\n<meta name=\"twitter:card\" content=\"summary_large_image\" \/>\n<meta name=\"twitter:creator\" content=\"@KapitalisInfo\" \/>\n<meta name=\"twitter:site\" content=\"@KapitalisInfo\" \/>\n<meta name=\"twitter:label1\" content=\"\u00c9crit par\" \/>\n\t<meta name=\"twitter:data1\" content=\"Cherif Benyounes\" \/>\n\t<meta name=\"twitter:label2\" content=\"Dur\u00e9e de lecture estim\u00e9e\" \/>\n\t<meta name=\"twitter:data2\" content=\"2 minutes\" \/>\n<script type=\"application\/ld+json\" class=\"yoast-schema-graph\">{\"@context\":\"https:\/\/schema.org\",\"@graph\":[{\"@type\":\"Article\",\"@id\":\"https:\/\/kapitalis.com\/tunisie\/2019\/12\/26\/apres-avoir-annule-leur-greve-les-magistrats-commencent-ils-a-voir-le-bout-du-tunnel\/#article\",\"isPartOf\":{\"@id\":\"https:\/\/kapitalis.com\/tunisie\/2019\/12\/26\/apres-avoir-annule-leur-greve-les-magistrats-commencent-ils-a-voir-le-bout-du-tunnel\/\"},\"author\":{\"name\":\"Cherif Benyounes\",\"@id\":\"https:\/\/kapitalis.com\/tunisie\/#\/schema\/person\/b35b8d631961131107263178aeb8019e\"},\"headline\":\"Apr\u00e8s avoir annul\u00e9 leur gr\u00e8ve, les magistrats commencent-ils \u00e0 voir le bout du tunnel ?\",\"datePublished\":\"2019-12-26T08:49:37+00:00\",\"dateModified\":\"2019-12-26T09:00:59+00:00\",\"mainEntityOfPage\":{\"@id\":\"https:\/\/kapitalis.com\/tunisie\/2019\/12\/26\/apres-avoir-annule-leur-greve-les-magistrats-commencent-ils-a-voir-le-bout-du-tunnel\/\"},\"wordCount\":391,\"commentCount\":0,\"publisher\":{\"@id\":\"https:\/\/kapitalis.com\/tunisie\/#organization\"},\"image\":{\"@id\":\"https:\/\/kapitalis.com\/tunisie\/2019\/12\/26\/apres-avoir-annule-leur-greve-les-magistrats-commencent-ils-a-voir-le-bout-du-tunnel\/#primaryimage\"},\"thumbnailUrl\":\"http:\/\/kapitalis.com\/tunisie\/wp-content\/uploads\/2016\/10\/Magistrats-tunisie.jpg\",\"keywords\":[\"AMT\",\"Anas Hmaidi\",\"Ka\u00efs Saied\"],\"articleSection\":[\"POLITIQUE\",\"SOCIETE\",\"Tunisie\"],\"inLanguage\":\"fr-FR\",\"potentialAction\":[{\"@type\":\"CommentAction\",\"name\":\"Comment\",\"target\":[\"https:\/\/kapitalis.com\/tunisie\/2019\/12\/26\/apres-avoir-annule-leur-greve-les-magistrats-commencent-ils-a-voir-le-bout-du-tunnel\/#respond\"]}]},{\"@type\":\"WebPage\",\"@id\":\"https:\/\/kapitalis.com\/tunisie\/2019\/12\/26\/apres-avoir-annule-leur-greve-les-magistrats-commencent-ils-a-voir-le-bout-du-tunnel\/\",\"url\":\"https:\/\/kapitalis.com\/tunisie\/2019\/12\/26\/apres-avoir-annule-leur-greve-les-magistrats-commencent-ils-a-voir-le-bout-du-tunnel\/\",\"name\":\"Apr\u00e8s avoir annul\u00e9 leur gr\u00e8ve, les magistrats commencent-ils \u00e0 voir le bout du tunnel ? - Kapitalis\",\"isPartOf\":{\"@id\":\"https:\/\/kapitalis.com\/tunisie\/#website\"},\"primaryImageOfPage\":{\"@id\":\"https:\/\/kapitalis.com\/tunisie\/2019\/12\/26\/apres-avoir-annule-leur-greve-les-magistrats-commencent-ils-a-voir-le-bout-du-tunnel\/#primaryimage\"},\"image\":{\"@id\":\"https:\/\/kapitalis.com\/tunisie\/2019\/12\/26\/apres-avoir-annule-leur-greve-les-magistrats-commencent-ils-a-voir-le-bout-du-tunnel\/#primaryimage\"},\"thumbnailUrl\":\"http:\/\/kapitalis.com\/tunisie\/wp-content\/uploads\/2016\/10\/Magistrats-tunisie.jpg\",\"datePublished\":\"2019-12-26T08:49:37+00:00\",\"dateModified\":\"2019-12-26T09:00:59+00:00\",\"breadcrumb\":{\"@id\":\"https:\/\/kapitalis.com\/tunisie\/2019\/12\/26\/apres-avoir-annule-leur-greve-les-magistrats-commencent-ils-a-voir-le-bout-du-tunnel\/#breadcrumb\"},\"inLanguage\":\"fr-FR\",\"potentialAction\":[{\"@type\":\"ReadAction\",\"target\":[\"https:\/\/kapitalis.com\/tunisie\/2019\/12\/26\/apres-avoir-annule-leur-greve-les-magistrats-commencent-ils-a-voir-le-bout-du-tunnel\/\"]}]},{\"@type\":\"ImageObject\",\"inLanguage\":\"fr-FR\",\"@id\":\"https:\/\/kapitalis.com\/tunisie\/2019\/12\/26\/apres-avoir-annule-leur-greve-les-magistrats-commencent-ils-a-voir-le-bout-du-tunnel\/#primaryimage\",\"url\":\"http:\/\/kapitalis.com\/tunisie\/wp-content\/uploads\/2016\/10\/Magistrats-tunisie.jpg\",\"contentUrl\":\"http:\/\/kapitalis.com\/tunisie\/wp-content\/uploads\/2016\/10\/Magistrats-tunisie.jpg\"},{\"@type\":\"BreadcrumbList\",\"@id\":\"https:\/\/kapitalis.com\/tunisie\/2019\/12\/26\/apres-avoir-annule-leur-greve-les-magistrats-commencent-ils-a-voir-le-bout-du-tunnel\/#breadcrumb\",\"itemListElement\":[{\"@type\":\"ListItem\",\"position\":1,\"name\":\"Accueil\",\"item\":\"https:\/\/kapitalis.com\/tunisie\/\"},{\"@type\":\"ListItem\",\"position\":2,\"name\":\"Apr\u00e8s avoir annul\u00e9 leur gr\u00e8ve, les magistrats commencent-ils \u00e0 voir le bout du tunnel ?\"}]},{\"@type\":\"WebSite\",\"@id\":\"https:\/\/kapitalis.com\/tunisie\/#website\",\"url\":\"https:\/\/kapitalis.com\/tunisie\/\",\"name\":\"Kapitalis\",\"description\":\"L&#039;actualit\u00e9 en Tunisie et dans le monde\",\"publisher\":{\"@id\":\"https:\/\/kapitalis.com\/tunisie\/#organization\"},\"potentialAction\":[{\"@type\":\"SearchAction\",\"target\":{\"@type\":\"EntryPoint\",\"urlTemplate\":\"https:\/\/kapitalis.com\/tunisie\/?s={search_term_string}\"},\"query-input\":{\"@type\":\"PropertyValueSpecification\",\"valueRequired\":true,\"valueName\":\"search_term_string\"}}],\"inLanguage\":\"fr-FR\"},{\"@type\":\"Organization\",\"@id\":\"https:\/\/kapitalis.com\/tunisie\/#organization\",\"name\":\"Kapitalis\",\"url\":\"https:\/\/kapitalis.com\/tunisie\/\",\"logo\":{\"@type\":\"ImageObject\",\"inLanguage\":\"fr-FR\",\"@id\":\"https:\/\/kapitalis.com\/tunisie\/#\/schema\/logo\/image\/\",\"url\":\"https:\/\/kapitalis.com\/tunisie\/wp-content\/uploads\/2022\/05\/Kapitalis-big-size.png\",\"contentUrl\":\"https:\/\/kapitalis.com\/tunisie\/wp-content\/uploads\/2022\/05\/Kapitalis-big-size.png\",\"width\":5000,\"height\":1500,\"caption\":\"Kapitalis\"},\"image\":{\"@id\":\"https:\/\/kapitalis.com\/tunisie\/#\/schema\/logo\/image\/\"},\"sameAs\":[\"https:\/\/www.facebook.com\/KapitalisInfo\/\",\"https:\/\/x.com\/KapitalisInfo\",\"https:\/\/www.youtube.com\/channel\/UC-yDYrHyfFBWWZaOw3FPg9Q\"]},{\"@type\":\"Person\",\"@id\":\"https:\/\/kapitalis.com\/tunisie\/#\/schema\/person\/b35b8d631961131107263178aeb8019e\",\"name\":\"Cherif Benyounes\",\"url\":\"https:\/\/kapitalis.com\/tunisie\/author\/cherif\/\"}]}<\/script>\n<!-- \/ Yoast SEO plugin. -->","yoast_head_json":{"title":"Apr\u00e8s avoir annul\u00e9 leur gr\u00e8ve, les magistrats commencent-ils \u00e0 voir le bout du tunnel ? - Kapitalis","robots":{"index":"index","follow":"follow","max-snippet":"max-snippet:-1","max-image-preview":"max-image-preview:large","max-video-preview":"max-video-preview:-1"},"canonical":"https:\/\/kapitalis.com\/tunisie\/2019\/12\/26\/apres-avoir-annule-leur-greve-les-magistrats-commencent-ils-a-voir-le-bout-du-tunnel\/","og_locale":"fr_FR","og_type":"article","og_title":"Apr\u00e8s avoir annul\u00e9 leur gr\u00e8ve, les magistrats commencent-ils \u00e0 voir le bout du tunnel ? - Kapitalis","og_description":"La signature par le pr\u00e9sident Ka\u00efs Sa\u00efed du d\u00e9cret relatif au mouvement des magistrats a convaincu ces derniers d&rsquo;annuler leur gr\u00e8ve. Mais est-ce que cela suffira pour rem\u00e9dier aux maux de ce corps dont l&rsquo;impact se fait ressentir \u00e0 l&rsquo;\u00e9chelle nationale ?","og_url":"https:\/\/kapitalis.com\/tunisie\/2019\/12\/26\/apres-avoir-annule-leur-greve-les-magistrats-commencent-ils-a-voir-le-bout-du-tunnel\/","og_site_name":"Kapitalis","article_publisher":"https:\/\/www.facebook.com\/KapitalisInfo\/","article_published_time":"2019-12-26T08:49:37+00:00","article_modified_time":"2019-12-26T09:00:59+00:00","og_image":[{"url":"http:\/\/kapitalis.com\/tunisie\/wp-content\/uploads\/2016\/10\/Magistrats-tunisie.jpg","type":"","width":"","height":""}],"author":"Cherif Benyounes","twitter_card":"summary_large_image","twitter_creator":"@KapitalisInfo","twitter_site":"@KapitalisInfo","twitter_misc":{"\u00c9crit par":"Cherif Benyounes","Dur\u00e9e de lecture estim\u00e9e":"2 minutes"},"schema":{"@context":"https:\/\/schema.org","@graph":[{"@type":"Article","@id":"https:\/\/kapitalis.com\/tunisie\/2019\/12\/26\/apres-avoir-annule-leur-greve-les-magistrats-commencent-ils-a-voir-le-bout-du-tunnel\/#article","isPartOf":{"@id":"https:\/\/kapitalis.com\/tunisie\/2019\/12\/26\/apres-avoir-annule-leur-greve-les-magistrats-commencent-ils-a-voir-le-bout-du-tunnel\/"},"author":{"name":"Cherif Benyounes","@id":"https:\/\/kapitalis.com\/tunisie\/#\/schema\/person\/b35b8d631961131107263178aeb8019e"},"headline":"Apr\u00e8s avoir annul\u00e9 leur gr\u00e8ve, les magistrats commencent-ils \u00e0 voir le bout du tunnel ?","datePublished":"2019-12-26T08:49:37+00:00","dateModified":"2019-12-26T09:00:59+00:00","mainEntityOfPage":{"@id":"https:\/\/kapitalis.com\/tunisie\/2019\/12\/26\/apres-avoir-annule-leur-greve-les-magistrats-commencent-ils-a-voir-le-bout-du-tunnel\/"},"wordCount":391,"commentCount":0,"publisher":{"@id":"https:\/\/kapitalis.com\/tunisie\/#organization"},"image":{"@id":"https:\/\/kapitalis.com\/tunisie\/2019\/12\/26\/apres-avoir-annule-leur-greve-les-magistrats-commencent-ils-a-voir-le-bout-du-tunnel\/#primaryimage"},"thumbnailUrl":"http:\/\/kapitalis.com\/tunisie\/wp-content\/uploads\/2016\/10\/Magistrats-tunisie.jpg","keywords":["AMT","Anas Hmaidi","Ka\u00efs Saied"],"articleSection":["POLITIQUE","SOCIETE","Tunisie"],"inLanguage":"fr-FR","potentialAction":[{"@type":"CommentAction","name":"Comment","target":["https:\/\/kapitalis.com\/tunisie\/2019\/12\/26\/apres-avoir-annule-leur-greve-les-magistrats-commencent-ils-a-voir-le-bout-du-tunnel\/#respond"]}]},{"@type":"WebPage","@id":"https:\/\/kapitalis.com\/tunisie\/2019\/12\/26\/apres-avoir-annule-leur-greve-les-magistrats-commencent-ils-a-voir-le-bout-du-tunnel\/","url":"https:\/\/kapitalis.com\/tunisie\/2019\/12\/26\/apres-avoir-annule-leur-greve-les-magistrats-commencent-ils-a-voir-le-bout-du-tunnel\/","name":"Apr\u00e8s avoir annul\u00e9 leur gr\u00e8ve, les magistrats commencent-ils \u00e0 voir le bout du tunnel ? - Kapitalis","isPartOf":{"@id":"https:\/\/kapitalis.com\/tunisie\/#website"},"primaryImageOfPage":{"@id":"https:\/\/kapitalis.com\/tunisie\/2019\/12\/26\/apres-avoir-annule-leur-greve-les-magistrats-commencent-ils-a-voir-le-bout-du-tunnel\/#primaryimage"},"image":{"@id":"https:\/\/kapitalis.com\/tunisie\/2019\/12\/26\/apres-avoir-annule-leur-greve-les-magistrats-commencent-ils-a-voir-le-bout-du-tunnel\/#primaryimage"},"thumbnailUrl":"http:\/\/kapitalis.com\/tunisie\/wp-content\/uploads\/2016\/10\/Magistrats-tunisie.jpg","datePublished":"2019-12-26T08:49:37+00:00","dateModified":"2019-12-26T09:00:59+00:00","breadcrumb":{"@id":"https:\/\/kapitalis.com\/tunisie\/2019\/12\/26\/apres-avoir-annule-leur-greve-les-magistrats-commencent-ils-a-voir-le-bout-du-tunnel\/#breadcrumb"},"inLanguage":"fr-FR","potentialAction":[{"@type":"ReadAction","target":["https:\/\/kapitalis.com\/tunisie\/2019\/12\/26\/apres-avoir-annule-leur-greve-les-magistrats-commencent-ils-a-voir-le-bout-du-tunnel\/"]}]},{"@type":"ImageObject","inLanguage":"fr-FR","@id":"https:\/\/kapitalis.com\/tunisie\/2019\/12\/26\/apres-avoir-annule-leur-greve-les-magistrats-commencent-ils-a-voir-le-bout-du-tunnel\/#primaryimage","url":"http:\/\/kapitalis.com\/tunisie\/wp-content\/uploads\/2016\/10\/Magistrats-tunisie.jpg","contentUrl":"http:\/\/kapitalis.com\/tunisie\/wp-content\/uploads\/2016\/10\/Magistrats-tunisie.jpg"},{"@type":"BreadcrumbList","@id":"https:\/\/kapitalis.com\/tunisie\/2019\/12\/26\/apres-avoir-annule-leur-greve-les-magistrats-commencent-ils-a-voir-le-bout-du-tunnel\/#breadcrumb","itemListElement":[{"@type":"ListItem","position":1,"name":"Accueil","item":"https:\/\/kapitalis.com\/tunisie\/"},{"@type":"ListItem","position":2,"name":"Apr\u00e8s avoir annul\u00e9 leur gr\u00e8ve, les magistrats commencent-ils \u00e0 voir le bout du tunnel ?"}]},{"@type":"WebSite","@id":"https:\/\/kapitalis.com\/tunisie\/#website","url":"https:\/\/kapitalis.com\/tunisie\/","name":"Kapitalis","description":"L&#039;actualit\u00e9 en Tunisie et dans le monde","publisher":{"@id":"https:\/\/kapitalis.com\/tunisie\/#organization"},"potentialAction":[{"@type":"SearchAction","target":{"@type":"EntryPoint","urlTemplate":"https:\/\/kapitalis.com\/tunisie\/?s={search_term_string}"},"query-input":{"@type":"PropertyValueSpecification","valueRequired":true,"valueName":"search_term_string"}}],"inLanguage":"fr-FR"},{"@type":"Organization","@id":"https:\/\/kapitalis.com\/tunisie\/#organization","name":"Kapitalis","url":"https:\/\/kapitalis.com\/tunisie\/","logo":{"@type":"ImageObject","inLanguage":"fr-FR","@id":"https:\/\/kapitalis.com\/tunisie\/#\/schema\/logo\/image\/","url":"https:\/\/kapitalis.com\/tunisie\/wp-content\/uploads\/2022\/05\/Kapitalis-big-size.png","contentUrl":"https:\/\/kapitalis.com\/tunisie\/wp-content\/uploads\/2022\/05\/Kapitalis-big-size.png","width":5000,"height":1500,"caption":"Kapitalis"},"image":{"@id":"https:\/\/kapitalis.com\/tunisie\/#\/schema\/logo\/image\/"},"sameAs":["https:\/\/www.facebook.com\/KapitalisInfo\/","https:\/\/x.com\/KapitalisInfo","https:\/\/www.youtube.com\/channel\/UC-yDYrHyfFBWWZaOw3FPg9Q"]},{"@type":"Person","@id":"https:\/\/kapitalis.com\/tunisie\/#\/schema\/person\/b35b8d631961131107263178aeb8019e","name":"Cherif Benyounes","url":"https:\/\/kapitalis.com\/tunisie\/author\/cherif\/"}]}},"_links":{"self":[{"href":"https:\/\/kapitalis.com\/tunisie\/wp-json\/wp\/v2\/posts\/267678","targetHints":{"allow":["GET"]}}],"collection":[{"href":"https:\/\/kapitalis.com\/tunisie\/wp-json\/wp\/v2\/posts"}],"about":[{"href":"https:\/\/kapitalis.com\/tunisie\/wp-json\/wp\/v2\/types\/post"}],"author":[{"embeddable":true,"href":"https:\/\/kapitalis.com\/tunisie\/wp-json\/wp\/v2\/users\/24"}],"replies":[{"embeddable":true,"href":"https:\/\/kapitalis.com\/tunisie\/wp-json\/wp\/v2\/comments?post=267678"}],"version-history":[{"count":0,"href":"https:\/\/kapitalis.com\/tunisie\/wp-json\/wp\/v2\/posts\/267678\/revisions"}],"wp:attachment":[{"href":"https:\/\/kapitalis.com\/tunisie\/wp-json\/wp\/v2\/media?parent=267678"}],"wp:term":[{"taxonomy":"category","embeddable":true,"href":"https:\/\/kapitalis.com\/tunisie\/wp-json\/wp\/v2\/categories?post=267678"},{"taxonomy":"post_tag","embeddable":true,"href":"https:\/\/kapitalis.com\/tunisie\/wp-json\/wp\/v2\/tags?post=267678"}],"curies":[{"name":"wp","href":"https:\/\/api.w.org\/{rel}","templated":true}]}}