{"id":26805,"date":"2015-11-24T11:41:27","date_gmt":"2015-11-24T10:41:27","guid":{"rendered":"http:\/\/kapitalis.com\/tunisie\/?p=26805"},"modified":"2015-11-24T11:59:16","modified_gmt":"2015-11-24T10:59:16","slug":"affaire-cactus-prod-levee-de-linterdiction-de-voyager-de-tous-les-accuses","status":"publish","type":"post","link":"https:\/\/kapitalis.com\/tunisie\/2015\/11\/24\/affaire-cactus-prod-levee-de-linterdiction-de-voyager-de-tous-les-accuses\/","title":{"rendered":"Affaire Cactus Prod : Lev\u00e9e de l\u2019interdiction de voyager de tous les accus\u00e9s"},"content":{"rendered":"<p><img loading=\"lazy\" decoding=\"async\" class=\"alignnone size-full wp-image-26819 aligncenter\" src=\"http:\/\/kapitalis.com\/tunisie\/wp-content\/uploads\/2015\/11\/cactus-prod.jpg\" alt=\"cactus prod\" width=\"626\" height=\"380\" \/><\/p>\n<p><em><strong>Le tribunal a ordonn\u00e9e hier, tard dans la soir\u00e9e, la lev\u00e9e de l\u2019interdiction de voyager frappant tous les accus\u00e9s dans l\u2019affaire de Cactus Prod.<\/strong> <\/em><br \/>\n<!--more--><\/p>\n<p>Le tribunal de premi\u00e8re instance de Tunis, charg\u00e9e de l\u2019affaire opposant le Syndicat de la t\u00e9l\u00e9vision nationale \u00e0 la soci\u00e9t\u00e9 Cactus Prod, a d\u00e9cid\u00e9, hier, de lever l\u2019interdiction de voyage frappant les anciens Pdg de l&rsquo;Etablissement de la t\u00e9l\u00e9vision tunisienne (ETT), \u00e0 savoir, Moncef Gouja, Brahim Fridhi, Mustapha Khammari, Hedi Ben Nasr et Mohamed Fehri Chelbi, ainsi que l\u2019ancien conseiller \u00e0 la pr\u00e9sidence de la r\u00e9publique Abdelwahab Abdallah et le producteur Sami Fehri.<\/p>\n<p>L\u2019affaire a commenc\u00e9 au lendemain de la r\u00e9volution de janvier 2011, lorsque le Syndicat de la t\u00e9l\u00e9vision nationale a d\u00e9pos\u00e9 une plainte contre la soci\u00e9t\u00e9 de production t\u00e9l\u00e9visuelle Cactus Prod, accus\u00e9e de d\u00e9passements ayant caus\u00e9 des pertes financi\u00e8res \u00e0 l\u2019\u00e9tablissement public.<\/p>\n<p>La prochaine audience du proc\u00e8s a par ailleurs \u00e9t\u00e9 fix\u00e9e pour le 17 d\u00e9cembre prochain.<\/p>\n<p style=\"text-align: right;\"><strong>A. B. M.<\/strong><\/p>\n","protected":false},"excerpt":{"rendered":"<p>Le tribunal a ordonn\u00e9e hier, tard dans la soir\u00e9e, la lev\u00e9e de l\u2019interdiction de voyager frappant tous les accus\u00e9s dans l\u2019affaire de Cactus Prod.<\/p>\n","protected":false},"author":11,"featured_media":26819,"comment_status":"open","ping_status":"open","sticky":false,"template":"","format":"standard","meta":{"footnotes":""},"categories":[996,2433],"tags":[5532,3348,872,2939],"class_list":["post-26805","post","type-post","status-publish","format-standard","has-post-thumbnail","hentry","category-media","category-tunisie","tag-cactus-prod","tag-sami-fehri","tag-syndicat","tag-television-nationale"],"yoast_head":"<!-- This site is optimized with the Yoast SEO plugin v26.6 - https:\/\/yoast.com\/wordpress\/plugins\/seo\/ -->\n<title>Affaire Cactus Prod : Lev\u00e9e de l\u2019interdiction de voyager de tous les accus\u00e9s - Kapitalis<\/title>\n<meta name=\"robots\" content=\"index, follow, max-snippet:-1, max-image-preview:large, max-video-preview:-1\" \/>\n<link rel=\"canonical\" href=\"https:\/\/kapitalis.com\/tunisie\/2015\/11\/24\/affaire-cactus-prod-levee-de-linterdiction-de-voyager-de-tous-les-accuses\/\" \/>\n<meta property=\"og:locale\" content=\"fr_FR\" \/>\n<meta property=\"og:type\" content=\"article\" \/>\n<meta property=\"og:title\" content=\"Affaire Cactus Prod : Lev\u00e9e de l\u2019interdiction de voyager de tous les accus\u00e9s - Kapitalis\" \/>\n<meta property=\"og:description\" content=\"Le tribunal a ordonn\u00e9e hier, tard dans la soir\u00e9e, la lev\u00e9e de l\u2019interdiction de voyager frappant tous les accus\u00e9s dans l\u2019affaire de Cactus Prod.\" \/>\n<meta property=\"og:url\" content=\"https:\/\/kapitalis.com\/tunisie\/2015\/11\/24\/affaire-cactus-prod-levee-de-linterdiction-de-voyager-de-tous-les-accuses\/\" \/>\n<meta property=\"og:site_name\" content=\"Kapitalis\" \/>\n<meta property=\"article:publisher\" content=\"https:\/\/www.facebook.com\/KapitalisInfo\/\" \/>\n<meta property=\"article:published_time\" content=\"2015-11-24T10:41:27+00:00\" \/>\n<meta property=\"article:modified_time\" content=\"2015-11-24T10:59:16+00:00\" \/>\n<meta property=\"og:image\" content=\"https:\/\/kapitalis.com\/tunisie\/wp-content\/uploads\/2022\/05\/kapitalis-logo-fb.png\" \/>\n\t<meta property=\"og:image:width\" content=\"1200\" \/>\n\t<meta property=\"og:image:height\" content=\"630\" \/>\n\t<meta property=\"og:image:type\" content=\"image\/png\" \/>\n<meta name=\"author\" content=\"benmansour3 benmansour\" \/>\n<meta name=\"twitter:card\" content=\"summary_large_image\" \/>\n<meta name=\"twitter:creator\" content=\"@KapitalisInfo\" \/>\n<meta name=\"twitter:site\" content=\"@KapitalisInfo\" \/>\n<meta name=\"twitter:label1\" content=\"\u00c9crit par\" \/>\n\t<meta name=\"twitter:data1\" content=\"benmansour3 benmansour\" \/>\n\t<meta name=\"twitter:label2\" content=\"Dur\u00e9e de lecture estim\u00e9e\" \/>\n\t<meta name=\"twitter:data2\" content=\"1 minute\" \/>\n<script type=\"application\/ld+json\" class=\"yoast-schema-graph\">{\"@context\":\"https:\/\/schema.org\",\"@graph\":[{\"@type\":\"Article\",\"@id\":\"https:\/\/kapitalis.com\/tunisie\/2015\/11\/24\/affaire-cactus-prod-levee-de-linterdiction-de-voyager-de-tous-les-accuses\/#article\",\"isPartOf\":{\"@id\":\"https:\/\/kapitalis.com\/tunisie\/2015\/11\/24\/affaire-cactus-prod-levee-de-linterdiction-de-voyager-de-tous-les-accuses\/\"},\"author\":{\"name\":\"benmansour3 benmansour\",\"@id\":\"https:\/\/kapitalis.com\/tunisie\/#\/schema\/person\/035372e645ad321edc01006468cd4c8b\"},\"headline\":\"Affaire Cactus Prod : Lev\u00e9e de l\u2019interdiction de voyager de tous les accus\u00e9s\",\"datePublished\":\"2015-11-24T10:41:27+00:00\",\"dateModified\":\"2015-11-24T10:59:16+00:00\",\"mainEntityOfPage\":{\"@id\":\"https:\/\/kapitalis.com\/tunisie\/2015\/11\/24\/affaire-cactus-prod-levee-de-linterdiction-de-voyager-de-tous-les-accuses\/\"},\"wordCount\":199,\"commentCount\":0,\"publisher\":{\"@id\":\"https:\/\/kapitalis.com\/tunisie\/#organization\"},\"image\":{\"@id\":\"https:\/\/kapitalis.com\/tunisie\/2015\/11\/24\/affaire-cactus-prod-levee-de-linterdiction-de-voyager-de-tous-les-accuses\/#primaryimage\"},\"thumbnailUrl\":\"\",\"keywords\":[\"Cactus Prod\",\"Sami Fehri\",\"syndicat\",\"t\u00e9l\u00e9vision nationale\"],\"articleSection\":[\"MEDIA\",\"Tunisie\"],\"inLanguage\":\"fr-FR\",\"potentialAction\":[{\"@type\":\"CommentAction\",\"name\":\"Comment\",\"target\":[\"https:\/\/kapitalis.com\/tunisie\/2015\/11\/24\/affaire-cactus-prod-levee-de-linterdiction-de-voyager-de-tous-les-accuses\/#respond\"]}]},{\"@type\":\"WebPage\",\"@id\":\"https:\/\/kapitalis.com\/tunisie\/2015\/11\/24\/affaire-cactus-prod-levee-de-linterdiction-de-voyager-de-tous-les-accuses\/\",\"url\":\"https:\/\/kapitalis.com\/tunisie\/2015\/11\/24\/affaire-cactus-prod-levee-de-linterdiction-de-voyager-de-tous-les-accuses\/\",\"name\":\"Affaire Cactus Prod : Lev\u00e9e de l\u2019interdiction de voyager de tous les accus\u00e9s - Kapitalis\",\"isPartOf\":{\"@id\":\"https:\/\/kapitalis.com\/tunisie\/#website\"},\"primaryImageOfPage\":{\"@id\":\"https:\/\/kapitalis.com\/tunisie\/2015\/11\/24\/affaire-cactus-prod-levee-de-linterdiction-de-voyager-de-tous-les-accuses\/#primaryimage\"},\"image\":{\"@id\":\"https:\/\/kapitalis.com\/tunisie\/2015\/11\/24\/affaire-cactus-prod-levee-de-linterdiction-de-voyager-de-tous-les-accuses\/#primaryimage\"},\"thumbnailUrl\":\"\",\"datePublished\":\"2015-11-24T10:41:27+00:00\",\"dateModified\":\"2015-11-24T10:59:16+00:00\",\"breadcrumb\":{\"@id\":\"https:\/\/kapitalis.com\/tunisie\/2015\/11\/24\/affaire-cactus-prod-levee-de-linterdiction-de-voyager-de-tous-les-accuses\/#breadcrumb\"},\"inLanguage\":\"fr-FR\",\"potentialAction\":[{\"@type\":\"ReadAction\",\"target\":[\"https:\/\/kapitalis.com\/tunisie\/2015\/11\/24\/affaire-cactus-prod-levee-de-linterdiction-de-voyager-de-tous-les-accuses\/\"]}]},{\"@type\":\"ImageObject\",\"inLanguage\":\"fr-FR\",\"@id\":\"https:\/\/kapitalis.com\/tunisie\/2015\/11\/24\/affaire-cactus-prod-levee-de-linterdiction-de-voyager-de-tous-les-accuses\/#primaryimage\",\"url\":\"\",\"contentUrl\":\"\"},{\"@type\":\"BreadcrumbList\",\"@id\":\"https:\/\/kapitalis.com\/tunisie\/2015\/11\/24\/affaire-cactus-prod-levee-de-linterdiction-de-voyager-de-tous-les-accuses\/#breadcrumb\",\"itemListElement\":[{\"@type\":\"ListItem\",\"position\":1,\"name\":\"Accueil\",\"item\":\"https:\/\/kapitalis.com\/tunisie\/\"},{\"@type\":\"ListItem\",\"position\":2,\"name\":\"Affaire Cactus Prod : Lev\u00e9e de l\u2019interdiction de voyager de tous les accus\u00e9s\"}]},{\"@type\":\"WebSite\",\"@id\":\"https:\/\/kapitalis.com\/tunisie\/#website\",\"url\":\"https:\/\/kapitalis.com\/tunisie\/\",\"name\":\"Kapitalis\",\"description\":\"L&#039;actualit\u00e9 en Tunisie et dans le monde\",\"publisher\":{\"@id\":\"https:\/\/kapitalis.com\/tunisie\/#organization\"},\"potentialAction\":[{\"@type\":\"SearchAction\",\"target\":{\"@type\":\"EntryPoint\",\"urlTemplate\":\"https:\/\/kapitalis.com\/tunisie\/?s={search_term_string}\"},\"query-input\":{\"@type\":\"PropertyValueSpecification\",\"valueRequired\":true,\"valueName\":\"search_term_string\"}}],\"inLanguage\":\"fr-FR\"},{\"@type\":\"Organization\",\"@id\":\"https:\/\/kapitalis.com\/tunisie\/#organization\",\"name\":\"Kapitalis\",\"url\":\"https:\/\/kapitalis.com\/tunisie\/\",\"logo\":{\"@type\":\"ImageObject\",\"inLanguage\":\"fr-FR\",\"@id\":\"https:\/\/kapitalis.com\/tunisie\/#\/schema\/logo\/image\/\",\"url\":\"https:\/\/kapitalis.com\/tunisie\/wp-content\/uploads\/2022\/05\/Kapitalis-big-size.png\",\"contentUrl\":\"https:\/\/kapitalis.com\/tunisie\/wp-content\/uploads\/2022\/05\/Kapitalis-big-size.png\",\"width\":5000,\"height\":1500,\"caption\":\"Kapitalis\"},\"image\":{\"@id\":\"https:\/\/kapitalis.com\/tunisie\/#\/schema\/logo\/image\/\"},\"sameAs\":[\"https:\/\/www.facebook.com\/KapitalisInfo\/\",\"https:\/\/x.com\/KapitalisInfo\",\"https:\/\/www.youtube.com\/channel\/UC-yDYrHyfFBWWZaOw3FPg9Q\"]},{\"@type\":\"Person\",\"@id\":\"https:\/\/kapitalis.com\/tunisie\/#\/schema\/person\/035372e645ad321edc01006468cd4c8b\",\"name\":\"benmansour3 benmansour\",\"url\":\"https:\/\/kapitalis.com\/tunisie\/author\/benmansour3\/\"}]}<\/script>\n<!-- \/ Yoast SEO plugin. -->","yoast_head_json":{"title":"Affaire Cactus Prod : Lev\u00e9e de l\u2019interdiction de voyager de tous les accus\u00e9s - Kapitalis","robots":{"index":"index","follow":"follow","max-snippet":"max-snippet:-1","max-image-preview":"max-image-preview:large","max-video-preview":"max-video-preview:-1"},"canonical":"https:\/\/kapitalis.com\/tunisie\/2015\/11\/24\/affaire-cactus-prod-levee-de-linterdiction-de-voyager-de-tous-les-accuses\/","og_locale":"fr_FR","og_type":"article","og_title":"Affaire Cactus Prod : Lev\u00e9e de l\u2019interdiction de voyager de tous les accus\u00e9s - Kapitalis","og_description":"Le tribunal a ordonn\u00e9e hier, tard dans la soir\u00e9e, la lev\u00e9e de l\u2019interdiction de voyager frappant tous les accus\u00e9s dans l\u2019affaire de Cactus Prod.","og_url":"https:\/\/kapitalis.com\/tunisie\/2015\/11\/24\/affaire-cactus-prod-levee-de-linterdiction-de-voyager-de-tous-les-accuses\/","og_site_name":"Kapitalis","article_publisher":"https:\/\/www.facebook.com\/KapitalisInfo\/","article_published_time":"2015-11-24T10:41:27+00:00","article_modified_time":"2015-11-24T10:59:16+00:00","og_image":[{"width":1200,"height":630,"url":"https:\/\/kapitalis.com\/tunisie\/wp-content\/uploads\/2022\/05\/kapitalis-logo-fb.png","type":"image\/png"}],"author":"benmansour3 benmansour","twitter_card":"summary_large_image","twitter_creator":"@KapitalisInfo","twitter_site":"@KapitalisInfo","twitter_misc":{"\u00c9crit par":"benmansour3 benmansour","Dur\u00e9e de lecture estim\u00e9e":"1 minute"},"schema":{"@context":"https:\/\/schema.org","@graph":[{"@type":"Article","@id":"https:\/\/kapitalis.com\/tunisie\/2015\/11\/24\/affaire-cactus-prod-levee-de-linterdiction-de-voyager-de-tous-les-accuses\/#article","isPartOf":{"@id":"https:\/\/kapitalis.com\/tunisie\/2015\/11\/24\/affaire-cactus-prod-levee-de-linterdiction-de-voyager-de-tous-les-accuses\/"},"author":{"name":"benmansour3 benmansour","@id":"https:\/\/kapitalis.com\/tunisie\/#\/schema\/person\/035372e645ad321edc01006468cd4c8b"},"headline":"Affaire Cactus Prod : Lev\u00e9e de l\u2019interdiction de voyager de tous les accus\u00e9s","datePublished":"2015-11-24T10:41:27+00:00","dateModified":"2015-11-24T10:59:16+00:00","mainEntityOfPage":{"@id":"https:\/\/kapitalis.com\/tunisie\/2015\/11\/24\/affaire-cactus-prod-levee-de-linterdiction-de-voyager-de-tous-les-accuses\/"},"wordCount":199,"commentCount":0,"publisher":{"@id":"https:\/\/kapitalis.com\/tunisie\/#organization"},"image":{"@id":"https:\/\/kapitalis.com\/tunisie\/2015\/11\/24\/affaire-cactus-prod-levee-de-linterdiction-de-voyager-de-tous-les-accuses\/#primaryimage"},"thumbnailUrl":"","keywords":["Cactus Prod","Sami Fehri","syndicat","t\u00e9l\u00e9vision nationale"],"articleSection":["MEDIA","Tunisie"],"inLanguage":"fr-FR","potentialAction":[{"@type":"CommentAction","name":"Comment","target":["https:\/\/kapitalis.com\/tunisie\/2015\/11\/24\/affaire-cactus-prod-levee-de-linterdiction-de-voyager-de-tous-les-accuses\/#respond"]}]},{"@type":"WebPage","@id":"https:\/\/kapitalis.com\/tunisie\/2015\/11\/24\/affaire-cactus-prod-levee-de-linterdiction-de-voyager-de-tous-les-accuses\/","url":"https:\/\/kapitalis.com\/tunisie\/2015\/11\/24\/affaire-cactus-prod-levee-de-linterdiction-de-voyager-de-tous-les-accuses\/","name":"Affaire Cactus Prod : Lev\u00e9e de l\u2019interdiction de voyager de tous les accus\u00e9s - Kapitalis","isPartOf":{"@id":"https:\/\/kapitalis.com\/tunisie\/#website"},"primaryImageOfPage":{"@id":"https:\/\/kapitalis.com\/tunisie\/2015\/11\/24\/affaire-cactus-prod-levee-de-linterdiction-de-voyager-de-tous-les-accuses\/#primaryimage"},"image":{"@id":"https:\/\/kapitalis.com\/tunisie\/2015\/11\/24\/affaire-cactus-prod-levee-de-linterdiction-de-voyager-de-tous-les-accuses\/#primaryimage"},"thumbnailUrl":"","datePublished":"2015-11-24T10:41:27+00:00","dateModified":"2015-11-24T10:59:16+00:00","breadcrumb":{"@id":"https:\/\/kapitalis.com\/tunisie\/2015\/11\/24\/affaire-cactus-prod-levee-de-linterdiction-de-voyager-de-tous-les-accuses\/#breadcrumb"},"inLanguage":"fr-FR","potentialAction":[{"@type":"ReadAction","target":["https:\/\/kapitalis.com\/tunisie\/2015\/11\/24\/affaire-cactus-prod-levee-de-linterdiction-de-voyager-de-tous-les-accuses\/"]}]},{"@type":"ImageObject","inLanguage":"fr-FR","@id":"https:\/\/kapitalis.com\/tunisie\/2015\/11\/24\/affaire-cactus-prod-levee-de-linterdiction-de-voyager-de-tous-les-accuses\/#primaryimage","url":"","contentUrl":""},{"@type":"BreadcrumbList","@id":"https:\/\/kapitalis.com\/tunisie\/2015\/11\/24\/affaire-cactus-prod-levee-de-linterdiction-de-voyager-de-tous-les-accuses\/#breadcrumb","itemListElement":[{"@type":"ListItem","position":1,"name":"Accueil","item":"https:\/\/kapitalis.com\/tunisie\/"},{"@type":"ListItem","position":2,"name":"Affaire Cactus Prod : Lev\u00e9e de l\u2019interdiction de voyager de tous les accus\u00e9s"}]},{"@type":"WebSite","@id":"https:\/\/kapitalis.com\/tunisie\/#website","url":"https:\/\/kapitalis.com\/tunisie\/","name":"Kapitalis","description":"L&#039;actualit\u00e9 en Tunisie et dans le monde","publisher":{"@id":"https:\/\/kapitalis.com\/tunisie\/#organization"},"potentialAction":[{"@type":"SearchAction","target":{"@type":"EntryPoint","urlTemplate":"https:\/\/kapitalis.com\/tunisie\/?s={search_term_string}"},"query-input":{"@type":"PropertyValueSpecification","valueRequired":true,"valueName":"search_term_string"}}],"inLanguage":"fr-FR"},{"@type":"Organization","@id":"https:\/\/kapitalis.com\/tunisie\/#organization","name":"Kapitalis","url":"https:\/\/kapitalis.com\/tunisie\/","logo":{"@type":"ImageObject","inLanguage":"fr-FR","@id":"https:\/\/kapitalis.com\/tunisie\/#\/schema\/logo\/image\/","url":"https:\/\/kapitalis.com\/tunisie\/wp-content\/uploads\/2022\/05\/Kapitalis-big-size.png","contentUrl":"https:\/\/kapitalis.com\/tunisie\/wp-content\/uploads\/2022\/05\/Kapitalis-big-size.png","width":5000,"height":1500,"caption":"Kapitalis"},"image":{"@id":"https:\/\/kapitalis.com\/tunisie\/#\/schema\/logo\/image\/"},"sameAs":["https:\/\/www.facebook.com\/KapitalisInfo\/","https:\/\/x.com\/KapitalisInfo","https:\/\/www.youtube.com\/channel\/UC-yDYrHyfFBWWZaOw3FPg9Q"]},{"@type":"Person","@id":"https:\/\/kapitalis.com\/tunisie\/#\/schema\/person\/035372e645ad321edc01006468cd4c8b","name":"benmansour3 benmansour","url":"https:\/\/kapitalis.com\/tunisie\/author\/benmansour3\/"}]}},"_links":{"self":[{"href":"https:\/\/kapitalis.com\/tunisie\/wp-json\/wp\/v2\/posts\/26805","targetHints":{"allow":["GET"]}}],"collection":[{"href":"https:\/\/kapitalis.com\/tunisie\/wp-json\/wp\/v2\/posts"}],"about":[{"href":"https:\/\/kapitalis.com\/tunisie\/wp-json\/wp\/v2\/types\/post"}],"author":[{"embeddable":true,"href":"https:\/\/kapitalis.com\/tunisie\/wp-json\/wp\/v2\/users\/11"}],"replies":[{"embeddable":true,"href":"https:\/\/kapitalis.com\/tunisie\/wp-json\/wp\/v2\/comments?post=26805"}],"version-history":[{"count":0,"href":"https:\/\/kapitalis.com\/tunisie\/wp-json\/wp\/v2\/posts\/26805\/revisions"}],"wp:featuredmedia":[{"embeddable":true,"href":"https:\/\/kapitalis.com\/tunisie\/wp-json\/wp\/v2\/media\/26819"}],"wp:attachment":[{"href":"https:\/\/kapitalis.com\/tunisie\/wp-json\/wp\/v2\/media?parent=26805"}],"wp:term":[{"taxonomy":"category","embeddable":true,"href":"https:\/\/kapitalis.com\/tunisie\/wp-json\/wp\/v2\/categories?post=26805"},{"taxonomy":"post_tag","embeddable":true,"href":"https:\/\/kapitalis.com\/tunisie\/wp-json\/wp\/v2\/tags?post=26805"}],"curies":[{"name":"wp","href":"https:\/\/api.w.org\/{rel}","templated":true}]}}