{"id":26827,"date":"2015-11-24T12:13:28","date_gmt":"2015-11-24T11:13:28","guid":{"rendered":"http:\/\/kapitalis.com\/tunisie\/?p=26827"},"modified":"2015-11-24T12:39:42","modified_gmt":"2015-11-24T11:39:42","slug":"rades-la-mere-de-ladolescent-retrouve-pendu-crie-au-meurtre","status":"publish","type":"post","link":"https:\/\/kapitalis.com\/tunisie\/2015\/11\/24\/rades-la-mere-de-ladolescent-retrouve-pendu-crie-au-meurtre\/","title":{"rendered":"Rad\u00e8s : La m\u00e8re de l\u2019adolescent retrouv\u00e9 pendu crie au meurtre"},"content":{"rendered":"<p><img loading=\"lazy\" decoding=\"async\" class=\"alignnone size-full wp-image-26832 aligncenter\" src=\"http:\/\/kapitalis.com\/tunisie\/wp-content\/uploads\/2015\/11\/mere-de-ahmed-azzabi.jpg\" alt=\"mere de ahmed azzabi\" width=\"626\" height=\"380\" \/><\/p>\n<p><em><strong>La m\u00e8re de l\u2019adolescent retrouv\u00e9 pendu en janvier dernier \u00e0 Rad\u00e8s, banlieue sud de Tunis, dit poss\u00e9der des donn\u00e9es prouvant que son fils a \u00e9t\u00e9 assassin\u00e9. <\/strong><\/em><br \/>\n<!--more--><\/p>\n<p>Ahmed Azzabi (15 ans) a \u00e9t\u00e9 d\u00e9couvert pendu \u00e0 un arbre de la for\u00eat de Rad\u00e8s, dans la nuit du dimanche 25 \u00e0 lundi 26 janvier 2015.<\/p>\n<p>Bien que la sc\u00e8ne ressemblait \u00e0 un suicide, la famille et les proches du d\u00e9funt, qui ont parl\u00e9 d\u2019un jeune plein de vie, sociable et toujours souriant, ont fait part\u00a0 \u00e0 la police de leur doutes sur un \u00e9ventuel crime camoufl\u00e9 en suicide. Mais le dossier a \u00e9t\u00e9 ferm\u00e9 par la justice.<\/p>\n<p><img loading=\"lazy\" decoding=\"async\" class=\"alignnone size-full wp-image-26833 aligncenter\" src=\"http:\/\/kapitalis.com\/tunisie\/wp-content\/uploads\/2015\/11\/ahmed-Azzabi.jpg\" alt=\"ahmed Azzabi\" width=\"500\" height=\"300\" \/><\/p>\n<p style=\"text-align: center;\"><em>Feu\u00a0Ahmed Azzabi.<\/em><\/p>\n<p><em>\u00abJ\u2019ai des preuves sur ce crime, et je fais appel aux autorit\u00e9s pour rouvrir l\u2019enqu\u00eate. Mon fils ne s\u2019est pas suicid\u00e9, il a \u00e9t\u00e9 tu\u00e9 et dans la carte m\u00e9moire de son t\u00e9l\u00e9phone, nous avons trouv\u00e9 des menaces et autres preuves\u00bb<\/em>, a indiqu\u00e9 la m\u00e8re d\u2019Ahmed.<\/p>\n<p>La m\u00e8re du d\u00e9funt ajoute: <em>\u00abIl a \u00e9t\u00e9 tu\u00e9 \u00e0 El-Mrah (\u00e0 Rad\u00e8s) et son corps a \u00e9t\u00e9 transport\u00e9 dans la for\u00eat. Je d\u00e9tiens des preuves et j\u2019appelle les m\u00e9dias et les autorit\u00e9s \u00e0 faire la lumi\u00e8re sur le d\u00e9c\u00e8s de mon fils pour que ses assassins soient arr\u00eat\u00e9s\u00bb.<\/em><\/p>\n<p>Des amis de feu Ahmed Azzabi ont indiqu\u00e9 que les assassins seraient prot\u00e9g\u00e9s, ce qui expliquerait la fermeture rapide de l\u2019enqu\u00eate.<\/p>\n<p style=\"text-align: right;\"><strong>Y. N.<\/strong><\/p>\n","protected":false},"excerpt":{"rendered":"<p>La m\u00e8re de l\u2019adolescent retrouv\u00e9 pendu en janvier dernier \u00e0 Rad\u00e8s, banlieue sud de Tunis, dit poss\u00e9der des donn\u00e9es prouvant que son fils a \u00e9t\u00e9 assassin\u00e9.<\/p>\n","protected":false},"author":11,"featured_media":26832,"comment_status":"open","ping_status":"open","sticky":false,"template":"","format":"standard","meta":{"footnotes":""},"categories":[998,2433],"tags":[8523,247,1557,737,1872,865],"class_list":["post-26827","post","type-post","status-publish","format-standard","has-post-thumbnail","hentry","category-societe","category-tunisie","tag-banlieue-sud-tunis","tag-crime","tag-pendu","tag-preuves","tag-rades","tag-suicide"],"yoast_head":"<!-- This site is optimized with the Yoast SEO plugin v26.6 - https:\/\/yoast.com\/wordpress\/plugins\/seo\/ -->\n<title>Rad\u00e8s : La m\u00e8re de l\u2019adolescent retrouv\u00e9 pendu crie au meurtre - Kapitalis<\/title>\n<meta name=\"robots\" content=\"index, follow, max-snippet:-1, max-image-preview:large, max-video-preview:-1\" \/>\n<link rel=\"canonical\" href=\"https:\/\/kapitalis.com\/tunisie\/2015\/11\/24\/rades-la-mere-de-ladolescent-retrouve-pendu-crie-au-meurtre\/\" \/>\n<meta property=\"og:locale\" content=\"fr_FR\" \/>\n<meta property=\"og:type\" content=\"article\" \/>\n<meta property=\"og:title\" content=\"Rad\u00e8s : La m\u00e8re de l\u2019adolescent retrouv\u00e9 pendu crie au meurtre - Kapitalis\" \/>\n<meta property=\"og:description\" content=\"La m\u00e8re de l\u2019adolescent retrouv\u00e9 pendu en janvier dernier \u00e0 Rad\u00e8s, banlieue sud de Tunis, dit poss\u00e9der des donn\u00e9es prouvant que son fils a \u00e9t\u00e9 assassin\u00e9.\" \/>\n<meta property=\"og:url\" content=\"https:\/\/kapitalis.com\/tunisie\/2015\/11\/24\/rades-la-mere-de-ladolescent-retrouve-pendu-crie-au-meurtre\/\" \/>\n<meta property=\"og:site_name\" content=\"Kapitalis\" \/>\n<meta property=\"article:publisher\" content=\"https:\/\/www.facebook.com\/KapitalisInfo\/\" \/>\n<meta property=\"article:published_time\" content=\"2015-11-24T11:13:28+00:00\" \/>\n<meta property=\"article:modified_time\" content=\"2015-11-24T11:39:42+00:00\" \/>\n<meta property=\"og:image\" content=\"https:\/\/kapitalis.com\/tunisie\/wp-content\/uploads\/2022\/05\/kapitalis-logo-fb.png\" \/>\n\t<meta property=\"og:image:width\" content=\"1200\" \/>\n\t<meta property=\"og:image:height\" content=\"630\" \/>\n\t<meta property=\"og:image:type\" content=\"image\/png\" \/>\n<meta name=\"author\" content=\"benmansour3 benmansour\" \/>\n<meta name=\"twitter:card\" content=\"summary_large_image\" \/>\n<meta name=\"twitter:creator\" content=\"@KapitalisInfo\" \/>\n<meta name=\"twitter:site\" content=\"@KapitalisInfo\" \/>\n<meta name=\"twitter:label1\" content=\"\u00c9crit par\" \/>\n\t<meta name=\"twitter:data1\" content=\"benmansour3 benmansour\" \/>\n\t<meta name=\"twitter:label2\" content=\"Dur\u00e9e de lecture estim\u00e9e\" \/>\n\t<meta name=\"twitter:data2\" content=\"1 minute\" \/>\n<script type=\"application\/ld+json\" class=\"yoast-schema-graph\">{\"@context\":\"https:\/\/schema.org\",\"@graph\":[{\"@type\":\"Article\",\"@id\":\"https:\/\/kapitalis.com\/tunisie\/2015\/11\/24\/rades-la-mere-de-ladolescent-retrouve-pendu-crie-au-meurtre\/#article\",\"isPartOf\":{\"@id\":\"https:\/\/kapitalis.com\/tunisie\/2015\/11\/24\/rades-la-mere-de-ladolescent-retrouve-pendu-crie-au-meurtre\/\"},\"author\":{\"name\":\"benmansour3 benmansour\",\"@id\":\"https:\/\/kapitalis.com\/tunisie\/#\/schema\/person\/035372e645ad321edc01006468cd4c8b\"},\"headline\":\"Rad\u00e8s : La m\u00e8re de l\u2019adolescent retrouv\u00e9 pendu crie au meurtre\",\"datePublished\":\"2015-11-24T11:13:28+00:00\",\"dateModified\":\"2015-11-24T11:39:42+00:00\",\"mainEntityOfPage\":{\"@id\":\"https:\/\/kapitalis.com\/tunisie\/2015\/11\/24\/rades-la-mere-de-ladolescent-retrouve-pendu-crie-au-meurtre\/\"},\"wordCount\":265,\"commentCount\":0,\"publisher\":{\"@id\":\"https:\/\/kapitalis.com\/tunisie\/#organization\"},\"image\":{\"@id\":\"https:\/\/kapitalis.com\/tunisie\/2015\/11\/24\/rades-la-mere-de-ladolescent-retrouve-pendu-crie-au-meurtre\/#primaryimage\"},\"thumbnailUrl\":\"\",\"keywords\":[\"banlieue sud Tunis\",\"crime\",\"pendu\",\"preuves\",\"Rad\u00e8s\",\"suicide\"],\"articleSection\":[\"SOCIETE\",\"Tunisie\"],\"inLanguage\":\"fr-FR\",\"potentialAction\":[{\"@type\":\"CommentAction\",\"name\":\"Comment\",\"target\":[\"https:\/\/kapitalis.com\/tunisie\/2015\/11\/24\/rades-la-mere-de-ladolescent-retrouve-pendu-crie-au-meurtre\/#respond\"]}]},{\"@type\":\"WebPage\",\"@id\":\"https:\/\/kapitalis.com\/tunisie\/2015\/11\/24\/rades-la-mere-de-ladolescent-retrouve-pendu-crie-au-meurtre\/\",\"url\":\"https:\/\/kapitalis.com\/tunisie\/2015\/11\/24\/rades-la-mere-de-ladolescent-retrouve-pendu-crie-au-meurtre\/\",\"name\":\"Rad\u00e8s : La m\u00e8re de l\u2019adolescent retrouv\u00e9 pendu crie au meurtre - Kapitalis\",\"isPartOf\":{\"@id\":\"https:\/\/kapitalis.com\/tunisie\/#website\"},\"primaryImageOfPage\":{\"@id\":\"https:\/\/kapitalis.com\/tunisie\/2015\/11\/24\/rades-la-mere-de-ladolescent-retrouve-pendu-crie-au-meurtre\/#primaryimage\"},\"image\":{\"@id\":\"https:\/\/kapitalis.com\/tunisie\/2015\/11\/24\/rades-la-mere-de-ladolescent-retrouve-pendu-crie-au-meurtre\/#primaryimage\"},\"thumbnailUrl\":\"\",\"datePublished\":\"2015-11-24T11:13:28+00:00\",\"dateModified\":\"2015-11-24T11:39:42+00:00\",\"breadcrumb\":{\"@id\":\"https:\/\/kapitalis.com\/tunisie\/2015\/11\/24\/rades-la-mere-de-ladolescent-retrouve-pendu-crie-au-meurtre\/#breadcrumb\"},\"inLanguage\":\"fr-FR\",\"potentialAction\":[{\"@type\":\"ReadAction\",\"target\":[\"https:\/\/kapitalis.com\/tunisie\/2015\/11\/24\/rades-la-mere-de-ladolescent-retrouve-pendu-crie-au-meurtre\/\"]}]},{\"@type\":\"ImageObject\",\"inLanguage\":\"fr-FR\",\"@id\":\"https:\/\/kapitalis.com\/tunisie\/2015\/11\/24\/rades-la-mere-de-ladolescent-retrouve-pendu-crie-au-meurtre\/#primaryimage\",\"url\":\"\",\"contentUrl\":\"\"},{\"@type\":\"BreadcrumbList\",\"@id\":\"https:\/\/kapitalis.com\/tunisie\/2015\/11\/24\/rades-la-mere-de-ladolescent-retrouve-pendu-crie-au-meurtre\/#breadcrumb\",\"itemListElement\":[{\"@type\":\"ListItem\",\"position\":1,\"name\":\"Accueil\",\"item\":\"https:\/\/kapitalis.com\/tunisie\/\"},{\"@type\":\"ListItem\",\"position\":2,\"name\":\"Rad\u00e8s : La m\u00e8re de l\u2019adolescent retrouv\u00e9 pendu crie au meurtre\"}]},{\"@type\":\"WebSite\",\"@id\":\"https:\/\/kapitalis.com\/tunisie\/#website\",\"url\":\"https:\/\/kapitalis.com\/tunisie\/\",\"name\":\"Kapitalis\",\"description\":\"L&#039;actualit\u00e9 en Tunisie et dans le monde\",\"publisher\":{\"@id\":\"https:\/\/kapitalis.com\/tunisie\/#organization\"},\"potentialAction\":[{\"@type\":\"SearchAction\",\"target\":{\"@type\":\"EntryPoint\",\"urlTemplate\":\"https:\/\/kapitalis.com\/tunisie\/?s={search_term_string}\"},\"query-input\":{\"@type\":\"PropertyValueSpecification\",\"valueRequired\":true,\"valueName\":\"search_term_string\"}}],\"inLanguage\":\"fr-FR\"},{\"@type\":\"Organization\",\"@id\":\"https:\/\/kapitalis.com\/tunisie\/#organization\",\"name\":\"Kapitalis\",\"url\":\"https:\/\/kapitalis.com\/tunisie\/\",\"logo\":{\"@type\":\"ImageObject\",\"inLanguage\":\"fr-FR\",\"@id\":\"https:\/\/kapitalis.com\/tunisie\/#\/schema\/logo\/image\/\",\"url\":\"https:\/\/kapitalis.com\/tunisie\/wp-content\/uploads\/2022\/05\/Kapitalis-big-size.png\",\"contentUrl\":\"https:\/\/kapitalis.com\/tunisie\/wp-content\/uploads\/2022\/05\/Kapitalis-big-size.png\",\"width\":5000,\"height\":1500,\"caption\":\"Kapitalis\"},\"image\":{\"@id\":\"https:\/\/kapitalis.com\/tunisie\/#\/schema\/logo\/image\/\"},\"sameAs\":[\"https:\/\/www.facebook.com\/KapitalisInfo\/\",\"https:\/\/x.com\/KapitalisInfo\",\"https:\/\/www.youtube.com\/channel\/UC-yDYrHyfFBWWZaOw3FPg9Q\"]},{\"@type\":\"Person\",\"@id\":\"https:\/\/kapitalis.com\/tunisie\/#\/schema\/person\/035372e645ad321edc01006468cd4c8b\",\"name\":\"benmansour3 benmansour\",\"url\":\"https:\/\/kapitalis.com\/tunisie\/author\/benmansour3\/\"}]}<\/script>\n<!-- \/ Yoast SEO plugin. -->","yoast_head_json":{"title":"Rad\u00e8s : La m\u00e8re de l\u2019adolescent retrouv\u00e9 pendu crie au meurtre - Kapitalis","robots":{"index":"index","follow":"follow","max-snippet":"max-snippet:-1","max-image-preview":"max-image-preview:large","max-video-preview":"max-video-preview:-1"},"canonical":"https:\/\/kapitalis.com\/tunisie\/2015\/11\/24\/rades-la-mere-de-ladolescent-retrouve-pendu-crie-au-meurtre\/","og_locale":"fr_FR","og_type":"article","og_title":"Rad\u00e8s : La m\u00e8re de l\u2019adolescent retrouv\u00e9 pendu crie au meurtre - Kapitalis","og_description":"La m\u00e8re de l\u2019adolescent retrouv\u00e9 pendu en janvier dernier \u00e0 Rad\u00e8s, banlieue sud de Tunis, dit poss\u00e9der des donn\u00e9es prouvant que son fils a \u00e9t\u00e9 assassin\u00e9.","og_url":"https:\/\/kapitalis.com\/tunisie\/2015\/11\/24\/rades-la-mere-de-ladolescent-retrouve-pendu-crie-au-meurtre\/","og_site_name":"Kapitalis","article_publisher":"https:\/\/www.facebook.com\/KapitalisInfo\/","article_published_time":"2015-11-24T11:13:28+00:00","article_modified_time":"2015-11-24T11:39:42+00:00","og_image":[{"width":1200,"height":630,"url":"https:\/\/kapitalis.com\/tunisie\/wp-content\/uploads\/2022\/05\/kapitalis-logo-fb.png","type":"image\/png"}],"author":"benmansour3 benmansour","twitter_card":"summary_large_image","twitter_creator":"@KapitalisInfo","twitter_site":"@KapitalisInfo","twitter_misc":{"\u00c9crit par":"benmansour3 benmansour","Dur\u00e9e de lecture estim\u00e9e":"1 minute"},"schema":{"@context":"https:\/\/schema.org","@graph":[{"@type":"Article","@id":"https:\/\/kapitalis.com\/tunisie\/2015\/11\/24\/rades-la-mere-de-ladolescent-retrouve-pendu-crie-au-meurtre\/#article","isPartOf":{"@id":"https:\/\/kapitalis.com\/tunisie\/2015\/11\/24\/rades-la-mere-de-ladolescent-retrouve-pendu-crie-au-meurtre\/"},"author":{"name":"benmansour3 benmansour","@id":"https:\/\/kapitalis.com\/tunisie\/#\/schema\/person\/035372e645ad321edc01006468cd4c8b"},"headline":"Rad\u00e8s : La m\u00e8re de l\u2019adolescent retrouv\u00e9 pendu crie au meurtre","datePublished":"2015-11-24T11:13:28+00:00","dateModified":"2015-11-24T11:39:42+00:00","mainEntityOfPage":{"@id":"https:\/\/kapitalis.com\/tunisie\/2015\/11\/24\/rades-la-mere-de-ladolescent-retrouve-pendu-crie-au-meurtre\/"},"wordCount":265,"commentCount":0,"publisher":{"@id":"https:\/\/kapitalis.com\/tunisie\/#organization"},"image":{"@id":"https:\/\/kapitalis.com\/tunisie\/2015\/11\/24\/rades-la-mere-de-ladolescent-retrouve-pendu-crie-au-meurtre\/#primaryimage"},"thumbnailUrl":"","keywords":["banlieue sud Tunis","crime","pendu","preuves","Rad\u00e8s","suicide"],"articleSection":["SOCIETE","Tunisie"],"inLanguage":"fr-FR","potentialAction":[{"@type":"CommentAction","name":"Comment","target":["https:\/\/kapitalis.com\/tunisie\/2015\/11\/24\/rades-la-mere-de-ladolescent-retrouve-pendu-crie-au-meurtre\/#respond"]}]},{"@type":"WebPage","@id":"https:\/\/kapitalis.com\/tunisie\/2015\/11\/24\/rades-la-mere-de-ladolescent-retrouve-pendu-crie-au-meurtre\/","url":"https:\/\/kapitalis.com\/tunisie\/2015\/11\/24\/rades-la-mere-de-ladolescent-retrouve-pendu-crie-au-meurtre\/","name":"Rad\u00e8s : La m\u00e8re de l\u2019adolescent retrouv\u00e9 pendu crie au meurtre - Kapitalis","isPartOf":{"@id":"https:\/\/kapitalis.com\/tunisie\/#website"},"primaryImageOfPage":{"@id":"https:\/\/kapitalis.com\/tunisie\/2015\/11\/24\/rades-la-mere-de-ladolescent-retrouve-pendu-crie-au-meurtre\/#primaryimage"},"image":{"@id":"https:\/\/kapitalis.com\/tunisie\/2015\/11\/24\/rades-la-mere-de-ladolescent-retrouve-pendu-crie-au-meurtre\/#primaryimage"},"thumbnailUrl":"","datePublished":"2015-11-24T11:13:28+00:00","dateModified":"2015-11-24T11:39:42+00:00","breadcrumb":{"@id":"https:\/\/kapitalis.com\/tunisie\/2015\/11\/24\/rades-la-mere-de-ladolescent-retrouve-pendu-crie-au-meurtre\/#breadcrumb"},"inLanguage":"fr-FR","potentialAction":[{"@type":"ReadAction","target":["https:\/\/kapitalis.com\/tunisie\/2015\/11\/24\/rades-la-mere-de-ladolescent-retrouve-pendu-crie-au-meurtre\/"]}]},{"@type":"ImageObject","inLanguage":"fr-FR","@id":"https:\/\/kapitalis.com\/tunisie\/2015\/11\/24\/rades-la-mere-de-ladolescent-retrouve-pendu-crie-au-meurtre\/#primaryimage","url":"","contentUrl":""},{"@type":"BreadcrumbList","@id":"https:\/\/kapitalis.com\/tunisie\/2015\/11\/24\/rades-la-mere-de-ladolescent-retrouve-pendu-crie-au-meurtre\/#breadcrumb","itemListElement":[{"@type":"ListItem","position":1,"name":"Accueil","item":"https:\/\/kapitalis.com\/tunisie\/"},{"@type":"ListItem","position":2,"name":"Rad\u00e8s : La m\u00e8re de l\u2019adolescent retrouv\u00e9 pendu crie au meurtre"}]},{"@type":"WebSite","@id":"https:\/\/kapitalis.com\/tunisie\/#website","url":"https:\/\/kapitalis.com\/tunisie\/","name":"Kapitalis","description":"L&#039;actualit\u00e9 en Tunisie et dans le monde","publisher":{"@id":"https:\/\/kapitalis.com\/tunisie\/#organization"},"potentialAction":[{"@type":"SearchAction","target":{"@type":"EntryPoint","urlTemplate":"https:\/\/kapitalis.com\/tunisie\/?s={search_term_string}"},"query-input":{"@type":"PropertyValueSpecification","valueRequired":true,"valueName":"search_term_string"}}],"inLanguage":"fr-FR"},{"@type":"Organization","@id":"https:\/\/kapitalis.com\/tunisie\/#organization","name":"Kapitalis","url":"https:\/\/kapitalis.com\/tunisie\/","logo":{"@type":"ImageObject","inLanguage":"fr-FR","@id":"https:\/\/kapitalis.com\/tunisie\/#\/schema\/logo\/image\/","url":"https:\/\/kapitalis.com\/tunisie\/wp-content\/uploads\/2022\/05\/Kapitalis-big-size.png","contentUrl":"https:\/\/kapitalis.com\/tunisie\/wp-content\/uploads\/2022\/05\/Kapitalis-big-size.png","width":5000,"height":1500,"caption":"Kapitalis"},"image":{"@id":"https:\/\/kapitalis.com\/tunisie\/#\/schema\/logo\/image\/"},"sameAs":["https:\/\/www.facebook.com\/KapitalisInfo\/","https:\/\/x.com\/KapitalisInfo","https:\/\/www.youtube.com\/channel\/UC-yDYrHyfFBWWZaOw3FPg9Q"]},{"@type":"Person","@id":"https:\/\/kapitalis.com\/tunisie\/#\/schema\/person\/035372e645ad321edc01006468cd4c8b","name":"benmansour3 benmansour","url":"https:\/\/kapitalis.com\/tunisie\/author\/benmansour3\/"}]}},"_links":{"self":[{"href":"https:\/\/kapitalis.com\/tunisie\/wp-json\/wp\/v2\/posts\/26827","targetHints":{"allow":["GET"]}}],"collection":[{"href":"https:\/\/kapitalis.com\/tunisie\/wp-json\/wp\/v2\/posts"}],"about":[{"href":"https:\/\/kapitalis.com\/tunisie\/wp-json\/wp\/v2\/types\/post"}],"author":[{"embeddable":true,"href":"https:\/\/kapitalis.com\/tunisie\/wp-json\/wp\/v2\/users\/11"}],"replies":[{"embeddable":true,"href":"https:\/\/kapitalis.com\/tunisie\/wp-json\/wp\/v2\/comments?post=26827"}],"version-history":[{"count":0,"href":"https:\/\/kapitalis.com\/tunisie\/wp-json\/wp\/v2\/posts\/26827\/revisions"}],"wp:featuredmedia":[{"embeddable":true,"href":"https:\/\/kapitalis.com\/tunisie\/wp-json\/wp\/v2\/media\/26832"}],"wp:attachment":[{"href":"https:\/\/kapitalis.com\/tunisie\/wp-json\/wp\/v2\/media?parent=26827"}],"wp:term":[{"taxonomy":"category","embeddable":true,"href":"https:\/\/kapitalis.com\/tunisie\/wp-json\/wp\/v2\/categories?post=26827"},{"taxonomy":"post_tag","embeddable":true,"href":"https:\/\/kapitalis.com\/tunisie\/wp-json\/wp\/v2\/tags?post=26827"}],"curies":[{"name":"wp","href":"https:\/\/api.w.org\/{rel}","templated":true}]}}